{"id":68660,"date":"2023-09-09T22:01:25","date_gmt":"2023-09-10T03:01:25","guid":{"rendered":"https:\/\/pagina10.com\/web\/?p=68660"},"modified":"2023-09-09T22:01:25","modified_gmt":"2023-09-10T03:01:25","slug":"narino-se-merece-un-buen-gobernante","status":"publish","type":"post","link":"https:\/\/pagina10.com\/web\/narino-se-merece-un-buen-gobernante\/","title":{"rendered":"Nari\u00f1o se merece un buen gobernante"},"content":{"rendered":"<p style=\"text-align: justify;\">Por: An\u00edbal Ar\u00e9valo Rosero<\/p>\n<p style=\"text-align: justify;\">\n<p style=\"text-align: justify;\">Con mucho fervor se logr\u00f3 conquistar el triunfo en las elecciones presidenciales del 2022, un hecho que divide en dos la pol\u00edtica de nuestro pa\u00eds. Por m\u00e1s de doscientos a\u00f1os hemos sido gobernados por liberales y conservadores. Es la primera vez que tenemos la oportunidad de ser gobierno desde las bases populares. No tenemos el poder, pero tenemos mejores opciones de hacernos escuchar y de lograr mejores beneficios para los sectores m\u00e1s deprimidos de la sociedad.<\/p>\n<p style=\"text-align: justify;\">\n<p style=\"text-align: justify;\">En todo proceso, sea de cualquier \u00edndole, se cometen muchos errores. Pero en lo pol\u00edtico, somos m\u00e1s susceptibles de que nos juzguen por nimiedades o cosas vanas sin desafiar a un debate pol\u00edtico con profundidad. Somos muy desafortunados cuando en el juego pol\u00edtico interviene una ancestral ma\u00f1a que determina los destinos de una comunidad, como el populismo. Esta pr\u00e1ctica ha llevado a que el discurso elegante y con profundidad solo quede en voz de los acad\u00e9micos y los poetas. Hoy, cualquier balbuceo es motivo de v\u00edtores y glorias. \u00a1Aplausos para el \u2018dotor\u2019!<\/p>\n<p style=\"text-align: justify;\">\n<p style=\"text-align: justify;\">Sentimos verg\u00fcenza ajena cuando la gente vende su conciencia por un plato de lentejas. Es muy penoso ver a pol\u00edticos sin verg\u00fcenza que dicen en campa\u00f1a \u201cles vamos a ayudar a construir la vivienda\u201d. Pero, claro, lo que hacen es repartir tejas de zinc, bultos de cemento, algunos ladrillos y el consabido recebo para las v\u00edas veredales. Este tipo de pr\u00e1cticas no contribuye a mejorar las condiciones de vida de las familias m\u00e1s pobres; las condena a vivir en la marginalidad. Un pueblo sin memoria est\u00e1 condenado al atraso.<\/p>\n<p style=\"text-align: justify;\">\n<p style=\"text-align: justify;\">El elector que elige mal es el responsable de que nuestra regi\u00f3n no progrese. Conozcamos la trayectoria del candidato a la Gobernaci\u00f3n de Nari\u00f1o por parte de la alianza de partidos tradicionales. En cuarenta a\u00f1os nunca gestion\u00f3 un proyecto en favor de la regi\u00f3n, Nunca dijo esta boca es m\u00eda. Pero como su vocaci\u00f3n es el tr\u00e1fico de influencias, entonces, echan mano del cargo que le falt\u00f3 tomar asiento, para seguir incrementando su patrimonio familiar. Sus discursos pobres en contenido repiten hasta la saciedad que fue barrendero de un colegio, y sin m\u00e1s contenido, pero juega con la necesidad de la gente por un empleo que ya nunca les cumpli\u00f3. Lo que s\u00ed se ve es el clientelismo y las malas costumbres politiqueras.<\/p>\n<p style=\"text-align: justify;\">\n<p style=\"text-align: justify;\">Nos preguntamos, \u00bfhay verdaderamente pol\u00edticos con vocaci\u00f3n de servir? Saquemos cuentas: un gobernador que se gana once millones de pesos, de d\u00f3nde va a recuperar los miles de millones que invirti\u00f3 en la campa\u00f1a. No nos digamos mentiras: el peor enga\u00f1o es el que nosotros mismos nos hacemos. La pol\u00edtica es un mal necesario, como dice la canci\u00f3n. De usted o yo depende que elijamos a un candidato id\u00f3neo.<\/p>\n<p style=\"text-align: justify;\">\n<p style=\"text-align: justify;\">El Pacto Hist\u00f3rico tiene como candidato a la Gobernaci\u00f3n de Nari\u00f1o al doctor Luis Alfonso Escobar Jaramillo, una persona con todos los kilates para desempe\u00f1arse de manera id\u00f3nea. El doctor Escobar tiene una trayectoria acad\u00e9mica con estudios en las m\u00e1s acreditadas universidades. Como profesor universitario, como conferencista y como investigador ha recibido numerosos reconocimientos. Es una persona sencilla, nacida en la vereda de San Pedro del Vino en Tumaco. Un negro orgulloso de su estirpe; un campesino que se educ\u00f3 con gran esfuerzo. No es un pol\u00edtico de tradici\u00f3n, ni un politiquero: es un profesor con opci\u00f3n de ser gobernador.<\/p>\n<p style=\"text-align: justify;\">\n<p style=\"text-align: justify;\">No podemos desconocer la participaci\u00f3n de unas brillantes damas en esta contienda electoral, con un discurso que honra la coherencia, ellas merecen cap\u00edtulo especial.<\/p>\n<p style=\"text-align: justify;\">\n<p style=\"text-align: justify;\">Amigo elector, en sus manos est\u00e1 entregarle los destinos del departamento a qui\u00e9n dice trabajar de frente por Nari\u00f1o -que no se le conoci\u00f3 su voz en el Congreso de la Rep\u00fablica, pero s\u00ed el desproporcionado incremento de su patrimonio familiar-, o votar por el negrito querido que nos puede garantizar un gobierno transparente.<\/p>\n<p style=\"text-align: justify;\">\n<p style=\"text-align: justify;\">\n<p style=\"text-align: justify;\">\n","protected":false},"excerpt":{"rendered":"<p>Por: An\u00edbal Ar\u00e9valo Rosero Con mucho fervor se logr\u00f3 conquistar el triunfo en las elecciones presidenciales del 2022, un hecho que divide en dos la pol\u00edtica de nuestro pa\u00eds. Por m\u00e1s de doscientos a\u00f1os hemos sido gobernados por liberales y conservadores. Es la primera vez que tenemos la oportunidad de ser gobierno desde las bases [&hellip;]<\/p>\n","protected":false},"author":65,"featured_media":65050,"comment_status":"open","ping_status":"open","sticky":false,"template":"","format":"standard","meta":{"footnotes":""},"categories":[3],"tags":[],"class_list":["post-68660","post","type-post","status-publish","format-standard","has-post-thumbnail","hentry","category-opinion"],"yoast_head":"<!-- This site is optimized with the Yoast SEO plugin v27.1.1 - https:\/\/yoast.com\/product\/yoast-seo-wordpress\/ -->\n<title>Nari\u00f1o se merece un buen gobernante | P\u00e1gina10<\/title>\n<meta name=\"robots\" content=\"index, follow, max-snippet:-1, max-image-preview:large, max-video-preview:-1\" \/>\n<link rel=\"canonical\" href=\"https:\/\/pagina10.com\/web\/narino-se-merece-un-buen-gobernante\/\" \/>\n<meta property=\"og:locale\" content=\"es_ES\" \/>\n<meta property=\"og:type\" content=\"article\" \/>\n<meta property=\"og:title\" content=\"Nari\u00f1o se merece un buen gobernante | P\u00e1gina10\" \/>\n<meta property=\"og:description\" content=\"Por: An\u00edbal Ar\u00e9valo Rosero Con mucho fervor se logr\u00f3 conquistar el triunfo en las elecciones presidenciales del 2022, un hecho que divide en dos la pol\u00edtica de nuestro pa\u00eds. Por m\u00e1s de doscientos a\u00f1os hemos sido gobernados por liberales y conservadores. Es la primera vez que tenemos la oportunidad de ser gobierno desde las bases [&hellip;]\" \/>\n<meta property=\"og:url\" content=\"https:\/\/pagina10.com\/web\/narino-se-merece-un-buen-gobernante\/\" \/>\n<meta property=\"og:site_name\" content=\"P\u00e1gina10\" \/>\n<meta property=\"article:publisher\" content=\"https:\/\/www.facebook.com\/pag10com\" \/>\n<meta property=\"article:published_time\" content=\"2023-09-10T03:01:25+00:00\" \/>\n<meta property=\"og:image\" content=\"https:\/\/pagina10.com\/web\/wp-content\/uploads\/2023\/03\/WhatsApp-Image-2023-03-10-at-7.05.29-PM.jpeg\" \/>\n\t<meta property=\"og:image:width\" content=\"1600\" \/>\n\t<meta property=\"og:image:height\" content=\"1008\" \/>\n\t<meta property=\"og:image:type\" content=\"image\/jpeg\" \/>\n<meta name=\"author\" content=\"Anibal Ar\u00e9valo Rosero\" \/>\n<meta name=\"twitter:card\" content=\"summary_large_image\" \/>\n<meta name=\"twitter:creator\" content=\"@Pag10com\" \/>\n<meta name=\"twitter:site\" content=\"@Pag10com\" \/>\n<meta name=\"twitter:label1\" content=\"Escrito por\" \/>\n\t<meta name=\"twitter:data1\" content=\"Anibal Ar\u00e9valo Rosero\" \/>\n\t<meta name=\"twitter:label2\" content=\"Tiempo de lectura\" \/>\n\t<meta name=\"twitter:data2\" content=\"3 minutos\" \/>\n<script type=\"application\/ld+json\" class=\"yoast-schema-graph\">{\"@context\":\"https:\/\/schema.org\",\"@graph\":[{\"@type\":\"Article\",\"@id\":\"https:\/\/pagina10.com\/web\/narino-se-merece-un-buen-gobernante\/#article\",\"isPartOf\":{\"@id\":\"https:\/\/pagina10.com\/web\/narino-se-merece-un-buen-gobernante\/\"},\"author\":{\"name\":\"Anibal Ar\u00e9valo Rosero\",\"@id\":\"https:\/\/pagina10.com\/web\/#\/schema\/person\/9ec3e2b432363a195d2d01bf820c66fe\"},\"headline\":\"Nari\u00f1o se merece un buen gobernante\",\"datePublished\":\"2023-09-10T03:01:25+00:00\",\"mainEntityOfPage\":{\"@id\":\"https:\/\/pagina10.com\/web\/narino-se-merece-un-buen-gobernante\/\"},\"wordCount\":691,\"commentCount\":0,\"publisher\":{\"@id\":\"https:\/\/pagina10.com\/web\/#organization\"},\"image\":{\"@id\":\"https:\/\/pagina10.com\/web\/narino-se-merece-un-buen-gobernante\/#primaryimage\"},\"thumbnailUrl\":\"https:\/\/pagina10.com\/web\/wp-content\/uploads\/2023\/03\/WhatsApp-Image-2023-03-10-at-7.05.29-PM.jpeg\",\"articleSection\":[\"Opini\u00f3n\"],\"inLanguage\":\"es\",\"potentialAction\":[{\"@type\":\"CommentAction\",\"name\":\"Comment\",\"target\":[\"https:\/\/pagina10.com\/web\/narino-se-merece-un-buen-gobernante\/#respond\"]}]},{\"@type\":\"WebPage\",\"@id\":\"https:\/\/pagina10.com\/web\/narino-se-merece-un-buen-gobernante\/\",\"url\":\"https:\/\/pagina10.com\/web\/narino-se-merece-un-buen-gobernante\/\",\"name\":\"Nari\u00f1o se merece un buen gobernante | P\u00e1gina10\",\"isPartOf\":{\"@id\":\"https:\/\/pagina10.com\/web\/#website\"},\"primaryImageOfPage\":{\"@id\":\"https:\/\/pagina10.com\/web\/narino-se-merece-un-buen-gobernante\/#primaryimage\"},\"image\":{\"@id\":\"https:\/\/pagina10.com\/web\/narino-se-merece-un-buen-gobernante\/#primaryimage\"},\"thumbnailUrl\":\"https:\/\/pagina10.com\/web\/wp-content\/uploads\/2023\/03\/WhatsApp-Image-2023-03-10-at-7.05.29-PM.jpeg\",\"datePublished\":\"2023-09-10T03:01:25+00:00\",\"breadcrumb\":{\"@id\":\"https:\/\/pagina10.com\/web\/narino-se-merece-un-buen-gobernante\/#breadcrumb\"},\"inLanguage\":\"es\",\"potentialAction\":[{\"@type\":\"ReadAction\",\"target\":[\"https:\/\/pagina10.com\/web\/narino-se-merece-un-buen-gobernante\/\"]}]},{\"@type\":\"ImageObject\",\"inLanguage\":\"es\",\"@id\":\"https:\/\/pagina10.com\/web\/narino-se-merece-un-buen-gobernante\/#primaryimage\",\"url\":\"https:\/\/pagina10.com\/web\/wp-content\/uploads\/2023\/03\/WhatsApp-Image-2023-03-10-at-7.05.29-PM.jpeg\",\"contentUrl\":\"https:\/\/pagina10.com\/web\/wp-content\/uploads\/2023\/03\/WhatsApp-Image-2023-03-10-at-7.05.29-PM.jpeg\",\"width\":1600,\"height\":1008},{\"@type\":\"BreadcrumbList\",\"@id\":\"https:\/\/pagina10.com\/web\/narino-se-merece-un-buen-gobernante\/#breadcrumb\",\"itemListElement\":[{\"@type\":\"ListItem\",\"position\":1,\"name\":\"Portada\",\"item\":\"https:\/\/pagina10.com\/web\/\"},{\"@type\":\"ListItem\",\"position\":2,\"name\":\"Nari\u00f1o se merece un buen gobernante\"}]},{\"@type\":\"WebSite\",\"@id\":\"https:\/\/pagina10.com\/web\/#website\",\"url\":\"https:\/\/pagina10.com\/web\/\",\"name\":\"P\u00e1gina10\",\"description\":\"Peri\u00f3dico Regional\",\"publisher\":{\"@id\":\"https:\/\/pagina10.com\/web\/#organization\"},\"alternateName\":\"P\u00e1gina10 Peri\u00f3dico Regional\",\"potentialAction\":[{\"@type\":\"SearchAction\",\"target\":{\"@type\":\"EntryPoint\",\"urlTemplate\":\"https:\/\/pagina10.com\/web\/?s={search_term_string}\"},\"query-input\":{\"@type\":\"PropertyValueSpecification\",\"valueRequired\":true,\"valueName\":\"search_term_string\"}}],\"inLanguage\":\"es\"},{\"@type\":\"Organization\",\"@id\":\"https:\/\/pagina10.com\/web\/#organization\",\"name\":\"P\u00e1gina10\",\"alternateName\":\"P\u00e1gina10 Peri\u00f3dico Regional\",\"url\":\"https:\/\/pagina10.com\/web\/\",\"logo\":{\"@type\":\"ImageObject\",\"inLanguage\":\"es\",\"@id\":\"https:\/\/pagina10.com\/web\/#\/schema\/logo\/image\/\",\"url\":\"https:\/\/pagina10.com\/web\/wp-content\/uploads\/2024\/01\/40-pagina-10-periodico-regional-pasto.jpg\",\"contentUrl\":\"https:\/\/pagina10.com\/web\/wp-content\/uploads\/2024\/01\/40-pagina-10-periodico-regional-pasto.jpg\",\"width\":1280,\"height\":720,\"caption\":\"P\u00e1gina10\"},\"image\":{\"@id\":\"https:\/\/pagina10.com\/web\/#\/schema\/logo\/image\/\"},\"sameAs\":[\"https:\/\/www.facebook.com\/pag10com\",\"https:\/\/x.com\/Pag10com\",\"https:\/\/www.instagram.com\/pagina10col\/\",\"https:\/\/youtube.com\/channel\/pag10\",\"https:\/\/www.tiktok.com\/@p10col\"]},{\"@type\":\"Person\",\"@id\":\"https:\/\/pagina10.com\/web\/#\/schema\/person\/9ec3e2b432363a195d2d01bf820c66fe\",\"name\":\"Anibal Ar\u00e9valo Rosero\",\"description\":\"An\u00edbal Ar\u00e9valo Rosero a trav\u00e9s de su vida ha realizado diversas actividades tendientes a reivindicar al ser humano en su conciencia plena. Durante su vida ha hecho teatro, a escrito poes\u00eda y en sus tiempos de universitario realiz\u00f3 varias publicaciones entre las que se recuerda la revista Quinde. Junto con otros compa\u00f1eros fund\u00f3 el Taller Cultural El Cueche, equipo con el que se hicieron varias publicaciones. De este mismo grupo hay que resaltar que se hizo un trabajo pionero en la difusi\u00f3n de la m\u00fasica andina, latinoamericana y del caribe. Despu\u00e9s de terminar sus estudios de biolog\u00eda en la Universidad de Nari\u00f1o entr\u00f3 a laborar en emisoras de la ciudad de Pasto como en RCN, donde se desempe\u00f1aba como locutor de planta. Dirigi\u00f3 programas en la extinta Ondas del Mayo, en varias oportunidades; tambi\u00e9n en Ecos de Pasto. Fue colaborador de el Noticias RCN y dirigi\u00f3 el programa Simana al D\u00eda, del Sindicato del Magisterio de Nari\u00f1o, en dos \u00e9pocas. En el a\u00f1o de 1992 funda el Comit\u00e9 de Solidaridad con Cuba Jos\u00e9 Mart\u00ed, cuyo objetivo era divulgar la realidad cubana y expresar apoyo moral, pol\u00edtico y material al pa\u00eds caribe\u00f1o. Ante la mala interpretaci\u00f3n que la gente le daba a este tipo de acciones, se decide promover viajes de solidad a Cuba para participar en la Brigada Latinoamericana de Trabajo Voluntario, en el Festival Cuba Vive y, de manera especia,l en el 14 Festival Mundial de la Juventud y los Estudiantes, que se desarroll\u00f3 en la isla en el a\u00f1o de 1997. Con esta experiencia impulsa el turismo al pa\u00eds caribe\u00f1o con el resultado de que miles de personas han participado de las excursiones organizadas por Ar\u00e9valo Rosero. Asimismo ha venido impulsando las Brigadas de Salud en Cuba, tendiente a llevar pacientes de c\u00e1ncer a ese destino con el fin de que reciban atenci\u00f3n m\u00e9dica, teniendo en cuenta que la experiencia cubana en el tema ha sido bastante favorable. Veinte a\u00f1os despu\u00e9s de estas nutritivas experiencias, le permiten impulsar excursiones adem\u00e1s a M\u00e9xico, Machu Picchu, Argentina, Ecuador, Panam\u00e1 y Tierra Santa. En cuanto al desempe\u00f1o period\u00edstico, adem\u00e1s de los medios radiales y de televisi\u00f3n, en los canales de la universidades de Nari\u00f1o y Mariana, se ha desempe\u00f1ado como columnista en Diario del Sur durante 6 a\u00f1os y en algunos medios virtuales. Tambi\u00e9n es colaborador de el Diario del Cauca. Considera que la pr\u00e1ctica de la lectura es beber de la fuente nutricia que permite apropiarse de manera consciente del ejercicio de la democracia; y la posibilidad de escribir y ser le\u00eddo, acceder al poder, por que considera la palabra como el mayor instrumento de acci\u00f3n cuando est\u00e1 bien encamina al leg\u00edtimo servicio social. En la actualidad adem\u00e1s de so\u00f1ar con viajar por el mundo se desempe\u00f1a como docente del departamento de ciencias de Inem Luis Delf\u00edn Insuasty de Pasto. Correo: Esta direcci\u00f3n de correo electr\u00f3nico est\u00e1 protegida contra spambots. Usted necesita tener Javascript activado para poder verla.\\\" target=\\\"_blank\\\" style=\\\"color: #1155cc; text-align: justify; font-family: arial, sans-serif; font-size: 13px; line-height: normal;\\\"&gt;fundacionecosofia@gmail.com\",\"url\":\"https:\/\/pagina10.com\/web\/author\/anibal\/\"}]}<\/script>\n<!-- \/ Yoast SEO plugin. -->","yoast_head_json":{"title":"Nari\u00f1o se merece un buen gobernante | P\u00e1gina10","robots":{"index":"index","follow":"follow","max-snippet":"max-snippet:-1","max-image-preview":"max-image-preview:large","max-video-preview":"max-video-preview:-1"},"canonical":"https:\/\/pagina10.com\/web\/narino-se-merece-un-buen-gobernante\/","og_locale":"es_ES","og_type":"article","og_title":"Nari\u00f1o se merece un buen gobernante | P\u00e1gina10","og_description":"Por: An\u00edbal Ar\u00e9valo Rosero Con mucho fervor se logr\u00f3 conquistar el triunfo en las elecciones presidenciales del 2022, un hecho que divide en dos la pol\u00edtica de nuestro pa\u00eds. Por m\u00e1s de doscientos a\u00f1os hemos sido gobernados por liberales y conservadores. Es la primera vez que tenemos la oportunidad de ser gobierno desde las bases [&hellip;]","og_url":"https:\/\/pagina10.com\/web\/narino-se-merece-un-buen-gobernante\/","og_site_name":"P\u00e1gina10","article_publisher":"https:\/\/www.facebook.com\/pag10com","article_published_time":"2023-09-10T03:01:25+00:00","og_image":[{"width":1600,"height":1008,"url":"https:\/\/pagina10.com\/web\/wp-content\/uploads\/2023\/03\/WhatsApp-Image-2023-03-10-at-7.05.29-PM.jpeg","type":"image\/jpeg"}],"author":"Anibal Ar\u00e9valo Rosero","twitter_card":"summary_large_image","twitter_creator":"@Pag10com","twitter_site":"@Pag10com","twitter_misc":{"Escrito por":"Anibal Ar\u00e9valo Rosero","Tiempo de lectura":"3 minutos"},"schema":{"@context":"https:\/\/schema.org","@graph":[{"@type":"Article","@id":"https:\/\/pagina10.com\/web\/narino-se-merece-un-buen-gobernante\/#article","isPartOf":{"@id":"https:\/\/pagina10.com\/web\/narino-se-merece-un-buen-gobernante\/"},"author":{"name":"Anibal Ar\u00e9valo Rosero","@id":"https:\/\/pagina10.com\/web\/#\/schema\/person\/9ec3e2b432363a195d2d01bf820c66fe"},"headline":"Nari\u00f1o se merece un buen gobernante","datePublished":"2023-09-10T03:01:25+00:00","mainEntityOfPage":{"@id":"https:\/\/pagina10.com\/web\/narino-se-merece-un-buen-gobernante\/"},"wordCount":691,"commentCount":0,"publisher":{"@id":"https:\/\/pagina10.com\/web\/#organization"},"image":{"@id":"https:\/\/pagina10.com\/web\/narino-se-merece-un-buen-gobernante\/#primaryimage"},"thumbnailUrl":"https:\/\/pagina10.com\/web\/wp-content\/uploads\/2023\/03\/WhatsApp-Image-2023-03-10-at-7.05.29-PM.jpeg","articleSection":["Opini\u00f3n"],"inLanguage":"es","potentialAction":[{"@type":"CommentAction","name":"Comment","target":["https:\/\/pagina10.com\/web\/narino-se-merece-un-buen-gobernante\/#respond"]}]},{"@type":"WebPage","@id":"https:\/\/pagina10.com\/web\/narino-se-merece-un-buen-gobernante\/","url":"https:\/\/pagina10.com\/web\/narino-se-merece-un-buen-gobernante\/","name":"Nari\u00f1o se merece un buen gobernante | P\u00e1gina10","isPartOf":{"@id":"https:\/\/pagina10.com\/web\/#website"},"primaryImageOfPage":{"@id":"https:\/\/pagina10.com\/web\/narino-se-merece-un-buen-gobernante\/#primaryimage"},"image":{"@id":"https:\/\/pagina10.com\/web\/narino-se-merece-un-buen-gobernante\/#primaryimage"},"thumbnailUrl":"https:\/\/pagina10.com\/web\/wp-content\/uploads\/2023\/03\/WhatsApp-Image-2023-03-10-at-7.05.29-PM.jpeg","datePublished":"2023-09-10T03:01:25+00:00","breadcrumb":{"@id":"https:\/\/pagina10.com\/web\/narino-se-merece-un-buen-gobernante\/#breadcrumb"},"inLanguage":"es","potentialAction":[{"@type":"ReadAction","target":["https:\/\/pagina10.com\/web\/narino-se-merece-un-buen-gobernante\/"]}]},{"@type":"ImageObject","inLanguage":"es","@id":"https:\/\/pagina10.com\/web\/narino-se-merece-un-buen-gobernante\/#primaryimage","url":"https:\/\/pagina10.com\/web\/wp-content\/uploads\/2023\/03\/WhatsApp-Image-2023-03-10-at-7.05.29-PM.jpeg","contentUrl":"https:\/\/pagina10.com\/web\/wp-content\/uploads\/2023\/03\/WhatsApp-Image-2023-03-10-at-7.05.29-PM.jpeg","width":1600,"height":1008},{"@type":"BreadcrumbList","@id":"https:\/\/pagina10.com\/web\/narino-se-merece-un-buen-gobernante\/#breadcrumb","itemListElement":[{"@type":"ListItem","position":1,"name":"Portada","item":"https:\/\/pagina10.com\/web\/"},{"@type":"ListItem","position":2,"name":"Nari\u00f1o se merece un buen gobernante"}]},{"@type":"WebSite","@id":"https:\/\/pagina10.com\/web\/#website","url":"https:\/\/pagina10.com\/web\/","name":"P\u00e1gina10","description":"Peri\u00f3dico Regional","publisher":{"@id":"https:\/\/pagina10.com\/web\/#organization"},"alternateName":"P\u00e1gina10 Peri\u00f3dico Regional","potentialAction":[{"@type":"SearchAction","target":{"@type":"EntryPoint","urlTemplate":"https:\/\/pagina10.com\/web\/?s={search_term_string}"},"query-input":{"@type":"PropertyValueSpecification","valueRequired":true,"valueName":"search_term_string"}}],"inLanguage":"es"},{"@type":"Organization","@id":"https:\/\/pagina10.com\/web\/#organization","name":"P\u00e1gina10","alternateName":"P\u00e1gina10 Peri\u00f3dico Regional","url":"https:\/\/pagina10.com\/web\/","logo":{"@type":"ImageObject","inLanguage":"es","@id":"https:\/\/pagina10.com\/web\/#\/schema\/logo\/image\/","url":"https:\/\/pagina10.com\/web\/wp-content\/uploads\/2024\/01\/40-pagina-10-periodico-regional-pasto.jpg","contentUrl":"https:\/\/pagina10.com\/web\/wp-content\/uploads\/2024\/01\/40-pagina-10-periodico-regional-pasto.jpg","width":1280,"height":720,"caption":"P\u00e1gina10"},"image":{"@id":"https:\/\/pagina10.com\/web\/#\/schema\/logo\/image\/"},"sameAs":["https:\/\/www.facebook.com\/pag10com","https:\/\/x.com\/Pag10com","https:\/\/www.instagram.com\/pagina10col\/","https:\/\/youtube.com\/channel\/pag10","https:\/\/www.tiktok.com\/@p10col"]},{"@type":"Person","@id":"https:\/\/pagina10.com\/web\/#\/schema\/person\/9ec3e2b432363a195d2d01bf820c66fe","name":"Anibal Ar\u00e9valo Rosero","description":"An\u00edbal Ar\u00e9valo Rosero a trav\u00e9s de su vida ha realizado diversas actividades tendientes a reivindicar al ser humano en su conciencia plena. Durante su vida ha hecho teatro, a escrito poes\u00eda y en sus tiempos de universitario realiz\u00f3 varias publicaciones entre las que se recuerda la revista Quinde. Junto con otros compa\u00f1eros fund\u00f3 el Taller Cultural El Cueche, equipo con el que se hicieron varias publicaciones. De este mismo grupo hay que resaltar que se hizo un trabajo pionero en la difusi\u00f3n de la m\u00fasica andina, latinoamericana y del caribe. Despu\u00e9s de terminar sus estudios de biolog\u00eda en la Universidad de Nari\u00f1o entr\u00f3 a laborar en emisoras de la ciudad de Pasto como en RCN, donde se desempe\u00f1aba como locutor de planta. Dirigi\u00f3 programas en la extinta Ondas del Mayo, en varias oportunidades; tambi\u00e9n en Ecos de Pasto. Fue colaborador de el Noticias RCN y dirigi\u00f3 el programa Simana al D\u00eda, del Sindicato del Magisterio de Nari\u00f1o, en dos \u00e9pocas. En el a\u00f1o de 1992 funda el Comit\u00e9 de Solidaridad con Cuba Jos\u00e9 Mart\u00ed, cuyo objetivo era divulgar la realidad cubana y expresar apoyo moral, pol\u00edtico y material al pa\u00eds caribe\u00f1o. Ante la mala interpretaci\u00f3n que la gente le daba a este tipo de acciones, se decide promover viajes de solidad a Cuba para participar en la Brigada Latinoamericana de Trabajo Voluntario, en el Festival Cuba Vive y, de manera especia,l en el 14 Festival Mundial de la Juventud y los Estudiantes, que se desarroll\u00f3 en la isla en el a\u00f1o de 1997. Con esta experiencia impulsa el turismo al pa\u00eds caribe\u00f1o con el resultado de que miles de personas han participado de las excursiones organizadas por Ar\u00e9valo Rosero. Asimismo ha venido impulsando las Brigadas de Salud en Cuba, tendiente a llevar pacientes de c\u00e1ncer a ese destino con el fin de que reciban atenci\u00f3n m\u00e9dica, teniendo en cuenta que la experiencia cubana en el tema ha sido bastante favorable. Veinte a\u00f1os despu\u00e9s de estas nutritivas experiencias, le permiten impulsar excursiones adem\u00e1s a M\u00e9xico, Machu Picchu, Argentina, Ecuador, Panam\u00e1 y Tierra Santa. En cuanto al desempe\u00f1o period\u00edstico, adem\u00e1s de los medios radiales y de televisi\u00f3n, en los canales de la universidades de Nari\u00f1o y Mariana, se ha desempe\u00f1ado como columnista en Diario del Sur durante 6 a\u00f1os y en algunos medios virtuales. Tambi\u00e9n es colaborador de el Diario del Cauca. Considera que la pr\u00e1ctica de la lectura es beber de la fuente nutricia que permite apropiarse de manera consciente del ejercicio de la democracia; y la posibilidad de escribir y ser le\u00eddo, acceder al poder, por que considera la palabra como el mayor instrumento de acci\u00f3n cuando est\u00e1 bien encamina al leg\u00edtimo servicio social. En la actualidad adem\u00e1s de so\u00f1ar con viajar por el mundo se desempe\u00f1a como docente del departamento de ciencias de Inem Luis Delf\u00edn Insuasty de Pasto. Correo: Esta direcci\u00f3n de correo electr\u00f3nico est\u00e1 protegida contra spambots. Usted necesita tener Javascript activado para poder verla.\" target=\"_blank\" style=\"color: #1155cc; text-align: justify; font-family: arial, sans-serif; font-size: 13px; line-height: normal;\"&gt;fundacionecosofia@gmail.com","url":"https:\/\/pagina10.com\/web\/author\/anibal\/"}]}},"_links":{"self":[{"href":"https:\/\/pagina10.com\/web\/wp-json\/wp\/v2\/posts\/68660","targetHints":{"allow":["GET"]}}],"collection":[{"href":"https:\/\/pagina10.com\/web\/wp-json\/wp\/v2\/posts"}],"about":[{"href":"https:\/\/pagina10.com\/web\/wp-json\/wp\/v2\/types\/post"}],"author":[{"embeddable":true,"href":"https:\/\/pagina10.com\/web\/wp-json\/wp\/v2\/users\/65"}],"replies":[{"embeddable":true,"href":"https:\/\/pagina10.com\/web\/wp-json\/wp\/v2\/comments?post=68660"}],"version-history":[{"count":1,"href":"https:\/\/pagina10.com\/web\/wp-json\/wp\/v2\/posts\/68660\/revisions"}],"predecessor-version":[{"id":68661,"href":"https:\/\/pagina10.com\/web\/wp-json\/wp\/v2\/posts\/68660\/revisions\/68661"}],"wp:featuredmedia":[{"embeddable":true,"href":"https:\/\/pagina10.com\/web\/wp-json\/wp\/v2\/media\/65050"}],"wp:attachment":[{"href":"https:\/\/pagina10.com\/web\/wp-json\/wp\/v2\/media?parent=68660"}],"wp:term":[{"taxonomy":"category","embeddable":true,"href":"https:\/\/pagina10.com\/web\/wp-json\/wp\/v2\/categories?post=68660"},{"taxonomy":"post_tag","embeddable":true,"href":"https:\/\/pagina10.com\/web\/wp-json\/wp\/v2\/tags?post=68660"}],"curies":[{"name":"wp","href":"https:\/\/api.w.org\/{rel}","templated":true}]}}