{"id":6868,"date":"2014-02-27T13:46:37","date_gmt":"2014-02-27T13:46:37","guid":{"rendered":"https:\/\/pagina10.com\/web\/pasto-presente-en-la-vitrina-turistica-organizada-por-anato\/"},"modified":"2014-02-27T13:46:37","modified_gmt":"2014-02-27T13:46:37","slug":"pasto-presente-en-la-vitrina-turistica-organizada-por-anato","status":"publish","type":"post","link":"https:\/\/pagina10.com\/web\/pasto-presente-en-la-vitrina-turistica-organizada-por-anato\/","title":{"rendered":"Pasto presente en la vitrina tur\u00edstica organizada por Anato"},"content":{"rendered":"<p><img fetchpriority=\"high\" decoding=\"async\" class=\" size-full wp-image-6867\" src=\"https:\/\/pagina10.com\/web\/wp-content\/uploads\/2014\/02\/75ea2416c760caddf784a1b711592dc7.jpg\" alt=\"Fotograf\u00eda: Alcald\u00eda de Pasto\" width=\"800\" height=\"600\" srcset=\"https:\/\/pagina10.com\/web\/wp-content\/uploads\/2014\/02\/75ea2416c760caddf784a1b711592dc7.jpg 800w, https:\/\/pagina10.com\/web\/wp-content\/uploads\/2014\/02\/75ea2416c760caddf784a1b711592dc7-300x225.jpg 300w, https:\/\/pagina10.com\/web\/wp-content\/uploads\/2014\/02\/75ea2416c760caddf784a1b711592dc7-768x576.jpg 768w, https:\/\/pagina10.com\/web\/wp-content\/uploads\/2014\/02\/75ea2416c760caddf784a1b711592dc7-86x64.jpg 86w\" sizes=\"(max-width: 800px) 100vw, 800px\" \/><\/p>\n<p style=\"text-align: justify;\">ANATO es el gremio l\u00edder, trascendente y con capacidad de gesti\u00f3n, en donde d\u00eda a d\u00eda se trabaja por la concreci\u00f3n de acciones encaminadas a que las Agencias de Viajes contin\u00faen siendo el tejido empresarial del pa\u00eds y del turismo colombiano. Pertenecer a ANATO es Sello de Garant\u00eda para los compradores de servicios tur\u00edsticos. Al adquirir sus viajes en una Agencia Asociada tienen la seguridad que lo hacen en establecimientos legalmente constituidos, que cumplen con todas las normas, generando confianza, tranquilidad y sobre todo, la seguridad que los est\u00e1ndares de calidad ofrecidos, son los mejores para que los viajes de placer o negocios sean un \u00e9xito.<\/p>\n<p style=\"text-align: justify;\">Desde el mi\u00e9rcoles 26 y hasta este viernes 28 de febrero, se desarrolla la XXXIII versi\u00f3n de la Vitrina Tur\u00edstica organizada por la Asociaci\u00f3n Colombiana de Agencias de Viajes y Turismo \u2013 ANATO, uno de los eventos tur\u00edsticos m\u00e1s importantes a nivel de Am\u00e9rica Latina que se desarrolla en Corferias en Bogot\u00e1.&nbsp;<\/p>\n<p style=\"text-align: justify;\">&nbsp;<\/p>\n<p style=\"text-align: justify;\">Este a\u00f1o Rep\u00fablica Dominicana es el pa\u00eds invitado &nbsp;de honor y Tolima el destino nacional destacado. <\/p>\n<p>Seg\u00fan la presidente de la Asociaci\u00f3n Colombiana de Agencias de Viajes y Turismo, ANATO, Paula Cort\u00e9s Calle, este a\u00f1o los expositores crecieron en un 30% con respecto a 2013, llegando a los 938.<\/p>\n<p style=\"text-align: justify;\">\u201cTenemos la expectativa de que se realicen al menos 30.000 contactos comerciales entre los participantes y visitantes, y se generen negocios por m\u00e1s de 150 millones de d\u00f3lares. Igualmente, se espera un incremento del 10% de visitantes a la Vitrina, alcanzado las 36 mil personas y m\u00e1s de 600 periodistas acreditados, de medios de todo el mundo y Colombia\u201d, anot\u00f3 la dirigente gremial. <\/p>\n<p>El turismo es para Colombia uno de los m\u00e1s importantes generadores de empleo, seg\u00fan el Dane,&nbsp;con al menos 1,5 millones de personas ocupadas. En los \u00faltimos 10 a\u00f1os, el arribo de visitantes &nbsp;extranjeros aument\u00f3 en un 134%, al pasar de 1 mill\u00f3n 600 mil visitantes en 2004 a 3 millones 700 mil en 2013.<\/p>\n<p style=\"text-align: justify;\">&nbsp;<\/p>\n<p style=\"text-align: justify;\"><strong>Participaci\u00f3n de Pasto en la feria&nbsp;<\/strong><\/p>\n<p style=\"text-align: justify;\">La Alcald\u00eda de Pasto participa en coordinaci\u00f3n y trabajo conjunto con entidades del orden departamental y la empresa privada con el objetivo de presentar la oferta tur\u00edstica con las que cuenta la regi\u00f3n y la ciudad capital.<\/p>\n<p style=\"text-align: justify;\">Seg\u00fan la subsecretaria de Turismo de la Administraci\u00f3n Local, Adriana Solarte L\u00f3pez, en el evento se dan a conocer los atractivos m\u00e1s representativos como el Humedal Ramsar de la laguna de La Cocha, una puesta en escena del Carnaval de Negros y Blancos y una aplicaci\u00f3n para dispositivos m\u00f3viles con informaci\u00f3n general a trav\u00e9s de la cual se destacan los sitios de inter\u00e9s y su ubicaci\u00f3n www.turismobile.co<\/p>\n<p style=\"text-align: justify;\">&nbsp;<\/p>\n","protected":false},"excerpt":{"rendered":"<p>ANATO es el gremio l\u00edder, trascendente y con capacidad de gesti\u00f3n, en donde d\u00eda a d\u00eda se trabaja por la concreci\u00f3n de acciones encaminadas a que las Agencias de Viajes contin\u00faen siendo el tejido empresarial del pa\u00eds y del turismo colombiano. Pertenecer a ANATO es Sello de Garant\u00eda para los compradores de servicios tur\u00edsticos. Al [&hellip;]<\/p>\n","protected":false},"author":29,"featured_media":6866,"comment_status":"open","ping_status":"open","sticky":false,"template":"","format":"standard","meta":{"footnotes":""},"categories":[82],"tags":[],"class_list":["post-6868","post","type-post","status-publish","format-standard","has-post-thumbnail","hentry","category-ciudad-2"],"yoast_head":"<!-- This site is optimized with the Yoast SEO plugin v27.1.1 - https:\/\/yoast.com\/product\/yoast-seo-wordpress\/ -->\n<title>Pasto presente en la vitrina tur\u00edstica organizada por Anato | P\u00e1gina10<\/title>\n<meta name=\"robots\" content=\"index, follow, max-snippet:-1, max-image-preview:large, max-video-preview:-1\" \/>\n<link rel=\"canonical\" href=\"https:\/\/pagina10.com\/web\/pasto-presente-en-la-vitrina-turistica-organizada-por-anato\/\" \/>\n<meta property=\"og:locale\" content=\"es_ES\" \/>\n<meta property=\"og:type\" content=\"article\" \/>\n<meta property=\"og:title\" content=\"Pasto presente en la vitrina tur\u00edstica organizada por Anato | P\u00e1gina10\" \/>\n<meta property=\"og:description\" content=\"ANATO es el gremio l\u00edder, trascendente y con capacidad de gesti\u00f3n, en donde d\u00eda a d\u00eda se trabaja por la concreci\u00f3n de acciones encaminadas a que las Agencias de Viajes contin\u00faen siendo el tejido empresarial del pa\u00eds y del turismo colombiano. Pertenecer a ANATO es Sello de Garant\u00eda para los compradores de servicios tur\u00edsticos. Al [&hellip;]\" \/>\n<meta property=\"og:url\" content=\"https:\/\/pagina10.com\/web\/pasto-presente-en-la-vitrina-turistica-organizada-por-anato\/\" \/>\n<meta property=\"og:site_name\" content=\"P\u00e1gina10\" \/>\n<meta property=\"article:publisher\" content=\"https:\/\/www.facebook.com\/pag10com\" \/>\n<meta property=\"article:published_time\" content=\"2014-02-27T13:46:37+00:00\" \/>\n<meta property=\"og:image\" content=\"https:\/\/pagina10.com\/web\/wp-content\/uploads\/2014\/02\/75ea2416c760caddf784a1b711592dc7.jpg\" \/>\n\t<meta property=\"og:image:width\" content=\"800\" \/>\n\t<meta property=\"og:image:height\" content=\"600\" \/>\n\t<meta property=\"og:image:type\" content=\"image\/jpeg\" \/>\n<meta name=\"author\" content=\"P\u00e1gina 10\" \/>\n<meta name=\"twitter:card\" content=\"summary_large_image\" \/>\n<meta name=\"twitter:creator\" content=\"@Pag10com\" \/>\n<meta name=\"twitter:site\" content=\"@Pag10com\" \/>\n<meta name=\"twitter:label1\" content=\"Escrito por\" \/>\n\t<meta name=\"twitter:data1\" content=\"P\u00e1gina 10\" \/>\n\t<meta name=\"twitter:label2\" content=\"Tiempo de lectura\" \/>\n\t<meta name=\"twitter:data2\" content=\"2 minutos\" \/>\n<script type=\"application\/ld+json\" class=\"yoast-schema-graph\">{\"@context\":\"https:\/\/schema.org\",\"@graph\":[{\"@type\":\"Article\",\"@id\":\"https:\/\/pagina10.com\/web\/pasto-presente-en-la-vitrina-turistica-organizada-por-anato\/#article\",\"isPartOf\":{\"@id\":\"https:\/\/pagina10.com\/web\/pasto-presente-en-la-vitrina-turistica-organizada-por-anato\/\"},\"author\":{\"name\":\"P\u00e1gina 10\",\"@id\":\"https:\/\/pagina10.com\/web\/#\/schema\/person\/a7a5d38f0629dfc107f619fbae4f6cc3\"},\"headline\":\"Pasto presente en la vitrina tur\u00edstica organizada por Anato\",\"datePublished\":\"2014-02-27T13:46:37+00:00\",\"mainEntityOfPage\":{\"@id\":\"https:\/\/pagina10.com\/web\/pasto-presente-en-la-vitrina-turistica-organizada-por-anato\/\"},\"wordCount\":481,\"commentCount\":0,\"publisher\":{\"@id\":\"https:\/\/pagina10.com\/web\/#organization\"},\"image\":{\"@id\":\"https:\/\/pagina10.com\/web\/pasto-presente-en-la-vitrina-turistica-organizada-por-anato\/#primaryimage\"},\"thumbnailUrl\":\"https:\/\/pagina10.com\/web\/wp-content\/uploads\/2014\/02\/75ea2416c760caddf784a1b711592dc7.jpg\",\"articleSection\":[\"Ciudad\"],\"inLanguage\":\"es\",\"potentialAction\":[{\"@type\":\"CommentAction\",\"name\":\"Comment\",\"target\":[\"https:\/\/pagina10.com\/web\/pasto-presente-en-la-vitrina-turistica-organizada-por-anato\/#respond\"]}]},{\"@type\":\"WebPage\",\"@id\":\"https:\/\/pagina10.com\/web\/pasto-presente-en-la-vitrina-turistica-organizada-por-anato\/\",\"url\":\"https:\/\/pagina10.com\/web\/pasto-presente-en-la-vitrina-turistica-organizada-por-anato\/\",\"name\":\"Pasto presente en la vitrina tur\u00edstica organizada por Anato | P\u00e1gina10\",\"isPartOf\":{\"@id\":\"https:\/\/pagina10.com\/web\/#website\"},\"primaryImageOfPage\":{\"@id\":\"https:\/\/pagina10.com\/web\/pasto-presente-en-la-vitrina-turistica-organizada-por-anato\/#primaryimage\"},\"image\":{\"@id\":\"https:\/\/pagina10.com\/web\/pasto-presente-en-la-vitrina-turistica-organizada-por-anato\/#primaryimage\"},\"thumbnailUrl\":\"https:\/\/pagina10.com\/web\/wp-content\/uploads\/2014\/02\/75ea2416c760caddf784a1b711592dc7.jpg\",\"datePublished\":\"2014-02-27T13:46:37+00:00\",\"breadcrumb\":{\"@id\":\"https:\/\/pagina10.com\/web\/pasto-presente-en-la-vitrina-turistica-organizada-por-anato\/#breadcrumb\"},\"inLanguage\":\"es\",\"potentialAction\":[{\"@type\":\"ReadAction\",\"target\":[\"https:\/\/pagina10.com\/web\/pasto-presente-en-la-vitrina-turistica-organizada-por-anato\/\"]}]},{\"@type\":\"ImageObject\",\"inLanguage\":\"es\",\"@id\":\"https:\/\/pagina10.com\/web\/pasto-presente-en-la-vitrina-turistica-organizada-por-anato\/#primaryimage\",\"url\":\"https:\/\/pagina10.com\/web\/wp-content\/uploads\/2014\/02\/75ea2416c760caddf784a1b711592dc7.jpg\",\"contentUrl\":\"https:\/\/pagina10.com\/web\/wp-content\/uploads\/2014\/02\/75ea2416c760caddf784a1b711592dc7.jpg\",\"width\":800,\"height\":600,\"caption\":\"Fotograf\u00eda: Alcald\u00eda de Pasto\"},{\"@type\":\"BreadcrumbList\",\"@id\":\"https:\/\/pagina10.com\/web\/pasto-presente-en-la-vitrina-turistica-organizada-por-anato\/#breadcrumb\",\"itemListElement\":[{\"@type\":\"ListItem\",\"position\":1,\"name\":\"Portada\",\"item\":\"https:\/\/pagina10.com\/web\/\"},{\"@type\":\"ListItem\",\"position\":2,\"name\":\"Pasto presente en la vitrina tur\u00edstica organizada por Anato\"}]},{\"@type\":\"WebSite\",\"@id\":\"https:\/\/pagina10.com\/web\/#website\",\"url\":\"https:\/\/pagina10.com\/web\/\",\"name\":\"P\u00e1gina10\",\"description\":\"Peri\u00f3dico Regional\",\"publisher\":{\"@id\":\"https:\/\/pagina10.com\/web\/#organization\"},\"alternateName\":\"P\u00e1gina10 Peri\u00f3dico Regional\",\"potentialAction\":[{\"@type\":\"SearchAction\",\"target\":{\"@type\":\"EntryPoint\",\"urlTemplate\":\"https:\/\/pagina10.com\/web\/?s={search_term_string}\"},\"query-input\":{\"@type\":\"PropertyValueSpecification\",\"valueRequired\":true,\"valueName\":\"search_term_string\"}}],\"inLanguage\":\"es\"},{\"@type\":\"Organization\",\"@id\":\"https:\/\/pagina10.com\/web\/#organization\",\"name\":\"P\u00e1gina10\",\"alternateName\":\"P\u00e1gina10 Peri\u00f3dico Regional\",\"url\":\"https:\/\/pagina10.com\/web\/\",\"logo\":{\"@type\":\"ImageObject\",\"inLanguage\":\"es\",\"@id\":\"https:\/\/pagina10.com\/web\/#\/schema\/logo\/image\/\",\"url\":\"https:\/\/pagina10.com\/web\/wp-content\/uploads\/2024\/01\/40-pagina-10-periodico-regional-pasto.jpg\",\"contentUrl\":\"https:\/\/pagina10.com\/web\/wp-content\/uploads\/2024\/01\/40-pagina-10-periodico-regional-pasto.jpg\",\"width\":1280,\"height\":720,\"caption\":\"P\u00e1gina10\"},\"image\":{\"@id\":\"https:\/\/pagina10.com\/web\/#\/schema\/logo\/image\/\"},\"sameAs\":[\"https:\/\/www.facebook.com\/pag10com\",\"https:\/\/x.com\/Pag10com\",\"https:\/\/www.instagram.com\/pagina10col\/\",\"https:\/\/youtube.com\/channel\/pag10\",\"https:\/\/www.tiktok.com\/@p10col\"]},{\"@type\":\"Person\",\"@id\":\"https:\/\/pagina10.com\/web\/#\/schema\/person\/a7a5d38f0629dfc107f619fbae4f6cc3\",\"name\":\"P\u00e1gina 10\",\"description\":\"P\u00e1gina10.com es un peri\u00f3dico digital que nace en Colombia, en el departamento de Nari\u00f1o, con un enfoque global, fundamentado en cuatro pilares esenciales: la libertad, el pluralismo, la inclusi\u00f3n y la independencia. P\u00e1gina10.com hace referencia a Nari\u00f1o como el d\u00e9cimo departamento creado en Colombia, despu\u00e9s de un proceso pol\u00edtico liderado por actores y actrices regionales con el fin de obtener la independencia y autonom\u00eda de nuestros territorios. Con la creaci\u00f3n de P\u00e1gina10.com se pretende abrir un escenario para el dialogo, la reflexi\u00f3n y el debate que se extienda a otras geograf\u00edas de Am\u00e9rica Latina y del planeta, en una apuesta por transformar colectivamente los desaf\u00edos de un mundo contempor\u00e1neo, m\u00e1s all\u00e1 de las fronteras impuestas.\",\"url\":\"https:\/\/pagina10.com\/web\/author\/mcepeda\/\"}]}<\/script>\n<!-- \/ Yoast SEO plugin. -->","yoast_head_json":{"title":"Pasto presente en la vitrina tur\u00edstica organizada por Anato | P\u00e1gina10","robots":{"index":"index","follow":"follow","max-snippet":"max-snippet:-1","max-image-preview":"max-image-preview:large","max-video-preview":"max-video-preview:-1"},"canonical":"https:\/\/pagina10.com\/web\/pasto-presente-en-la-vitrina-turistica-organizada-por-anato\/","og_locale":"es_ES","og_type":"article","og_title":"Pasto presente en la vitrina tur\u00edstica organizada por Anato | P\u00e1gina10","og_description":"ANATO es el gremio l\u00edder, trascendente y con capacidad de gesti\u00f3n, en donde d\u00eda a d\u00eda se trabaja por la concreci\u00f3n de acciones encaminadas a que las Agencias de Viajes contin\u00faen siendo el tejido empresarial del pa\u00eds y del turismo colombiano. Pertenecer a ANATO es Sello de Garant\u00eda para los compradores de servicios tur\u00edsticos. Al [&hellip;]","og_url":"https:\/\/pagina10.com\/web\/pasto-presente-en-la-vitrina-turistica-organizada-por-anato\/","og_site_name":"P\u00e1gina10","article_publisher":"https:\/\/www.facebook.com\/pag10com","article_published_time":"2014-02-27T13:46:37+00:00","og_image":[{"width":800,"height":600,"url":"https:\/\/pagina10.com\/web\/wp-content\/uploads\/2014\/02\/75ea2416c760caddf784a1b711592dc7.jpg","type":"image\/jpeg"}],"author":"P\u00e1gina 10","twitter_card":"summary_large_image","twitter_creator":"@Pag10com","twitter_site":"@Pag10com","twitter_misc":{"Escrito por":"P\u00e1gina 10","Tiempo de lectura":"2 minutos"},"schema":{"@context":"https:\/\/schema.org","@graph":[{"@type":"Article","@id":"https:\/\/pagina10.com\/web\/pasto-presente-en-la-vitrina-turistica-organizada-por-anato\/#article","isPartOf":{"@id":"https:\/\/pagina10.com\/web\/pasto-presente-en-la-vitrina-turistica-organizada-por-anato\/"},"author":{"name":"P\u00e1gina 10","@id":"https:\/\/pagina10.com\/web\/#\/schema\/person\/a7a5d38f0629dfc107f619fbae4f6cc3"},"headline":"Pasto presente en la vitrina tur\u00edstica organizada por Anato","datePublished":"2014-02-27T13:46:37+00:00","mainEntityOfPage":{"@id":"https:\/\/pagina10.com\/web\/pasto-presente-en-la-vitrina-turistica-organizada-por-anato\/"},"wordCount":481,"commentCount":0,"publisher":{"@id":"https:\/\/pagina10.com\/web\/#organization"},"image":{"@id":"https:\/\/pagina10.com\/web\/pasto-presente-en-la-vitrina-turistica-organizada-por-anato\/#primaryimage"},"thumbnailUrl":"https:\/\/pagina10.com\/web\/wp-content\/uploads\/2014\/02\/75ea2416c760caddf784a1b711592dc7.jpg","articleSection":["Ciudad"],"inLanguage":"es","potentialAction":[{"@type":"CommentAction","name":"Comment","target":["https:\/\/pagina10.com\/web\/pasto-presente-en-la-vitrina-turistica-organizada-por-anato\/#respond"]}]},{"@type":"WebPage","@id":"https:\/\/pagina10.com\/web\/pasto-presente-en-la-vitrina-turistica-organizada-por-anato\/","url":"https:\/\/pagina10.com\/web\/pasto-presente-en-la-vitrina-turistica-organizada-por-anato\/","name":"Pasto presente en la vitrina tur\u00edstica organizada por Anato | P\u00e1gina10","isPartOf":{"@id":"https:\/\/pagina10.com\/web\/#website"},"primaryImageOfPage":{"@id":"https:\/\/pagina10.com\/web\/pasto-presente-en-la-vitrina-turistica-organizada-por-anato\/#primaryimage"},"image":{"@id":"https:\/\/pagina10.com\/web\/pasto-presente-en-la-vitrina-turistica-organizada-por-anato\/#primaryimage"},"thumbnailUrl":"https:\/\/pagina10.com\/web\/wp-content\/uploads\/2014\/02\/75ea2416c760caddf784a1b711592dc7.jpg","datePublished":"2014-02-27T13:46:37+00:00","breadcrumb":{"@id":"https:\/\/pagina10.com\/web\/pasto-presente-en-la-vitrina-turistica-organizada-por-anato\/#breadcrumb"},"inLanguage":"es","potentialAction":[{"@type":"ReadAction","target":["https:\/\/pagina10.com\/web\/pasto-presente-en-la-vitrina-turistica-organizada-por-anato\/"]}]},{"@type":"ImageObject","inLanguage":"es","@id":"https:\/\/pagina10.com\/web\/pasto-presente-en-la-vitrina-turistica-organizada-por-anato\/#primaryimage","url":"https:\/\/pagina10.com\/web\/wp-content\/uploads\/2014\/02\/75ea2416c760caddf784a1b711592dc7.jpg","contentUrl":"https:\/\/pagina10.com\/web\/wp-content\/uploads\/2014\/02\/75ea2416c760caddf784a1b711592dc7.jpg","width":800,"height":600,"caption":"Fotograf\u00eda: Alcald\u00eda de Pasto"},{"@type":"BreadcrumbList","@id":"https:\/\/pagina10.com\/web\/pasto-presente-en-la-vitrina-turistica-organizada-por-anato\/#breadcrumb","itemListElement":[{"@type":"ListItem","position":1,"name":"Portada","item":"https:\/\/pagina10.com\/web\/"},{"@type":"ListItem","position":2,"name":"Pasto presente en la vitrina tur\u00edstica organizada por Anato"}]},{"@type":"WebSite","@id":"https:\/\/pagina10.com\/web\/#website","url":"https:\/\/pagina10.com\/web\/","name":"P\u00e1gina10","description":"Peri\u00f3dico Regional","publisher":{"@id":"https:\/\/pagina10.com\/web\/#organization"},"alternateName":"P\u00e1gina10 Peri\u00f3dico Regional","potentialAction":[{"@type":"SearchAction","target":{"@type":"EntryPoint","urlTemplate":"https:\/\/pagina10.com\/web\/?s={search_term_string}"},"query-input":{"@type":"PropertyValueSpecification","valueRequired":true,"valueName":"search_term_string"}}],"inLanguage":"es"},{"@type":"Organization","@id":"https:\/\/pagina10.com\/web\/#organization","name":"P\u00e1gina10","alternateName":"P\u00e1gina10 Peri\u00f3dico Regional","url":"https:\/\/pagina10.com\/web\/","logo":{"@type":"ImageObject","inLanguage":"es","@id":"https:\/\/pagina10.com\/web\/#\/schema\/logo\/image\/","url":"https:\/\/pagina10.com\/web\/wp-content\/uploads\/2024\/01\/40-pagina-10-periodico-regional-pasto.jpg","contentUrl":"https:\/\/pagina10.com\/web\/wp-content\/uploads\/2024\/01\/40-pagina-10-periodico-regional-pasto.jpg","width":1280,"height":720,"caption":"P\u00e1gina10"},"image":{"@id":"https:\/\/pagina10.com\/web\/#\/schema\/logo\/image\/"},"sameAs":["https:\/\/www.facebook.com\/pag10com","https:\/\/x.com\/Pag10com","https:\/\/www.instagram.com\/pagina10col\/","https:\/\/youtube.com\/channel\/pag10","https:\/\/www.tiktok.com\/@p10col"]},{"@type":"Person","@id":"https:\/\/pagina10.com\/web\/#\/schema\/person\/a7a5d38f0629dfc107f619fbae4f6cc3","name":"P\u00e1gina 10","description":"P\u00e1gina10.com es un peri\u00f3dico digital que nace en Colombia, en el departamento de Nari\u00f1o, con un enfoque global, fundamentado en cuatro pilares esenciales: la libertad, el pluralismo, la inclusi\u00f3n y la independencia. P\u00e1gina10.com hace referencia a Nari\u00f1o como el d\u00e9cimo departamento creado en Colombia, despu\u00e9s de un proceso pol\u00edtico liderado por actores y actrices regionales con el fin de obtener la independencia y autonom\u00eda de nuestros territorios. Con la creaci\u00f3n de P\u00e1gina10.com se pretende abrir un escenario para el dialogo, la reflexi\u00f3n y el debate que se extienda a otras geograf\u00edas de Am\u00e9rica Latina y del planeta, en una apuesta por transformar colectivamente los desaf\u00edos de un mundo contempor\u00e1neo, m\u00e1s all\u00e1 de las fronteras impuestas.","url":"https:\/\/pagina10.com\/web\/author\/mcepeda\/"}]}},"_links":{"self":[{"href":"https:\/\/pagina10.com\/web\/wp-json\/wp\/v2\/posts\/6868","targetHints":{"allow":["GET"]}}],"collection":[{"href":"https:\/\/pagina10.com\/web\/wp-json\/wp\/v2\/posts"}],"about":[{"href":"https:\/\/pagina10.com\/web\/wp-json\/wp\/v2\/types\/post"}],"author":[{"embeddable":true,"href":"https:\/\/pagina10.com\/web\/wp-json\/wp\/v2\/users\/29"}],"replies":[{"embeddable":true,"href":"https:\/\/pagina10.com\/web\/wp-json\/wp\/v2\/comments?post=6868"}],"version-history":[{"count":0,"href":"https:\/\/pagina10.com\/web\/wp-json\/wp\/v2\/posts\/6868\/revisions"}],"wp:featuredmedia":[{"embeddable":true,"href":"https:\/\/pagina10.com\/web\/wp-json\/wp\/v2\/media\/6866"}],"wp:attachment":[{"href":"https:\/\/pagina10.com\/web\/wp-json\/wp\/v2\/media?parent=6868"}],"wp:term":[{"taxonomy":"category","embeddable":true,"href":"https:\/\/pagina10.com\/web\/wp-json\/wp\/v2\/categories?post=6868"},{"taxonomy":"post_tag","embeddable":true,"href":"https:\/\/pagina10.com\/web\/wp-json\/wp\/v2\/tags?post=6868"}],"curies":[{"name":"wp","href":"https:\/\/api.w.org\/{rel}","templated":true}]}}