{"id":68684,"date":"2023-09-11T05:46:21","date_gmt":"2023-09-11T10:46:21","guid":{"rendered":"https:\/\/pagina10.com\/web\/?p=68684"},"modified":"2023-09-11T05:46:21","modified_gmt":"2023-09-11T10:46:21","slug":"la-presion-es-un-privilegio","status":"publish","type":"post","link":"https:\/\/pagina10.com\/web\/la-presion-es-un-privilegio\/","title":{"rendered":"\u201cLa presi\u00f3n es un privilegio.\u201d"},"content":{"rendered":"<p style=\"text-align: justify;\">\n<p style=\"text-align: justify;\">Es la frase que aparece en las paredes del parque Flushing Meadows en New York, y que corresponde a la estadounidense Billie Jean King, una exjugadora de tenis, considerada una de las mejores tenistas y mejores deportistas de toda la historia. Ganadora de 39 t\u00edtulos de Grandes Torneos. En Londres en la final de Wimbledon de 1968, gan\u00f3 la primera edici\u00f3n del torneo ingl\u00e9s de la era abierta del tenis y manifest\u00f3 \u201ces totalmente injusto\u201d, al recibir las 750 libras esterlinas, frente a las 2.000 que recibi\u00f3 Rod Laver, evidenciando la discriminaci\u00f3n existente en el deporte entre hombres y mujeres.<\/p>\n<p style=\"text-align: justify;\">En 1972 al ganar el Abierto de Estados Unidos, repiti\u00f3 el discurso de la igualdad salarial despu\u00e9s de que a Ilie Nastase, campe\u00f3n masculino, recibiera un premio 25.000 d\u00f3lares y a ella solo le entregaron 10.000. Entre sus argumentos utiliz\u00f3 el T\u00edtulo IX, una ley que el Congreso aprob\u00f3 ese a\u00f1o y en el que estableci\u00f3 que ninguna persona pod\u00eda ser excluida por motivos de g\u00e9nero. Se logr\u00f3 entonces que, al a\u00f1o siguiente, la organizaci\u00f3n del US Open equilibrara los premios entre hombres y mujeres. No contenta con esto en junio de 1973, Billie Jean King cre\u00f3 la WTA (Asociaci\u00f3n de Tenis Femenino). Con eso se convirti\u00f3 en la primera mujer dirigente de la historia de este deporte.<\/p>\n<p style=\"text-align: justify;\">El 22 de septiembre de ese a\u00f1o enfrent\u00f3 a Bobby Riggs en un partido conocido como \u201cLa batalla de los sexos\u201d. Ella gan\u00f3 y en consecuencia, el rival abandon\u00f3 sus comentarios machistas y luego se dedic\u00f3 a luchar por la equidad y el bienestar de las tenistas.<\/p>\n<p style=\"text-align: justify;\">En Colombia el panorama no es diferente: para el 2019 solo exist\u00edan 11 tenistas profesionales, de los cuales solo tres eran mujeres. Los entes estatales como la asociaci\u00f3n colombiana de tenis y las ligas manejan un presupuesto exiguo, y para ser tenista profesional, es preferible intentarlo por fuera del pa\u00eds, a trav\u00e9s de una beca o un patrocinador de la empresa privada, sino se dispone de recursos propios, as\u00ed lo evidencian las camisetas de nuestros mejores tenistas. Por otra parte, para mejorar las condiciones econ\u00f3micas, se debe participar en los torneos internacionales y acercarse a las octavos, cuartos o semifinales; nada f\u00e1cil puesto que competir con otros pa\u00edses donde s\u00ed invierten en el deporte blanco, es casi imposible.<\/p>\n<p style=\"text-align: justify;\">La Federaci\u00f3n Colombiana de Tenis en su p\u00e1gina de capacitaciones, indica que se dispone tan solo de 22 de ellas para este a\u00f1o. As\u00ed es muy dif\u00edcil avanzar. Por otra parte, el tenis es un deporte para quienes lo practican de manera amateur y profesional, de mucha soledad, hecho que ha cobrado m\u00e1s de una v\u00edctima de depresi\u00f3n y de consumo de sustancias psicoactivas. Pero sin duda que es un excelente deporte, inclusive cuando se canta un punto por un juez, se puede escuchar la palabra en ingl\u00e9s \u201cLove\u201d, porque de verdad hay que tener mucho amor por este deporte para seguir esforz\u00e1ndose pese a las dificultades y m\u00e1s si se es mujer.<\/p>\n","protected":false},"excerpt":{"rendered":"<p>Es la frase que aparece en las paredes del parque Flushing Meadows en New York, y que corresponde a la estadounidense Billie Jean King, una exjugadora de tenis, considerada una de las mejores tenistas y mejores deportistas de toda la historia. Ganadora de 39 t\u00edtulos de Grandes Torneos. En Londres en la final de Wimbledon [&hellip;]<\/p>\n","protected":false},"author":109,"featured_media":58036,"comment_status":"open","ping_status":"open","sticky":false,"template":"","format":"standard","meta":{"footnotes":""},"categories":[3],"tags":[],"class_list":["post-68684","post","type-post","status-publish","format-standard","has-post-thumbnail","hentry","category-opinion"],"yoast_head":"<!-- This site is optimized with the Yoast SEO plugin v27.1.1 - https:\/\/yoast.com\/product\/yoast-seo-wordpress\/ -->\n<title>\u201cLa presi\u00f3n es un privilegio.\u201d | P\u00e1gina10<\/title>\n<meta name=\"robots\" content=\"index, follow, max-snippet:-1, max-image-preview:large, max-video-preview:-1\" \/>\n<link rel=\"canonical\" href=\"https:\/\/pagina10.com\/web\/la-presion-es-un-privilegio\/\" \/>\n<meta property=\"og:locale\" content=\"es_ES\" \/>\n<meta property=\"og:type\" content=\"article\" \/>\n<meta property=\"og:title\" content=\"\u201cLa presi\u00f3n es un privilegio.\u201d | P\u00e1gina10\" \/>\n<meta property=\"og:description\" content=\"Es la frase que aparece en las paredes del parque Flushing Meadows en New York, y que corresponde a la estadounidense Billie Jean King, una exjugadora de tenis, considerada una de las mejores tenistas y mejores deportistas de toda la historia. Ganadora de 39 t\u00edtulos de Grandes Torneos. En Londres en la final de Wimbledon [&hellip;]\" \/>\n<meta property=\"og:url\" content=\"https:\/\/pagina10.com\/web\/la-presion-es-un-privilegio\/\" \/>\n<meta property=\"og:site_name\" content=\"P\u00e1gina10\" \/>\n<meta property=\"article:publisher\" content=\"https:\/\/www.facebook.com\/pag10com\" \/>\n<meta property=\"article:published_time\" content=\"2023-09-11T10:46:21+00:00\" \/>\n<meta property=\"og:image\" content=\"https:\/\/pagina10.com\/web\/wp-content\/uploads\/2022\/02\/WhatsApp-Image-2022-01-26-at-6.26.06-PM.jpeg\" \/>\n\t<meta property=\"og:image:width\" content=\"1280\" \/>\n\t<meta property=\"og:image:height\" content=\"806\" \/>\n\t<meta property=\"og:image:type\" content=\"image\/jpeg\" \/>\n<meta name=\"author\" content=\"Elsy Melo\" \/>\n<meta name=\"twitter:card\" content=\"summary_large_image\" \/>\n<meta name=\"twitter:creator\" content=\"@Pag10com\" \/>\n<meta name=\"twitter:site\" content=\"@Pag10com\" \/>\n<meta name=\"twitter:label1\" content=\"Escrito por\" \/>\n\t<meta name=\"twitter:data1\" content=\"Elsy Melo\" \/>\n\t<meta name=\"twitter:label2\" content=\"Tiempo de lectura\" \/>\n\t<meta name=\"twitter:data2\" content=\"3 minutos\" \/>\n<script type=\"application\/ld+json\" class=\"yoast-schema-graph\">{\"@context\":\"https:\/\/schema.org\",\"@graph\":[{\"@type\":\"Article\",\"@id\":\"https:\/\/pagina10.com\/web\/la-presion-es-un-privilegio\/#article\",\"isPartOf\":{\"@id\":\"https:\/\/pagina10.com\/web\/la-presion-es-un-privilegio\/\"},\"author\":{\"name\":\"Elsy Melo\",\"@id\":\"https:\/\/pagina10.com\/web\/#\/schema\/person\/b228e5607ad14e1d53bc67700df45950\"},\"headline\":\"\u201cLa presi\u00f3n es un privilegio.\u201d\",\"datePublished\":\"2023-09-11T10:46:21+00:00\",\"mainEntityOfPage\":{\"@id\":\"https:\/\/pagina10.com\/web\/la-presion-es-un-privilegio\/\"},\"wordCount\":522,\"commentCount\":0,\"publisher\":{\"@id\":\"https:\/\/pagina10.com\/web\/#organization\"},\"image\":{\"@id\":\"https:\/\/pagina10.com\/web\/la-presion-es-un-privilegio\/#primaryimage\"},\"thumbnailUrl\":\"https:\/\/pagina10.com\/web\/wp-content\/uploads\/2022\/02\/WhatsApp-Image-2022-01-26-at-6.26.06-PM.jpeg\",\"articleSection\":[\"Opini\u00f3n\"],\"inLanguage\":\"es\",\"potentialAction\":[{\"@type\":\"CommentAction\",\"name\":\"Comment\",\"target\":[\"https:\/\/pagina10.com\/web\/la-presion-es-un-privilegio\/#respond\"]}]},{\"@type\":\"WebPage\",\"@id\":\"https:\/\/pagina10.com\/web\/la-presion-es-un-privilegio\/\",\"url\":\"https:\/\/pagina10.com\/web\/la-presion-es-un-privilegio\/\",\"name\":\"\u201cLa presi\u00f3n es un privilegio.\u201d | P\u00e1gina10\",\"isPartOf\":{\"@id\":\"https:\/\/pagina10.com\/web\/#website\"},\"primaryImageOfPage\":{\"@id\":\"https:\/\/pagina10.com\/web\/la-presion-es-un-privilegio\/#primaryimage\"},\"image\":{\"@id\":\"https:\/\/pagina10.com\/web\/la-presion-es-un-privilegio\/#primaryimage\"},\"thumbnailUrl\":\"https:\/\/pagina10.com\/web\/wp-content\/uploads\/2022\/02\/WhatsApp-Image-2022-01-26-at-6.26.06-PM.jpeg\",\"datePublished\":\"2023-09-11T10:46:21+00:00\",\"breadcrumb\":{\"@id\":\"https:\/\/pagina10.com\/web\/la-presion-es-un-privilegio\/#breadcrumb\"},\"inLanguage\":\"es\",\"potentialAction\":[{\"@type\":\"ReadAction\",\"target\":[\"https:\/\/pagina10.com\/web\/la-presion-es-un-privilegio\/\"]}]},{\"@type\":\"ImageObject\",\"inLanguage\":\"es\",\"@id\":\"https:\/\/pagina10.com\/web\/la-presion-es-un-privilegio\/#primaryimage\",\"url\":\"https:\/\/pagina10.com\/web\/wp-content\/uploads\/2022\/02\/WhatsApp-Image-2022-01-26-at-6.26.06-PM.jpeg\",\"contentUrl\":\"https:\/\/pagina10.com\/web\/wp-content\/uploads\/2022\/02\/WhatsApp-Image-2022-01-26-at-6.26.06-PM.jpeg\",\"width\":1280,\"height\":806},{\"@type\":\"BreadcrumbList\",\"@id\":\"https:\/\/pagina10.com\/web\/la-presion-es-un-privilegio\/#breadcrumb\",\"itemListElement\":[{\"@type\":\"ListItem\",\"position\":1,\"name\":\"Portada\",\"item\":\"https:\/\/pagina10.com\/web\/\"},{\"@type\":\"ListItem\",\"position\":2,\"name\":\"\u201cLa presi\u00f3n es un privilegio.\u201d\"}]},{\"@type\":\"WebSite\",\"@id\":\"https:\/\/pagina10.com\/web\/#website\",\"url\":\"https:\/\/pagina10.com\/web\/\",\"name\":\"P\u00e1gina10\",\"description\":\"Peri\u00f3dico Regional\",\"publisher\":{\"@id\":\"https:\/\/pagina10.com\/web\/#organization\"},\"alternateName\":\"P\u00e1gina10 Peri\u00f3dico Regional\",\"potentialAction\":[{\"@type\":\"SearchAction\",\"target\":{\"@type\":\"EntryPoint\",\"urlTemplate\":\"https:\/\/pagina10.com\/web\/?s={search_term_string}\"},\"query-input\":{\"@type\":\"PropertyValueSpecification\",\"valueRequired\":true,\"valueName\":\"search_term_string\"}}],\"inLanguage\":\"es\"},{\"@type\":\"Organization\",\"@id\":\"https:\/\/pagina10.com\/web\/#organization\",\"name\":\"P\u00e1gina10\",\"alternateName\":\"P\u00e1gina10 Peri\u00f3dico Regional\",\"url\":\"https:\/\/pagina10.com\/web\/\",\"logo\":{\"@type\":\"ImageObject\",\"inLanguage\":\"es\",\"@id\":\"https:\/\/pagina10.com\/web\/#\/schema\/logo\/image\/\",\"url\":\"https:\/\/pagina10.com\/web\/wp-content\/uploads\/2024\/01\/40-pagina-10-periodico-regional-pasto.jpg\",\"contentUrl\":\"https:\/\/pagina10.com\/web\/wp-content\/uploads\/2024\/01\/40-pagina-10-periodico-regional-pasto.jpg\",\"width\":1280,\"height\":720,\"caption\":\"P\u00e1gina10\"},\"image\":{\"@id\":\"https:\/\/pagina10.com\/web\/#\/schema\/logo\/image\/\"},\"sameAs\":[\"https:\/\/www.facebook.com\/pag10com\",\"https:\/\/x.com\/Pag10com\",\"https:\/\/www.instagram.com\/pagina10col\/\",\"https:\/\/youtube.com\/channel\/pag10\",\"https:\/\/www.tiktok.com\/@p10col\"]},{\"@type\":\"Person\",\"@id\":\"https:\/\/pagina10.com\/web\/#\/schema\/person\/b228e5607ad14e1d53bc67700df45950\",\"name\":\"Elsy Melo\",\"description\":\"Abogada y especialista en Instituciones Jur\u00eddico Pol\u00edticas y Derecho P\u00fablico, de la Universidad Nacional; Especialista en Gobierno Local de la Universidad de Nari\u00f1o. Auxiliar de Contabilidad y Secretariado, del Colegio Nuestra Se\u00f1ora de F\u00e1tima de Sandon\u00e1 Nari\u00f1o. Trabaj\u00f3 en la Gobernaci\u00f3n de Nari\u00f1o como directora de Gesti\u00f3n del Riesgo de Desastres (DAGRD). Asimismo, en el Fondo Nacional de calamidades, actualmente Fondo Nacional para la gesti\u00f3n del riesgo de desastres y\/o fiduciaria la provisora S.A. como gerente y coordinadora del proceso Galeras (PGIRVN), se desempe\u00f1\u00f3 como representante para Colombia News Beginnings International Christian Society. Fue gerente general en la Empresa Promotora de Salud C\u00f3ndor S.A, Secretaria General en la Alcald\u00eda Municipal de Pasto, subcontralora en la Contralor\u00eda Municipal de Pasto, asesora en la Comisi\u00f3n Seccional del Servicio Civil de Nari\u00f1o en el Departamento Administrativo de la Funci\u00f3n p\u00fablica, Vicepresidente de la Comisi\u00f3n Cuarta, Gobernadora encargada en la Gobernaci\u00f3n de Nari\u00f1o, gerente encargada en la Caja de Previsi\u00f3n social de Nari\u00f1o, asesor jur\u00eddico en la Industria Licorera de Nari\u00f1o, directora jur\u00eddico-administrativa del proyecto de ampliaci\u00f3n y remodelaci\u00f3n de LICONAR, columnista del peri\u00f3dico Diario del Sur en la columna de opini\u00f3n Visi\u00f3n de mujer. Dentro del campo de la pol\u00edtica ha sido Representante a la C\u00e1mara por Nari\u00f1o; Diputada en la Asamblea Departamental de Nari\u00f1o, Diputada Integrante de la Comisi\u00f3n de Presupuesto, Educaci\u00f3n y Salud, concejal en el Municipio de Sandon\u00e1 Nari\u00f1o. Desde el 2020 se viene desempe\u00f1ando como Directora Territorial Nari\u00f1o- Alto Putumayo en la Escuela Superior de Administraci\u00f3n P\u00fablica ESAP Elsy Janeth se ha desempe\u00f1ado en cargos directivos de la administraci\u00f3n p\u00fablica en el nivel municipal, departamental y nacional, ejerciendo siempre las funciones con responsabilidad y compromiso, en observancia de la ley y en beneficio de las comunidades. Cuenta con excelentes habilidades de comunicaci\u00f3n, liderazgo, facilidad de trabajo en equipo, expresi\u00f3n oral y escrita.\",\"url\":\"https:\/\/pagina10.com\/web\/author\/elsymelo\/\"}]}<\/script>\n<!-- \/ Yoast SEO plugin. -->","yoast_head_json":{"title":"\u201cLa presi\u00f3n es un privilegio.\u201d | P\u00e1gina10","robots":{"index":"index","follow":"follow","max-snippet":"max-snippet:-1","max-image-preview":"max-image-preview:large","max-video-preview":"max-video-preview:-1"},"canonical":"https:\/\/pagina10.com\/web\/la-presion-es-un-privilegio\/","og_locale":"es_ES","og_type":"article","og_title":"\u201cLa presi\u00f3n es un privilegio.\u201d | P\u00e1gina10","og_description":"Es la frase que aparece en las paredes del parque Flushing Meadows en New York, y que corresponde a la estadounidense Billie Jean King, una exjugadora de tenis, considerada una de las mejores tenistas y mejores deportistas de toda la historia. Ganadora de 39 t\u00edtulos de Grandes Torneos. En Londres en la final de Wimbledon [&hellip;]","og_url":"https:\/\/pagina10.com\/web\/la-presion-es-un-privilegio\/","og_site_name":"P\u00e1gina10","article_publisher":"https:\/\/www.facebook.com\/pag10com","article_published_time":"2023-09-11T10:46:21+00:00","og_image":[{"width":1280,"height":806,"url":"https:\/\/pagina10.com\/web\/wp-content\/uploads\/2022\/02\/WhatsApp-Image-2022-01-26-at-6.26.06-PM.jpeg","type":"image\/jpeg"}],"author":"Elsy Melo","twitter_card":"summary_large_image","twitter_creator":"@Pag10com","twitter_site":"@Pag10com","twitter_misc":{"Escrito por":"Elsy Melo","Tiempo de lectura":"3 minutos"},"schema":{"@context":"https:\/\/schema.org","@graph":[{"@type":"Article","@id":"https:\/\/pagina10.com\/web\/la-presion-es-un-privilegio\/#article","isPartOf":{"@id":"https:\/\/pagina10.com\/web\/la-presion-es-un-privilegio\/"},"author":{"name":"Elsy Melo","@id":"https:\/\/pagina10.com\/web\/#\/schema\/person\/b228e5607ad14e1d53bc67700df45950"},"headline":"\u201cLa presi\u00f3n es un privilegio.\u201d","datePublished":"2023-09-11T10:46:21+00:00","mainEntityOfPage":{"@id":"https:\/\/pagina10.com\/web\/la-presion-es-un-privilegio\/"},"wordCount":522,"commentCount":0,"publisher":{"@id":"https:\/\/pagina10.com\/web\/#organization"},"image":{"@id":"https:\/\/pagina10.com\/web\/la-presion-es-un-privilegio\/#primaryimage"},"thumbnailUrl":"https:\/\/pagina10.com\/web\/wp-content\/uploads\/2022\/02\/WhatsApp-Image-2022-01-26-at-6.26.06-PM.jpeg","articleSection":["Opini\u00f3n"],"inLanguage":"es","potentialAction":[{"@type":"CommentAction","name":"Comment","target":["https:\/\/pagina10.com\/web\/la-presion-es-un-privilegio\/#respond"]}]},{"@type":"WebPage","@id":"https:\/\/pagina10.com\/web\/la-presion-es-un-privilegio\/","url":"https:\/\/pagina10.com\/web\/la-presion-es-un-privilegio\/","name":"\u201cLa presi\u00f3n es un privilegio.\u201d | P\u00e1gina10","isPartOf":{"@id":"https:\/\/pagina10.com\/web\/#website"},"primaryImageOfPage":{"@id":"https:\/\/pagina10.com\/web\/la-presion-es-un-privilegio\/#primaryimage"},"image":{"@id":"https:\/\/pagina10.com\/web\/la-presion-es-un-privilegio\/#primaryimage"},"thumbnailUrl":"https:\/\/pagina10.com\/web\/wp-content\/uploads\/2022\/02\/WhatsApp-Image-2022-01-26-at-6.26.06-PM.jpeg","datePublished":"2023-09-11T10:46:21+00:00","breadcrumb":{"@id":"https:\/\/pagina10.com\/web\/la-presion-es-un-privilegio\/#breadcrumb"},"inLanguage":"es","potentialAction":[{"@type":"ReadAction","target":["https:\/\/pagina10.com\/web\/la-presion-es-un-privilegio\/"]}]},{"@type":"ImageObject","inLanguage":"es","@id":"https:\/\/pagina10.com\/web\/la-presion-es-un-privilegio\/#primaryimage","url":"https:\/\/pagina10.com\/web\/wp-content\/uploads\/2022\/02\/WhatsApp-Image-2022-01-26-at-6.26.06-PM.jpeg","contentUrl":"https:\/\/pagina10.com\/web\/wp-content\/uploads\/2022\/02\/WhatsApp-Image-2022-01-26-at-6.26.06-PM.jpeg","width":1280,"height":806},{"@type":"BreadcrumbList","@id":"https:\/\/pagina10.com\/web\/la-presion-es-un-privilegio\/#breadcrumb","itemListElement":[{"@type":"ListItem","position":1,"name":"Portada","item":"https:\/\/pagina10.com\/web\/"},{"@type":"ListItem","position":2,"name":"\u201cLa presi\u00f3n es un privilegio.\u201d"}]},{"@type":"WebSite","@id":"https:\/\/pagina10.com\/web\/#website","url":"https:\/\/pagina10.com\/web\/","name":"P\u00e1gina10","description":"Peri\u00f3dico Regional","publisher":{"@id":"https:\/\/pagina10.com\/web\/#organization"},"alternateName":"P\u00e1gina10 Peri\u00f3dico Regional","potentialAction":[{"@type":"SearchAction","target":{"@type":"EntryPoint","urlTemplate":"https:\/\/pagina10.com\/web\/?s={search_term_string}"},"query-input":{"@type":"PropertyValueSpecification","valueRequired":true,"valueName":"search_term_string"}}],"inLanguage":"es"},{"@type":"Organization","@id":"https:\/\/pagina10.com\/web\/#organization","name":"P\u00e1gina10","alternateName":"P\u00e1gina10 Peri\u00f3dico Regional","url":"https:\/\/pagina10.com\/web\/","logo":{"@type":"ImageObject","inLanguage":"es","@id":"https:\/\/pagina10.com\/web\/#\/schema\/logo\/image\/","url":"https:\/\/pagina10.com\/web\/wp-content\/uploads\/2024\/01\/40-pagina-10-periodico-regional-pasto.jpg","contentUrl":"https:\/\/pagina10.com\/web\/wp-content\/uploads\/2024\/01\/40-pagina-10-periodico-regional-pasto.jpg","width":1280,"height":720,"caption":"P\u00e1gina10"},"image":{"@id":"https:\/\/pagina10.com\/web\/#\/schema\/logo\/image\/"},"sameAs":["https:\/\/www.facebook.com\/pag10com","https:\/\/x.com\/Pag10com","https:\/\/www.instagram.com\/pagina10col\/","https:\/\/youtube.com\/channel\/pag10","https:\/\/www.tiktok.com\/@p10col"]},{"@type":"Person","@id":"https:\/\/pagina10.com\/web\/#\/schema\/person\/b228e5607ad14e1d53bc67700df45950","name":"Elsy Melo","description":"Abogada y especialista en Instituciones Jur\u00eddico Pol\u00edticas y Derecho P\u00fablico, de la Universidad Nacional; Especialista en Gobierno Local de la Universidad de Nari\u00f1o. Auxiliar de Contabilidad y Secretariado, del Colegio Nuestra Se\u00f1ora de F\u00e1tima de Sandon\u00e1 Nari\u00f1o. Trabaj\u00f3 en la Gobernaci\u00f3n de Nari\u00f1o como directora de Gesti\u00f3n del Riesgo de Desastres (DAGRD). Asimismo, en el Fondo Nacional de calamidades, actualmente Fondo Nacional para la gesti\u00f3n del riesgo de desastres y\/o fiduciaria la provisora S.A. como gerente y coordinadora del proceso Galeras (PGIRVN), se desempe\u00f1\u00f3 como representante para Colombia News Beginnings International Christian Society. Fue gerente general en la Empresa Promotora de Salud C\u00f3ndor S.A, Secretaria General en la Alcald\u00eda Municipal de Pasto, subcontralora en la Contralor\u00eda Municipal de Pasto, asesora en la Comisi\u00f3n Seccional del Servicio Civil de Nari\u00f1o en el Departamento Administrativo de la Funci\u00f3n p\u00fablica, Vicepresidente de la Comisi\u00f3n Cuarta, Gobernadora encargada en la Gobernaci\u00f3n de Nari\u00f1o, gerente encargada en la Caja de Previsi\u00f3n social de Nari\u00f1o, asesor jur\u00eddico en la Industria Licorera de Nari\u00f1o, directora jur\u00eddico-administrativa del proyecto de ampliaci\u00f3n y remodelaci\u00f3n de LICONAR, columnista del peri\u00f3dico Diario del Sur en la columna de opini\u00f3n Visi\u00f3n de mujer. Dentro del campo de la pol\u00edtica ha sido Representante a la C\u00e1mara por Nari\u00f1o; Diputada en la Asamblea Departamental de Nari\u00f1o, Diputada Integrante de la Comisi\u00f3n de Presupuesto, Educaci\u00f3n y Salud, concejal en el Municipio de Sandon\u00e1 Nari\u00f1o. Desde el 2020 se viene desempe\u00f1ando como Directora Territorial Nari\u00f1o- Alto Putumayo en la Escuela Superior de Administraci\u00f3n P\u00fablica ESAP Elsy Janeth se ha desempe\u00f1ado en cargos directivos de la administraci\u00f3n p\u00fablica en el nivel municipal, departamental y nacional, ejerciendo siempre las funciones con responsabilidad y compromiso, en observancia de la ley y en beneficio de las comunidades. Cuenta con excelentes habilidades de comunicaci\u00f3n, liderazgo, facilidad de trabajo en equipo, expresi\u00f3n oral y escrita.","url":"https:\/\/pagina10.com\/web\/author\/elsymelo\/"}]}},"_links":{"self":[{"href":"https:\/\/pagina10.com\/web\/wp-json\/wp\/v2\/posts\/68684","targetHints":{"allow":["GET"]}}],"collection":[{"href":"https:\/\/pagina10.com\/web\/wp-json\/wp\/v2\/posts"}],"about":[{"href":"https:\/\/pagina10.com\/web\/wp-json\/wp\/v2\/types\/post"}],"author":[{"embeddable":true,"href":"https:\/\/pagina10.com\/web\/wp-json\/wp\/v2\/users\/109"}],"replies":[{"embeddable":true,"href":"https:\/\/pagina10.com\/web\/wp-json\/wp\/v2\/comments?post=68684"}],"version-history":[{"count":1,"href":"https:\/\/pagina10.com\/web\/wp-json\/wp\/v2\/posts\/68684\/revisions"}],"predecessor-version":[{"id":68685,"href":"https:\/\/pagina10.com\/web\/wp-json\/wp\/v2\/posts\/68684\/revisions\/68685"}],"wp:featuredmedia":[{"embeddable":true,"href":"https:\/\/pagina10.com\/web\/wp-json\/wp\/v2\/media\/58036"}],"wp:attachment":[{"href":"https:\/\/pagina10.com\/web\/wp-json\/wp\/v2\/media?parent=68684"}],"wp:term":[{"taxonomy":"category","embeddable":true,"href":"https:\/\/pagina10.com\/web\/wp-json\/wp\/v2\/categories?post=68684"},{"taxonomy":"post_tag","embeddable":true,"href":"https:\/\/pagina10.com\/web\/wp-json\/wp\/v2\/tags?post=68684"}],"curies":[{"name":"wp","href":"https:\/\/api.w.org\/{rel}","templated":true}]}}