{"id":68742,"date":"2023-09-14T13:28:57","date_gmt":"2023-09-14T18:28:57","guid":{"rendered":"https:\/\/pagina10.com\/web\/?p=68742"},"modified":"2023-09-14T18:35:16","modified_gmt":"2023-09-14T23:35:16","slug":"alejandra-apraez-guerrero-es-la-narinense-convocada-por-seleccion-colombia-de-futbol-de-sala-futsal","status":"publish","type":"post","link":"https:\/\/pagina10.com\/web\/alejandra-apraez-guerrero-es-la-narinense-convocada-por-seleccion-colombia-de-futbol-de-sala-futsal\/","title":{"rendered":"Alejandra Apr\u00e1ez Guerrero es la nari\u00f1ense convocada por Selecci\u00f3n Colombia de f\u00fatbol de sala (f\u00fatsal)"},"content":{"rendered":"<p style=\"text-align: justify;\">La talentosa jugadora nari\u00f1ense de 24 a\u00f1os, Alejandra Yaqueline Apr\u00e1ez Guerrero, fue convocada para integrar los planteles principales del f\u00fatsal femenino en Colombia. Apr\u00e1ez firm\u00f3 su vinculaci\u00f3n a la selecci\u00f3n y se present\u00f3 como su nueva integrante, quien debutar\u00e1 junto a 13 jugadoras m\u00e1s, de diferentes lugares del mundo, <strong>quienes representar\u00e1n al pa\u00eds en la CONMEBOL Copa Am\u00e9rica Futsal 2023<\/strong> que se llevar\u00e1 a cabo en Argentina.<\/p>\n<p style=\"text-align: justify;\"><strong>La historia de Alejandra es un ejemplo de perseverancia, dedicaci\u00f3n y pasi\u00f3n por la competencia y su desempe\u00f1o profesional en el f\u00fatbol<\/strong> es evidencia de logros notables y la superaci\u00f3n de innumerables obst\u00e1culos. Su logro actual es un sue\u00f1o cumplido, resultado del esfuerzo y disciplina de todos sus a\u00f1os de entrenamiento y trabajo.<\/p>\n<p style=\"text-align: justify;\">Nacida en el municipio de Los Andes, Nari\u00f1o, <strong>desde muy joven, Alejandra comparti\u00f3 con su madre la pasi\u00f3n por el f\u00fatbol<\/strong>. A pesar de que en ese entonces solo hab\u00eda escuelas de f\u00fatbol para ni\u00f1os, esto no detuvo su determinaci\u00f3n por jugar, y contin\u00fao entrenando junto a ni\u00f1os hasta que, a los 16 a\u00f1os, logr\u00f3 formar parte del equipo profesional de f\u00fatbol de sal\u00f3n de Nari\u00f1o, conocido como \u00c1guilas Nari\u00f1enses, para luego convertirse en miembro de la Selecci\u00f3n Nari\u00f1o, marcando el inicio de su prometedora carrera.<\/p>\n<p style=\"text-align: justify;\">En el a\u00f1o 2016, Apr\u00e1ez decidi\u00f3 integrar el equipo \u2018Atlas CP\u2019 de la ciudad de Cali, que le abri\u00f3 las puertas. Sin embargo, un problema de salud temporal la llev\u00f3 a tomar la dif\u00edcil decisi\u00f3n de retirarse moment\u00e1neamente. No obstante, su pasi\u00f3n por el deporte nunca desapareci\u00f3.<img fetchpriority=\"high\" decoding=\"async\" class=\"aligncenter wp-image-68745\" style=\"text-align: justify;\" src=\"https:\/\/pagina10.com\/web\/wp-content\/uploads\/2023\/09\/dddd-1024x706.jpg\" alt=\"\" width=\"532\" height=\"367\" srcset=\"https:\/\/pagina10.com\/web\/wp-content\/uploads\/2023\/09\/dddd-1024x706.jpg 1024w, https:\/\/pagina10.com\/web\/wp-content\/uploads\/2023\/09\/dddd-300x207.jpg 300w, https:\/\/pagina10.com\/web\/wp-content\/uploads\/2023\/09\/dddd-768x529.jpg 768w, https:\/\/pagina10.com\/web\/wp-content\/uploads\/2023\/09\/dddd-1536x1059.jpg 1536w, https:\/\/pagina10.com\/web\/wp-content\/uploads\/2023\/09\/dddd.jpg 1632w\" sizes=\"(max-width: 532px) 100vw, 532px\" \/><\/p>\n<p style=\"text-align: justify;\">Alejandra Apr\u00e1ez se convirti\u00f3 luego en parte del plantel de \u2018Cali Juniors\u2019, un equipo profesional de f\u00fatbol de sal\u00f3n. En este equipo, obtuvo el segundo puesto en la liga profesional y tuvo la oportunidad de representar a la Selecci\u00f3n Valle sub 19 de f\u00fatbol de sal\u00f3n, logrando una medalla de oro en un torneo Nacional sub 19.<\/p>\n<p style=\"text-align: justify;\">En 2017, hizo su debut como jugadora profesional de f\u00fatbol en la liga femenina con el Atl\u00e9tico FC y en 2019, particip\u00f3 en la Copa Prelibertadores con el Club Independiente Cali, donde lograron el primer puesto y la clasificaci\u00f3n para la Libertadores femenina en Brasil, competencia en la que lograron el segundo puesto, siendo el primer equipo colombiano en lograrlo.<\/p>\n<p style=\"text-align: justify;\">Adem\u00e1s de sus \u00e9xitos en los clubes, <strong>Apr\u00e1ez tambi\u00e9n particip\u00f3 en los Juegos ASCUN universitarios con la Universidad Escuela Nacional del Deporte<\/strong>, donde obtuvo una medalla de oro a nivel nacional. Tambi\u00e9n fue parte del equipo de la Selecci\u00f3n Valle en los Juegos Nacionales Bol\u00edvar 2019, donde lograron medalla de oro.<\/p>\n<div id='gallery-1' class='gallery galleryid-68742 gallery-columns-2 gallery-size-medium'><figure class='gallery-item'>\n\t\t\t<div class='gallery-icon portrait'>\n\t\t\t\t<a href='https:\/\/pagina10.com\/web\/363901328_960902038297514_4050298879606446215_n\/'><img decoding=\"async\" width=\"169\" height=\"300\" src=\"https:\/\/pagina10.com\/web\/wp-content\/uploads\/2023\/09\/363901328_960902038297514_4050298879606446215_n-169x300.jpg\" class=\"attachment-medium size-medium\" alt=\"\" srcset=\"https:\/\/pagina10.com\/web\/wp-content\/uploads\/2023\/09\/363901328_960902038297514_4050298879606446215_n-169x300.jpg 169w, https:\/\/pagina10.com\/web\/wp-content\/uploads\/2023\/09\/363901328_960902038297514_4050298879606446215_n.jpg 480w\" sizes=\"(max-width: 169px) 100vw, 169px\" \/><\/a>\n\t\t\t<\/div><\/figure><figure class='gallery-item'>\n\t\t\t<div class='gallery-icon portrait'>\n\t\t\t\t<a href='https:\/\/pagina10.com\/web\/image1-1\/'><img decoding=\"async\" width=\"237\" height=\"300\" src=\"https:\/\/pagina10.com\/web\/wp-content\/uploads\/2023\/09\/image1-1-237x300.png\" class=\"attachment-medium size-medium\" alt=\"\" srcset=\"https:\/\/pagina10.com\/web\/wp-content\/uploads\/2023\/09\/image1-1-237x300.png 237w, https:\/\/pagina10.com\/web\/wp-content\/uploads\/2023\/09\/image1-1-809x1024.png 809w, https:\/\/pagina10.com\/web\/wp-content\/uploads\/2023\/09\/image1-1-768x972.png 768w, https:\/\/pagina10.com\/web\/wp-content\/uploads\/2023\/09\/image1-1.png 1000w\" sizes=\"(max-width: 237px) 100vw, 237px\" \/><\/a>\n\t\t\t<\/div><\/figure>\n\t\t<\/div>\n\n<p style=\"text-align: justify;\">En 2023, se destac\u00f3 en la Liga Betplay femenina de f\u00fatbol 11, jugando para el Deportes Tolima, en esta oportunidad actu\u00f3 en 17 partidos, marcando 2 goles y siendo reconocida como la Jugadora del Partido en la primera fecha. En julio, particip\u00f3 en la Copa del Mundo de Futsal en Brasil con el Juventas FC, donde nuevamente se destac\u00f3 como Jugadora del Partido y ocuparon el sexto lugar en la general.<\/p>\n<p style=\"text-align: justify;\">Su destacada actuaci\u00f3n en el torneo llam\u00f3 la atenci\u00f3n del Club Nacional de Uruguay, donde actualmente juega y ha acumulado 8 goles en 5 partidos, adem\u00e1s de ser nombrada Jugadora m\u00e1s valiosa en dos ocasiones.<\/p>\n<h4 style=\"text-align: center;\">Su pasi\u00f3n y determinaci\u00f3n son una inspiraci\u00f3n para todos los j\u00f3venes deportistas que aspiran a alcanzar el \u00e9xito en el mundo del deporte. Alejandra Yaqueline Apraez Guerrero es un ejemplo de que con esfuerzo y pasi\u00f3n, se pueden superar cualquier obst\u00e1culo y alcanzar las metas m\u00e1s altas en el deporte.<\/h4>\n","protected":false},"excerpt":{"rendered":"<p>La talentosa jugadora nari\u00f1ense de 24 a\u00f1os, Alejandra Yaqueline Apr\u00e1ez Guerrero, fue convocada para integrar los planteles principales del f\u00fatsal femenino en Colombia. Apr\u00e1ez firm\u00f3 su vinculaci\u00f3n a la selecci\u00f3n y se present\u00f3 como su nueva integrante, quien debutar\u00e1 junto a 13 jugadoras m\u00e1s, de diferentes lugares del mundo, quienes representar\u00e1n al pa\u00eds en la [&hellip;]<\/p>\n","protected":false},"author":1,"featured_media":68730,"comment_status":"open","ping_status":"open","sticky":false,"template":"","format":"standard","meta":{"footnotes":""},"categories":[84],"tags":[],"class_list":["post-68742","post","type-post","status-publish","format-standard","has-post-thumbnail","hentry","category-global-2"],"yoast_head":"<!-- This site is optimized with the Yoast SEO plugin v27.1.1 - https:\/\/yoast.com\/product\/yoast-seo-wordpress\/ -->\n<title>Alejandra Apr\u00e1ez Guerrero es la nari\u00f1ense convocada por Selecci\u00f3n Colombia de f\u00fatbol de sala (f\u00fatsal) | P\u00e1gina10<\/title>\n<meta name=\"robots\" content=\"index, follow, max-snippet:-1, max-image-preview:large, max-video-preview:-1\" \/>\n<link rel=\"canonical\" href=\"https:\/\/pagina10.com\/web\/alejandra-apraez-guerrero-es-la-narinense-convocada-por-seleccion-colombia-de-futbol-de-sala-futsal\/\" \/>\n<meta property=\"og:locale\" content=\"es_ES\" \/>\n<meta property=\"og:type\" content=\"article\" \/>\n<meta property=\"og:title\" content=\"Alejandra Apr\u00e1ez Guerrero es la nari\u00f1ense convocada por Selecci\u00f3n Colombia de f\u00fatbol de sala (f\u00fatsal) | P\u00e1gina10\" \/>\n<meta property=\"og:description\" content=\"La talentosa jugadora nari\u00f1ense de 24 a\u00f1os, Alejandra Yaqueline Apr\u00e1ez Guerrero, fue convocada para integrar los planteles principales del f\u00fatsal femenino en Colombia. Apr\u00e1ez firm\u00f3 su vinculaci\u00f3n a la selecci\u00f3n y se present\u00f3 como su nueva integrante, quien debutar\u00e1 junto a 13 jugadoras m\u00e1s, de diferentes lugares del mundo, quienes representar\u00e1n al pa\u00eds en la [&hellip;]\" \/>\n<meta property=\"og:url\" content=\"https:\/\/pagina10.com\/web\/alejandra-apraez-guerrero-es-la-narinense-convocada-por-seleccion-colombia-de-futbol-de-sala-futsal\/\" \/>\n<meta property=\"og:site_name\" content=\"P\u00e1gina10\" \/>\n<meta property=\"article:publisher\" content=\"https:\/\/www.facebook.com\/pag10com\" \/>\n<meta property=\"article:published_time\" content=\"2023-09-14T18:28:57+00:00\" \/>\n<meta property=\"article:modified_time\" content=\"2023-09-14T23:35:16+00:00\" \/>\n<meta property=\"og:image\" content=\"https:\/\/pagina10.com\/web\/wp-content\/uploads\/2023\/09\/364327941_651351247054051_7974726328107848588_n.jpg\" \/>\n\t<meta property=\"og:image:width\" content=\"1174\" \/>\n\t<meta property=\"og:image:height\" content=\"1030\" \/>\n\t<meta property=\"og:image:type\" content=\"image\/jpeg\" \/>\n<meta name=\"author\" content=\"P\u00e1gina 10\" \/>\n<meta name=\"twitter:card\" content=\"summary_large_image\" \/>\n<meta name=\"twitter:creator\" content=\"@Pag10com\" \/>\n<meta name=\"twitter:site\" content=\"@Pag10com\" \/>\n<meta name=\"twitter:label1\" content=\"Escrito por\" \/>\n\t<meta name=\"twitter:data1\" content=\"P\u00e1gina 10\" \/>\n\t<meta name=\"twitter:label2\" content=\"Tiempo de lectura\" \/>\n\t<meta name=\"twitter:data2\" content=\"3 minutos\" \/>\n<script type=\"application\/ld+json\" class=\"yoast-schema-graph\">{\"@context\":\"https:\/\/schema.org\",\"@graph\":[{\"@type\":\"Article\",\"@id\":\"https:\/\/pagina10.com\/web\/alejandra-apraez-guerrero-es-la-narinense-convocada-por-seleccion-colombia-de-futbol-de-sala-futsal\/#article\",\"isPartOf\":{\"@id\":\"https:\/\/pagina10.com\/web\/alejandra-apraez-guerrero-es-la-narinense-convocada-por-seleccion-colombia-de-futbol-de-sala-futsal\/\"},\"author\":{\"name\":\"P\u00e1gina 10\",\"@id\":\"https:\/\/pagina10.com\/web\/#\/schema\/person\/2efc4a090d25b667d3bc796798a3a81b\"},\"headline\":\"Alejandra Apr\u00e1ez Guerrero es la nari\u00f1ense convocada por Selecci\u00f3n Colombia de f\u00fatbol de sala (f\u00fatsal)\",\"datePublished\":\"2023-09-14T18:28:57+00:00\",\"dateModified\":\"2023-09-14T23:35:16+00:00\",\"mainEntityOfPage\":{\"@id\":\"https:\/\/pagina10.com\/web\/alejandra-apraez-guerrero-es-la-narinense-convocada-por-seleccion-colombia-de-futbol-de-sala-futsal\/\"},\"wordCount\":656,\"commentCount\":0,\"publisher\":{\"@id\":\"https:\/\/pagina10.com\/web\/#organization\"},\"image\":{\"@id\":\"https:\/\/pagina10.com\/web\/alejandra-apraez-guerrero-es-la-narinense-convocada-por-seleccion-colombia-de-futbol-de-sala-futsal\/#primaryimage\"},\"thumbnailUrl\":\"https:\/\/pagina10.com\/web\/wp-content\/uploads\/2023\/09\/364327941_651351247054051_7974726328107848588_n.jpg\",\"articleSection\":[\"Global\"],\"inLanguage\":\"es\",\"potentialAction\":[{\"@type\":\"CommentAction\",\"name\":\"Comment\",\"target\":[\"https:\/\/pagina10.com\/web\/alejandra-apraez-guerrero-es-la-narinense-convocada-por-seleccion-colombia-de-futbol-de-sala-futsal\/#respond\"]}]},{\"@type\":\"WebPage\",\"@id\":\"https:\/\/pagina10.com\/web\/alejandra-apraez-guerrero-es-la-narinense-convocada-por-seleccion-colombia-de-futbol-de-sala-futsal\/\",\"url\":\"https:\/\/pagina10.com\/web\/alejandra-apraez-guerrero-es-la-narinense-convocada-por-seleccion-colombia-de-futbol-de-sala-futsal\/\",\"name\":\"Alejandra Apr\u00e1ez Guerrero es la nari\u00f1ense convocada por Selecci\u00f3n Colombia de f\u00fatbol de sala (f\u00fatsal) | P\u00e1gina10\",\"isPartOf\":{\"@id\":\"https:\/\/pagina10.com\/web\/#website\"},\"primaryImageOfPage\":{\"@id\":\"https:\/\/pagina10.com\/web\/alejandra-apraez-guerrero-es-la-narinense-convocada-por-seleccion-colombia-de-futbol-de-sala-futsal\/#primaryimage\"},\"image\":{\"@id\":\"https:\/\/pagina10.com\/web\/alejandra-apraez-guerrero-es-la-narinense-convocada-por-seleccion-colombia-de-futbol-de-sala-futsal\/#primaryimage\"},\"thumbnailUrl\":\"https:\/\/pagina10.com\/web\/wp-content\/uploads\/2023\/09\/364327941_651351247054051_7974726328107848588_n.jpg\",\"datePublished\":\"2023-09-14T18:28:57+00:00\",\"dateModified\":\"2023-09-14T23:35:16+00:00\",\"breadcrumb\":{\"@id\":\"https:\/\/pagina10.com\/web\/alejandra-apraez-guerrero-es-la-narinense-convocada-por-seleccion-colombia-de-futbol-de-sala-futsal\/#breadcrumb\"},\"inLanguage\":\"es\",\"potentialAction\":[{\"@type\":\"ReadAction\",\"target\":[\"https:\/\/pagina10.com\/web\/alejandra-apraez-guerrero-es-la-narinense-convocada-por-seleccion-colombia-de-futbol-de-sala-futsal\/\"]}]},{\"@type\":\"ImageObject\",\"inLanguage\":\"es\",\"@id\":\"https:\/\/pagina10.com\/web\/alejandra-apraez-guerrero-es-la-narinense-convocada-por-seleccion-colombia-de-futbol-de-sala-futsal\/#primaryimage\",\"url\":\"https:\/\/pagina10.com\/web\/wp-content\/uploads\/2023\/09\/364327941_651351247054051_7974726328107848588_n.jpg\",\"contentUrl\":\"https:\/\/pagina10.com\/web\/wp-content\/uploads\/2023\/09\/364327941_651351247054051_7974726328107848588_n.jpg\",\"width\":1174,\"height\":1030},{\"@type\":\"BreadcrumbList\",\"@id\":\"https:\/\/pagina10.com\/web\/alejandra-apraez-guerrero-es-la-narinense-convocada-por-seleccion-colombia-de-futbol-de-sala-futsal\/#breadcrumb\",\"itemListElement\":[{\"@type\":\"ListItem\",\"position\":1,\"name\":\"Portada\",\"item\":\"https:\/\/pagina10.com\/web\/\"},{\"@type\":\"ListItem\",\"position\":2,\"name\":\"Alejandra Apr\u00e1ez Guerrero es la nari\u00f1ense convocada por Selecci\u00f3n Colombia de f\u00fatbol de sala (f\u00fatsal)\"}]},{\"@type\":\"WebSite\",\"@id\":\"https:\/\/pagina10.com\/web\/#website\",\"url\":\"https:\/\/pagina10.com\/web\/\",\"name\":\"P\u00e1gina10\",\"description\":\"Peri\u00f3dico Regional\",\"publisher\":{\"@id\":\"https:\/\/pagina10.com\/web\/#organization\"},\"alternateName\":\"P\u00e1gina10 Peri\u00f3dico Regional\",\"potentialAction\":[{\"@type\":\"SearchAction\",\"target\":{\"@type\":\"EntryPoint\",\"urlTemplate\":\"https:\/\/pagina10.com\/web\/?s={search_term_string}\"},\"query-input\":{\"@type\":\"PropertyValueSpecification\",\"valueRequired\":true,\"valueName\":\"search_term_string\"}}],\"inLanguage\":\"es\"},{\"@type\":\"Organization\",\"@id\":\"https:\/\/pagina10.com\/web\/#organization\",\"name\":\"P\u00e1gina10\",\"alternateName\":\"P\u00e1gina10 Peri\u00f3dico Regional\",\"url\":\"https:\/\/pagina10.com\/web\/\",\"logo\":{\"@type\":\"ImageObject\",\"inLanguage\":\"es\",\"@id\":\"https:\/\/pagina10.com\/web\/#\/schema\/logo\/image\/\",\"url\":\"https:\/\/pagina10.com\/web\/wp-content\/uploads\/2024\/01\/40-pagina-10-periodico-regional-pasto.jpg\",\"contentUrl\":\"https:\/\/pagina10.com\/web\/wp-content\/uploads\/2024\/01\/40-pagina-10-periodico-regional-pasto.jpg\",\"width\":1280,\"height\":720,\"caption\":\"P\u00e1gina10\"},\"image\":{\"@id\":\"https:\/\/pagina10.com\/web\/#\/schema\/logo\/image\/\"},\"sameAs\":[\"https:\/\/www.facebook.com\/pag10com\",\"https:\/\/x.com\/Pag10com\",\"https:\/\/www.instagram.com\/pagina10col\/\",\"https:\/\/youtube.com\/channel\/pag10\",\"https:\/\/www.tiktok.com\/@p10col\"]},{\"@type\":\"Person\",\"@id\":\"https:\/\/pagina10.com\/web\/#\/schema\/person\/2efc4a090d25b667d3bc796798a3a81b\",\"name\":\"P\u00e1gina 10\",\"description\":\"P\u00e1gina 10 es un peri\u00f3dico regional que nace en Colombia, en el departamento de Nari\u00f1o, con un enfoque global, fundamentado en cuatro pilares esenciales: la libertad, el pluralismo, la inclusi\u00f3n y la independencia. P\u00e1gina 10 hace referencia a Nari\u00f1o como el d\u00e9cimo departamento creado en Colombia, despu\u00e9s de un proceso pol\u00edtico liderado por actores y actrices regionales con el fin de obtener la independencia y autonom\u00eda de nuestros territorios. Con la creaci\u00f3n de P\u00e1gina 10 se pretende abrir un escenario para el dialogo, la reflexi\u00f3n y el debate que se extienda a otras geograf\u00edas de Am\u00e9rica Latina y del planeta, en una apuesta por transformar colectivamente los desaf\u00edos de un mundo contempor\u00e1neo, m\u00e1s all\u00e1 de las fronteras impuestas.\",\"url\":\"https:\/\/pagina10.com\/web\/author\/pdiezadmin\/\"}]}<\/script>\n<!-- \/ Yoast SEO plugin. -->","yoast_head_json":{"title":"Alejandra Apr\u00e1ez Guerrero es la nari\u00f1ense convocada por Selecci\u00f3n Colombia de f\u00fatbol de sala (f\u00fatsal) | P\u00e1gina10","robots":{"index":"index","follow":"follow","max-snippet":"max-snippet:-1","max-image-preview":"max-image-preview:large","max-video-preview":"max-video-preview:-1"},"canonical":"https:\/\/pagina10.com\/web\/alejandra-apraez-guerrero-es-la-narinense-convocada-por-seleccion-colombia-de-futbol-de-sala-futsal\/","og_locale":"es_ES","og_type":"article","og_title":"Alejandra Apr\u00e1ez Guerrero es la nari\u00f1ense convocada por Selecci\u00f3n Colombia de f\u00fatbol de sala (f\u00fatsal) | P\u00e1gina10","og_description":"La talentosa jugadora nari\u00f1ense de 24 a\u00f1os, Alejandra Yaqueline Apr\u00e1ez Guerrero, fue convocada para integrar los planteles principales del f\u00fatsal femenino en Colombia. Apr\u00e1ez firm\u00f3 su vinculaci\u00f3n a la selecci\u00f3n y se present\u00f3 como su nueva integrante, quien debutar\u00e1 junto a 13 jugadoras m\u00e1s, de diferentes lugares del mundo, quienes representar\u00e1n al pa\u00eds en la [&hellip;]","og_url":"https:\/\/pagina10.com\/web\/alejandra-apraez-guerrero-es-la-narinense-convocada-por-seleccion-colombia-de-futbol-de-sala-futsal\/","og_site_name":"P\u00e1gina10","article_publisher":"https:\/\/www.facebook.com\/pag10com","article_published_time":"2023-09-14T18:28:57+00:00","article_modified_time":"2023-09-14T23:35:16+00:00","og_image":[{"width":1174,"height":1030,"url":"https:\/\/pagina10.com\/web\/wp-content\/uploads\/2023\/09\/364327941_651351247054051_7974726328107848588_n.jpg","type":"image\/jpeg"}],"author":"P\u00e1gina 10","twitter_card":"summary_large_image","twitter_creator":"@Pag10com","twitter_site":"@Pag10com","twitter_misc":{"Escrito por":"P\u00e1gina 10","Tiempo de lectura":"3 minutos"},"schema":{"@context":"https:\/\/schema.org","@graph":[{"@type":"Article","@id":"https:\/\/pagina10.com\/web\/alejandra-apraez-guerrero-es-la-narinense-convocada-por-seleccion-colombia-de-futbol-de-sala-futsal\/#article","isPartOf":{"@id":"https:\/\/pagina10.com\/web\/alejandra-apraez-guerrero-es-la-narinense-convocada-por-seleccion-colombia-de-futbol-de-sala-futsal\/"},"author":{"name":"P\u00e1gina 10","@id":"https:\/\/pagina10.com\/web\/#\/schema\/person\/2efc4a090d25b667d3bc796798a3a81b"},"headline":"Alejandra Apr\u00e1ez Guerrero es la nari\u00f1ense convocada por Selecci\u00f3n Colombia de f\u00fatbol de sala (f\u00fatsal)","datePublished":"2023-09-14T18:28:57+00:00","dateModified":"2023-09-14T23:35:16+00:00","mainEntityOfPage":{"@id":"https:\/\/pagina10.com\/web\/alejandra-apraez-guerrero-es-la-narinense-convocada-por-seleccion-colombia-de-futbol-de-sala-futsal\/"},"wordCount":656,"commentCount":0,"publisher":{"@id":"https:\/\/pagina10.com\/web\/#organization"},"image":{"@id":"https:\/\/pagina10.com\/web\/alejandra-apraez-guerrero-es-la-narinense-convocada-por-seleccion-colombia-de-futbol-de-sala-futsal\/#primaryimage"},"thumbnailUrl":"https:\/\/pagina10.com\/web\/wp-content\/uploads\/2023\/09\/364327941_651351247054051_7974726328107848588_n.jpg","articleSection":["Global"],"inLanguage":"es","potentialAction":[{"@type":"CommentAction","name":"Comment","target":["https:\/\/pagina10.com\/web\/alejandra-apraez-guerrero-es-la-narinense-convocada-por-seleccion-colombia-de-futbol-de-sala-futsal\/#respond"]}]},{"@type":"WebPage","@id":"https:\/\/pagina10.com\/web\/alejandra-apraez-guerrero-es-la-narinense-convocada-por-seleccion-colombia-de-futbol-de-sala-futsal\/","url":"https:\/\/pagina10.com\/web\/alejandra-apraez-guerrero-es-la-narinense-convocada-por-seleccion-colombia-de-futbol-de-sala-futsal\/","name":"Alejandra Apr\u00e1ez Guerrero es la nari\u00f1ense convocada por Selecci\u00f3n Colombia de f\u00fatbol de sala (f\u00fatsal) | P\u00e1gina10","isPartOf":{"@id":"https:\/\/pagina10.com\/web\/#website"},"primaryImageOfPage":{"@id":"https:\/\/pagina10.com\/web\/alejandra-apraez-guerrero-es-la-narinense-convocada-por-seleccion-colombia-de-futbol-de-sala-futsal\/#primaryimage"},"image":{"@id":"https:\/\/pagina10.com\/web\/alejandra-apraez-guerrero-es-la-narinense-convocada-por-seleccion-colombia-de-futbol-de-sala-futsal\/#primaryimage"},"thumbnailUrl":"https:\/\/pagina10.com\/web\/wp-content\/uploads\/2023\/09\/364327941_651351247054051_7974726328107848588_n.jpg","datePublished":"2023-09-14T18:28:57+00:00","dateModified":"2023-09-14T23:35:16+00:00","breadcrumb":{"@id":"https:\/\/pagina10.com\/web\/alejandra-apraez-guerrero-es-la-narinense-convocada-por-seleccion-colombia-de-futbol-de-sala-futsal\/#breadcrumb"},"inLanguage":"es","potentialAction":[{"@type":"ReadAction","target":["https:\/\/pagina10.com\/web\/alejandra-apraez-guerrero-es-la-narinense-convocada-por-seleccion-colombia-de-futbol-de-sala-futsal\/"]}]},{"@type":"ImageObject","inLanguage":"es","@id":"https:\/\/pagina10.com\/web\/alejandra-apraez-guerrero-es-la-narinense-convocada-por-seleccion-colombia-de-futbol-de-sala-futsal\/#primaryimage","url":"https:\/\/pagina10.com\/web\/wp-content\/uploads\/2023\/09\/364327941_651351247054051_7974726328107848588_n.jpg","contentUrl":"https:\/\/pagina10.com\/web\/wp-content\/uploads\/2023\/09\/364327941_651351247054051_7974726328107848588_n.jpg","width":1174,"height":1030},{"@type":"BreadcrumbList","@id":"https:\/\/pagina10.com\/web\/alejandra-apraez-guerrero-es-la-narinense-convocada-por-seleccion-colombia-de-futbol-de-sala-futsal\/#breadcrumb","itemListElement":[{"@type":"ListItem","position":1,"name":"Portada","item":"https:\/\/pagina10.com\/web\/"},{"@type":"ListItem","position":2,"name":"Alejandra Apr\u00e1ez Guerrero es la nari\u00f1ense convocada por Selecci\u00f3n Colombia de f\u00fatbol de sala (f\u00fatsal)"}]},{"@type":"WebSite","@id":"https:\/\/pagina10.com\/web\/#website","url":"https:\/\/pagina10.com\/web\/","name":"P\u00e1gina10","description":"Peri\u00f3dico Regional","publisher":{"@id":"https:\/\/pagina10.com\/web\/#organization"},"alternateName":"P\u00e1gina10 Peri\u00f3dico Regional","potentialAction":[{"@type":"SearchAction","target":{"@type":"EntryPoint","urlTemplate":"https:\/\/pagina10.com\/web\/?s={search_term_string}"},"query-input":{"@type":"PropertyValueSpecification","valueRequired":true,"valueName":"search_term_string"}}],"inLanguage":"es"},{"@type":"Organization","@id":"https:\/\/pagina10.com\/web\/#organization","name":"P\u00e1gina10","alternateName":"P\u00e1gina10 Peri\u00f3dico Regional","url":"https:\/\/pagina10.com\/web\/","logo":{"@type":"ImageObject","inLanguage":"es","@id":"https:\/\/pagina10.com\/web\/#\/schema\/logo\/image\/","url":"https:\/\/pagina10.com\/web\/wp-content\/uploads\/2024\/01\/40-pagina-10-periodico-regional-pasto.jpg","contentUrl":"https:\/\/pagina10.com\/web\/wp-content\/uploads\/2024\/01\/40-pagina-10-periodico-regional-pasto.jpg","width":1280,"height":720,"caption":"P\u00e1gina10"},"image":{"@id":"https:\/\/pagina10.com\/web\/#\/schema\/logo\/image\/"},"sameAs":["https:\/\/www.facebook.com\/pag10com","https:\/\/x.com\/Pag10com","https:\/\/www.instagram.com\/pagina10col\/","https:\/\/youtube.com\/channel\/pag10","https:\/\/www.tiktok.com\/@p10col"]},{"@type":"Person","@id":"https:\/\/pagina10.com\/web\/#\/schema\/person\/2efc4a090d25b667d3bc796798a3a81b","name":"P\u00e1gina 10","description":"P\u00e1gina 10 es un peri\u00f3dico regional que nace en Colombia, en el departamento de Nari\u00f1o, con un enfoque global, fundamentado en cuatro pilares esenciales: la libertad, el pluralismo, la inclusi\u00f3n y la independencia. P\u00e1gina 10 hace referencia a Nari\u00f1o como el d\u00e9cimo departamento creado en Colombia, despu\u00e9s de un proceso pol\u00edtico liderado por actores y actrices regionales con el fin de obtener la independencia y autonom\u00eda de nuestros territorios. Con la creaci\u00f3n de P\u00e1gina 10 se pretende abrir un escenario para el dialogo, la reflexi\u00f3n y el debate que se extienda a otras geograf\u00edas de Am\u00e9rica Latina y del planeta, en una apuesta por transformar colectivamente los desaf\u00edos de un mundo contempor\u00e1neo, m\u00e1s all\u00e1 de las fronteras impuestas.","url":"https:\/\/pagina10.com\/web\/author\/pdiezadmin\/"}]}},"_links":{"self":[{"href":"https:\/\/pagina10.com\/web\/wp-json\/wp\/v2\/posts\/68742","targetHints":{"allow":["GET"]}}],"collection":[{"href":"https:\/\/pagina10.com\/web\/wp-json\/wp\/v2\/posts"}],"about":[{"href":"https:\/\/pagina10.com\/web\/wp-json\/wp\/v2\/types\/post"}],"author":[{"embeddable":true,"href":"https:\/\/pagina10.com\/web\/wp-json\/wp\/v2\/users\/1"}],"replies":[{"embeddable":true,"href":"https:\/\/pagina10.com\/web\/wp-json\/wp\/v2\/comments?post=68742"}],"version-history":[{"count":11,"href":"https:\/\/pagina10.com\/web\/wp-json\/wp\/v2\/posts\/68742\/revisions"}],"predecessor-version":[{"id":68754,"href":"https:\/\/pagina10.com\/web\/wp-json\/wp\/v2\/posts\/68742\/revisions\/68754"}],"wp:featuredmedia":[{"embeddable":true,"href":"https:\/\/pagina10.com\/web\/wp-json\/wp\/v2\/media\/68730"}],"wp:attachment":[{"href":"https:\/\/pagina10.com\/web\/wp-json\/wp\/v2\/media?parent=68742"}],"wp:term":[{"taxonomy":"category","embeddable":true,"href":"https:\/\/pagina10.com\/web\/wp-json\/wp\/v2\/categories?post=68742"},{"taxonomy":"post_tag","embeddable":true,"href":"https:\/\/pagina10.com\/web\/wp-json\/wp\/v2\/tags?post=68742"}],"curies":[{"name":"wp","href":"https:\/\/api.w.org\/{rel}","templated":true}]}}