{"id":6879,"date":"2014-02-24T14:52:07","date_gmt":"2014-02-24T14:52:07","guid":{"rendered":"https:\/\/pagina10.com\/web\/se-parte-del-video-clip-we-are-from-pasto\/"},"modified":"2014-02-24T14:52:07","modified_gmt":"2014-02-24T14:52:07","slug":"se-parte-del-video-clip-we-are-from-pasto","status":"publish","type":"post","link":"https:\/\/pagina10.com\/web\/se-parte-del-video-clip-we-are-from-pasto\/","title":{"rendered":"SE PARTE DEL VIDEO CLIP: &#8220;WE ARE FROM PASTO&#8221;"},"content":{"rendered":"<p><img fetchpriority=\"high\" decoding=\"async\" class=\" size-full wp-image-6878\" src=\"https:\/\/pagina10.com\/web\/wp-content\/uploads\/2014\/02\/26639cbd8cbd0c8d0fdeae3f2949a7e1.jpg\" alt=\"\" width=\"1920\" height=\"1080\" srcset=\"https:\/\/pagina10.com\/web\/wp-content\/uploads\/2014\/02\/26639cbd8cbd0c8d0fdeae3f2949a7e1.jpg 1920w, https:\/\/pagina10.com\/web\/wp-content\/uploads\/2014\/02\/26639cbd8cbd0c8d0fdeae3f2949a7e1-300x169.jpg 300w, https:\/\/pagina10.com\/web\/wp-content\/uploads\/2014\/02\/26639cbd8cbd0c8d0fdeae3f2949a7e1-1024x576.jpg 1024w, https:\/\/pagina10.com\/web\/wp-content\/uploads\/2014\/02\/26639cbd8cbd0c8d0fdeae3f2949a7e1-768x432.jpg 768w, https:\/\/pagina10.com\/web\/wp-content\/uploads\/2014\/02\/26639cbd8cbd0c8d0fdeae3f2949a7e1-1536x864.jpg 1536w\" sizes=\"(max-width: 1920px) 100vw, 1920px\" \/><\/p>\n<p style=\"text-align: justify;\">Surfilms &#8211; &nbsp;Incubadora Audiovisual y Movitur Invitan a toda la comunidad Pastusa a participar en el proyecto \u201cWe are from Pasto\u201d el cual pretende resaltar a la ciudad sorpresa mostr\u00e1ndola de una forma moderna acompa\u00f1ada de personas apasionadas, alternativas, descomplicadas y orgullosos&nbsp; de ser nari\u00f1enses, cantando y bailando por la ciudad.<\/p>\n<p>  <!--more-->  <\/p>\n<p style=\"text-align: justify;\">Un video Clip que se suma a la iniciativa en varios pa\u00edses de realizar un Viral de la canci\u00f3n &#8220;Happy&#8221; de Pharrell Williams en donde el cantante camina por varias locaciones.<\/p>\n<p style=\"text-align: justify;\">&nbsp;<\/p>\n<p style=\"text-align: justify;\">Los interesados en formar parte de la grabaci\u00f3n de este video pueden escribir a los correos, anexando nombre, edad, tel\u00e9fono y fotograf\u00eda:<\/p>\n<p style=\"text-align: justify;\">&nbsp;<\/p>\n<p style=\"text-align: justify;\"><a href=\"mailto:films.sur@hotmail.com\">films.sur@hotmail.com<\/a><\/p>\n<p style=\"text-align: justify;\"><a href=\"mailto:zurfilms@gmail.com\">zurfilms@gmail.com<\/a><\/p>\n<p style=\"text-align: justify;\">o en la &nbsp;p\u00e1gina de facebook.com\/films.sur<\/p>\n<p style=\"text-align: justify;\">No se necesita ser bailar\u00edn o cantante lo importante son las ganas de mostrar nuestra ciudad desde una perspectiva diferente pero positiva.<\/p>\n<p style=\"text-align: justify;\">Mira aqu\u00ed lo m\u00e1s Happy de la ciudad de Cali.&nbsp;<\/p>\n<p><iframe width=\"560\" height=\"315\" src=\"\/\/www.youtube.com\/embed\/MqVIaVFHDhM\" frameborder=\"0\" allowfullscreen=\"true\" style=\"display: block; margin-left: auto; margin-right: auto;\"><\/iframe><\/p>\n","protected":false},"excerpt":{"rendered":"<p>Surfilms &#8211; &nbsp;Incubadora Audiovisual y Movitur Invitan a toda la comunidad Pastusa a participar en el proyecto \u201cWe are from Pasto\u201d el cual pretende resaltar a la ciudad sorpresa mostr\u00e1ndola de una forma moderna acompa\u00f1ada de personas apasionadas, alternativas, descomplicadas y orgullosos&nbsp; de ser nari\u00f1enses, cantando y bailando por la ciudad.<\/p>\n","protected":false},"author":29,"featured_media":6878,"comment_status":"open","ping_status":"open","sticky":false,"template":"","format":"standard","meta":{"footnotes":""},"categories":[82],"tags":[],"class_list":["post-6879","post","type-post","status-publish","format-standard","has-post-thumbnail","hentry","category-ciudad-2"],"yoast_head":"<!-- This site is optimized with the Yoast SEO plugin v27.1.1 - https:\/\/yoast.com\/product\/yoast-seo-wordpress\/ -->\n<title>SE PARTE DEL VIDEO CLIP: &quot;WE ARE FROM PASTO&quot; | P\u00e1gina10<\/title>\n<meta name=\"robots\" content=\"index, follow, max-snippet:-1, max-image-preview:large, max-video-preview:-1\" \/>\n<link rel=\"canonical\" href=\"https:\/\/pagina10.com\/web\/se-parte-del-video-clip-we-are-from-pasto\/\" \/>\n<meta property=\"og:locale\" content=\"es_ES\" \/>\n<meta property=\"og:type\" content=\"article\" \/>\n<meta property=\"og:title\" content=\"SE PARTE DEL VIDEO CLIP: &quot;WE ARE FROM PASTO&quot; | P\u00e1gina10\" \/>\n<meta property=\"og:description\" content=\"Surfilms &#8211; &nbsp;Incubadora Audiovisual y Movitur Invitan a toda la comunidad Pastusa a participar en el proyecto \u201cWe are from Pasto\u201d el cual pretende resaltar a la ciudad sorpresa mostr\u00e1ndola de una forma moderna acompa\u00f1ada de personas apasionadas, alternativas, descomplicadas y orgullosos&nbsp; de ser nari\u00f1enses, cantando y bailando por la ciudad.\" \/>\n<meta property=\"og:url\" content=\"https:\/\/pagina10.com\/web\/se-parte-del-video-clip-we-are-from-pasto\/\" \/>\n<meta property=\"og:site_name\" content=\"P\u00e1gina10\" \/>\n<meta property=\"article:publisher\" content=\"https:\/\/www.facebook.com\/pag10com\" \/>\n<meta property=\"article:published_time\" content=\"2014-02-24T14:52:07+00:00\" \/>\n<meta property=\"og:image\" content=\"https:\/\/pagina10.com\/web\/wp-content\/uploads\/2014\/02\/26639cbd8cbd0c8d0fdeae3f2949a7e1.jpg\" \/>\n\t<meta property=\"og:image:width\" content=\"1920\" \/>\n\t<meta property=\"og:image:height\" content=\"1080\" \/>\n\t<meta property=\"og:image:type\" content=\"image\/jpeg\" \/>\n<meta name=\"author\" content=\"P\u00e1gina 10\" \/>\n<meta name=\"twitter:card\" content=\"summary_large_image\" \/>\n<meta name=\"twitter:creator\" content=\"@Pag10com\" \/>\n<meta name=\"twitter:site\" content=\"@Pag10com\" \/>\n<meta name=\"twitter:label1\" content=\"Escrito por\" \/>\n\t<meta name=\"twitter:data1\" content=\"P\u00e1gina 10\" \/>\n\t<meta name=\"twitter:label2\" content=\"Tiempo de lectura\" \/>\n\t<meta name=\"twitter:data2\" content=\"1 minuto\" \/>\n<script type=\"application\/ld+json\" class=\"yoast-schema-graph\">{\"@context\":\"https:\/\/schema.org\",\"@graph\":[{\"@type\":\"Article\",\"@id\":\"https:\/\/pagina10.com\/web\/se-parte-del-video-clip-we-are-from-pasto\/#article\",\"isPartOf\":{\"@id\":\"https:\/\/pagina10.com\/web\/se-parte-del-video-clip-we-are-from-pasto\/\"},\"author\":{\"name\":\"P\u00e1gina 10\",\"@id\":\"https:\/\/pagina10.com\/web\/#\/schema\/person\/a7a5d38f0629dfc107f619fbae4f6cc3\"},\"headline\":\"SE PARTE DEL VIDEO CLIP: &#8220;WE ARE FROM PASTO&#8221;\",\"datePublished\":\"2014-02-24T14:52:07+00:00\",\"mainEntityOfPage\":{\"@id\":\"https:\/\/pagina10.com\/web\/se-parte-del-video-clip-we-are-from-pasto\/\"},\"wordCount\":178,\"commentCount\":0,\"publisher\":{\"@id\":\"https:\/\/pagina10.com\/web\/#organization\"},\"image\":{\"@id\":\"https:\/\/pagina10.com\/web\/se-parte-del-video-clip-we-are-from-pasto\/#primaryimage\"},\"thumbnailUrl\":\"https:\/\/pagina10.com\/web\/wp-content\/uploads\/2014\/02\/26639cbd8cbd0c8d0fdeae3f2949a7e1.jpg\",\"articleSection\":[\"Ciudad\"],\"inLanguage\":\"es\",\"potentialAction\":[{\"@type\":\"CommentAction\",\"name\":\"Comment\",\"target\":[\"https:\/\/pagina10.com\/web\/se-parte-del-video-clip-we-are-from-pasto\/#respond\"]}]},{\"@type\":\"WebPage\",\"@id\":\"https:\/\/pagina10.com\/web\/se-parte-del-video-clip-we-are-from-pasto\/\",\"url\":\"https:\/\/pagina10.com\/web\/se-parte-del-video-clip-we-are-from-pasto\/\",\"name\":\"SE PARTE DEL VIDEO CLIP: \\\"WE ARE FROM PASTO\\\" | P\u00e1gina10\",\"isPartOf\":{\"@id\":\"https:\/\/pagina10.com\/web\/#website\"},\"primaryImageOfPage\":{\"@id\":\"https:\/\/pagina10.com\/web\/se-parte-del-video-clip-we-are-from-pasto\/#primaryimage\"},\"image\":{\"@id\":\"https:\/\/pagina10.com\/web\/se-parte-del-video-clip-we-are-from-pasto\/#primaryimage\"},\"thumbnailUrl\":\"https:\/\/pagina10.com\/web\/wp-content\/uploads\/2014\/02\/26639cbd8cbd0c8d0fdeae3f2949a7e1.jpg\",\"datePublished\":\"2014-02-24T14:52:07+00:00\",\"breadcrumb\":{\"@id\":\"https:\/\/pagina10.com\/web\/se-parte-del-video-clip-we-are-from-pasto\/#breadcrumb\"},\"inLanguage\":\"es\",\"potentialAction\":[{\"@type\":\"ReadAction\",\"target\":[\"https:\/\/pagina10.com\/web\/se-parte-del-video-clip-we-are-from-pasto\/\"]}]},{\"@type\":\"ImageObject\",\"inLanguage\":\"es\",\"@id\":\"https:\/\/pagina10.com\/web\/se-parte-del-video-clip-we-are-from-pasto\/#primaryimage\",\"url\":\"https:\/\/pagina10.com\/web\/wp-content\/uploads\/2014\/02\/26639cbd8cbd0c8d0fdeae3f2949a7e1.jpg\",\"contentUrl\":\"https:\/\/pagina10.com\/web\/wp-content\/uploads\/2014\/02\/26639cbd8cbd0c8d0fdeae3f2949a7e1.jpg\",\"width\":1920,\"height\":1080},{\"@type\":\"BreadcrumbList\",\"@id\":\"https:\/\/pagina10.com\/web\/se-parte-del-video-clip-we-are-from-pasto\/#breadcrumb\",\"itemListElement\":[{\"@type\":\"ListItem\",\"position\":1,\"name\":\"Portada\",\"item\":\"https:\/\/pagina10.com\/web\/\"},{\"@type\":\"ListItem\",\"position\":2,\"name\":\"SE PARTE DEL VIDEO CLIP: &#8220;WE ARE FROM PASTO&#8221;\"}]},{\"@type\":\"WebSite\",\"@id\":\"https:\/\/pagina10.com\/web\/#website\",\"url\":\"https:\/\/pagina10.com\/web\/\",\"name\":\"P\u00e1gina10\",\"description\":\"Peri\u00f3dico Regional\",\"publisher\":{\"@id\":\"https:\/\/pagina10.com\/web\/#organization\"},\"alternateName\":\"P\u00e1gina10 Peri\u00f3dico Regional\",\"potentialAction\":[{\"@type\":\"SearchAction\",\"target\":{\"@type\":\"EntryPoint\",\"urlTemplate\":\"https:\/\/pagina10.com\/web\/?s={search_term_string}\"},\"query-input\":{\"@type\":\"PropertyValueSpecification\",\"valueRequired\":true,\"valueName\":\"search_term_string\"}}],\"inLanguage\":\"es\"},{\"@type\":\"Organization\",\"@id\":\"https:\/\/pagina10.com\/web\/#organization\",\"name\":\"P\u00e1gina10\",\"alternateName\":\"P\u00e1gina10 Peri\u00f3dico Regional\",\"url\":\"https:\/\/pagina10.com\/web\/\",\"logo\":{\"@type\":\"ImageObject\",\"inLanguage\":\"es\",\"@id\":\"https:\/\/pagina10.com\/web\/#\/schema\/logo\/image\/\",\"url\":\"https:\/\/pagina10.com\/web\/wp-content\/uploads\/2024\/01\/40-pagina-10-periodico-regional-pasto.jpg\",\"contentUrl\":\"https:\/\/pagina10.com\/web\/wp-content\/uploads\/2024\/01\/40-pagina-10-periodico-regional-pasto.jpg\",\"width\":1280,\"height\":720,\"caption\":\"P\u00e1gina10\"},\"image\":{\"@id\":\"https:\/\/pagina10.com\/web\/#\/schema\/logo\/image\/\"},\"sameAs\":[\"https:\/\/www.facebook.com\/pag10com\",\"https:\/\/x.com\/Pag10com\",\"https:\/\/www.instagram.com\/pagina10col\/\",\"https:\/\/youtube.com\/channel\/pag10\",\"https:\/\/www.tiktok.com\/@p10col\"]},{\"@type\":\"Person\",\"@id\":\"https:\/\/pagina10.com\/web\/#\/schema\/person\/a7a5d38f0629dfc107f619fbae4f6cc3\",\"name\":\"P\u00e1gina 10\",\"description\":\"P\u00e1gina10.com es un peri\u00f3dico digital que nace en Colombia, en el departamento de Nari\u00f1o, con un enfoque global, fundamentado en cuatro pilares esenciales: la libertad, el pluralismo, la inclusi\u00f3n y la independencia. P\u00e1gina10.com hace referencia a Nari\u00f1o como el d\u00e9cimo departamento creado en Colombia, despu\u00e9s de un proceso pol\u00edtico liderado por actores y actrices regionales con el fin de obtener la independencia y autonom\u00eda de nuestros territorios. Con la creaci\u00f3n de P\u00e1gina10.com se pretende abrir un escenario para el dialogo, la reflexi\u00f3n y el debate que se extienda a otras geograf\u00edas de Am\u00e9rica Latina y del planeta, en una apuesta por transformar colectivamente los desaf\u00edos de un mundo contempor\u00e1neo, m\u00e1s all\u00e1 de las fronteras impuestas.\",\"url\":\"https:\/\/pagina10.com\/web\/author\/mcepeda\/\"}]}<\/script>\n<!-- \/ Yoast SEO plugin. -->","yoast_head_json":{"title":"SE PARTE DEL VIDEO CLIP: \"WE ARE FROM PASTO\" | P\u00e1gina10","robots":{"index":"index","follow":"follow","max-snippet":"max-snippet:-1","max-image-preview":"max-image-preview:large","max-video-preview":"max-video-preview:-1"},"canonical":"https:\/\/pagina10.com\/web\/se-parte-del-video-clip-we-are-from-pasto\/","og_locale":"es_ES","og_type":"article","og_title":"SE PARTE DEL VIDEO CLIP: \"WE ARE FROM PASTO\" | P\u00e1gina10","og_description":"Surfilms &#8211; &nbsp;Incubadora Audiovisual y Movitur Invitan a toda la comunidad Pastusa a participar en el proyecto \u201cWe are from Pasto\u201d el cual pretende resaltar a la ciudad sorpresa mostr\u00e1ndola de una forma moderna acompa\u00f1ada de personas apasionadas, alternativas, descomplicadas y orgullosos&nbsp; de ser nari\u00f1enses, cantando y bailando por la ciudad.","og_url":"https:\/\/pagina10.com\/web\/se-parte-del-video-clip-we-are-from-pasto\/","og_site_name":"P\u00e1gina10","article_publisher":"https:\/\/www.facebook.com\/pag10com","article_published_time":"2014-02-24T14:52:07+00:00","og_image":[{"width":1920,"height":1080,"url":"https:\/\/pagina10.com\/web\/wp-content\/uploads\/2014\/02\/26639cbd8cbd0c8d0fdeae3f2949a7e1.jpg","type":"image\/jpeg"}],"author":"P\u00e1gina 10","twitter_card":"summary_large_image","twitter_creator":"@Pag10com","twitter_site":"@Pag10com","twitter_misc":{"Escrito por":"P\u00e1gina 10","Tiempo de lectura":"1 minuto"},"schema":{"@context":"https:\/\/schema.org","@graph":[{"@type":"Article","@id":"https:\/\/pagina10.com\/web\/se-parte-del-video-clip-we-are-from-pasto\/#article","isPartOf":{"@id":"https:\/\/pagina10.com\/web\/se-parte-del-video-clip-we-are-from-pasto\/"},"author":{"name":"P\u00e1gina 10","@id":"https:\/\/pagina10.com\/web\/#\/schema\/person\/a7a5d38f0629dfc107f619fbae4f6cc3"},"headline":"SE PARTE DEL VIDEO CLIP: &#8220;WE ARE FROM PASTO&#8221;","datePublished":"2014-02-24T14:52:07+00:00","mainEntityOfPage":{"@id":"https:\/\/pagina10.com\/web\/se-parte-del-video-clip-we-are-from-pasto\/"},"wordCount":178,"commentCount":0,"publisher":{"@id":"https:\/\/pagina10.com\/web\/#organization"},"image":{"@id":"https:\/\/pagina10.com\/web\/se-parte-del-video-clip-we-are-from-pasto\/#primaryimage"},"thumbnailUrl":"https:\/\/pagina10.com\/web\/wp-content\/uploads\/2014\/02\/26639cbd8cbd0c8d0fdeae3f2949a7e1.jpg","articleSection":["Ciudad"],"inLanguage":"es","potentialAction":[{"@type":"CommentAction","name":"Comment","target":["https:\/\/pagina10.com\/web\/se-parte-del-video-clip-we-are-from-pasto\/#respond"]}]},{"@type":"WebPage","@id":"https:\/\/pagina10.com\/web\/se-parte-del-video-clip-we-are-from-pasto\/","url":"https:\/\/pagina10.com\/web\/se-parte-del-video-clip-we-are-from-pasto\/","name":"SE PARTE DEL VIDEO CLIP: \"WE ARE FROM PASTO\" | P\u00e1gina10","isPartOf":{"@id":"https:\/\/pagina10.com\/web\/#website"},"primaryImageOfPage":{"@id":"https:\/\/pagina10.com\/web\/se-parte-del-video-clip-we-are-from-pasto\/#primaryimage"},"image":{"@id":"https:\/\/pagina10.com\/web\/se-parte-del-video-clip-we-are-from-pasto\/#primaryimage"},"thumbnailUrl":"https:\/\/pagina10.com\/web\/wp-content\/uploads\/2014\/02\/26639cbd8cbd0c8d0fdeae3f2949a7e1.jpg","datePublished":"2014-02-24T14:52:07+00:00","breadcrumb":{"@id":"https:\/\/pagina10.com\/web\/se-parte-del-video-clip-we-are-from-pasto\/#breadcrumb"},"inLanguage":"es","potentialAction":[{"@type":"ReadAction","target":["https:\/\/pagina10.com\/web\/se-parte-del-video-clip-we-are-from-pasto\/"]}]},{"@type":"ImageObject","inLanguage":"es","@id":"https:\/\/pagina10.com\/web\/se-parte-del-video-clip-we-are-from-pasto\/#primaryimage","url":"https:\/\/pagina10.com\/web\/wp-content\/uploads\/2014\/02\/26639cbd8cbd0c8d0fdeae3f2949a7e1.jpg","contentUrl":"https:\/\/pagina10.com\/web\/wp-content\/uploads\/2014\/02\/26639cbd8cbd0c8d0fdeae3f2949a7e1.jpg","width":1920,"height":1080},{"@type":"BreadcrumbList","@id":"https:\/\/pagina10.com\/web\/se-parte-del-video-clip-we-are-from-pasto\/#breadcrumb","itemListElement":[{"@type":"ListItem","position":1,"name":"Portada","item":"https:\/\/pagina10.com\/web\/"},{"@type":"ListItem","position":2,"name":"SE PARTE DEL VIDEO CLIP: &#8220;WE ARE FROM PASTO&#8221;"}]},{"@type":"WebSite","@id":"https:\/\/pagina10.com\/web\/#website","url":"https:\/\/pagina10.com\/web\/","name":"P\u00e1gina10","description":"Peri\u00f3dico Regional","publisher":{"@id":"https:\/\/pagina10.com\/web\/#organization"},"alternateName":"P\u00e1gina10 Peri\u00f3dico Regional","potentialAction":[{"@type":"SearchAction","target":{"@type":"EntryPoint","urlTemplate":"https:\/\/pagina10.com\/web\/?s={search_term_string}"},"query-input":{"@type":"PropertyValueSpecification","valueRequired":true,"valueName":"search_term_string"}}],"inLanguage":"es"},{"@type":"Organization","@id":"https:\/\/pagina10.com\/web\/#organization","name":"P\u00e1gina10","alternateName":"P\u00e1gina10 Peri\u00f3dico Regional","url":"https:\/\/pagina10.com\/web\/","logo":{"@type":"ImageObject","inLanguage":"es","@id":"https:\/\/pagina10.com\/web\/#\/schema\/logo\/image\/","url":"https:\/\/pagina10.com\/web\/wp-content\/uploads\/2024\/01\/40-pagina-10-periodico-regional-pasto.jpg","contentUrl":"https:\/\/pagina10.com\/web\/wp-content\/uploads\/2024\/01\/40-pagina-10-periodico-regional-pasto.jpg","width":1280,"height":720,"caption":"P\u00e1gina10"},"image":{"@id":"https:\/\/pagina10.com\/web\/#\/schema\/logo\/image\/"},"sameAs":["https:\/\/www.facebook.com\/pag10com","https:\/\/x.com\/Pag10com","https:\/\/www.instagram.com\/pagina10col\/","https:\/\/youtube.com\/channel\/pag10","https:\/\/www.tiktok.com\/@p10col"]},{"@type":"Person","@id":"https:\/\/pagina10.com\/web\/#\/schema\/person\/a7a5d38f0629dfc107f619fbae4f6cc3","name":"P\u00e1gina 10","description":"P\u00e1gina10.com es un peri\u00f3dico digital que nace en Colombia, en el departamento de Nari\u00f1o, con un enfoque global, fundamentado en cuatro pilares esenciales: la libertad, el pluralismo, la inclusi\u00f3n y la independencia. P\u00e1gina10.com hace referencia a Nari\u00f1o como el d\u00e9cimo departamento creado en Colombia, despu\u00e9s de un proceso pol\u00edtico liderado por actores y actrices regionales con el fin de obtener la independencia y autonom\u00eda de nuestros territorios. Con la creaci\u00f3n de P\u00e1gina10.com se pretende abrir un escenario para el dialogo, la reflexi\u00f3n y el debate que se extienda a otras geograf\u00edas de Am\u00e9rica Latina y del planeta, en una apuesta por transformar colectivamente los desaf\u00edos de un mundo contempor\u00e1neo, m\u00e1s all\u00e1 de las fronteras impuestas.","url":"https:\/\/pagina10.com\/web\/author\/mcepeda\/"}]}},"_links":{"self":[{"href":"https:\/\/pagina10.com\/web\/wp-json\/wp\/v2\/posts\/6879","targetHints":{"allow":["GET"]}}],"collection":[{"href":"https:\/\/pagina10.com\/web\/wp-json\/wp\/v2\/posts"}],"about":[{"href":"https:\/\/pagina10.com\/web\/wp-json\/wp\/v2\/types\/post"}],"author":[{"embeddable":true,"href":"https:\/\/pagina10.com\/web\/wp-json\/wp\/v2\/users\/29"}],"replies":[{"embeddable":true,"href":"https:\/\/pagina10.com\/web\/wp-json\/wp\/v2\/comments?post=6879"}],"version-history":[{"count":0,"href":"https:\/\/pagina10.com\/web\/wp-json\/wp\/v2\/posts\/6879\/revisions"}],"wp:featuredmedia":[{"embeddable":true,"href":"https:\/\/pagina10.com\/web\/wp-json\/wp\/v2\/media\/6878"}],"wp:attachment":[{"href":"https:\/\/pagina10.com\/web\/wp-json\/wp\/v2\/media?parent=6879"}],"wp:term":[{"taxonomy":"category","embeddable":true,"href":"https:\/\/pagina10.com\/web\/wp-json\/wp\/v2\/categories?post=6879"},{"taxonomy":"post_tag","embeddable":true,"href":"https:\/\/pagina10.com\/web\/wp-json\/wp\/v2\/tags?post=6879"}],"curies":[{"name":"wp","href":"https:\/\/api.w.org\/{rel}","templated":true}]}}