{"id":68798,"date":"2023-09-16T15:39:18","date_gmt":"2023-09-16T20:39:18","guid":{"rendered":"https:\/\/pagina10.com\/web\/?p=68798"},"modified":"2023-09-16T15:42:46","modified_gmt":"2023-09-16T20:42:46","slug":"varios-candidatos-en-municipios-de-narino-tendrian-nexos-con-grupos-armados-ilegales","status":"publish","type":"post","link":"https:\/\/pagina10.com\/web\/varios-candidatos-en-municipios-de-narino-tendrian-nexos-con-grupos-armados-ilegales\/","title":{"rendered":"Varios candidatos en municipios de Nari\u00f1o tendr\u00edan nexos con grupos armados ilegales"},"content":{"rendered":"<p style=\"text-align: justify;\">El Registrador Nacional, Alexander Vega, inform\u00f3 ante medios de comunicaci\u00f3n la presunta existencia de 11 candidatos de elecciones regionales, quienes podr\u00edan tener v\u00ednculos grupos armados ilegales. Vega asegur\u00f3 que en los departamentos de Nari\u00f1o, Sucre y Cauca ya tendr\u00edan identificados los candidatos.<\/p>\n<p style=\"text-align: justify;\">El Registrador expres\u00f3 su preocupaci\u00f3n, se\u00f1alando que existen casos en investigaci\u00f3n en el departamento de Nari\u00f1o, espec\u00edficamente en los municipios de Barbacoas y Ricaurte, donde pertenecer\u00edan dos de los candidatos de la lista. Adem\u00e1s, se mencion\u00f3 el caso de Rosas en Cauca y siete candidatos para la alcald\u00eda de Sucre.<\/p>\n<p style=\"text-align: justify;\">Los candidatos investigados podr\u00edan tener alianzas con el ELN y las FARC, y podr\u00edan estar ejerciendo presi\u00f3n en la comunidad para votar el pr\u00f3ximo 29 de octubre, as\u00ed lo explic\u00f3 Vega: \u201ccandidatos que posiblemente tienen alianzas con el ELN y con las FARC, tienen injerencia directa sobre el electorado y los est\u00e1n llamando para decir: hay que votar por esta persona.\u201d<\/p>\n<p style=\"text-align: justify;\">El Registrador Nacional ha dejado claro que se est\u00e1n tomando medidas rigurosas para investigar estos posibles v\u00ednculos con grupos ilegales y garantizar la integridad del proceso electoral. La preocupaci\u00f3n radica en la importancia de mantener la transparencia y la legitimidad en el sistema democr\u00e1tico.<\/p>\n","protected":false},"excerpt":{"rendered":"<p>El Registrador Nacional, Alexander Vega, inform\u00f3 ante medios de comunicaci\u00f3n la presunta existencia de 11 candidatos de elecciones regionales, quienes podr\u00edan tener v\u00ednculos grupos armados ilegales. Vega asegur\u00f3 que en los departamentos de Nari\u00f1o, Sucre y Cauca ya tendr\u00edan identificados los candidatos. El Registrador expres\u00f3 su preocupaci\u00f3n, se\u00f1alando que existen casos en investigaci\u00f3n en el [&hellip;]<\/p>\n","protected":false},"author":1,"featured_media":68805,"comment_status":"open","ping_status":"open","sticky":false,"template":"","format":"standard","meta":{"footnotes":""},"categories":[1528],"tags":[],"class_list":["post-68798","post","type-post","status-publish","format-standard","has-post-thumbnail","hentry","category-titulares"],"yoast_head":"<!-- This site is optimized with the Yoast SEO plugin v27.1.1 - https:\/\/yoast.com\/product\/yoast-seo-wordpress\/ -->\n<title>Varios candidatos en municipios de Nari\u00f1o tendr\u00edan nexos con grupos armados ilegales | P\u00e1gina10<\/title>\n<meta name=\"robots\" content=\"index, follow, max-snippet:-1, max-image-preview:large, max-video-preview:-1\" \/>\n<link rel=\"canonical\" href=\"https:\/\/pagina10.com\/web\/varios-candidatos-en-municipios-de-narino-tendrian-nexos-con-grupos-armados-ilegales\/\" \/>\n<meta property=\"og:locale\" content=\"es_ES\" \/>\n<meta property=\"og:type\" content=\"article\" \/>\n<meta property=\"og:title\" content=\"Varios candidatos en municipios de Nari\u00f1o tendr\u00edan nexos con grupos armados ilegales | P\u00e1gina10\" \/>\n<meta property=\"og:description\" content=\"El Registrador Nacional, Alexander Vega, inform\u00f3 ante medios de comunicaci\u00f3n la presunta existencia de 11 candidatos de elecciones regionales, quienes podr\u00edan tener v\u00ednculos grupos armados ilegales. Vega asegur\u00f3 que en los departamentos de Nari\u00f1o, Sucre y Cauca ya tendr\u00edan identificados los candidatos. El Registrador expres\u00f3 su preocupaci\u00f3n, se\u00f1alando que existen casos en investigaci\u00f3n en el [&hellip;]\" \/>\n<meta property=\"og:url\" content=\"https:\/\/pagina10.com\/web\/varios-candidatos-en-municipios-de-narino-tendrian-nexos-con-grupos-armados-ilegales\/\" \/>\n<meta property=\"og:site_name\" content=\"P\u00e1gina10\" \/>\n<meta property=\"article:publisher\" content=\"https:\/\/www.facebook.com\/pag10com\" \/>\n<meta property=\"article:published_time\" content=\"2023-09-16T20:39:18+00:00\" \/>\n<meta property=\"article:modified_time\" content=\"2023-09-16T20:42:46+00:00\" \/>\n<meta property=\"og:image\" content=\"https:\/\/pagina10.com\/web\/wp-content\/uploads\/2023\/09\/4UUOFUQZDRH5VA6CAX4UU7DSRA-scaled.jpeg\" \/>\n\t<meta property=\"og:image:width\" content=\"2560\" \/>\n\t<meta property=\"og:image:height\" content=\"1707\" \/>\n\t<meta property=\"og:image:type\" content=\"image\/jpeg\" \/>\n<meta name=\"author\" content=\"P\u00e1gina 10\" \/>\n<meta name=\"twitter:card\" content=\"summary_large_image\" \/>\n<meta name=\"twitter:creator\" content=\"@Pag10com\" \/>\n<meta name=\"twitter:site\" content=\"@Pag10com\" \/>\n<meta name=\"twitter:label1\" content=\"Escrito por\" \/>\n\t<meta name=\"twitter:data1\" content=\"P\u00e1gina 10\" \/>\n\t<meta name=\"twitter:label2\" content=\"Tiempo de lectura\" \/>\n\t<meta name=\"twitter:data2\" content=\"1 minuto\" \/>\n<script type=\"application\/ld+json\" class=\"yoast-schema-graph\">{\"@context\":\"https:\/\/schema.org\",\"@graph\":[{\"@type\":\"Article\",\"@id\":\"https:\/\/pagina10.com\/web\/varios-candidatos-en-municipios-de-narino-tendrian-nexos-con-grupos-armados-ilegales\/#article\",\"isPartOf\":{\"@id\":\"https:\/\/pagina10.com\/web\/varios-candidatos-en-municipios-de-narino-tendrian-nexos-con-grupos-armados-ilegales\/\"},\"author\":{\"name\":\"P\u00e1gina 10\",\"@id\":\"https:\/\/pagina10.com\/web\/#\/schema\/person\/2efc4a090d25b667d3bc796798a3a81b\"},\"headline\":\"Varios candidatos en municipios de Nari\u00f1o tendr\u00edan nexos con grupos armados ilegales\",\"datePublished\":\"2023-09-16T20:39:18+00:00\",\"dateModified\":\"2023-09-16T20:42:46+00:00\",\"mainEntityOfPage\":{\"@id\":\"https:\/\/pagina10.com\/web\/varios-candidatos-en-municipios-de-narino-tendrian-nexos-con-grupos-armados-ilegales\/\"},\"wordCount\":231,\"commentCount\":0,\"publisher\":{\"@id\":\"https:\/\/pagina10.com\/web\/#organization\"},\"image\":{\"@id\":\"https:\/\/pagina10.com\/web\/varios-candidatos-en-municipios-de-narino-tendrian-nexos-con-grupos-armados-ilegales\/#primaryimage\"},\"thumbnailUrl\":\"https:\/\/pagina10.com\/web\/wp-content\/uploads\/2023\/09\/4UUOFUQZDRH5VA6CAX4UU7DSRA-scaled.jpeg\",\"articleSection\":[\"Titulares\"],\"inLanguage\":\"es\",\"potentialAction\":[{\"@type\":\"CommentAction\",\"name\":\"Comment\",\"target\":[\"https:\/\/pagina10.com\/web\/varios-candidatos-en-municipios-de-narino-tendrian-nexos-con-grupos-armados-ilegales\/#respond\"]}]},{\"@type\":\"WebPage\",\"@id\":\"https:\/\/pagina10.com\/web\/varios-candidatos-en-municipios-de-narino-tendrian-nexos-con-grupos-armados-ilegales\/\",\"url\":\"https:\/\/pagina10.com\/web\/varios-candidatos-en-municipios-de-narino-tendrian-nexos-con-grupos-armados-ilegales\/\",\"name\":\"Varios candidatos en municipios de Nari\u00f1o tendr\u00edan nexos con grupos armados ilegales | P\u00e1gina10\",\"isPartOf\":{\"@id\":\"https:\/\/pagina10.com\/web\/#website\"},\"primaryImageOfPage\":{\"@id\":\"https:\/\/pagina10.com\/web\/varios-candidatos-en-municipios-de-narino-tendrian-nexos-con-grupos-armados-ilegales\/#primaryimage\"},\"image\":{\"@id\":\"https:\/\/pagina10.com\/web\/varios-candidatos-en-municipios-de-narino-tendrian-nexos-con-grupos-armados-ilegales\/#primaryimage\"},\"thumbnailUrl\":\"https:\/\/pagina10.com\/web\/wp-content\/uploads\/2023\/09\/4UUOFUQZDRH5VA6CAX4UU7DSRA-scaled.jpeg\",\"datePublished\":\"2023-09-16T20:39:18+00:00\",\"dateModified\":\"2023-09-16T20:42:46+00:00\",\"breadcrumb\":{\"@id\":\"https:\/\/pagina10.com\/web\/varios-candidatos-en-municipios-de-narino-tendrian-nexos-con-grupos-armados-ilegales\/#breadcrumb\"},\"inLanguage\":\"es\",\"potentialAction\":[{\"@type\":\"ReadAction\",\"target\":[\"https:\/\/pagina10.com\/web\/varios-candidatos-en-municipios-de-narino-tendrian-nexos-con-grupos-armados-ilegales\/\"]}]},{\"@type\":\"ImageObject\",\"inLanguage\":\"es\",\"@id\":\"https:\/\/pagina10.com\/web\/varios-candidatos-en-municipios-de-narino-tendrian-nexos-con-grupos-armados-ilegales\/#primaryimage\",\"url\":\"https:\/\/pagina10.com\/web\/wp-content\/uploads\/2023\/09\/4UUOFUQZDRH5VA6CAX4UU7DSRA-scaled.jpeg\",\"contentUrl\":\"https:\/\/pagina10.com\/web\/wp-content\/uploads\/2023\/09\/4UUOFUQZDRH5VA6CAX4UU7DSRA-scaled.jpeg\",\"width\":2560,\"height\":1707},{\"@type\":\"BreadcrumbList\",\"@id\":\"https:\/\/pagina10.com\/web\/varios-candidatos-en-municipios-de-narino-tendrian-nexos-con-grupos-armados-ilegales\/#breadcrumb\",\"itemListElement\":[{\"@type\":\"ListItem\",\"position\":1,\"name\":\"Portada\",\"item\":\"https:\/\/pagina10.com\/web\/\"},{\"@type\":\"ListItem\",\"position\":2,\"name\":\"Varios candidatos en municipios de Nari\u00f1o tendr\u00edan nexos con grupos armados ilegales\"}]},{\"@type\":\"WebSite\",\"@id\":\"https:\/\/pagina10.com\/web\/#website\",\"url\":\"https:\/\/pagina10.com\/web\/\",\"name\":\"P\u00e1gina10\",\"description\":\"Peri\u00f3dico Regional\",\"publisher\":{\"@id\":\"https:\/\/pagina10.com\/web\/#organization\"},\"alternateName\":\"P\u00e1gina10 Peri\u00f3dico Regional\",\"potentialAction\":[{\"@type\":\"SearchAction\",\"target\":{\"@type\":\"EntryPoint\",\"urlTemplate\":\"https:\/\/pagina10.com\/web\/?s={search_term_string}\"},\"query-input\":{\"@type\":\"PropertyValueSpecification\",\"valueRequired\":true,\"valueName\":\"search_term_string\"}}],\"inLanguage\":\"es\"},{\"@type\":\"Organization\",\"@id\":\"https:\/\/pagina10.com\/web\/#organization\",\"name\":\"P\u00e1gina10\",\"alternateName\":\"P\u00e1gina10 Peri\u00f3dico Regional\",\"url\":\"https:\/\/pagina10.com\/web\/\",\"logo\":{\"@type\":\"ImageObject\",\"inLanguage\":\"es\",\"@id\":\"https:\/\/pagina10.com\/web\/#\/schema\/logo\/image\/\",\"url\":\"https:\/\/pagina10.com\/web\/wp-content\/uploads\/2024\/01\/40-pagina-10-periodico-regional-pasto.jpg\",\"contentUrl\":\"https:\/\/pagina10.com\/web\/wp-content\/uploads\/2024\/01\/40-pagina-10-periodico-regional-pasto.jpg\",\"width\":1280,\"height\":720,\"caption\":\"P\u00e1gina10\"},\"image\":{\"@id\":\"https:\/\/pagina10.com\/web\/#\/schema\/logo\/image\/\"},\"sameAs\":[\"https:\/\/www.facebook.com\/pag10com\",\"https:\/\/x.com\/Pag10com\",\"https:\/\/www.instagram.com\/pagina10col\/\",\"https:\/\/youtube.com\/channel\/pag10\",\"https:\/\/www.tiktok.com\/@p10col\"]},{\"@type\":\"Person\",\"@id\":\"https:\/\/pagina10.com\/web\/#\/schema\/person\/2efc4a090d25b667d3bc796798a3a81b\",\"name\":\"P\u00e1gina 10\",\"description\":\"P\u00e1gina 10 es un peri\u00f3dico regional que nace en Colombia, en el departamento de Nari\u00f1o, con un enfoque global, fundamentado en cuatro pilares esenciales: la libertad, el pluralismo, la inclusi\u00f3n y la independencia. P\u00e1gina 10 hace referencia a Nari\u00f1o como el d\u00e9cimo departamento creado en Colombia, despu\u00e9s de un proceso pol\u00edtico liderado por actores y actrices regionales con el fin de obtener la independencia y autonom\u00eda de nuestros territorios. Con la creaci\u00f3n de P\u00e1gina 10 se pretende abrir un escenario para el dialogo, la reflexi\u00f3n y el debate que se extienda a otras geograf\u00edas de Am\u00e9rica Latina y del planeta, en una apuesta por transformar colectivamente los desaf\u00edos de un mundo contempor\u00e1neo, m\u00e1s all\u00e1 de las fronteras impuestas.\",\"url\":\"https:\/\/pagina10.com\/web\/author\/pdiezadmin\/\"}]}<\/script>\n<!-- \/ Yoast SEO plugin. -->","yoast_head_json":{"title":"Varios candidatos en municipios de Nari\u00f1o tendr\u00edan nexos con grupos armados ilegales | P\u00e1gina10","robots":{"index":"index","follow":"follow","max-snippet":"max-snippet:-1","max-image-preview":"max-image-preview:large","max-video-preview":"max-video-preview:-1"},"canonical":"https:\/\/pagina10.com\/web\/varios-candidatos-en-municipios-de-narino-tendrian-nexos-con-grupos-armados-ilegales\/","og_locale":"es_ES","og_type":"article","og_title":"Varios candidatos en municipios de Nari\u00f1o tendr\u00edan nexos con grupos armados ilegales | P\u00e1gina10","og_description":"El Registrador Nacional, Alexander Vega, inform\u00f3 ante medios de comunicaci\u00f3n la presunta existencia de 11 candidatos de elecciones regionales, quienes podr\u00edan tener v\u00ednculos grupos armados ilegales. Vega asegur\u00f3 que en los departamentos de Nari\u00f1o, Sucre y Cauca ya tendr\u00edan identificados los candidatos. El Registrador expres\u00f3 su preocupaci\u00f3n, se\u00f1alando que existen casos en investigaci\u00f3n en el [&hellip;]","og_url":"https:\/\/pagina10.com\/web\/varios-candidatos-en-municipios-de-narino-tendrian-nexos-con-grupos-armados-ilegales\/","og_site_name":"P\u00e1gina10","article_publisher":"https:\/\/www.facebook.com\/pag10com","article_published_time":"2023-09-16T20:39:18+00:00","article_modified_time":"2023-09-16T20:42:46+00:00","og_image":[{"width":2560,"height":1707,"url":"https:\/\/pagina10.com\/web\/wp-content\/uploads\/2023\/09\/4UUOFUQZDRH5VA6CAX4UU7DSRA-scaled.jpeg","type":"image\/jpeg"}],"author":"P\u00e1gina 10","twitter_card":"summary_large_image","twitter_creator":"@Pag10com","twitter_site":"@Pag10com","twitter_misc":{"Escrito por":"P\u00e1gina 10","Tiempo de lectura":"1 minuto"},"schema":{"@context":"https:\/\/schema.org","@graph":[{"@type":"Article","@id":"https:\/\/pagina10.com\/web\/varios-candidatos-en-municipios-de-narino-tendrian-nexos-con-grupos-armados-ilegales\/#article","isPartOf":{"@id":"https:\/\/pagina10.com\/web\/varios-candidatos-en-municipios-de-narino-tendrian-nexos-con-grupos-armados-ilegales\/"},"author":{"name":"P\u00e1gina 10","@id":"https:\/\/pagina10.com\/web\/#\/schema\/person\/2efc4a090d25b667d3bc796798a3a81b"},"headline":"Varios candidatos en municipios de Nari\u00f1o tendr\u00edan nexos con grupos armados ilegales","datePublished":"2023-09-16T20:39:18+00:00","dateModified":"2023-09-16T20:42:46+00:00","mainEntityOfPage":{"@id":"https:\/\/pagina10.com\/web\/varios-candidatos-en-municipios-de-narino-tendrian-nexos-con-grupos-armados-ilegales\/"},"wordCount":231,"commentCount":0,"publisher":{"@id":"https:\/\/pagina10.com\/web\/#organization"},"image":{"@id":"https:\/\/pagina10.com\/web\/varios-candidatos-en-municipios-de-narino-tendrian-nexos-con-grupos-armados-ilegales\/#primaryimage"},"thumbnailUrl":"https:\/\/pagina10.com\/web\/wp-content\/uploads\/2023\/09\/4UUOFUQZDRH5VA6CAX4UU7DSRA-scaled.jpeg","articleSection":["Titulares"],"inLanguage":"es","potentialAction":[{"@type":"CommentAction","name":"Comment","target":["https:\/\/pagina10.com\/web\/varios-candidatos-en-municipios-de-narino-tendrian-nexos-con-grupos-armados-ilegales\/#respond"]}]},{"@type":"WebPage","@id":"https:\/\/pagina10.com\/web\/varios-candidatos-en-municipios-de-narino-tendrian-nexos-con-grupos-armados-ilegales\/","url":"https:\/\/pagina10.com\/web\/varios-candidatos-en-municipios-de-narino-tendrian-nexos-con-grupos-armados-ilegales\/","name":"Varios candidatos en municipios de Nari\u00f1o tendr\u00edan nexos con grupos armados ilegales | P\u00e1gina10","isPartOf":{"@id":"https:\/\/pagina10.com\/web\/#website"},"primaryImageOfPage":{"@id":"https:\/\/pagina10.com\/web\/varios-candidatos-en-municipios-de-narino-tendrian-nexos-con-grupos-armados-ilegales\/#primaryimage"},"image":{"@id":"https:\/\/pagina10.com\/web\/varios-candidatos-en-municipios-de-narino-tendrian-nexos-con-grupos-armados-ilegales\/#primaryimage"},"thumbnailUrl":"https:\/\/pagina10.com\/web\/wp-content\/uploads\/2023\/09\/4UUOFUQZDRH5VA6CAX4UU7DSRA-scaled.jpeg","datePublished":"2023-09-16T20:39:18+00:00","dateModified":"2023-09-16T20:42:46+00:00","breadcrumb":{"@id":"https:\/\/pagina10.com\/web\/varios-candidatos-en-municipios-de-narino-tendrian-nexos-con-grupos-armados-ilegales\/#breadcrumb"},"inLanguage":"es","potentialAction":[{"@type":"ReadAction","target":["https:\/\/pagina10.com\/web\/varios-candidatos-en-municipios-de-narino-tendrian-nexos-con-grupos-armados-ilegales\/"]}]},{"@type":"ImageObject","inLanguage":"es","@id":"https:\/\/pagina10.com\/web\/varios-candidatos-en-municipios-de-narino-tendrian-nexos-con-grupos-armados-ilegales\/#primaryimage","url":"https:\/\/pagina10.com\/web\/wp-content\/uploads\/2023\/09\/4UUOFUQZDRH5VA6CAX4UU7DSRA-scaled.jpeg","contentUrl":"https:\/\/pagina10.com\/web\/wp-content\/uploads\/2023\/09\/4UUOFUQZDRH5VA6CAX4UU7DSRA-scaled.jpeg","width":2560,"height":1707},{"@type":"BreadcrumbList","@id":"https:\/\/pagina10.com\/web\/varios-candidatos-en-municipios-de-narino-tendrian-nexos-con-grupos-armados-ilegales\/#breadcrumb","itemListElement":[{"@type":"ListItem","position":1,"name":"Portada","item":"https:\/\/pagina10.com\/web\/"},{"@type":"ListItem","position":2,"name":"Varios candidatos en municipios de Nari\u00f1o tendr\u00edan nexos con grupos armados ilegales"}]},{"@type":"WebSite","@id":"https:\/\/pagina10.com\/web\/#website","url":"https:\/\/pagina10.com\/web\/","name":"P\u00e1gina10","description":"Peri\u00f3dico Regional","publisher":{"@id":"https:\/\/pagina10.com\/web\/#organization"},"alternateName":"P\u00e1gina10 Peri\u00f3dico Regional","potentialAction":[{"@type":"SearchAction","target":{"@type":"EntryPoint","urlTemplate":"https:\/\/pagina10.com\/web\/?s={search_term_string}"},"query-input":{"@type":"PropertyValueSpecification","valueRequired":true,"valueName":"search_term_string"}}],"inLanguage":"es"},{"@type":"Organization","@id":"https:\/\/pagina10.com\/web\/#organization","name":"P\u00e1gina10","alternateName":"P\u00e1gina10 Peri\u00f3dico Regional","url":"https:\/\/pagina10.com\/web\/","logo":{"@type":"ImageObject","inLanguage":"es","@id":"https:\/\/pagina10.com\/web\/#\/schema\/logo\/image\/","url":"https:\/\/pagina10.com\/web\/wp-content\/uploads\/2024\/01\/40-pagina-10-periodico-regional-pasto.jpg","contentUrl":"https:\/\/pagina10.com\/web\/wp-content\/uploads\/2024\/01\/40-pagina-10-periodico-regional-pasto.jpg","width":1280,"height":720,"caption":"P\u00e1gina10"},"image":{"@id":"https:\/\/pagina10.com\/web\/#\/schema\/logo\/image\/"},"sameAs":["https:\/\/www.facebook.com\/pag10com","https:\/\/x.com\/Pag10com","https:\/\/www.instagram.com\/pagina10col\/","https:\/\/youtube.com\/channel\/pag10","https:\/\/www.tiktok.com\/@p10col"]},{"@type":"Person","@id":"https:\/\/pagina10.com\/web\/#\/schema\/person\/2efc4a090d25b667d3bc796798a3a81b","name":"P\u00e1gina 10","description":"P\u00e1gina 10 es un peri\u00f3dico regional que nace en Colombia, en el departamento de Nari\u00f1o, con un enfoque global, fundamentado en cuatro pilares esenciales: la libertad, el pluralismo, la inclusi\u00f3n y la independencia. P\u00e1gina 10 hace referencia a Nari\u00f1o como el d\u00e9cimo departamento creado en Colombia, despu\u00e9s de un proceso pol\u00edtico liderado por actores y actrices regionales con el fin de obtener la independencia y autonom\u00eda de nuestros territorios. Con la creaci\u00f3n de P\u00e1gina 10 se pretende abrir un escenario para el dialogo, la reflexi\u00f3n y el debate que se extienda a otras geograf\u00edas de Am\u00e9rica Latina y del planeta, en una apuesta por transformar colectivamente los desaf\u00edos de un mundo contempor\u00e1neo, m\u00e1s all\u00e1 de las fronteras impuestas.","url":"https:\/\/pagina10.com\/web\/author\/pdiezadmin\/"}]}},"_links":{"self":[{"href":"https:\/\/pagina10.com\/web\/wp-json\/wp\/v2\/posts\/68798","targetHints":{"allow":["GET"]}}],"collection":[{"href":"https:\/\/pagina10.com\/web\/wp-json\/wp\/v2\/posts"}],"about":[{"href":"https:\/\/pagina10.com\/web\/wp-json\/wp\/v2\/types\/post"}],"author":[{"embeddable":true,"href":"https:\/\/pagina10.com\/web\/wp-json\/wp\/v2\/users\/1"}],"replies":[{"embeddable":true,"href":"https:\/\/pagina10.com\/web\/wp-json\/wp\/v2\/comments?post=68798"}],"version-history":[{"count":2,"href":"https:\/\/pagina10.com\/web\/wp-json\/wp\/v2\/posts\/68798\/revisions"}],"predecessor-version":[{"id":68806,"href":"https:\/\/pagina10.com\/web\/wp-json\/wp\/v2\/posts\/68798\/revisions\/68806"}],"wp:featuredmedia":[{"embeddable":true,"href":"https:\/\/pagina10.com\/web\/wp-json\/wp\/v2\/media\/68805"}],"wp:attachment":[{"href":"https:\/\/pagina10.com\/web\/wp-json\/wp\/v2\/media?parent=68798"}],"wp:term":[{"taxonomy":"category","embeddable":true,"href":"https:\/\/pagina10.com\/web\/wp-json\/wp\/v2\/categories?post=68798"},{"taxonomy":"post_tag","embeddable":true,"href":"https:\/\/pagina10.com\/web\/wp-json\/wp\/v2\/tags?post=68798"}],"curies":[{"name":"wp","href":"https:\/\/api.w.org\/{rel}","templated":true}]}}