{"id":68800,"date":"2023-09-16T06:09:29","date_gmt":"2023-09-16T11:09:29","guid":{"rendered":"https:\/\/pagina10.com\/web\/?p=68800"},"modified":"2023-09-16T06:10:41","modified_gmt":"2023-09-16T11:10:41","slug":"masivo-incendio-en-el-municipio-de-imues-desafia-los-esfuerzos-de-las-autoridades","status":"publish","type":"post","link":"https:\/\/pagina10.com\/web\/masivo-incendio-en-el-municipio-de-imues-desafia-los-esfuerzos-de-las-autoridades\/","title":{"rendered":"Masivo incendio en el municipio de Imu\u00e9s desaf\u00eda los esfuerzos de las autoridades"},"content":{"rendered":"<p style=\"text-align: justify;\">A pesar de los incansables esfuerzos de los Bomberos, la Polic\u00eda, el Ej\u00e9rcito y personal de la Unidad Nacional para la Gesti\u00f3n del Riesgo de Desastres (DAGRD), <strong>el incendio que afecta al municipio de Imu\u00e9s contin\u00faa sin control.<\/strong><\/p>\n<p style=\"text-align: justify;\">Las <strong>autoridades locales han emitido una solicitud urgente<\/strong> a la Direcci\u00f3n Nacional de Bomberos de Colombia (@DNBomberosCol) y a la Unidad Nacional para la Gesti\u00f3n del Riesgo de Desastres (@UNGRD) para que proporcionen apoyo con un helic\u00f3ptero, con el fin de contener el avance de las llamas que amenazan la regi\u00f3n.<\/p>\n<p style=\"text-align: justify;\">Jhon Rojas, Gobernador de Nari\u00f1o, se pronunci\u00f3 respecto a la situaci\u00f3n: &#8220;Pese a inmensos esfuerzos de Bomberos, Polic\u00eda, Ej\u00e9rcito y personal de DAGRD, incendio de cobertura vegetal en el municipio de Imu\u00e9s, no se ha logrado apagar en parte alta y media de la monta\u00f1a. Solicitamos a @DNBomberosCol @UNGRD apoyo con helic\u00f3ptero para contener el fuego.&#8221;<\/p>\n<p style=\"text-align: justify;\">La situaci\u00f3n sigue siendo cr\u00edtica en el municipio de Imu\u00e9s, por esta raz\u00f3n un equipo multidisciplinario compuesto por bomberos de T\u00faquerres, Contadero, Cumbal, Guaitarilla, Imu\u00e9s, Pupiales y Pasto, junto con personal de la DAGRD, el Ej\u00e9rcito, la Polic\u00eda e Invias, contin\u00faan trabajando incansablemente para controlar la conflagraci\u00f3n y evitar m\u00e1s afectaciones.<\/p>\n<p style=\"text-align: justify;\">\n","protected":false},"excerpt":{"rendered":"<p>A pesar de los incansables esfuerzos de los Bomberos, la Polic\u00eda, el Ej\u00e9rcito y personal de la Unidad Nacional para la Gesti\u00f3n del Riesgo de Desastres (DAGRD), el incendio que afecta al municipio de Imu\u00e9s contin\u00faa sin control. Las autoridades locales han emitido una solicitud urgente a la Direcci\u00f3n Nacional de Bomberos de Colombia (@DNBomberosCol) [&hellip;]<\/p>\n","protected":false},"author":1,"featured_media":68794,"comment_status":"open","ping_status":"open","sticky":false,"template":"","format":"standard","meta":{"footnotes":""},"categories":[1528],"tags":[],"class_list":["post-68800","post","type-post","status-publish","format-standard","has-post-thumbnail","hentry","category-titulares"],"yoast_head":"<!-- This site is optimized with the Yoast SEO plugin v27.1.1 - https:\/\/yoast.com\/product\/yoast-seo-wordpress\/ -->\n<title>Masivo incendio en el municipio de Imu\u00e9s desaf\u00eda los esfuerzos de las autoridades | P\u00e1gina10<\/title>\n<meta name=\"robots\" content=\"index, follow, max-snippet:-1, max-image-preview:large, max-video-preview:-1\" \/>\n<link rel=\"canonical\" href=\"https:\/\/pagina10.com\/web\/masivo-incendio-en-el-municipio-de-imues-desafia-los-esfuerzos-de-las-autoridades\/\" \/>\n<meta property=\"og:locale\" content=\"es_ES\" \/>\n<meta property=\"og:type\" content=\"article\" \/>\n<meta property=\"og:title\" content=\"Masivo incendio en el municipio de Imu\u00e9s desaf\u00eda los esfuerzos de las autoridades | P\u00e1gina10\" \/>\n<meta property=\"og:description\" content=\"A pesar de los incansables esfuerzos de los Bomberos, la Polic\u00eda, el Ej\u00e9rcito y personal de la Unidad Nacional para la Gesti\u00f3n del Riesgo de Desastres (DAGRD), el incendio que afecta al municipio de Imu\u00e9s contin\u00faa sin control. Las autoridades locales han emitido una solicitud urgente a la Direcci\u00f3n Nacional de Bomberos de Colombia (@DNBomberosCol) [&hellip;]\" \/>\n<meta property=\"og:url\" content=\"https:\/\/pagina10.com\/web\/masivo-incendio-en-el-municipio-de-imues-desafia-los-esfuerzos-de-las-autoridades\/\" \/>\n<meta property=\"og:site_name\" content=\"P\u00e1gina10\" \/>\n<meta property=\"article:publisher\" content=\"https:\/\/www.facebook.com\/pag10com\" \/>\n<meta property=\"article:published_time\" content=\"2023-09-16T11:09:29+00:00\" \/>\n<meta property=\"article:modified_time\" content=\"2023-09-16T11:10:41+00:00\" \/>\n<meta property=\"og:image\" content=\"https:\/\/pagina10.com\/web\/wp-content\/uploads\/2023\/09\/F6HbsJjXkAAqXbx.jpeg\" \/>\n\t<meta property=\"og:image:width\" content=\"1600\" \/>\n\t<meta property=\"og:image:height\" content=\"900\" \/>\n\t<meta property=\"og:image:type\" content=\"image\/jpeg\" \/>\n<meta name=\"author\" content=\"P\u00e1gina 10\" \/>\n<meta name=\"twitter:card\" content=\"summary_large_image\" \/>\n<meta name=\"twitter:creator\" content=\"@Pag10com\" \/>\n<meta name=\"twitter:site\" content=\"@Pag10com\" \/>\n<meta name=\"twitter:label1\" content=\"Escrito por\" \/>\n\t<meta name=\"twitter:data1\" content=\"P\u00e1gina 10\" \/>\n\t<meta name=\"twitter:label2\" content=\"Tiempo de lectura\" \/>\n\t<meta name=\"twitter:data2\" content=\"1 minuto\" \/>\n<script type=\"application\/ld+json\" class=\"yoast-schema-graph\">{\"@context\":\"https:\/\/schema.org\",\"@graph\":[{\"@type\":\"Article\",\"@id\":\"https:\/\/pagina10.com\/web\/masivo-incendio-en-el-municipio-de-imues-desafia-los-esfuerzos-de-las-autoridades\/#article\",\"isPartOf\":{\"@id\":\"https:\/\/pagina10.com\/web\/masivo-incendio-en-el-municipio-de-imues-desafia-los-esfuerzos-de-las-autoridades\/\"},\"author\":{\"name\":\"P\u00e1gina 10\",\"@id\":\"https:\/\/pagina10.com\/web\/#\/schema\/person\/2efc4a090d25b667d3bc796798a3a81b\"},\"headline\":\"Masivo incendio en el municipio de Imu\u00e9s desaf\u00eda los esfuerzos de las autoridades\",\"datePublished\":\"2023-09-16T11:09:29+00:00\",\"dateModified\":\"2023-09-16T11:10:41+00:00\",\"mainEntityOfPage\":{\"@id\":\"https:\/\/pagina10.com\/web\/masivo-incendio-en-el-municipio-de-imues-desafia-los-esfuerzos-de-las-autoridades\/\"},\"wordCount\":238,\"commentCount\":0,\"publisher\":{\"@id\":\"https:\/\/pagina10.com\/web\/#organization\"},\"image\":{\"@id\":\"https:\/\/pagina10.com\/web\/masivo-incendio-en-el-municipio-de-imues-desafia-los-esfuerzos-de-las-autoridades\/#primaryimage\"},\"thumbnailUrl\":\"https:\/\/pagina10.com\/web\/wp-content\/uploads\/2023\/09\/F6HbsJjXkAAqXbx.jpeg\",\"articleSection\":[\"Titulares\"],\"inLanguage\":\"es\",\"potentialAction\":[{\"@type\":\"CommentAction\",\"name\":\"Comment\",\"target\":[\"https:\/\/pagina10.com\/web\/masivo-incendio-en-el-municipio-de-imues-desafia-los-esfuerzos-de-las-autoridades\/#respond\"]}]},{\"@type\":\"WebPage\",\"@id\":\"https:\/\/pagina10.com\/web\/masivo-incendio-en-el-municipio-de-imues-desafia-los-esfuerzos-de-las-autoridades\/\",\"url\":\"https:\/\/pagina10.com\/web\/masivo-incendio-en-el-municipio-de-imues-desafia-los-esfuerzos-de-las-autoridades\/\",\"name\":\"Masivo incendio en el municipio de Imu\u00e9s desaf\u00eda los esfuerzos de las autoridades | P\u00e1gina10\",\"isPartOf\":{\"@id\":\"https:\/\/pagina10.com\/web\/#website\"},\"primaryImageOfPage\":{\"@id\":\"https:\/\/pagina10.com\/web\/masivo-incendio-en-el-municipio-de-imues-desafia-los-esfuerzos-de-las-autoridades\/#primaryimage\"},\"image\":{\"@id\":\"https:\/\/pagina10.com\/web\/masivo-incendio-en-el-municipio-de-imues-desafia-los-esfuerzos-de-las-autoridades\/#primaryimage\"},\"thumbnailUrl\":\"https:\/\/pagina10.com\/web\/wp-content\/uploads\/2023\/09\/F6HbsJjXkAAqXbx.jpeg\",\"datePublished\":\"2023-09-16T11:09:29+00:00\",\"dateModified\":\"2023-09-16T11:10:41+00:00\",\"breadcrumb\":{\"@id\":\"https:\/\/pagina10.com\/web\/masivo-incendio-en-el-municipio-de-imues-desafia-los-esfuerzos-de-las-autoridades\/#breadcrumb\"},\"inLanguage\":\"es\",\"potentialAction\":[{\"@type\":\"ReadAction\",\"target\":[\"https:\/\/pagina10.com\/web\/masivo-incendio-en-el-municipio-de-imues-desafia-los-esfuerzos-de-las-autoridades\/\"]}]},{\"@type\":\"ImageObject\",\"inLanguage\":\"es\",\"@id\":\"https:\/\/pagina10.com\/web\/masivo-incendio-en-el-municipio-de-imues-desafia-los-esfuerzos-de-las-autoridades\/#primaryimage\",\"url\":\"https:\/\/pagina10.com\/web\/wp-content\/uploads\/2023\/09\/F6HbsJjXkAAqXbx.jpeg\",\"contentUrl\":\"https:\/\/pagina10.com\/web\/wp-content\/uploads\/2023\/09\/F6HbsJjXkAAqXbx.jpeg\",\"width\":1600,\"height\":900},{\"@type\":\"BreadcrumbList\",\"@id\":\"https:\/\/pagina10.com\/web\/masivo-incendio-en-el-municipio-de-imues-desafia-los-esfuerzos-de-las-autoridades\/#breadcrumb\",\"itemListElement\":[{\"@type\":\"ListItem\",\"position\":1,\"name\":\"Portada\",\"item\":\"https:\/\/pagina10.com\/web\/\"},{\"@type\":\"ListItem\",\"position\":2,\"name\":\"Masivo incendio en el municipio de Imu\u00e9s desaf\u00eda los esfuerzos de las autoridades\"}]},{\"@type\":\"WebSite\",\"@id\":\"https:\/\/pagina10.com\/web\/#website\",\"url\":\"https:\/\/pagina10.com\/web\/\",\"name\":\"P\u00e1gina10\",\"description\":\"Peri\u00f3dico Regional\",\"publisher\":{\"@id\":\"https:\/\/pagina10.com\/web\/#organization\"},\"alternateName\":\"P\u00e1gina10 Peri\u00f3dico Regional\",\"potentialAction\":[{\"@type\":\"SearchAction\",\"target\":{\"@type\":\"EntryPoint\",\"urlTemplate\":\"https:\/\/pagina10.com\/web\/?s={search_term_string}\"},\"query-input\":{\"@type\":\"PropertyValueSpecification\",\"valueRequired\":true,\"valueName\":\"search_term_string\"}}],\"inLanguage\":\"es\"},{\"@type\":\"Organization\",\"@id\":\"https:\/\/pagina10.com\/web\/#organization\",\"name\":\"P\u00e1gina10\",\"alternateName\":\"P\u00e1gina10 Peri\u00f3dico Regional\",\"url\":\"https:\/\/pagina10.com\/web\/\",\"logo\":{\"@type\":\"ImageObject\",\"inLanguage\":\"es\",\"@id\":\"https:\/\/pagina10.com\/web\/#\/schema\/logo\/image\/\",\"url\":\"https:\/\/pagina10.com\/web\/wp-content\/uploads\/2024\/01\/40-pagina-10-periodico-regional-pasto.jpg\",\"contentUrl\":\"https:\/\/pagina10.com\/web\/wp-content\/uploads\/2024\/01\/40-pagina-10-periodico-regional-pasto.jpg\",\"width\":1280,\"height\":720,\"caption\":\"P\u00e1gina10\"},\"image\":{\"@id\":\"https:\/\/pagina10.com\/web\/#\/schema\/logo\/image\/\"},\"sameAs\":[\"https:\/\/www.facebook.com\/pag10com\",\"https:\/\/x.com\/Pag10com\",\"https:\/\/www.instagram.com\/pagina10col\/\",\"https:\/\/youtube.com\/channel\/pag10\",\"https:\/\/www.tiktok.com\/@p10col\"]},{\"@type\":\"Person\",\"@id\":\"https:\/\/pagina10.com\/web\/#\/schema\/person\/2efc4a090d25b667d3bc796798a3a81b\",\"name\":\"P\u00e1gina 10\",\"description\":\"P\u00e1gina 10 es un peri\u00f3dico regional que nace en Colombia, en el departamento de Nari\u00f1o, con un enfoque global, fundamentado en cuatro pilares esenciales: la libertad, el pluralismo, la inclusi\u00f3n y la independencia. P\u00e1gina 10 hace referencia a Nari\u00f1o como el d\u00e9cimo departamento creado en Colombia, despu\u00e9s de un proceso pol\u00edtico liderado por actores y actrices regionales con el fin de obtener la independencia y autonom\u00eda de nuestros territorios. Con la creaci\u00f3n de P\u00e1gina 10 se pretende abrir un escenario para el dialogo, la reflexi\u00f3n y el debate que se extienda a otras geograf\u00edas de Am\u00e9rica Latina y del planeta, en una apuesta por transformar colectivamente los desaf\u00edos de un mundo contempor\u00e1neo, m\u00e1s all\u00e1 de las fronteras impuestas.\",\"url\":\"https:\/\/pagina10.com\/web\/author\/pdiezadmin\/\"}]}<\/script>\n<!-- \/ Yoast SEO plugin. -->","yoast_head_json":{"title":"Masivo incendio en el municipio de Imu\u00e9s desaf\u00eda los esfuerzos de las autoridades | P\u00e1gina10","robots":{"index":"index","follow":"follow","max-snippet":"max-snippet:-1","max-image-preview":"max-image-preview:large","max-video-preview":"max-video-preview:-1"},"canonical":"https:\/\/pagina10.com\/web\/masivo-incendio-en-el-municipio-de-imues-desafia-los-esfuerzos-de-las-autoridades\/","og_locale":"es_ES","og_type":"article","og_title":"Masivo incendio en el municipio de Imu\u00e9s desaf\u00eda los esfuerzos de las autoridades | P\u00e1gina10","og_description":"A pesar de los incansables esfuerzos de los Bomberos, la Polic\u00eda, el Ej\u00e9rcito y personal de la Unidad Nacional para la Gesti\u00f3n del Riesgo de Desastres (DAGRD), el incendio que afecta al municipio de Imu\u00e9s contin\u00faa sin control. Las autoridades locales han emitido una solicitud urgente a la Direcci\u00f3n Nacional de Bomberos de Colombia (@DNBomberosCol) [&hellip;]","og_url":"https:\/\/pagina10.com\/web\/masivo-incendio-en-el-municipio-de-imues-desafia-los-esfuerzos-de-las-autoridades\/","og_site_name":"P\u00e1gina10","article_publisher":"https:\/\/www.facebook.com\/pag10com","article_published_time":"2023-09-16T11:09:29+00:00","article_modified_time":"2023-09-16T11:10:41+00:00","og_image":[{"width":1600,"height":900,"url":"https:\/\/pagina10.com\/web\/wp-content\/uploads\/2023\/09\/F6HbsJjXkAAqXbx.jpeg","type":"image\/jpeg"}],"author":"P\u00e1gina 10","twitter_card":"summary_large_image","twitter_creator":"@Pag10com","twitter_site":"@Pag10com","twitter_misc":{"Escrito por":"P\u00e1gina 10","Tiempo de lectura":"1 minuto"},"schema":{"@context":"https:\/\/schema.org","@graph":[{"@type":"Article","@id":"https:\/\/pagina10.com\/web\/masivo-incendio-en-el-municipio-de-imues-desafia-los-esfuerzos-de-las-autoridades\/#article","isPartOf":{"@id":"https:\/\/pagina10.com\/web\/masivo-incendio-en-el-municipio-de-imues-desafia-los-esfuerzos-de-las-autoridades\/"},"author":{"name":"P\u00e1gina 10","@id":"https:\/\/pagina10.com\/web\/#\/schema\/person\/2efc4a090d25b667d3bc796798a3a81b"},"headline":"Masivo incendio en el municipio de Imu\u00e9s desaf\u00eda los esfuerzos de las autoridades","datePublished":"2023-09-16T11:09:29+00:00","dateModified":"2023-09-16T11:10:41+00:00","mainEntityOfPage":{"@id":"https:\/\/pagina10.com\/web\/masivo-incendio-en-el-municipio-de-imues-desafia-los-esfuerzos-de-las-autoridades\/"},"wordCount":238,"commentCount":0,"publisher":{"@id":"https:\/\/pagina10.com\/web\/#organization"},"image":{"@id":"https:\/\/pagina10.com\/web\/masivo-incendio-en-el-municipio-de-imues-desafia-los-esfuerzos-de-las-autoridades\/#primaryimage"},"thumbnailUrl":"https:\/\/pagina10.com\/web\/wp-content\/uploads\/2023\/09\/F6HbsJjXkAAqXbx.jpeg","articleSection":["Titulares"],"inLanguage":"es","potentialAction":[{"@type":"CommentAction","name":"Comment","target":["https:\/\/pagina10.com\/web\/masivo-incendio-en-el-municipio-de-imues-desafia-los-esfuerzos-de-las-autoridades\/#respond"]}]},{"@type":"WebPage","@id":"https:\/\/pagina10.com\/web\/masivo-incendio-en-el-municipio-de-imues-desafia-los-esfuerzos-de-las-autoridades\/","url":"https:\/\/pagina10.com\/web\/masivo-incendio-en-el-municipio-de-imues-desafia-los-esfuerzos-de-las-autoridades\/","name":"Masivo incendio en el municipio de Imu\u00e9s desaf\u00eda los esfuerzos de las autoridades | P\u00e1gina10","isPartOf":{"@id":"https:\/\/pagina10.com\/web\/#website"},"primaryImageOfPage":{"@id":"https:\/\/pagina10.com\/web\/masivo-incendio-en-el-municipio-de-imues-desafia-los-esfuerzos-de-las-autoridades\/#primaryimage"},"image":{"@id":"https:\/\/pagina10.com\/web\/masivo-incendio-en-el-municipio-de-imues-desafia-los-esfuerzos-de-las-autoridades\/#primaryimage"},"thumbnailUrl":"https:\/\/pagina10.com\/web\/wp-content\/uploads\/2023\/09\/F6HbsJjXkAAqXbx.jpeg","datePublished":"2023-09-16T11:09:29+00:00","dateModified":"2023-09-16T11:10:41+00:00","breadcrumb":{"@id":"https:\/\/pagina10.com\/web\/masivo-incendio-en-el-municipio-de-imues-desafia-los-esfuerzos-de-las-autoridades\/#breadcrumb"},"inLanguage":"es","potentialAction":[{"@type":"ReadAction","target":["https:\/\/pagina10.com\/web\/masivo-incendio-en-el-municipio-de-imues-desafia-los-esfuerzos-de-las-autoridades\/"]}]},{"@type":"ImageObject","inLanguage":"es","@id":"https:\/\/pagina10.com\/web\/masivo-incendio-en-el-municipio-de-imues-desafia-los-esfuerzos-de-las-autoridades\/#primaryimage","url":"https:\/\/pagina10.com\/web\/wp-content\/uploads\/2023\/09\/F6HbsJjXkAAqXbx.jpeg","contentUrl":"https:\/\/pagina10.com\/web\/wp-content\/uploads\/2023\/09\/F6HbsJjXkAAqXbx.jpeg","width":1600,"height":900},{"@type":"BreadcrumbList","@id":"https:\/\/pagina10.com\/web\/masivo-incendio-en-el-municipio-de-imues-desafia-los-esfuerzos-de-las-autoridades\/#breadcrumb","itemListElement":[{"@type":"ListItem","position":1,"name":"Portada","item":"https:\/\/pagina10.com\/web\/"},{"@type":"ListItem","position":2,"name":"Masivo incendio en el municipio de Imu\u00e9s desaf\u00eda los esfuerzos de las autoridades"}]},{"@type":"WebSite","@id":"https:\/\/pagina10.com\/web\/#website","url":"https:\/\/pagina10.com\/web\/","name":"P\u00e1gina10","description":"Peri\u00f3dico Regional","publisher":{"@id":"https:\/\/pagina10.com\/web\/#organization"},"alternateName":"P\u00e1gina10 Peri\u00f3dico Regional","potentialAction":[{"@type":"SearchAction","target":{"@type":"EntryPoint","urlTemplate":"https:\/\/pagina10.com\/web\/?s={search_term_string}"},"query-input":{"@type":"PropertyValueSpecification","valueRequired":true,"valueName":"search_term_string"}}],"inLanguage":"es"},{"@type":"Organization","@id":"https:\/\/pagina10.com\/web\/#organization","name":"P\u00e1gina10","alternateName":"P\u00e1gina10 Peri\u00f3dico Regional","url":"https:\/\/pagina10.com\/web\/","logo":{"@type":"ImageObject","inLanguage":"es","@id":"https:\/\/pagina10.com\/web\/#\/schema\/logo\/image\/","url":"https:\/\/pagina10.com\/web\/wp-content\/uploads\/2024\/01\/40-pagina-10-periodico-regional-pasto.jpg","contentUrl":"https:\/\/pagina10.com\/web\/wp-content\/uploads\/2024\/01\/40-pagina-10-periodico-regional-pasto.jpg","width":1280,"height":720,"caption":"P\u00e1gina10"},"image":{"@id":"https:\/\/pagina10.com\/web\/#\/schema\/logo\/image\/"},"sameAs":["https:\/\/www.facebook.com\/pag10com","https:\/\/x.com\/Pag10com","https:\/\/www.instagram.com\/pagina10col\/","https:\/\/youtube.com\/channel\/pag10","https:\/\/www.tiktok.com\/@p10col"]},{"@type":"Person","@id":"https:\/\/pagina10.com\/web\/#\/schema\/person\/2efc4a090d25b667d3bc796798a3a81b","name":"P\u00e1gina 10","description":"P\u00e1gina 10 es un peri\u00f3dico regional que nace en Colombia, en el departamento de Nari\u00f1o, con un enfoque global, fundamentado en cuatro pilares esenciales: la libertad, el pluralismo, la inclusi\u00f3n y la independencia. P\u00e1gina 10 hace referencia a Nari\u00f1o como el d\u00e9cimo departamento creado en Colombia, despu\u00e9s de un proceso pol\u00edtico liderado por actores y actrices regionales con el fin de obtener la independencia y autonom\u00eda de nuestros territorios. Con la creaci\u00f3n de P\u00e1gina 10 se pretende abrir un escenario para el dialogo, la reflexi\u00f3n y el debate que se extienda a otras geograf\u00edas de Am\u00e9rica Latina y del planeta, en una apuesta por transformar colectivamente los desaf\u00edos de un mundo contempor\u00e1neo, m\u00e1s all\u00e1 de las fronteras impuestas.","url":"https:\/\/pagina10.com\/web\/author\/pdiezadmin\/"}]}},"_links":{"self":[{"href":"https:\/\/pagina10.com\/web\/wp-json\/wp\/v2\/posts\/68800","targetHints":{"allow":["GET"]}}],"collection":[{"href":"https:\/\/pagina10.com\/web\/wp-json\/wp\/v2\/posts"}],"about":[{"href":"https:\/\/pagina10.com\/web\/wp-json\/wp\/v2\/types\/post"}],"author":[{"embeddable":true,"href":"https:\/\/pagina10.com\/web\/wp-json\/wp\/v2\/users\/1"}],"replies":[{"embeddable":true,"href":"https:\/\/pagina10.com\/web\/wp-json\/wp\/v2\/comments?post=68800"}],"version-history":[{"count":3,"href":"https:\/\/pagina10.com\/web\/wp-json\/wp\/v2\/posts\/68800\/revisions"}],"predecessor-version":[{"id":68803,"href":"https:\/\/pagina10.com\/web\/wp-json\/wp\/v2\/posts\/68800\/revisions\/68803"}],"wp:featuredmedia":[{"embeddable":true,"href":"https:\/\/pagina10.com\/web\/wp-json\/wp\/v2\/media\/68794"}],"wp:attachment":[{"href":"https:\/\/pagina10.com\/web\/wp-json\/wp\/v2\/media?parent=68800"}],"wp:term":[{"taxonomy":"category","embeddable":true,"href":"https:\/\/pagina10.com\/web\/wp-json\/wp\/v2\/categories?post=68800"},{"taxonomy":"post_tag","embeddable":true,"href":"https:\/\/pagina10.com\/web\/wp-json\/wp\/v2\/tags?post=68800"}],"curies":[{"name":"wp","href":"https:\/\/api.w.org\/{rel}","templated":true}]}}