{"id":68933,"date":"2023-09-22T19:02:56","date_gmt":"2023-09-23T00:02:56","guid":{"rendered":"https:\/\/pagina10.com\/web\/?p=68933"},"modified":"2023-09-22T19:06:16","modified_gmt":"2023-09-23T00:06:16","slug":"grave-situacion-de-seguridad-vive-el-departamento-de-narino-por-multiples-hechos-de-violencia","status":"publish","type":"post","link":"https:\/\/pagina10.com\/web\/grave-situacion-de-seguridad-vive-el-departamento-de-narino-por-multiples-hechos-de-violencia\/","title":{"rendered":"Grave situaci\u00f3n de seguridad vive el departamento de Nari\u00f1o por m\u00faltiples hechos de violencia"},"content":{"rendered":"<p style=\"text-align: justify;\"><strong>El departamento de Nari\u00f1o enfrenta una grave situaci\u00f3n de seguridad debido a una serie de acciones violentas<\/strong> que han sacudido la regi\u00f3n en los \u00faltimos d\u00edas, dejando a las comunidades locales sumidas en el temor e incertidumbre.<\/p>\n<p style=\"text-align: justify;\">Como respuesta a estas acciones, <strong>autoridades locales han instituido, el d\u00eda de hoy, un Puesto de Mando Unificado (PMU)<\/strong> en el municipio de Samaniego, con el objetivo de coordinar los esfuerzos para abordar la creciente violencia en la zona. En este contexto, se ha solicitado desde la Gobernaci\u00f3n de Nari\u00f1o, en Cabeza de Jhon Rojas, la presencia del Comisionado de Paz en Nari\u00f1o. Adicionalmente, las comunidades locales han instado a la creaci\u00f3n de una mesa de di\u00e1logo permanente a nivel nacional para dar seguimiento a los compromisos y garantizar condiciones de seguridad y retorno a la normalidad.<\/p>\n<p style=\"text-align: justify;\"><strong>Entre los hechos violentos ocurridos en los \u00faltimos d\u00edas en el departamento, se incluyen: <\/strong><\/p>\n<p style=\"text-align: justify;\">La detonaci\u00f3n de un artefacto explosivo en el corregimiento de El Ejido del Municipio de Policarpa, donde resultaron heridos 5 uniformados de la Polic\u00eda Nacional. La situaci\u00f3n fue controlada y gracias a una oportuna acci\u00f3n de la Polic\u00eda, los uniformados fueron extra\u00eddos de la zona para ser atendidos.<\/p>\n<p style=\"text-align: justify;\">La ola de violencia tambi\u00e9n ha cobrado vidas en Nari\u00f1o, debido a que cuatro uniformados del Ej\u00e9rcito Colombiano perdieron la vida en enfrentamientos con las disidencias de las FARC en la zona rural del municipio de Cumbitara.<\/p>\n<p style=\"text-align: justify;\">Adicional a lo anterior, se not\u00f3 la presencia de carteles alusivos al frente Franco Benavides, perteneciente a las disidencias de las FARC, en tres sectores de la capital del departamento. As\u00ed lo anunci\u00f3 el Gobernador de Nari\u00f1o, Jhon Rojas, \u201cCarteles alusivos al frente Franco Benavides, de las disidencias de las Farc fueron instalados en tres sectores de la ciudad de Pasto. @PoliciaPasto inspeccion\u00f3 lugares y desinstal\u00f3 los carteles. Rechazamos estas acciones que causan temor en la poblaci\u00f3n\u201d.<\/p>\n<p style=\"text-align: justify;\">Adem\u00e1s de Nari\u00f1o, el vecino departamento de Cauca tambi\u00e9n ha sido afectado por acciones violentas. El conflicto en el suroccidente de Colombia se agudiza, y son las comunidades rurales las que sufren las consecuencias de estos actos lamentables.<\/p>\n<p style=\"text-align: justify;\">A pesar de estos hechos lamentables, fue revelado en un comunicado de prensa que el Estado Mayor de las FARC empezar\u00eda un cese de hostilidades contra la fuerza p\u00fablica, lo que podr\u00eda ser un paso positivo hacia la resoluci\u00f3n de la crisis en la regi\u00f3n. Sin embargo, se contin\u00faa a la espera de la liberaci\u00f3n de tres soldados nari\u00f1enses en poder de este grupo armado: Edwer Paz Pantoja, Nelson V\u00e1squez Reina y Juan David Estrada.<\/p>\n<p style=\"text-align: justify;\">Las autoridades departamentales han reiterado su rechazo a esos actos violentos y hace un llamado urgente a la paz, en un esfuerzo por poner fin a esta lamentable ola de muerte y sufrimiento vivida en los \u00faltimos meses en la regi\u00f3n.<\/p>\n<p>&nbsp;<\/p>\n","protected":false},"excerpt":{"rendered":"<p>El departamento de Nari\u00f1o enfrenta una grave situaci\u00f3n de seguridad debido a una serie de acciones violentas que han sacudido la regi\u00f3n en los \u00faltimos d\u00edas, dejando a las comunidades locales sumidas en el temor e incertidumbre. Como respuesta a estas acciones, autoridades locales han instituido, el d\u00eda de hoy, un Puesto de Mando Unificado [&hellip;]<\/p>\n","protected":false},"author":1,"featured_media":68934,"comment_status":"open","ping_status":"open","sticky":false,"template":"","format":"standard","meta":{"footnotes":""},"categories":[1528],"tags":[],"class_list":["post-68933","post","type-post","status-publish","format-standard","has-post-thumbnail","hentry","category-titulares"],"yoast_head":"<!-- This site is optimized with the Yoast SEO plugin v27.1.1 - https:\/\/yoast.com\/product\/yoast-seo-wordpress\/ -->\n<title>Grave situaci\u00f3n de seguridad vive el departamento de Nari\u00f1o por m\u00faltiples hechos de violencia | P\u00e1gina10<\/title>\n<meta name=\"robots\" content=\"index, follow, max-snippet:-1, max-image-preview:large, max-video-preview:-1\" \/>\n<link rel=\"canonical\" href=\"https:\/\/pagina10.com\/web\/grave-situacion-de-seguridad-vive-el-departamento-de-narino-por-multiples-hechos-de-violencia\/\" \/>\n<meta property=\"og:locale\" content=\"es_ES\" \/>\n<meta property=\"og:type\" content=\"article\" \/>\n<meta property=\"og:title\" content=\"Grave situaci\u00f3n de seguridad vive el departamento de Nari\u00f1o por m\u00faltiples hechos de violencia | P\u00e1gina10\" \/>\n<meta property=\"og:description\" content=\"El departamento de Nari\u00f1o enfrenta una grave situaci\u00f3n de seguridad debido a una serie de acciones violentas que han sacudido la regi\u00f3n en los \u00faltimos d\u00edas, dejando a las comunidades locales sumidas en el temor e incertidumbre. Como respuesta a estas acciones, autoridades locales han instituido, el d\u00eda de hoy, un Puesto de Mando Unificado [&hellip;]\" \/>\n<meta property=\"og:url\" content=\"https:\/\/pagina10.com\/web\/grave-situacion-de-seguridad-vive-el-departamento-de-narino-por-multiples-hechos-de-violencia\/\" \/>\n<meta property=\"og:site_name\" content=\"P\u00e1gina10\" \/>\n<meta property=\"article:publisher\" content=\"https:\/\/www.facebook.com\/pag10com\" \/>\n<meta property=\"article:published_time\" content=\"2023-09-23T00:02:56+00:00\" \/>\n<meta property=\"article:modified_time\" content=\"2023-09-23T00:06:16+00:00\" \/>\n<meta property=\"og:image\" content=\"https:\/\/pagina10.com\/web\/wp-content\/uploads\/2023\/09\/tttt5.png\" \/>\n\t<meta property=\"og:image:width\" content=\"1280\" \/>\n\t<meta property=\"og:image:height\" content=\"720\" \/>\n\t<meta property=\"og:image:type\" content=\"image\/png\" \/>\n<meta name=\"author\" content=\"P\u00e1gina 10\" \/>\n<meta name=\"twitter:card\" content=\"summary_large_image\" \/>\n<meta name=\"twitter:creator\" content=\"@Pag10com\" \/>\n<meta name=\"twitter:site\" content=\"@Pag10com\" \/>\n<meta name=\"twitter:label1\" content=\"Escrito por\" \/>\n\t<meta name=\"twitter:data1\" content=\"P\u00e1gina 10\" \/>\n\t<meta name=\"twitter:label2\" content=\"Tiempo de lectura\" \/>\n\t<meta name=\"twitter:data2\" content=\"2 minutos\" \/>\n<script type=\"application\/ld+json\" class=\"yoast-schema-graph\">{\"@context\":\"https:\/\/schema.org\",\"@graph\":[{\"@type\":\"Article\",\"@id\":\"https:\/\/pagina10.com\/web\/grave-situacion-de-seguridad-vive-el-departamento-de-narino-por-multiples-hechos-de-violencia\/#article\",\"isPartOf\":{\"@id\":\"https:\/\/pagina10.com\/web\/grave-situacion-de-seguridad-vive-el-departamento-de-narino-por-multiples-hechos-de-violencia\/\"},\"author\":{\"name\":\"P\u00e1gina 10\",\"@id\":\"https:\/\/pagina10.com\/web\/#\/schema\/person\/2efc4a090d25b667d3bc796798a3a81b\"},\"headline\":\"Grave situaci\u00f3n de seguridad vive el departamento de Nari\u00f1o por m\u00faltiples hechos de violencia\",\"datePublished\":\"2023-09-23T00:02:56+00:00\",\"dateModified\":\"2023-09-23T00:06:16+00:00\",\"mainEntityOfPage\":{\"@id\":\"https:\/\/pagina10.com\/web\/grave-situacion-de-seguridad-vive-el-departamento-de-narino-por-multiples-hechos-de-violencia\/\"},\"wordCount\":516,\"commentCount\":0,\"publisher\":{\"@id\":\"https:\/\/pagina10.com\/web\/#organization\"},\"image\":{\"@id\":\"https:\/\/pagina10.com\/web\/grave-situacion-de-seguridad-vive-el-departamento-de-narino-por-multiples-hechos-de-violencia\/#primaryimage\"},\"thumbnailUrl\":\"https:\/\/pagina10.com\/web\/wp-content\/uploads\/2023\/09\/tttt5.png\",\"articleSection\":[\"Titulares\"],\"inLanguage\":\"es\",\"potentialAction\":[{\"@type\":\"CommentAction\",\"name\":\"Comment\",\"target\":[\"https:\/\/pagina10.com\/web\/grave-situacion-de-seguridad-vive-el-departamento-de-narino-por-multiples-hechos-de-violencia\/#respond\"]}]},{\"@type\":\"WebPage\",\"@id\":\"https:\/\/pagina10.com\/web\/grave-situacion-de-seguridad-vive-el-departamento-de-narino-por-multiples-hechos-de-violencia\/\",\"url\":\"https:\/\/pagina10.com\/web\/grave-situacion-de-seguridad-vive-el-departamento-de-narino-por-multiples-hechos-de-violencia\/\",\"name\":\"Grave situaci\u00f3n de seguridad vive el departamento de Nari\u00f1o por m\u00faltiples hechos de violencia | P\u00e1gina10\",\"isPartOf\":{\"@id\":\"https:\/\/pagina10.com\/web\/#website\"},\"primaryImageOfPage\":{\"@id\":\"https:\/\/pagina10.com\/web\/grave-situacion-de-seguridad-vive-el-departamento-de-narino-por-multiples-hechos-de-violencia\/#primaryimage\"},\"image\":{\"@id\":\"https:\/\/pagina10.com\/web\/grave-situacion-de-seguridad-vive-el-departamento-de-narino-por-multiples-hechos-de-violencia\/#primaryimage\"},\"thumbnailUrl\":\"https:\/\/pagina10.com\/web\/wp-content\/uploads\/2023\/09\/tttt5.png\",\"datePublished\":\"2023-09-23T00:02:56+00:00\",\"dateModified\":\"2023-09-23T00:06:16+00:00\",\"breadcrumb\":{\"@id\":\"https:\/\/pagina10.com\/web\/grave-situacion-de-seguridad-vive-el-departamento-de-narino-por-multiples-hechos-de-violencia\/#breadcrumb\"},\"inLanguage\":\"es\",\"potentialAction\":[{\"@type\":\"ReadAction\",\"target\":[\"https:\/\/pagina10.com\/web\/grave-situacion-de-seguridad-vive-el-departamento-de-narino-por-multiples-hechos-de-violencia\/\"]}]},{\"@type\":\"ImageObject\",\"inLanguage\":\"es\",\"@id\":\"https:\/\/pagina10.com\/web\/grave-situacion-de-seguridad-vive-el-departamento-de-narino-por-multiples-hechos-de-violencia\/#primaryimage\",\"url\":\"https:\/\/pagina10.com\/web\/wp-content\/uploads\/2023\/09\/tttt5.png\",\"contentUrl\":\"https:\/\/pagina10.com\/web\/wp-content\/uploads\/2023\/09\/tttt5.png\",\"width\":1280,\"height\":720},{\"@type\":\"BreadcrumbList\",\"@id\":\"https:\/\/pagina10.com\/web\/grave-situacion-de-seguridad-vive-el-departamento-de-narino-por-multiples-hechos-de-violencia\/#breadcrumb\",\"itemListElement\":[{\"@type\":\"ListItem\",\"position\":1,\"name\":\"Portada\",\"item\":\"https:\/\/pagina10.com\/web\/\"},{\"@type\":\"ListItem\",\"position\":2,\"name\":\"Grave situaci\u00f3n de seguridad vive el departamento de Nari\u00f1o por m\u00faltiples hechos de violencia\"}]},{\"@type\":\"WebSite\",\"@id\":\"https:\/\/pagina10.com\/web\/#website\",\"url\":\"https:\/\/pagina10.com\/web\/\",\"name\":\"P\u00e1gina10\",\"description\":\"Peri\u00f3dico Regional\",\"publisher\":{\"@id\":\"https:\/\/pagina10.com\/web\/#organization\"},\"alternateName\":\"P\u00e1gina10 Peri\u00f3dico Regional\",\"potentialAction\":[{\"@type\":\"SearchAction\",\"target\":{\"@type\":\"EntryPoint\",\"urlTemplate\":\"https:\/\/pagina10.com\/web\/?s={search_term_string}\"},\"query-input\":{\"@type\":\"PropertyValueSpecification\",\"valueRequired\":true,\"valueName\":\"search_term_string\"}}],\"inLanguage\":\"es\"},{\"@type\":\"Organization\",\"@id\":\"https:\/\/pagina10.com\/web\/#organization\",\"name\":\"P\u00e1gina10\",\"alternateName\":\"P\u00e1gina10 Peri\u00f3dico Regional\",\"url\":\"https:\/\/pagina10.com\/web\/\",\"logo\":{\"@type\":\"ImageObject\",\"inLanguage\":\"es\",\"@id\":\"https:\/\/pagina10.com\/web\/#\/schema\/logo\/image\/\",\"url\":\"https:\/\/pagina10.com\/web\/wp-content\/uploads\/2024\/01\/40-pagina-10-periodico-regional-pasto.jpg\",\"contentUrl\":\"https:\/\/pagina10.com\/web\/wp-content\/uploads\/2024\/01\/40-pagina-10-periodico-regional-pasto.jpg\",\"width\":1280,\"height\":720,\"caption\":\"P\u00e1gina10\"},\"image\":{\"@id\":\"https:\/\/pagina10.com\/web\/#\/schema\/logo\/image\/\"},\"sameAs\":[\"https:\/\/www.facebook.com\/pag10com\",\"https:\/\/x.com\/Pag10com\",\"https:\/\/www.instagram.com\/pagina10col\/\",\"https:\/\/youtube.com\/channel\/pag10\",\"https:\/\/www.tiktok.com\/@p10col\"]},{\"@type\":\"Person\",\"@id\":\"https:\/\/pagina10.com\/web\/#\/schema\/person\/2efc4a090d25b667d3bc796798a3a81b\",\"name\":\"P\u00e1gina 10\",\"description\":\"P\u00e1gina 10 es un peri\u00f3dico regional que nace en Colombia, en el departamento de Nari\u00f1o, con un enfoque global, fundamentado en cuatro pilares esenciales: la libertad, el pluralismo, la inclusi\u00f3n y la independencia. P\u00e1gina 10 hace referencia a Nari\u00f1o como el d\u00e9cimo departamento creado en Colombia, despu\u00e9s de un proceso pol\u00edtico liderado por actores y actrices regionales con el fin de obtener la independencia y autonom\u00eda de nuestros territorios. Con la creaci\u00f3n de P\u00e1gina 10 se pretende abrir un escenario para el dialogo, la reflexi\u00f3n y el debate que se extienda a otras geograf\u00edas de Am\u00e9rica Latina y del planeta, en una apuesta por transformar colectivamente los desaf\u00edos de un mundo contempor\u00e1neo, m\u00e1s all\u00e1 de las fronteras impuestas.\",\"url\":\"https:\/\/pagina10.com\/web\/author\/pdiezadmin\/\"}]}<\/script>\n<!-- \/ Yoast SEO plugin. -->","yoast_head_json":{"title":"Grave situaci\u00f3n de seguridad vive el departamento de Nari\u00f1o por m\u00faltiples hechos de violencia | P\u00e1gina10","robots":{"index":"index","follow":"follow","max-snippet":"max-snippet:-1","max-image-preview":"max-image-preview:large","max-video-preview":"max-video-preview:-1"},"canonical":"https:\/\/pagina10.com\/web\/grave-situacion-de-seguridad-vive-el-departamento-de-narino-por-multiples-hechos-de-violencia\/","og_locale":"es_ES","og_type":"article","og_title":"Grave situaci\u00f3n de seguridad vive el departamento de Nari\u00f1o por m\u00faltiples hechos de violencia | P\u00e1gina10","og_description":"El departamento de Nari\u00f1o enfrenta una grave situaci\u00f3n de seguridad debido a una serie de acciones violentas que han sacudido la regi\u00f3n en los \u00faltimos d\u00edas, dejando a las comunidades locales sumidas en el temor e incertidumbre. Como respuesta a estas acciones, autoridades locales han instituido, el d\u00eda de hoy, un Puesto de Mando Unificado [&hellip;]","og_url":"https:\/\/pagina10.com\/web\/grave-situacion-de-seguridad-vive-el-departamento-de-narino-por-multiples-hechos-de-violencia\/","og_site_name":"P\u00e1gina10","article_publisher":"https:\/\/www.facebook.com\/pag10com","article_published_time":"2023-09-23T00:02:56+00:00","article_modified_time":"2023-09-23T00:06:16+00:00","og_image":[{"width":1280,"height":720,"url":"https:\/\/pagina10.com\/web\/wp-content\/uploads\/2023\/09\/tttt5.png","type":"image\/png"}],"author":"P\u00e1gina 10","twitter_card":"summary_large_image","twitter_creator":"@Pag10com","twitter_site":"@Pag10com","twitter_misc":{"Escrito por":"P\u00e1gina 10","Tiempo de lectura":"2 minutos"},"schema":{"@context":"https:\/\/schema.org","@graph":[{"@type":"Article","@id":"https:\/\/pagina10.com\/web\/grave-situacion-de-seguridad-vive-el-departamento-de-narino-por-multiples-hechos-de-violencia\/#article","isPartOf":{"@id":"https:\/\/pagina10.com\/web\/grave-situacion-de-seguridad-vive-el-departamento-de-narino-por-multiples-hechos-de-violencia\/"},"author":{"name":"P\u00e1gina 10","@id":"https:\/\/pagina10.com\/web\/#\/schema\/person\/2efc4a090d25b667d3bc796798a3a81b"},"headline":"Grave situaci\u00f3n de seguridad vive el departamento de Nari\u00f1o por m\u00faltiples hechos de violencia","datePublished":"2023-09-23T00:02:56+00:00","dateModified":"2023-09-23T00:06:16+00:00","mainEntityOfPage":{"@id":"https:\/\/pagina10.com\/web\/grave-situacion-de-seguridad-vive-el-departamento-de-narino-por-multiples-hechos-de-violencia\/"},"wordCount":516,"commentCount":0,"publisher":{"@id":"https:\/\/pagina10.com\/web\/#organization"},"image":{"@id":"https:\/\/pagina10.com\/web\/grave-situacion-de-seguridad-vive-el-departamento-de-narino-por-multiples-hechos-de-violencia\/#primaryimage"},"thumbnailUrl":"https:\/\/pagina10.com\/web\/wp-content\/uploads\/2023\/09\/tttt5.png","articleSection":["Titulares"],"inLanguage":"es","potentialAction":[{"@type":"CommentAction","name":"Comment","target":["https:\/\/pagina10.com\/web\/grave-situacion-de-seguridad-vive-el-departamento-de-narino-por-multiples-hechos-de-violencia\/#respond"]}]},{"@type":"WebPage","@id":"https:\/\/pagina10.com\/web\/grave-situacion-de-seguridad-vive-el-departamento-de-narino-por-multiples-hechos-de-violencia\/","url":"https:\/\/pagina10.com\/web\/grave-situacion-de-seguridad-vive-el-departamento-de-narino-por-multiples-hechos-de-violencia\/","name":"Grave situaci\u00f3n de seguridad vive el departamento de Nari\u00f1o por m\u00faltiples hechos de violencia | P\u00e1gina10","isPartOf":{"@id":"https:\/\/pagina10.com\/web\/#website"},"primaryImageOfPage":{"@id":"https:\/\/pagina10.com\/web\/grave-situacion-de-seguridad-vive-el-departamento-de-narino-por-multiples-hechos-de-violencia\/#primaryimage"},"image":{"@id":"https:\/\/pagina10.com\/web\/grave-situacion-de-seguridad-vive-el-departamento-de-narino-por-multiples-hechos-de-violencia\/#primaryimage"},"thumbnailUrl":"https:\/\/pagina10.com\/web\/wp-content\/uploads\/2023\/09\/tttt5.png","datePublished":"2023-09-23T00:02:56+00:00","dateModified":"2023-09-23T00:06:16+00:00","breadcrumb":{"@id":"https:\/\/pagina10.com\/web\/grave-situacion-de-seguridad-vive-el-departamento-de-narino-por-multiples-hechos-de-violencia\/#breadcrumb"},"inLanguage":"es","potentialAction":[{"@type":"ReadAction","target":["https:\/\/pagina10.com\/web\/grave-situacion-de-seguridad-vive-el-departamento-de-narino-por-multiples-hechos-de-violencia\/"]}]},{"@type":"ImageObject","inLanguage":"es","@id":"https:\/\/pagina10.com\/web\/grave-situacion-de-seguridad-vive-el-departamento-de-narino-por-multiples-hechos-de-violencia\/#primaryimage","url":"https:\/\/pagina10.com\/web\/wp-content\/uploads\/2023\/09\/tttt5.png","contentUrl":"https:\/\/pagina10.com\/web\/wp-content\/uploads\/2023\/09\/tttt5.png","width":1280,"height":720},{"@type":"BreadcrumbList","@id":"https:\/\/pagina10.com\/web\/grave-situacion-de-seguridad-vive-el-departamento-de-narino-por-multiples-hechos-de-violencia\/#breadcrumb","itemListElement":[{"@type":"ListItem","position":1,"name":"Portada","item":"https:\/\/pagina10.com\/web\/"},{"@type":"ListItem","position":2,"name":"Grave situaci\u00f3n de seguridad vive el departamento de Nari\u00f1o por m\u00faltiples hechos de violencia"}]},{"@type":"WebSite","@id":"https:\/\/pagina10.com\/web\/#website","url":"https:\/\/pagina10.com\/web\/","name":"P\u00e1gina10","description":"Peri\u00f3dico Regional","publisher":{"@id":"https:\/\/pagina10.com\/web\/#organization"},"alternateName":"P\u00e1gina10 Peri\u00f3dico Regional","potentialAction":[{"@type":"SearchAction","target":{"@type":"EntryPoint","urlTemplate":"https:\/\/pagina10.com\/web\/?s={search_term_string}"},"query-input":{"@type":"PropertyValueSpecification","valueRequired":true,"valueName":"search_term_string"}}],"inLanguage":"es"},{"@type":"Organization","@id":"https:\/\/pagina10.com\/web\/#organization","name":"P\u00e1gina10","alternateName":"P\u00e1gina10 Peri\u00f3dico Regional","url":"https:\/\/pagina10.com\/web\/","logo":{"@type":"ImageObject","inLanguage":"es","@id":"https:\/\/pagina10.com\/web\/#\/schema\/logo\/image\/","url":"https:\/\/pagina10.com\/web\/wp-content\/uploads\/2024\/01\/40-pagina-10-periodico-regional-pasto.jpg","contentUrl":"https:\/\/pagina10.com\/web\/wp-content\/uploads\/2024\/01\/40-pagina-10-periodico-regional-pasto.jpg","width":1280,"height":720,"caption":"P\u00e1gina10"},"image":{"@id":"https:\/\/pagina10.com\/web\/#\/schema\/logo\/image\/"},"sameAs":["https:\/\/www.facebook.com\/pag10com","https:\/\/x.com\/Pag10com","https:\/\/www.instagram.com\/pagina10col\/","https:\/\/youtube.com\/channel\/pag10","https:\/\/www.tiktok.com\/@p10col"]},{"@type":"Person","@id":"https:\/\/pagina10.com\/web\/#\/schema\/person\/2efc4a090d25b667d3bc796798a3a81b","name":"P\u00e1gina 10","description":"P\u00e1gina 10 es un peri\u00f3dico regional que nace en Colombia, en el departamento de Nari\u00f1o, con un enfoque global, fundamentado en cuatro pilares esenciales: la libertad, el pluralismo, la inclusi\u00f3n y la independencia. P\u00e1gina 10 hace referencia a Nari\u00f1o como el d\u00e9cimo departamento creado en Colombia, despu\u00e9s de un proceso pol\u00edtico liderado por actores y actrices regionales con el fin de obtener la independencia y autonom\u00eda de nuestros territorios. Con la creaci\u00f3n de P\u00e1gina 10 se pretende abrir un escenario para el dialogo, la reflexi\u00f3n y el debate que se extienda a otras geograf\u00edas de Am\u00e9rica Latina y del planeta, en una apuesta por transformar colectivamente los desaf\u00edos de un mundo contempor\u00e1neo, m\u00e1s all\u00e1 de las fronteras impuestas.","url":"https:\/\/pagina10.com\/web\/author\/pdiezadmin\/"}]}},"_links":{"self":[{"href":"https:\/\/pagina10.com\/web\/wp-json\/wp\/v2\/posts\/68933","targetHints":{"allow":["GET"]}}],"collection":[{"href":"https:\/\/pagina10.com\/web\/wp-json\/wp\/v2\/posts"}],"about":[{"href":"https:\/\/pagina10.com\/web\/wp-json\/wp\/v2\/types\/post"}],"author":[{"embeddable":true,"href":"https:\/\/pagina10.com\/web\/wp-json\/wp\/v2\/users\/1"}],"replies":[{"embeddable":true,"href":"https:\/\/pagina10.com\/web\/wp-json\/wp\/v2\/comments?post=68933"}],"version-history":[{"count":3,"href":"https:\/\/pagina10.com\/web\/wp-json\/wp\/v2\/posts\/68933\/revisions"}],"predecessor-version":[{"id":68937,"href":"https:\/\/pagina10.com\/web\/wp-json\/wp\/v2\/posts\/68933\/revisions\/68937"}],"wp:featuredmedia":[{"embeddable":true,"href":"https:\/\/pagina10.com\/web\/wp-json\/wp\/v2\/media\/68934"}],"wp:attachment":[{"href":"https:\/\/pagina10.com\/web\/wp-json\/wp\/v2\/media?parent=68933"}],"wp:term":[{"taxonomy":"category","embeddable":true,"href":"https:\/\/pagina10.com\/web\/wp-json\/wp\/v2\/categories?post=68933"},{"taxonomy":"post_tag","embeddable":true,"href":"https:\/\/pagina10.com\/web\/wp-json\/wp\/v2\/tags?post=68933"}],"curies":[{"name":"wp","href":"https:\/\/api.w.org\/{rel}","templated":true}]}}