{"id":68944,"date":"2023-09-23T19:55:51","date_gmt":"2023-09-24T00:55:51","guid":{"rendered":"https:\/\/pagina10.com\/web\/?p=68944"},"modified":"2023-09-23T19:58:31","modified_gmt":"2023-09-24T00:58:31","slug":"corte-suprema-condenaria-a-camilo-romero-actual-embajador-de-argentina","status":"publish","type":"post","link":"https:\/\/pagina10.com\/web\/corte-suprema-condenaria-a-camilo-romero-actual-embajador-de-argentina\/","title":{"rendered":"Corte Suprema condenar\u00eda a Camilo Romero, actual embajador en Argentina"},"content":{"rendered":"<p style=\"text-align: justify;\">En medio de programa \u2018Charlas con Charli\u2019, Jorge Espinosa, periodista de Caracol Radio, <strong>asegur\u00f3 que el actual embajador para Argentina, Camilo Romero, exgobernador de Nari\u00f1o, ser\u00eda condenado<\/strong> por la Corte Suprema de Justicia.<\/p>\n<p style=\"text-align: justify;\">El fil\u00f3sofo y psic\u00f3logo dijo en el programa en vivo: \u201cLa Corte Suprema, por ejemplo, va a condenar a un embajador, actualmente en funciones, del Gobierno Petro\u201d, luego <strong>aclar\u00f3 que la persona a la que se refer\u00eda era Camilo Romero<\/strong>, quien est\u00e1 actualmente envuelto en un proceso judicial por investigaci\u00f3n sobre presuntas irregularidades en adjudicaci\u00f3n de contrato de licores en Nari\u00f1o a particulares.<\/p>\n<p style=\"text-align: justify;\">El anuncio se hace luego de que, en abril, la Corte Suprema se negara a anular proceso contra Camilo Romero y en septiembre se revelar\u00e1 que su primo testificar\u00e1 en su contra.<\/p>\n","protected":false},"excerpt":{"rendered":"<p>En medio de programa \u2018Charlas con Charli\u2019, Jorge Espinosa, periodista de Caracol Radio, asegur\u00f3 que el actual embajador para Argentina, Camilo Romero, exgobernador de Nari\u00f1o, ser\u00eda condenado por la Corte Suprema de Justicia. El fil\u00f3sofo y psic\u00f3logo dijo en el programa en vivo: \u201cLa Corte Suprema, por ejemplo, va a condenar a un embajador, actualmente [&hellip;]<\/p>\n","protected":false},"author":1,"featured_media":68945,"comment_status":"open","ping_status":"open","sticky":false,"template":"","format":"standard","meta":{"footnotes":""},"categories":[1528],"tags":[],"class_list":["post-68944","post","type-post","status-publish","format-standard","has-post-thumbnail","hentry","category-titulares"],"yoast_head":"<!-- This site is optimized with the Yoast SEO plugin v27.1.1 - https:\/\/yoast.com\/product\/yoast-seo-wordpress\/ -->\n<title>Corte Suprema condenar\u00eda a Camilo Romero, actual embajador en Argentina | P\u00e1gina10<\/title>\n<meta name=\"robots\" content=\"index, follow, max-snippet:-1, max-image-preview:large, max-video-preview:-1\" \/>\n<link rel=\"canonical\" href=\"https:\/\/pagina10.com\/web\/corte-suprema-condenaria-a-camilo-romero-actual-embajador-de-argentina\/\" \/>\n<meta property=\"og:locale\" content=\"es_ES\" \/>\n<meta property=\"og:type\" content=\"article\" \/>\n<meta property=\"og:title\" content=\"Corte Suprema condenar\u00eda a Camilo Romero, actual embajador en Argentina | P\u00e1gina10\" \/>\n<meta property=\"og:description\" content=\"En medio de programa \u2018Charlas con Charli\u2019, Jorge Espinosa, periodista de Caracol Radio, asegur\u00f3 que el actual embajador para Argentina, Camilo Romero, exgobernador de Nari\u00f1o, ser\u00eda condenado por la Corte Suprema de Justicia. El fil\u00f3sofo y psic\u00f3logo dijo en el programa en vivo: \u201cLa Corte Suprema, por ejemplo, va a condenar a un embajador, actualmente [&hellip;]\" \/>\n<meta property=\"og:url\" content=\"https:\/\/pagina10.com\/web\/corte-suprema-condenaria-a-camilo-romero-actual-embajador-de-argentina\/\" \/>\n<meta property=\"og:site_name\" content=\"P\u00e1gina10\" \/>\n<meta property=\"article:publisher\" content=\"https:\/\/www.facebook.com\/pag10com\" \/>\n<meta property=\"article:published_time\" content=\"2023-09-24T00:55:51+00:00\" \/>\n<meta property=\"article:modified_time\" content=\"2023-09-24T00:58:31+00:00\" \/>\n<meta property=\"og:image\" content=\"https:\/\/pagina10.com\/web\/wp-content\/uploads\/2023\/09\/Z37X6KPFIJJ4ZOVSSW2VJAC7ZA.jpg\" \/>\n\t<meta property=\"og:image:width\" content=\"770\" \/>\n\t<meta property=\"og:image:height\" content=\"449\" \/>\n\t<meta property=\"og:image:type\" content=\"image\/jpeg\" \/>\n<meta name=\"author\" content=\"P\u00e1gina 10\" \/>\n<meta name=\"twitter:card\" content=\"summary_large_image\" \/>\n<meta name=\"twitter:creator\" content=\"@Pag10com\" \/>\n<meta name=\"twitter:site\" content=\"@Pag10com\" \/>\n<meta name=\"twitter:label1\" content=\"Escrito por\" \/>\n\t<meta name=\"twitter:data1\" content=\"P\u00e1gina 10\" \/>\n\t<meta name=\"twitter:label2\" content=\"Tiempo de lectura\" \/>\n\t<meta name=\"twitter:data2\" content=\"1 minuto\" \/>\n<script type=\"application\/ld+json\" class=\"yoast-schema-graph\">{\"@context\":\"https:\/\/schema.org\",\"@graph\":[{\"@type\":\"Article\",\"@id\":\"https:\/\/pagina10.com\/web\/corte-suprema-condenaria-a-camilo-romero-actual-embajador-de-argentina\/#article\",\"isPartOf\":{\"@id\":\"https:\/\/pagina10.com\/web\/corte-suprema-condenaria-a-camilo-romero-actual-embajador-de-argentina\/\"},\"author\":{\"name\":\"P\u00e1gina 10\",\"@id\":\"https:\/\/pagina10.com\/web\/#\/schema\/person\/2efc4a090d25b667d3bc796798a3a81b\"},\"headline\":\"Corte Suprema condenar\u00eda a Camilo Romero, actual embajador en Argentina\",\"datePublished\":\"2023-09-24T00:55:51+00:00\",\"dateModified\":\"2023-09-24T00:58:31+00:00\",\"mainEntityOfPage\":{\"@id\":\"https:\/\/pagina10.com\/web\/corte-suprema-condenaria-a-camilo-romero-actual-embajador-de-argentina\/\"},\"wordCount\":147,\"commentCount\":0,\"publisher\":{\"@id\":\"https:\/\/pagina10.com\/web\/#organization\"},\"image\":{\"@id\":\"https:\/\/pagina10.com\/web\/corte-suprema-condenaria-a-camilo-romero-actual-embajador-de-argentina\/#primaryimage\"},\"thumbnailUrl\":\"https:\/\/pagina10.com\/web\/wp-content\/uploads\/2023\/09\/Z37X6KPFIJJ4ZOVSSW2VJAC7ZA.jpg\",\"articleSection\":[\"Titulares\"],\"inLanguage\":\"es\",\"potentialAction\":[{\"@type\":\"CommentAction\",\"name\":\"Comment\",\"target\":[\"https:\/\/pagina10.com\/web\/corte-suprema-condenaria-a-camilo-romero-actual-embajador-de-argentina\/#respond\"]}]},{\"@type\":\"WebPage\",\"@id\":\"https:\/\/pagina10.com\/web\/corte-suprema-condenaria-a-camilo-romero-actual-embajador-de-argentina\/\",\"url\":\"https:\/\/pagina10.com\/web\/corte-suprema-condenaria-a-camilo-romero-actual-embajador-de-argentina\/\",\"name\":\"Corte Suprema condenar\u00eda a Camilo Romero, actual embajador en Argentina | P\u00e1gina10\",\"isPartOf\":{\"@id\":\"https:\/\/pagina10.com\/web\/#website\"},\"primaryImageOfPage\":{\"@id\":\"https:\/\/pagina10.com\/web\/corte-suprema-condenaria-a-camilo-romero-actual-embajador-de-argentina\/#primaryimage\"},\"image\":{\"@id\":\"https:\/\/pagina10.com\/web\/corte-suprema-condenaria-a-camilo-romero-actual-embajador-de-argentina\/#primaryimage\"},\"thumbnailUrl\":\"https:\/\/pagina10.com\/web\/wp-content\/uploads\/2023\/09\/Z37X6KPFIJJ4ZOVSSW2VJAC7ZA.jpg\",\"datePublished\":\"2023-09-24T00:55:51+00:00\",\"dateModified\":\"2023-09-24T00:58:31+00:00\",\"breadcrumb\":{\"@id\":\"https:\/\/pagina10.com\/web\/corte-suprema-condenaria-a-camilo-romero-actual-embajador-de-argentina\/#breadcrumb\"},\"inLanguage\":\"es\",\"potentialAction\":[{\"@type\":\"ReadAction\",\"target\":[\"https:\/\/pagina10.com\/web\/corte-suprema-condenaria-a-camilo-romero-actual-embajador-de-argentina\/\"]}]},{\"@type\":\"ImageObject\",\"inLanguage\":\"es\",\"@id\":\"https:\/\/pagina10.com\/web\/corte-suprema-condenaria-a-camilo-romero-actual-embajador-de-argentina\/#primaryimage\",\"url\":\"https:\/\/pagina10.com\/web\/wp-content\/uploads\/2023\/09\/Z37X6KPFIJJ4ZOVSSW2VJAC7ZA.jpg\",\"contentUrl\":\"https:\/\/pagina10.com\/web\/wp-content\/uploads\/2023\/09\/Z37X6KPFIJJ4ZOVSSW2VJAC7ZA.jpg\",\"width\":770,\"height\":449},{\"@type\":\"BreadcrumbList\",\"@id\":\"https:\/\/pagina10.com\/web\/corte-suprema-condenaria-a-camilo-romero-actual-embajador-de-argentina\/#breadcrumb\",\"itemListElement\":[{\"@type\":\"ListItem\",\"position\":1,\"name\":\"Portada\",\"item\":\"https:\/\/pagina10.com\/web\/\"},{\"@type\":\"ListItem\",\"position\":2,\"name\":\"Corte Suprema condenar\u00eda a Camilo Romero, actual embajador en Argentina\"}]},{\"@type\":\"WebSite\",\"@id\":\"https:\/\/pagina10.com\/web\/#website\",\"url\":\"https:\/\/pagina10.com\/web\/\",\"name\":\"P\u00e1gina10\",\"description\":\"Peri\u00f3dico Regional\",\"publisher\":{\"@id\":\"https:\/\/pagina10.com\/web\/#organization\"},\"alternateName\":\"P\u00e1gina10 Peri\u00f3dico Regional\",\"potentialAction\":[{\"@type\":\"SearchAction\",\"target\":{\"@type\":\"EntryPoint\",\"urlTemplate\":\"https:\/\/pagina10.com\/web\/?s={search_term_string}\"},\"query-input\":{\"@type\":\"PropertyValueSpecification\",\"valueRequired\":true,\"valueName\":\"search_term_string\"}}],\"inLanguage\":\"es\"},{\"@type\":\"Organization\",\"@id\":\"https:\/\/pagina10.com\/web\/#organization\",\"name\":\"P\u00e1gina10\",\"alternateName\":\"P\u00e1gina10 Peri\u00f3dico Regional\",\"url\":\"https:\/\/pagina10.com\/web\/\",\"logo\":{\"@type\":\"ImageObject\",\"inLanguage\":\"es\",\"@id\":\"https:\/\/pagina10.com\/web\/#\/schema\/logo\/image\/\",\"url\":\"https:\/\/pagina10.com\/web\/wp-content\/uploads\/2024\/01\/40-pagina-10-periodico-regional-pasto.jpg\",\"contentUrl\":\"https:\/\/pagina10.com\/web\/wp-content\/uploads\/2024\/01\/40-pagina-10-periodico-regional-pasto.jpg\",\"width\":1280,\"height\":720,\"caption\":\"P\u00e1gina10\"},\"image\":{\"@id\":\"https:\/\/pagina10.com\/web\/#\/schema\/logo\/image\/\"},\"sameAs\":[\"https:\/\/www.facebook.com\/pag10com\",\"https:\/\/x.com\/Pag10com\",\"https:\/\/www.instagram.com\/pagina10col\/\",\"https:\/\/youtube.com\/channel\/pag10\",\"https:\/\/www.tiktok.com\/@p10col\"]},{\"@type\":\"Person\",\"@id\":\"https:\/\/pagina10.com\/web\/#\/schema\/person\/2efc4a090d25b667d3bc796798a3a81b\",\"name\":\"P\u00e1gina 10\",\"description\":\"P\u00e1gina 10 es un peri\u00f3dico regional que nace en Colombia, en el departamento de Nari\u00f1o, con un enfoque global, fundamentado en cuatro pilares esenciales: la libertad, el pluralismo, la inclusi\u00f3n y la independencia. P\u00e1gina 10 hace referencia a Nari\u00f1o como el d\u00e9cimo departamento creado en Colombia, despu\u00e9s de un proceso pol\u00edtico liderado por actores y actrices regionales con el fin de obtener la independencia y autonom\u00eda de nuestros territorios. Con la creaci\u00f3n de P\u00e1gina 10 se pretende abrir un escenario para el dialogo, la reflexi\u00f3n y el debate que se extienda a otras geograf\u00edas de Am\u00e9rica Latina y del planeta, en una apuesta por transformar colectivamente los desaf\u00edos de un mundo contempor\u00e1neo, m\u00e1s all\u00e1 de las fronteras impuestas.\",\"url\":\"https:\/\/pagina10.com\/web\/author\/pdiezadmin\/\"}]}<\/script>\n<!-- \/ Yoast SEO plugin. -->","yoast_head_json":{"title":"Corte Suprema condenar\u00eda a Camilo Romero, actual embajador en Argentina | P\u00e1gina10","robots":{"index":"index","follow":"follow","max-snippet":"max-snippet:-1","max-image-preview":"max-image-preview:large","max-video-preview":"max-video-preview:-1"},"canonical":"https:\/\/pagina10.com\/web\/corte-suprema-condenaria-a-camilo-romero-actual-embajador-de-argentina\/","og_locale":"es_ES","og_type":"article","og_title":"Corte Suprema condenar\u00eda a Camilo Romero, actual embajador en Argentina | P\u00e1gina10","og_description":"En medio de programa \u2018Charlas con Charli\u2019, Jorge Espinosa, periodista de Caracol Radio, asegur\u00f3 que el actual embajador para Argentina, Camilo Romero, exgobernador de Nari\u00f1o, ser\u00eda condenado por la Corte Suprema de Justicia. El fil\u00f3sofo y psic\u00f3logo dijo en el programa en vivo: \u201cLa Corte Suprema, por ejemplo, va a condenar a un embajador, actualmente [&hellip;]","og_url":"https:\/\/pagina10.com\/web\/corte-suprema-condenaria-a-camilo-romero-actual-embajador-de-argentina\/","og_site_name":"P\u00e1gina10","article_publisher":"https:\/\/www.facebook.com\/pag10com","article_published_time":"2023-09-24T00:55:51+00:00","article_modified_time":"2023-09-24T00:58:31+00:00","og_image":[{"width":770,"height":449,"url":"https:\/\/pagina10.com\/web\/wp-content\/uploads\/2023\/09\/Z37X6KPFIJJ4ZOVSSW2VJAC7ZA.jpg","type":"image\/jpeg"}],"author":"P\u00e1gina 10","twitter_card":"summary_large_image","twitter_creator":"@Pag10com","twitter_site":"@Pag10com","twitter_misc":{"Escrito por":"P\u00e1gina 10","Tiempo de lectura":"1 minuto"},"schema":{"@context":"https:\/\/schema.org","@graph":[{"@type":"Article","@id":"https:\/\/pagina10.com\/web\/corte-suprema-condenaria-a-camilo-romero-actual-embajador-de-argentina\/#article","isPartOf":{"@id":"https:\/\/pagina10.com\/web\/corte-suprema-condenaria-a-camilo-romero-actual-embajador-de-argentina\/"},"author":{"name":"P\u00e1gina 10","@id":"https:\/\/pagina10.com\/web\/#\/schema\/person\/2efc4a090d25b667d3bc796798a3a81b"},"headline":"Corte Suprema condenar\u00eda a Camilo Romero, actual embajador en Argentina","datePublished":"2023-09-24T00:55:51+00:00","dateModified":"2023-09-24T00:58:31+00:00","mainEntityOfPage":{"@id":"https:\/\/pagina10.com\/web\/corte-suprema-condenaria-a-camilo-romero-actual-embajador-de-argentina\/"},"wordCount":147,"commentCount":0,"publisher":{"@id":"https:\/\/pagina10.com\/web\/#organization"},"image":{"@id":"https:\/\/pagina10.com\/web\/corte-suprema-condenaria-a-camilo-romero-actual-embajador-de-argentina\/#primaryimage"},"thumbnailUrl":"https:\/\/pagina10.com\/web\/wp-content\/uploads\/2023\/09\/Z37X6KPFIJJ4ZOVSSW2VJAC7ZA.jpg","articleSection":["Titulares"],"inLanguage":"es","potentialAction":[{"@type":"CommentAction","name":"Comment","target":["https:\/\/pagina10.com\/web\/corte-suprema-condenaria-a-camilo-romero-actual-embajador-de-argentina\/#respond"]}]},{"@type":"WebPage","@id":"https:\/\/pagina10.com\/web\/corte-suprema-condenaria-a-camilo-romero-actual-embajador-de-argentina\/","url":"https:\/\/pagina10.com\/web\/corte-suprema-condenaria-a-camilo-romero-actual-embajador-de-argentina\/","name":"Corte Suprema condenar\u00eda a Camilo Romero, actual embajador en Argentina | P\u00e1gina10","isPartOf":{"@id":"https:\/\/pagina10.com\/web\/#website"},"primaryImageOfPage":{"@id":"https:\/\/pagina10.com\/web\/corte-suprema-condenaria-a-camilo-romero-actual-embajador-de-argentina\/#primaryimage"},"image":{"@id":"https:\/\/pagina10.com\/web\/corte-suprema-condenaria-a-camilo-romero-actual-embajador-de-argentina\/#primaryimage"},"thumbnailUrl":"https:\/\/pagina10.com\/web\/wp-content\/uploads\/2023\/09\/Z37X6KPFIJJ4ZOVSSW2VJAC7ZA.jpg","datePublished":"2023-09-24T00:55:51+00:00","dateModified":"2023-09-24T00:58:31+00:00","breadcrumb":{"@id":"https:\/\/pagina10.com\/web\/corte-suprema-condenaria-a-camilo-romero-actual-embajador-de-argentina\/#breadcrumb"},"inLanguage":"es","potentialAction":[{"@type":"ReadAction","target":["https:\/\/pagina10.com\/web\/corte-suprema-condenaria-a-camilo-romero-actual-embajador-de-argentina\/"]}]},{"@type":"ImageObject","inLanguage":"es","@id":"https:\/\/pagina10.com\/web\/corte-suprema-condenaria-a-camilo-romero-actual-embajador-de-argentina\/#primaryimage","url":"https:\/\/pagina10.com\/web\/wp-content\/uploads\/2023\/09\/Z37X6KPFIJJ4ZOVSSW2VJAC7ZA.jpg","contentUrl":"https:\/\/pagina10.com\/web\/wp-content\/uploads\/2023\/09\/Z37X6KPFIJJ4ZOVSSW2VJAC7ZA.jpg","width":770,"height":449},{"@type":"BreadcrumbList","@id":"https:\/\/pagina10.com\/web\/corte-suprema-condenaria-a-camilo-romero-actual-embajador-de-argentina\/#breadcrumb","itemListElement":[{"@type":"ListItem","position":1,"name":"Portada","item":"https:\/\/pagina10.com\/web\/"},{"@type":"ListItem","position":2,"name":"Corte Suprema condenar\u00eda a Camilo Romero, actual embajador en Argentina"}]},{"@type":"WebSite","@id":"https:\/\/pagina10.com\/web\/#website","url":"https:\/\/pagina10.com\/web\/","name":"P\u00e1gina10","description":"Peri\u00f3dico Regional","publisher":{"@id":"https:\/\/pagina10.com\/web\/#organization"},"alternateName":"P\u00e1gina10 Peri\u00f3dico Regional","potentialAction":[{"@type":"SearchAction","target":{"@type":"EntryPoint","urlTemplate":"https:\/\/pagina10.com\/web\/?s={search_term_string}"},"query-input":{"@type":"PropertyValueSpecification","valueRequired":true,"valueName":"search_term_string"}}],"inLanguage":"es"},{"@type":"Organization","@id":"https:\/\/pagina10.com\/web\/#organization","name":"P\u00e1gina10","alternateName":"P\u00e1gina10 Peri\u00f3dico Regional","url":"https:\/\/pagina10.com\/web\/","logo":{"@type":"ImageObject","inLanguage":"es","@id":"https:\/\/pagina10.com\/web\/#\/schema\/logo\/image\/","url":"https:\/\/pagina10.com\/web\/wp-content\/uploads\/2024\/01\/40-pagina-10-periodico-regional-pasto.jpg","contentUrl":"https:\/\/pagina10.com\/web\/wp-content\/uploads\/2024\/01\/40-pagina-10-periodico-regional-pasto.jpg","width":1280,"height":720,"caption":"P\u00e1gina10"},"image":{"@id":"https:\/\/pagina10.com\/web\/#\/schema\/logo\/image\/"},"sameAs":["https:\/\/www.facebook.com\/pag10com","https:\/\/x.com\/Pag10com","https:\/\/www.instagram.com\/pagina10col\/","https:\/\/youtube.com\/channel\/pag10","https:\/\/www.tiktok.com\/@p10col"]},{"@type":"Person","@id":"https:\/\/pagina10.com\/web\/#\/schema\/person\/2efc4a090d25b667d3bc796798a3a81b","name":"P\u00e1gina 10","description":"P\u00e1gina 10 es un peri\u00f3dico regional que nace en Colombia, en el departamento de Nari\u00f1o, con un enfoque global, fundamentado en cuatro pilares esenciales: la libertad, el pluralismo, la inclusi\u00f3n y la independencia. P\u00e1gina 10 hace referencia a Nari\u00f1o como el d\u00e9cimo departamento creado en Colombia, despu\u00e9s de un proceso pol\u00edtico liderado por actores y actrices regionales con el fin de obtener la independencia y autonom\u00eda de nuestros territorios. Con la creaci\u00f3n de P\u00e1gina 10 se pretende abrir un escenario para el dialogo, la reflexi\u00f3n y el debate que se extienda a otras geograf\u00edas de Am\u00e9rica Latina y del planeta, en una apuesta por transformar colectivamente los desaf\u00edos de un mundo contempor\u00e1neo, m\u00e1s all\u00e1 de las fronteras impuestas.","url":"https:\/\/pagina10.com\/web\/author\/pdiezadmin\/"}]}},"_links":{"self":[{"href":"https:\/\/pagina10.com\/web\/wp-json\/wp\/v2\/posts\/68944","targetHints":{"allow":["GET"]}}],"collection":[{"href":"https:\/\/pagina10.com\/web\/wp-json\/wp\/v2\/posts"}],"about":[{"href":"https:\/\/pagina10.com\/web\/wp-json\/wp\/v2\/types\/post"}],"author":[{"embeddable":true,"href":"https:\/\/pagina10.com\/web\/wp-json\/wp\/v2\/users\/1"}],"replies":[{"embeddable":true,"href":"https:\/\/pagina10.com\/web\/wp-json\/wp\/v2\/comments?post=68944"}],"version-history":[{"count":4,"href":"https:\/\/pagina10.com\/web\/wp-json\/wp\/v2\/posts\/68944\/revisions"}],"predecessor-version":[{"id":68949,"href":"https:\/\/pagina10.com\/web\/wp-json\/wp\/v2\/posts\/68944\/revisions\/68949"}],"wp:featuredmedia":[{"embeddable":true,"href":"https:\/\/pagina10.com\/web\/wp-json\/wp\/v2\/media\/68945"}],"wp:attachment":[{"href":"https:\/\/pagina10.com\/web\/wp-json\/wp\/v2\/media?parent=68944"}],"wp:term":[{"taxonomy":"category","embeddable":true,"href":"https:\/\/pagina10.com\/web\/wp-json\/wp\/v2\/categories?post=68944"},{"taxonomy":"post_tag","embeddable":true,"href":"https:\/\/pagina10.com\/web\/wp-json\/wp\/v2\/tags?post=68944"}],"curies":[{"name":"wp","href":"https:\/\/api.w.org\/{rel}","templated":true}]}}