{"id":69096,"date":"2023-10-01T10:30:29","date_gmt":"2023-10-01T15:30:29","guid":{"rendered":"https:\/\/pagina10.com\/web\/?p=69096"},"modified":"2023-10-01T10:34:53","modified_gmt":"2023-10-01T15:34:53","slug":"casa-de-la-memoria-de-narino-la-fundacion-que-construye-paz-a-traves-de-la-memoria-historica","status":"publish","type":"post","link":"https:\/\/pagina10.com\/web\/casa-de-la-memoria-de-narino-la-fundacion-que-construye-paz-a-traves-de-la-memoria-historica\/","title":{"rendered":"\u2018Casa de la Memoria de Nari\u00f1o\u2019: la fundaci\u00f3n que construye paz a trav\u00e9s de la memoria hist\u00f3rica"},"content":{"rendered":"<p style=\"text-align: justify;\"><strong>La Fundaci\u00f3n Casa de la Memoria de Nari\u00f1o<\/strong>, una organizaci\u00f3n civil sin \u00e1nimo de lucro con sede en la ciudad de Pasto, <strong>ha venido desempe\u00f1ando un papel fundamental en la reconstrucci\u00f3n y fortalecimiento colectivo de la memoria hist\u00f3rica del conflicto armado<\/strong> en el departamento de Nari\u00f1o.<\/p>\n<p style=\"text-align: justify;\"><strong>Con 5 a\u00f1os de intervenci\u00f3n comunitaria<\/strong>, \u2018Casa de la Memoria\u2019 tiene como misi\u00f3n aportar al desarrollo de proyectos destinados a hacer visibles las historias de los sobrevivientes del conflicto armado, incluyendo v\u00edctimas, excombatientes y terceros involucrados; se presenta, adem\u00e1s, como un espacio de encuentro donde diversas instituciones, organizaciones sociales, artistas y defensores de Derechos Humanos se re\u00fanen para tejer relaciones en torno a la construcci\u00f3n de paz, reconciliaci\u00f3n, memoria y verdad.<\/p>\n<p style=\"text-align: justify;\">La Fundaci\u00f3n, verificada dentro del Sistema de Informaci\u00f3n de Museos Colombianos, se ha consolidado como el primer museo enfocado en hacer visibles las historias del conflicto armado mediante diversas actividades como talleres, exposiciones museales y art\u00edsticas, cine-foros, tertulias literarias, entre otras.<\/p>\n<p style=\"text-align: justify;\">Adicionalmente, la Casa ha recibido reconocimientos por parte de la Mesa T\u00e9cnica de Desaparici\u00f3n Forzada de la Subsecretar\u00eda de Paz y Derechos Humanos de la Gobernaci\u00f3n de Nari\u00f1o, cuenta con el respaldo de diversas organizaciones sociales y asociaciones de v\u00edctimas de la regi\u00f3n y ha participado en la organizaci\u00f3n de eventos significativos, como la conmemoraci\u00f3n del D\u00eda del Detenido Desaparecido.<\/p>\n<p style=\"text-align: justify;\">En su trasegar se destacan, entre otras, dos exposiciones, &#8220;Memoria Viva&#8221; y &#8220;Memorias entrelazadas&#8221;, que buscan sensibilizar a la ciudadan\u00eda sobre la realidad del conflicto armado, este espacio ofrece su espacio f\u00edsico para exposiciones temporales que aborden problem\u00e1ticas sociales y comunitarias.<\/p>\n<h4 style=\"text-align: justify;\"><strong><img fetchpriority=\"high\" decoding=\"async\" class=\"aligncenter size-large wp-image-69093\" src=\"https:\/\/pagina10.com\/web\/wp-content\/uploads\/2023\/10\/WhatsApp-Image-2023-09-30-at-2.47.08-PM-2-1024x683.jpeg\" alt=\"\" width=\"1024\" height=\"683\" srcset=\"https:\/\/pagina10.com\/web\/wp-content\/uploads\/2023\/10\/WhatsApp-Image-2023-09-30-at-2.47.08-PM-2-1024x683.jpeg 1024w, https:\/\/pagina10.com\/web\/wp-content\/uploads\/2023\/10\/WhatsApp-Image-2023-09-30-at-2.47.08-PM-2-300x200.jpeg 300w, https:\/\/pagina10.com\/web\/wp-content\/uploads\/2023\/10\/WhatsApp-Image-2023-09-30-at-2.47.08-PM-2-768x512.jpeg 768w, https:\/\/pagina10.com\/web\/wp-content\/uploads\/2023\/10\/WhatsApp-Image-2023-09-30-at-2.47.08-PM-2-450x300.jpeg 450w, https:\/\/pagina10.com\/web\/wp-content\/uploads\/2023\/10\/WhatsApp-Image-2023-09-30-at-2.47.08-PM-2.jpeg 1500w\" sizes=\"(max-width: 1024px) 100vw, 1024px\" \/>La Fundaci\u00f3n atiende de forma gratuita a cientos de personas<\/strong><\/h4>\n<p style=\"text-align: justify;\">En su sede f\u00edsica, la Fundaci\u00f3n recibe en promedio 300 personas al mes, ofreciendo un espacio incluyente y seguro donde se construyen espacios de reconciliaci\u00f3n, paz y justicia. Las exposiciones de la Fundaci\u00f3n incluyen elementos significativos como la estatuilla &#8220;Coraz\u00f3n Abierto&#8221; en homenaje a las mujeres buscadoras de sus familiares desaparecidos y fotograf\u00edas de familiares desaparecidos entregadas por organizaciones locales.<\/p>\n<p style=\"text-align: justify;\">Su programa pedag\u00f3gico se enfoca en la participaci\u00f3n de personas v\u00edctimas y no v\u00edctimas de zonas urbanas y rurales en Nari\u00f1o. Su accionar opera a trav\u00e9s de &#8220;espirales&#8221; que abordan la acci\u00f3n psicosocial, investigaci\u00f3n-creaci\u00f3n, pedagog\u00edas para la paz y comunicaciones (llamados espirales): Cada espiral contribuye a la construcci\u00f3n de la memoria hist\u00f3rica desde distintas perspectivas, fomentando la participaci\u00f3n activa de la comunidad.<\/p>\n<h4 style=\"text-align: justify;\"><strong>Una mirada al futuro de &#8216;Casa de la Memoria&#8217;<\/strong><\/h4>\n<p style=\"text-align: justify;\">La misi\u00f3n de la Fundaci\u00f3n es contribuir a la reconstrucci\u00f3n y fortalecimiento colectivo de la memoria hist\u00f3rica del conflicto armado. Por otro lado, su visi\u00f3n apunta a ser un referente a nivel regional y nacional, promoviendo el conocimiento sobre la realidad y memoria de las v\u00edctimas, guiados por principios que gu\u00eden su labor: solidaridad, igualdad, altruismo, y neutralidad.<\/p>\n<h4 style=\"text-align: center;\">La Fundaci\u00f3n &#8216;Casa de la Memoria de Nari\u00f1o&#8217; se erige como un actor clave en la reconstrucci\u00f3n del tejido social y la construcci\u00f3n de paz, utilizando la memoria hist\u00f3rica como herramienta para la reparaci\u00f3n integral y la no repetici\u00f3n.<\/h4>\n<div id='gallery-1' class='gallery galleryid-69096 gallery-columns-2 gallery-size-full'><figure class='gallery-item'>\n\t\t\t<div class='gallery-icon landscape'>\n\t\t\t\t<a href='https:\/\/pagina10.com\/web\/casa-de-la-memoria-de-narino-la-fundacion-que-construye-paz-a-traves-de-la-memoria-historica\/whatsapp-image-2023-09-30-at-2-47-08-pm-1\/'><img decoding=\"async\" width=\"1500\" height=\"1000\" src=\"https:\/\/pagina10.com\/web\/wp-content\/uploads\/2023\/10\/WhatsApp-Image-2023-09-30-at-2.47.08-PM-1.jpeg\" class=\"attachment-full size-full\" alt=\"\" srcset=\"https:\/\/pagina10.com\/web\/wp-content\/uploads\/2023\/10\/WhatsApp-Image-2023-09-30-at-2.47.08-PM-1.jpeg 1500w, https:\/\/pagina10.com\/web\/wp-content\/uploads\/2023\/10\/WhatsApp-Image-2023-09-30-at-2.47.08-PM-1-300x200.jpeg 300w, https:\/\/pagina10.com\/web\/wp-content\/uploads\/2023\/10\/WhatsApp-Image-2023-09-30-at-2.47.08-PM-1-1024x683.jpeg 1024w, https:\/\/pagina10.com\/web\/wp-content\/uploads\/2023\/10\/WhatsApp-Image-2023-09-30-at-2.47.08-PM-1-768x512.jpeg 768w, https:\/\/pagina10.com\/web\/wp-content\/uploads\/2023\/10\/WhatsApp-Image-2023-09-30-at-2.47.08-PM-1-450x300.jpeg 450w\" sizes=\"(max-width: 1500px) 100vw, 1500px\" \/><\/a>\n\t\t\t<\/div><\/figure><figure class='gallery-item'>\n\t\t\t<div class='gallery-icon landscape'>\n\t\t\t\t<a href='https:\/\/pagina10.com\/web\/casa-de-la-memoria-de-narino-la-fundacion-que-construye-paz-a-traves-de-la-memoria-historica\/whatsapp-image-2023-09-30-at-2-47-08-pm\/'><img decoding=\"async\" width=\"1500\" height=\"1000\" src=\"https:\/\/pagina10.com\/web\/wp-content\/uploads\/2023\/10\/WhatsApp-Image-2023-09-30-at-2.47.08-PM.jpeg\" class=\"attachment-full size-full\" alt=\"\" srcset=\"https:\/\/pagina10.com\/web\/wp-content\/uploads\/2023\/10\/WhatsApp-Image-2023-09-30-at-2.47.08-PM.jpeg 1500w, https:\/\/pagina10.com\/web\/wp-content\/uploads\/2023\/10\/WhatsApp-Image-2023-09-30-at-2.47.08-PM-300x200.jpeg 300w, https:\/\/pagina10.com\/web\/wp-content\/uploads\/2023\/10\/WhatsApp-Image-2023-09-30-at-2.47.08-PM-1024x683.jpeg 1024w, https:\/\/pagina10.com\/web\/wp-content\/uploads\/2023\/10\/WhatsApp-Image-2023-09-30-at-2.47.08-PM-768x512.jpeg 768w, https:\/\/pagina10.com\/web\/wp-content\/uploads\/2023\/10\/WhatsApp-Image-2023-09-30-at-2.47.08-PM-450x300.jpeg 450w\" sizes=\"(max-width: 1500px) 100vw, 1500px\" \/><\/a>\n\t\t\t<\/div><\/figure>\n\t\t<\/div>\n\n","protected":false},"excerpt":{"rendered":"<p>La Fundaci\u00f3n Casa de la Memoria de Nari\u00f1o, una organizaci\u00f3n civil sin \u00e1nimo de lucro con sede en la ciudad de Pasto, ha venido desempe\u00f1ando un papel fundamental en la reconstrucci\u00f3n y fortalecimiento colectivo de la memoria hist\u00f3rica del conflicto armado en el departamento de Nari\u00f1o. Con 5 a\u00f1os de intervenci\u00f3n comunitaria, \u2018Casa de la [&hellip;]<\/p>\n","protected":false},"author":1,"featured_media":69092,"comment_status":"open","ping_status":"open","sticky":false,"template":"","format":"standard","meta":{"footnotes":""},"categories":[84],"tags":[],"class_list":["post-69096","post","type-post","status-publish","format-standard","has-post-thumbnail","hentry","category-global-2"],"yoast_head":"<!-- This site is optimized with the Yoast SEO plugin v27.1.1 - https:\/\/yoast.com\/product\/yoast-seo-wordpress\/ -->\n<title>\u2018Casa de la Memoria de Nari\u00f1o\u2019: la fundaci\u00f3n que construye paz a trav\u00e9s de la memoria hist\u00f3rica | P\u00e1gina10<\/title>\n<meta name=\"robots\" content=\"index, follow, max-snippet:-1, max-image-preview:large, max-video-preview:-1\" \/>\n<link rel=\"canonical\" href=\"https:\/\/pagina10.com\/web\/casa-de-la-memoria-de-narino-la-fundacion-que-construye-paz-a-traves-de-la-memoria-historica\/\" \/>\n<meta property=\"og:locale\" content=\"es_ES\" \/>\n<meta property=\"og:type\" content=\"article\" \/>\n<meta property=\"og:title\" content=\"\u2018Casa de la Memoria de Nari\u00f1o\u2019: la fundaci\u00f3n que construye paz a trav\u00e9s de la memoria hist\u00f3rica | P\u00e1gina10\" \/>\n<meta property=\"og:description\" content=\"La Fundaci\u00f3n Casa de la Memoria de Nari\u00f1o, una organizaci\u00f3n civil sin \u00e1nimo de lucro con sede en la ciudad de Pasto, ha venido desempe\u00f1ando un papel fundamental en la reconstrucci\u00f3n y fortalecimiento colectivo de la memoria hist\u00f3rica del conflicto armado en el departamento de Nari\u00f1o. Con 5 a\u00f1os de intervenci\u00f3n comunitaria, \u2018Casa de la [&hellip;]\" \/>\n<meta property=\"og:url\" content=\"https:\/\/pagina10.com\/web\/casa-de-la-memoria-de-narino-la-fundacion-que-construye-paz-a-traves-de-la-memoria-historica\/\" \/>\n<meta property=\"og:site_name\" content=\"P\u00e1gina10\" \/>\n<meta property=\"article:publisher\" content=\"https:\/\/www.facebook.com\/pag10com\" \/>\n<meta property=\"article:published_time\" content=\"2023-10-01T15:30:29+00:00\" \/>\n<meta property=\"article:modified_time\" content=\"2023-10-01T15:34:53+00:00\" \/>\n<meta property=\"og:image\" content=\"https:\/\/pagina10.com\/web\/wp-content\/uploads\/2023\/10\/WhatsApp-Image-2023-09-30-at-2.47.09-PM.jpeg\" \/>\n\t<meta property=\"og:image:width\" content=\"1500\" \/>\n\t<meta property=\"og:image:height\" content=\"1000\" \/>\n\t<meta property=\"og:image:type\" content=\"image\/jpeg\" \/>\n<meta name=\"author\" content=\"P\u00e1gina 10\" \/>\n<meta name=\"twitter:card\" content=\"summary_large_image\" \/>\n<meta name=\"twitter:creator\" content=\"@Pag10com\" \/>\n<meta name=\"twitter:site\" content=\"@Pag10com\" \/>\n<meta name=\"twitter:label1\" content=\"Escrito por\" \/>\n\t<meta name=\"twitter:data1\" content=\"P\u00e1gina 10\" \/>\n\t<meta name=\"twitter:label2\" content=\"Tiempo de lectura\" \/>\n\t<meta name=\"twitter:data2\" content=\"3 minutos\" \/>\n<script type=\"application\/ld+json\" class=\"yoast-schema-graph\">{\"@context\":\"https:\/\/schema.org\",\"@graph\":[{\"@type\":\"Article\",\"@id\":\"https:\/\/pagina10.com\/web\/casa-de-la-memoria-de-narino-la-fundacion-que-construye-paz-a-traves-de-la-memoria-historica\/#article\",\"isPartOf\":{\"@id\":\"https:\/\/pagina10.com\/web\/casa-de-la-memoria-de-narino-la-fundacion-que-construye-paz-a-traves-de-la-memoria-historica\/\"},\"author\":{\"name\":\"P\u00e1gina 10\",\"@id\":\"https:\/\/pagina10.com\/web\/#\/schema\/person\/2efc4a090d25b667d3bc796798a3a81b\"},\"headline\":\"\u2018Casa de la Memoria de Nari\u00f1o\u2019: la fundaci\u00f3n que construye paz a trav\u00e9s de la memoria hist\u00f3rica\",\"datePublished\":\"2023-10-01T15:30:29+00:00\",\"dateModified\":\"2023-10-01T15:34:53+00:00\",\"mainEntityOfPage\":{\"@id\":\"https:\/\/pagina10.com\/web\/casa-de-la-memoria-de-narino-la-fundacion-que-construye-paz-a-traves-de-la-memoria-historica\/\"},\"wordCount\":586,\"commentCount\":0,\"publisher\":{\"@id\":\"https:\/\/pagina10.com\/web\/#organization\"},\"image\":{\"@id\":\"https:\/\/pagina10.com\/web\/casa-de-la-memoria-de-narino-la-fundacion-que-construye-paz-a-traves-de-la-memoria-historica\/#primaryimage\"},\"thumbnailUrl\":\"https:\/\/pagina10.com\/web\/wp-content\/uploads\/2023\/10\/WhatsApp-Image-2023-09-30-at-2.47.09-PM.jpeg\",\"articleSection\":[\"Global\"],\"inLanguage\":\"es\",\"potentialAction\":[{\"@type\":\"CommentAction\",\"name\":\"Comment\",\"target\":[\"https:\/\/pagina10.com\/web\/casa-de-la-memoria-de-narino-la-fundacion-que-construye-paz-a-traves-de-la-memoria-historica\/#respond\"]}]},{\"@type\":\"WebPage\",\"@id\":\"https:\/\/pagina10.com\/web\/casa-de-la-memoria-de-narino-la-fundacion-que-construye-paz-a-traves-de-la-memoria-historica\/\",\"url\":\"https:\/\/pagina10.com\/web\/casa-de-la-memoria-de-narino-la-fundacion-que-construye-paz-a-traves-de-la-memoria-historica\/\",\"name\":\"\u2018Casa de la Memoria de Nari\u00f1o\u2019: la fundaci\u00f3n que construye paz a trav\u00e9s de la memoria hist\u00f3rica | P\u00e1gina10\",\"isPartOf\":{\"@id\":\"https:\/\/pagina10.com\/web\/#website\"},\"primaryImageOfPage\":{\"@id\":\"https:\/\/pagina10.com\/web\/casa-de-la-memoria-de-narino-la-fundacion-que-construye-paz-a-traves-de-la-memoria-historica\/#primaryimage\"},\"image\":{\"@id\":\"https:\/\/pagina10.com\/web\/casa-de-la-memoria-de-narino-la-fundacion-que-construye-paz-a-traves-de-la-memoria-historica\/#primaryimage\"},\"thumbnailUrl\":\"https:\/\/pagina10.com\/web\/wp-content\/uploads\/2023\/10\/WhatsApp-Image-2023-09-30-at-2.47.09-PM.jpeg\",\"datePublished\":\"2023-10-01T15:30:29+00:00\",\"dateModified\":\"2023-10-01T15:34:53+00:00\",\"breadcrumb\":{\"@id\":\"https:\/\/pagina10.com\/web\/casa-de-la-memoria-de-narino-la-fundacion-que-construye-paz-a-traves-de-la-memoria-historica\/#breadcrumb\"},\"inLanguage\":\"es\",\"potentialAction\":[{\"@type\":\"ReadAction\",\"target\":[\"https:\/\/pagina10.com\/web\/casa-de-la-memoria-de-narino-la-fundacion-que-construye-paz-a-traves-de-la-memoria-historica\/\"]}]},{\"@type\":\"ImageObject\",\"inLanguage\":\"es\",\"@id\":\"https:\/\/pagina10.com\/web\/casa-de-la-memoria-de-narino-la-fundacion-que-construye-paz-a-traves-de-la-memoria-historica\/#primaryimage\",\"url\":\"https:\/\/pagina10.com\/web\/wp-content\/uploads\/2023\/10\/WhatsApp-Image-2023-09-30-at-2.47.09-PM.jpeg\",\"contentUrl\":\"https:\/\/pagina10.com\/web\/wp-content\/uploads\/2023\/10\/WhatsApp-Image-2023-09-30-at-2.47.09-PM.jpeg\",\"width\":1500,\"height\":1000},{\"@type\":\"BreadcrumbList\",\"@id\":\"https:\/\/pagina10.com\/web\/casa-de-la-memoria-de-narino-la-fundacion-que-construye-paz-a-traves-de-la-memoria-historica\/#breadcrumb\",\"itemListElement\":[{\"@type\":\"ListItem\",\"position\":1,\"name\":\"Portada\",\"item\":\"https:\/\/pagina10.com\/web\/\"},{\"@type\":\"ListItem\",\"position\":2,\"name\":\"\u2018Casa de la Memoria de Nari\u00f1o\u2019: la fundaci\u00f3n que construye paz a trav\u00e9s de la memoria hist\u00f3rica\"}]},{\"@type\":\"WebSite\",\"@id\":\"https:\/\/pagina10.com\/web\/#website\",\"url\":\"https:\/\/pagina10.com\/web\/\",\"name\":\"P\u00e1gina10\",\"description\":\"Peri\u00f3dico Regional\",\"publisher\":{\"@id\":\"https:\/\/pagina10.com\/web\/#organization\"},\"alternateName\":\"P\u00e1gina10 Peri\u00f3dico Regional\",\"potentialAction\":[{\"@type\":\"SearchAction\",\"target\":{\"@type\":\"EntryPoint\",\"urlTemplate\":\"https:\/\/pagina10.com\/web\/?s={search_term_string}\"},\"query-input\":{\"@type\":\"PropertyValueSpecification\",\"valueRequired\":true,\"valueName\":\"search_term_string\"}}],\"inLanguage\":\"es\"},{\"@type\":\"Organization\",\"@id\":\"https:\/\/pagina10.com\/web\/#organization\",\"name\":\"P\u00e1gina10\",\"alternateName\":\"P\u00e1gina10 Peri\u00f3dico Regional\",\"url\":\"https:\/\/pagina10.com\/web\/\",\"logo\":{\"@type\":\"ImageObject\",\"inLanguage\":\"es\",\"@id\":\"https:\/\/pagina10.com\/web\/#\/schema\/logo\/image\/\",\"url\":\"https:\/\/pagina10.com\/web\/wp-content\/uploads\/2024\/01\/40-pagina-10-periodico-regional-pasto.jpg\",\"contentUrl\":\"https:\/\/pagina10.com\/web\/wp-content\/uploads\/2024\/01\/40-pagina-10-periodico-regional-pasto.jpg\",\"width\":1280,\"height\":720,\"caption\":\"P\u00e1gina10\"},\"image\":{\"@id\":\"https:\/\/pagina10.com\/web\/#\/schema\/logo\/image\/\"},\"sameAs\":[\"https:\/\/www.facebook.com\/pag10com\",\"https:\/\/x.com\/Pag10com\",\"https:\/\/www.instagram.com\/pagina10col\/\",\"https:\/\/youtube.com\/channel\/pag10\",\"https:\/\/www.tiktok.com\/@p10col\"]},{\"@type\":\"Person\",\"@id\":\"https:\/\/pagina10.com\/web\/#\/schema\/person\/2efc4a090d25b667d3bc796798a3a81b\",\"name\":\"P\u00e1gina 10\",\"description\":\"P\u00e1gina 10 es un peri\u00f3dico regional que nace en Colombia, en el departamento de Nari\u00f1o, con un enfoque global, fundamentado en cuatro pilares esenciales: la libertad, el pluralismo, la inclusi\u00f3n y la independencia. P\u00e1gina 10 hace referencia a Nari\u00f1o como el d\u00e9cimo departamento creado en Colombia, despu\u00e9s de un proceso pol\u00edtico liderado por actores y actrices regionales con el fin de obtener la independencia y autonom\u00eda de nuestros territorios. Con la creaci\u00f3n de P\u00e1gina 10 se pretende abrir un escenario para el dialogo, la reflexi\u00f3n y el debate que se extienda a otras geograf\u00edas de Am\u00e9rica Latina y del planeta, en una apuesta por transformar colectivamente los desaf\u00edos de un mundo contempor\u00e1neo, m\u00e1s all\u00e1 de las fronteras impuestas.\",\"url\":\"https:\/\/pagina10.com\/web\/author\/pdiezadmin\/\"}]}<\/script>\n<!-- \/ Yoast SEO plugin. -->","yoast_head_json":{"title":"\u2018Casa de la Memoria de Nari\u00f1o\u2019: la fundaci\u00f3n que construye paz a trav\u00e9s de la memoria hist\u00f3rica | P\u00e1gina10","robots":{"index":"index","follow":"follow","max-snippet":"max-snippet:-1","max-image-preview":"max-image-preview:large","max-video-preview":"max-video-preview:-1"},"canonical":"https:\/\/pagina10.com\/web\/casa-de-la-memoria-de-narino-la-fundacion-que-construye-paz-a-traves-de-la-memoria-historica\/","og_locale":"es_ES","og_type":"article","og_title":"\u2018Casa de la Memoria de Nari\u00f1o\u2019: la fundaci\u00f3n que construye paz a trav\u00e9s de la memoria hist\u00f3rica | P\u00e1gina10","og_description":"La Fundaci\u00f3n Casa de la Memoria de Nari\u00f1o, una organizaci\u00f3n civil sin \u00e1nimo de lucro con sede en la ciudad de Pasto, ha venido desempe\u00f1ando un papel fundamental en la reconstrucci\u00f3n y fortalecimiento colectivo de la memoria hist\u00f3rica del conflicto armado en el departamento de Nari\u00f1o. Con 5 a\u00f1os de intervenci\u00f3n comunitaria, \u2018Casa de la [&hellip;]","og_url":"https:\/\/pagina10.com\/web\/casa-de-la-memoria-de-narino-la-fundacion-que-construye-paz-a-traves-de-la-memoria-historica\/","og_site_name":"P\u00e1gina10","article_publisher":"https:\/\/www.facebook.com\/pag10com","article_published_time":"2023-10-01T15:30:29+00:00","article_modified_time":"2023-10-01T15:34:53+00:00","og_image":[{"width":1500,"height":1000,"url":"https:\/\/pagina10.com\/web\/wp-content\/uploads\/2023\/10\/WhatsApp-Image-2023-09-30-at-2.47.09-PM.jpeg","type":"image\/jpeg"}],"author":"P\u00e1gina 10","twitter_card":"summary_large_image","twitter_creator":"@Pag10com","twitter_site":"@Pag10com","twitter_misc":{"Escrito por":"P\u00e1gina 10","Tiempo de lectura":"3 minutos"},"schema":{"@context":"https:\/\/schema.org","@graph":[{"@type":"Article","@id":"https:\/\/pagina10.com\/web\/casa-de-la-memoria-de-narino-la-fundacion-que-construye-paz-a-traves-de-la-memoria-historica\/#article","isPartOf":{"@id":"https:\/\/pagina10.com\/web\/casa-de-la-memoria-de-narino-la-fundacion-que-construye-paz-a-traves-de-la-memoria-historica\/"},"author":{"name":"P\u00e1gina 10","@id":"https:\/\/pagina10.com\/web\/#\/schema\/person\/2efc4a090d25b667d3bc796798a3a81b"},"headline":"\u2018Casa de la Memoria de Nari\u00f1o\u2019: la fundaci\u00f3n que construye paz a trav\u00e9s de la memoria hist\u00f3rica","datePublished":"2023-10-01T15:30:29+00:00","dateModified":"2023-10-01T15:34:53+00:00","mainEntityOfPage":{"@id":"https:\/\/pagina10.com\/web\/casa-de-la-memoria-de-narino-la-fundacion-que-construye-paz-a-traves-de-la-memoria-historica\/"},"wordCount":586,"commentCount":0,"publisher":{"@id":"https:\/\/pagina10.com\/web\/#organization"},"image":{"@id":"https:\/\/pagina10.com\/web\/casa-de-la-memoria-de-narino-la-fundacion-que-construye-paz-a-traves-de-la-memoria-historica\/#primaryimage"},"thumbnailUrl":"https:\/\/pagina10.com\/web\/wp-content\/uploads\/2023\/10\/WhatsApp-Image-2023-09-30-at-2.47.09-PM.jpeg","articleSection":["Global"],"inLanguage":"es","potentialAction":[{"@type":"CommentAction","name":"Comment","target":["https:\/\/pagina10.com\/web\/casa-de-la-memoria-de-narino-la-fundacion-que-construye-paz-a-traves-de-la-memoria-historica\/#respond"]}]},{"@type":"WebPage","@id":"https:\/\/pagina10.com\/web\/casa-de-la-memoria-de-narino-la-fundacion-que-construye-paz-a-traves-de-la-memoria-historica\/","url":"https:\/\/pagina10.com\/web\/casa-de-la-memoria-de-narino-la-fundacion-que-construye-paz-a-traves-de-la-memoria-historica\/","name":"\u2018Casa de la Memoria de Nari\u00f1o\u2019: la fundaci\u00f3n que construye paz a trav\u00e9s de la memoria hist\u00f3rica | P\u00e1gina10","isPartOf":{"@id":"https:\/\/pagina10.com\/web\/#website"},"primaryImageOfPage":{"@id":"https:\/\/pagina10.com\/web\/casa-de-la-memoria-de-narino-la-fundacion-que-construye-paz-a-traves-de-la-memoria-historica\/#primaryimage"},"image":{"@id":"https:\/\/pagina10.com\/web\/casa-de-la-memoria-de-narino-la-fundacion-que-construye-paz-a-traves-de-la-memoria-historica\/#primaryimage"},"thumbnailUrl":"https:\/\/pagina10.com\/web\/wp-content\/uploads\/2023\/10\/WhatsApp-Image-2023-09-30-at-2.47.09-PM.jpeg","datePublished":"2023-10-01T15:30:29+00:00","dateModified":"2023-10-01T15:34:53+00:00","breadcrumb":{"@id":"https:\/\/pagina10.com\/web\/casa-de-la-memoria-de-narino-la-fundacion-que-construye-paz-a-traves-de-la-memoria-historica\/#breadcrumb"},"inLanguage":"es","potentialAction":[{"@type":"ReadAction","target":["https:\/\/pagina10.com\/web\/casa-de-la-memoria-de-narino-la-fundacion-que-construye-paz-a-traves-de-la-memoria-historica\/"]}]},{"@type":"ImageObject","inLanguage":"es","@id":"https:\/\/pagina10.com\/web\/casa-de-la-memoria-de-narino-la-fundacion-que-construye-paz-a-traves-de-la-memoria-historica\/#primaryimage","url":"https:\/\/pagina10.com\/web\/wp-content\/uploads\/2023\/10\/WhatsApp-Image-2023-09-30-at-2.47.09-PM.jpeg","contentUrl":"https:\/\/pagina10.com\/web\/wp-content\/uploads\/2023\/10\/WhatsApp-Image-2023-09-30-at-2.47.09-PM.jpeg","width":1500,"height":1000},{"@type":"BreadcrumbList","@id":"https:\/\/pagina10.com\/web\/casa-de-la-memoria-de-narino-la-fundacion-que-construye-paz-a-traves-de-la-memoria-historica\/#breadcrumb","itemListElement":[{"@type":"ListItem","position":1,"name":"Portada","item":"https:\/\/pagina10.com\/web\/"},{"@type":"ListItem","position":2,"name":"\u2018Casa de la Memoria de Nari\u00f1o\u2019: la fundaci\u00f3n que construye paz a trav\u00e9s de la memoria hist\u00f3rica"}]},{"@type":"WebSite","@id":"https:\/\/pagina10.com\/web\/#website","url":"https:\/\/pagina10.com\/web\/","name":"P\u00e1gina10","description":"Peri\u00f3dico Regional","publisher":{"@id":"https:\/\/pagina10.com\/web\/#organization"},"alternateName":"P\u00e1gina10 Peri\u00f3dico Regional","potentialAction":[{"@type":"SearchAction","target":{"@type":"EntryPoint","urlTemplate":"https:\/\/pagina10.com\/web\/?s={search_term_string}"},"query-input":{"@type":"PropertyValueSpecification","valueRequired":true,"valueName":"search_term_string"}}],"inLanguage":"es"},{"@type":"Organization","@id":"https:\/\/pagina10.com\/web\/#organization","name":"P\u00e1gina10","alternateName":"P\u00e1gina10 Peri\u00f3dico Regional","url":"https:\/\/pagina10.com\/web\/","logo":{"@type":"ImageObject","inLanguage":"es","@id":"https:\/\/pagina10.com\/web\/#\/schema\/logo\/image\/","url":"https:\/\/pagina10.com\/web\/wp-content\/uploads\/2024\/01\/40-pagina-10-periodico-regional-pasto.jpg","contentUrl":"https:\/\/pagina10.com\/web\/wp-content\/uploads\/2024\/01\/40-pagina-10-periodico-regional-pasto.jpg","width":1280,"height":720,"caption":"P\u00e1gina10"},"image":{"@id":"https:\/\/pagina10.com\/web\/#\/schema\/logo\/image\/"},"sameAs":["https:\/\/www.facebook.com\/pag10com","https:\/\/x.com\/Pag10com","https:\/\/www.instagram.com\/pagina10col\/","https:\/\/youtube.com\/channel\/pag10","https:\/\/www.tiktok.com\/@p10col"]},{"@type":"Person","@id":"https:\/\/pagina10.com\/web\/#\/schema\/person\/2efc4a090d25b667d3bc796798a3a81b","name":"P\u00e1gina 10","description":"P\u00e1gina 10 es un peri\u00f3dico regional que nace en Colombia, en el departamento de Nari\u00f1o, con un enfoque global, fundamentado en cuatro pilares esenciales: la libertad, el pluralismo, la inclusi\u00f3n y la independencia. P\u00e1gina 10 hace referencia a Nari\u00f1o como el d\u00e9cimo departamento creado en Colombia, despu\u00e9s de un proceso pol\u00edtico liderado por actores y actrices regionales con el fin de obtener la independencia y autonom\u00eda de nuestros territorios. Con la creaci\u00f3n de P\u00e1gina 10 se pretende abrir un escenario para el dialogo, la reflexi\u00f3n y el debate que se extienda a otras geograf\u00edas de Am\u00e9rica Latina y del planeta, en una apuesta por transformar colectivamente los desaf\u00edos de un mundo contempor\u00e1neo, m\u00e1s all\u00e1 de las fronteras impuestas.","url":"https:\/\/pagina10.com\/web\/author\/pdiezadmin\/"}]}},"_links":{"self":[{"href":"https:\/\/pagina10.com\/web\/wp-json\/wp\/v2\/posts\/69096","targetHints":{"allow":["GET"]}}],"collection":[{"href":"https:\/\/pagina10.com\/web\/wp-json\/wp\/v2\/posts"}],"about":[{"href":"https:\/\/pagina10.com\/web\/wp-json\/wp\/v2\/types\/post"}],"author":[{"embeddable":true,"href":"https:\/\/pagina10.com\/web\/wp-json\/wp\/v2\/users\/1"}],"replies":[{"embeddable":true,"href":"https:\/\/pagina10.com\/web\/wp-json\/wp\/v2\/comments?post=69096"}],"version-history":[{"count":5,"href":"https:\/\/pagina10.com\/web\/wp-json\/wp\/v2\/posts\/69096\/revisions"}],"predecessor-version":[{"id":69103,"href":"https:\/\/pagina10.com\/web\/wp-json\/wp\/v2\/posts\/69096\/revisions\/69103"}],"wp:featuredmedia":[{"embeddable":true,"href":"https:\/\/pagina10.com\/web\/wp-json\/wp\/v2\/media\/69092"}],"wp:attachment":[{"href":"https:\/\/pagina10.com\/web\/wp-json\/wp\/v2\/media?parent=69096"}],"wp:term":[{"taxonomy":"category","embeddable":true,"href":"https:\/\/pagina10.com\/web\/wp-json\/wp\/v2\/categories?post=69096"},{"taxonomy":"post_tag","embeddable":true,"href":"https:\/\/pagina10.com\/web\/wp-json\/wp\/v2\/tags?post=69096"}],"curies":[{"name":"wp","href":"https:\/\/api.w.org\/{rel}","templated":true}]}}