{"id":69127,"date":"2023-10-02T11:43:52","date_gmt":"2023-10-02T16:43:52","guid":{"rendered":"https:\/\/pagina10.com\/web\/?p=69127"},"modified":"2023-10-02T11:43:52","modified_gmt":"2023-10-02T16:43:52","slug":"gobiernos-de-colombia-y-venezuela-reabriran-el-puente-internacional-la-union","status":"publish","type":"post","link":"https:\/\/pagina10.com\/web\/gobiernos-de-colombia-y-venezuela-reabriran-el-puente-internacional-la-union\/","title":{"rendered":"Gobiernos de Colombia y Venezuela reabrir\u00e1n el puente internacional La Uni\u00f3n"},"content":{"rendered":"<p style=\"text-align: justify;\">Con el fin de fortalecer relaciones entre Colombia y Venezuela y en el marco de la conmemoraci\u00f3n del primer a\u00f1o del restablecimiento de las relaciones bilaterales entre los dos paises, se anunci\u00f3 la reapertura del Puente Internacional La Uni\u00f3n, que conecta Puerto Santander (Colombia) con Garc\u00eda de Hevia (Estado T\u00e1chira, Venezuela). Esta medida permitir\u00e1 el paso de veh\u00edculos particulares de pasajeros y transporte de carga.<\/p>\n<p style=\"text-align: justify;\">El anuncio fue realizado por la vicepresidenta de Venezuela, Delcy Rodr\u00edguez, y el ministro de Comercio, Industria y Turismo de Colombia, Germ\u00e1n Uma\u00f1a Mendoza. La reapertura del puente se suma a otras medidas, como la apertura de pasos fronterizos en Boca de Grita y Arauca para veh\u00edculos de carga.<\/p>\n<p style=\"text-align: justify;\">En la misma celebraci\u00f3n, se anunci\u00f3 la ampliaci\u00f3n de horarios para el paso de carga en los puentes Sim\u00f3n Bol\u00edvar, Francisco de Paula Santander y Atanasio Girardot.<\/p>\n","protected":false},"excerpt":{"rendered":"<p>Con el fin de fortalecer relaciones entre Colombia y Venezuela y en el marco de la conmemoraci\u00f3n del primer a\u00f1o del restablecimiento de las relaciones bilaterales entre los dos paises, se anunci\u00f3 la reapertura del Puente Internacional La Uni\u00f3n, que conecta Puerto Santander (Colombia) con Garc\u00eda de Hevia (Estado T\u00e1chira, Venezuela). Esta medida permitir\u00e1 el [&hellip;]<\/p>\n","protected":false},"author":1,"featured_media":69128,"comment_status":"open","ping_status":"open","sticky":false,"template":"","format":"standard","meta":{"footnotes":""},"categories":[84],"tags":[],"class_list":["post-69127","post","type-post","status-publish","format-standard","has-post-thumbnail","hentry","category-global-2"],"yoast_head":"<!-- This site is optimized with the Yoast SEO plugin v27.1.1 - https:\/\/yoast.com\/product\/yoast-seo-wordpress\/ -->\n<title>Gobiernos de Colombia y Venezuela reabrir\u00e1n el puente internacional La Uni\u00f3n | P\u00e1gina10<\/title>\n<meta name=\"robots\" content=\"index, follow, max-snippet:-1, max-image-preview:large, max-video-preview:-1\" \/>\n<link rel=\"canonical\" href=\"https:\/\/pagina10.com\/web\/gobiernos-de-colombia-y-venezuela-reabriran-el-puente-internacional-la-union\/\" \/>\n<meta property=\"og:locale\" content=\"es_ES\" \/>\n<meta property=\"og:type\" content=\"article\" \/>\n<meta property=\"og:title\" content=\"Gobiernos de Colombia y Venezuela reabrir\u00e1n el puente internacional La Uni\u00f3n | P\u00e1gina10\" \/>\n<meta property=\"og:description\" content=\"Con el fin de fortalecer relaciones entre Colombia y Venezuela y en el marco de la conmemoraci\u00f3n del primer a\u00f1o del restablecimiento de las relaciones bilaterales entre los dos paises, se anunci\u00f3 la reapertura del Puente Internacional La Uni\u00f3n, que conecta Puerto Santander (Colombia) con Garc\u00eda de Hevia (Estado T\u00e1chira, Venezuela). Esta medida permitir\u00e1 el [&hellip;]\" \/>\n<meta property=\"og:url\" content=\"https:\/\/pagina10.com\/web\/gobiernos-de-colombia-y-venezuela-reabriran-el-puente-internacional-la-union\/\" \/>\n<meta property=\"og:site_name\" content=\"P\u00e1gina10\" \/>\n<meta property=\"article:publisher\" content=\"https:\/\/www.facebook.com\/pag10com\" \/>\n<meta property=\"article:published_time\" content=\"2023-10-02T16:43:52+00:00\" \/>\n<meta property=\"og:image\" content=\"https:\/\/pagina10.com\/web\/wp-content\/uploads\/2023\/10\/220926-07-Reapertura-frontera-Colombo-Venezolana-1280.jpg\" \/>\n\t<meta property=\"og:image:width\" content=\"1280\" \/>\n\t<meta property=\"og:image:height\" content=\"720\" \/>\n\t<meta property=\"og:image:type\" content=\"image\/jpeg\" \/>\n<meta name=\"author\" content=\"P\u00e1gina 10\" \/>\n<meta name=\"twitter:card\" content=\"summary_large_image\" \/>\n<meta name=\"twitter:creator\" content=\"@Pag10com\" \/>\n<meta name=\"twitter:site\" content=\"@Pag10com\" \/>\n<meta name=\"twitter:label1\" content=\"Escrito por\" \/>\n\t<meta name=\"twitter:data1\" content=\"P\u00e1gina 10\" \/>\n\t<meta name=\"twitter:label2\" content=\"Tiempo de lectura\" \/>\n\t<meta name=\"twitter:data2\" content=\"1 minuto\" \/>\n<script type=\"application\/ld+json\" class=\"yoast-schema-graph\">{\"@context\":\"https:\/\/schema.org\",\"@graph\":[{\"@type\":\"Article\",\"@id\":\"https:\/\/pagina10.com\/web\/gobiernos-de-colombia-y-venezuela-reabriran-el-puente-internacional-la-union\/#article\",\"isPartOf\":{\"@id\":\"https:\/\/pagina10.com\/web\/gobiernos-de-colombia-y-venezuela-reabriran-el-puente-internacional-la-union\/\"},\"author\":{\"name\":\"P\u00e1gina 10\",\"@id\":\"https:\/\/pagina10.com\/web\/#\/schema\/person\/2efc4a090d25b667d3bc796798a3a81b\"},\"headline\":\"Gobiernos de Colombia y Venezuela reabrir\u00e1n el puente internacional La Uni\u00f3n\",\"datePublished\":\"2023-10-02T16:43:52+00:00\",\"mainEntityOfPage\":{\"@id\":\"https:\/\/pagina10.com\/web\/gobiernos-de-colombia-y-venezuela-reabriran-el-puente-internacional-la-union\/\"},\"wordCount\":168,\"commentCount\":0,\"publisher\":{\"@id\":\"https:\/\/pagina10.com\/web\/#organization\"},\"image\":{\"@id\":\"https:\/\/pagina10.com\/web\/gobiernos-de-colombia-y-venezuela-reabriran-el-puente-internacional-la-union\/#primaryimage\"},\"thumbnailUrl\":\"https:\/\/pagina10.com\/web\/wp-content\/uploads\/2023\/10\/220926-07-Reapertura-frontera-Colombo-Venezolana-1280.jpg\",\"articleSection\":[\"Global\"],\"inLanguage\":\"es\",\"potentialAction\":[{\"@type\":\"CommentAction\",\"name\":\"Comment\",\"target\":[\"https:\/\/pagina10.com\/web\/gobiernos-de-colombia-y-venezuela-reabriran-el-puente-internacional-la-union\/#respond\"]}]},{\"@type\":\"WebPage\",\"@id\":\"https:\/\/pagina10.com\/web\/gobiernos-de-colombia-y-venezuela-reabriran-el-puente-internacional-la-union\/\",\"url\":\"https:\/\/pagina10.com\/web\/gobiernos-de-colombia-y-venezuela-reabriran-el-puente-internacional-la-union\/\",\"name\":\"Gobiernos de Colombia y Venezuela reabrir\u00e1n el puente internacional La Uni\u00f3n | P\u00e1gina10\",\"isPartOf\":{\"@id\":\"https:\/\/pagina10.com\/web\/#website\"},\"primaryImageOfPage\":{\"@id\":\"https:\/\/pagina10.com\/web\/gobiernos-de-colombia-y-venezuela-reabriran-el-puente-internacional-la-union\/#primaryimage\"},\"image\":{\"@id\":\"https:\/\/pagina10.com\/web\/gobiernos-de-colombia-y-venezuela-reabriran-el-puente-internacional-la-union\/#primaryimage\"},\"thumbnailUrl\":\"https:\/\/pagina10.com\/web\/wp-content\/uploads\/2023\/10\/220926-07-Reapertura-frontera-Colombo-Venezolana-1280.jpg\",\"datePublished\":\"2023-10-02T16:43:52+00:00\",\"breadcrumb\":{\"@id\":\"https:\/\/pagina10.com\/web\/gobiernos-de-colombia-y-venezuela-reabriran-el-puente-internacional-la-union\/#breadcrumb\"},\"inLanguage\":\"es\",\"potentialAction\":[{\"@type\":\"ReadAction\",\"target\":[\"https:\/\/pagina10.com\/web\/gobiernos-de-colombia-y-venezuela-reabriran-el-puente-internacional-la-union\/\"]}]},{\"@type\":\"ImageObject\",\"inLanguage\":\"es\",\"@id\":\"https:\/\/pagina10.com\/web\/gobiernos-de-colombia-y-venezuela-reabriran-el-puente-internacional-la-union\/#primaryimage\",\"url\":\"https:\/\/pagina10.com\/web\/wp-content\/uploads\/2023\/10\/220926-07-Reapertura-frontera-Colombo-Venezolana-1280.jpg\",\"contentUrl\":\"https:\/\/pagina10.com\/web\/wp-content\/uploads\/2023\/10\/220926-07-Reapertura-frontera-Colombo-Venezolana-1280.jpg\",\"width\":1280,\"height\":720},{\"@type\":\"BreadcrumbList\",\"@id\":\"https:\/\/pagina10.com\/web\/gobiernos-de-colombia-y-venezuela-reabriran-el-puente-internacional-la-union\/#breadcrumb\",\"itemListElement\":[{\"@type\":\"ListItem\",\"position\":1,\"name\":\"Portada\",\"item\":\"https:\/\/pagina10.com\/web\/\"},{\"@type\":\"ListItem\",\"position\":2,\"name\":\"Gobiernos de Colombia y Venezuela reabrir\u00e1n el puente internacional La Uni\u00f3n\"}]},{\"@type\":\"WebSite\",\"@id\":\"https:\/\/pagina10.com\/web\/#website\",\"url\":\"https:\/\/pagina10.com\/web\/\",\"name\":\"P\u00e1gina10\",\"description\":\"Peri\u00f3dico Regional\",\"publisher\":{\"@id\":\"https:\/\/pagina10.com\/web\/#organization\"},\"alternateName\":\"P\u00e1gina10 Peri\u00f3dico Regional\",\"potentialAction\":[{\"@type\":\"SearchAction\",\"target\":{\"@type\":\"EntryPoint\",\"urlTemplate\":\"https:\/\/pagina10.com\/web\/?s={search_term_string}\"},\"query-input\":{\"@type\":\"PropertyValueSpecification\",\"valueRequired\":true,\"valueName\":\"search_term_string\"}}],\"inLanguage\":\"es\"},{\"@type\":\"Organization\",\"@id\":\"https:\/\/pagina10.com\/web\/#organization\",\"name\":\"P\u00e1gina10\",\"alternateName\":\"P\u00e1gina10 Peri\u00f3dico Regional\",\"url\":\"https:\/\/pagina10.com\/web\/\",\"logo\":{\"@type\":\"ImageObject\",\"inLanguage\":\"es\",\"@id\":\"https:\/\/pagina10.com\/web\/#\/schema\/logo\/image\/\",\"url\":\"https:\/\/pagina10.com\/web\/wp-content\/uploads\/2024\/01\/40-pagina-10-periodico-regional-pasto.jpg\",\"contentUrl\":\"https:\/\/pagina10.com\/web\/wp-content\/uploads\/2024\/01\/40-pagina-10-periodico-regional-pasto.jpg\",\"width\":1280,\"height\":720,\"caption\":\"P\u00e1gina10\"},\"image\":{\"@id\":\"https:\/\/pagina10.com\/web\/#\/schema\/logo\/image\/\"},\"sameAs\":[\"https:\/\/www.facebook.com\/pag10com\",\"https:\/\/x.com\/Pag10com\",\"https:\/\/www.instagram.com\/pagina10col\/\",\"https:\/\/youtube.com\/channel\/pag10\",\"https:\/\/www.tiktok.com\/@p10col\"]},{\"@type\":\"Person\",\"@id\":\"https:\/\/pagina10.com\/web\/#\/schema\/person\/2efc4a090d25b667d3bc796798a3a81b\",\"name\":\"P\u00e1gina 10\",\"description\":\"P\u00e1gina 10 es un peri\u00f3dico regional que nace en Colombia, en el departamento de Nari\u00f1o, con un enfoque global, fundamentado en cuatro pilares esenciales: la libertad, el pluralismo, la inclusi\u00f3n y la independencia. P\u00e1gina 10 hace referencia a Nari\u00f1o como el d\u00e9cimo departamento creado en Colombia, despu\u00e9s de un proceso pol\u00edtico liderado por actores y actrices regionales con el fin de obtener la independencia y autonom\u00eda de nuestros territorios. Con la creaci\u00f3n de P\u00e1gina 10 se pretende abrir un escenario para el dialogo, la reflexi\u00f3n y el debate que se extienda a otras geograf\u00edas de Am\u00e9rica Latina y del planeta, en una apuesta por transformar colectivamente los desaf\u00edos de un mundo contempor\u00e1neo, m\u00e1s all\u00e1 de las fronteras impuestas.\",\"url\":\"https:\/\/pagina10.com\/web\/author\/pdiezadmin\/\"}]}<\/script>\n<!-- \/ Yoast SEO plugin. -->","yoast_head_json":{"title":"Gobiernos de Colombia y Venezuela reabrir\u00e1n el puente internacional La Uni\u00f3n | P\u00e1gina10","robots":{"index":"index","follow":"follow","max-snippet":"max-snippet:-1","max-image-preview":"max-image-preview:large","max-video-preview":"max-video-preview:-1"},"canonical":"https:\/\/pagina10.com\/web\/gobiernos-de-colombia-y-venezuela-reabriran-el-puente-internacional-la-union\/","og_locale":"es_ES","og_type":"article","og_title":"Gobiernos de Colombia y Venezuela reabrir\u00e1n el puente internacional La Uni\u00f3n | P\u00e1gina10","og_description":"Con el fin de fortalecer relaciones entre Colombia y Venezuela y en el marco de la conmemoraci\u00f3n del primer a\u00f1o del restablecimiento de las relaciones bilaterales entre los dos paises, se anunci\u00f3 la reapertura del Puente Internacional La Uni\u00f3n, que conecta Puerto Santander (Colombia) con Garc\u00eda de Hevia (Estado T\u00e1chira, Venezuela). Esta medida permitir\u00e1 el [&hellip;]","og_url":"https:\/\/pagina10.com\/web\/gobiernos-de-colombia-y-venezuela-reabriran-el-puente-internacional-la-union\/","og_site_name":"P\u00e1gina10","article_publisher":"https:\/\/www.facebook.com\/pag10com","article_published_time":"2023-10-02T16:43:52+00:00","og_image":[{"width":1280,"height":720,"url":"https:\/\/pagina10.com\/web\/wp-content\/uploads\/2023\/10\/220926-07-Reapertura-frontera-Colombo-Venezolana-1280.jpg","type":"image\/jpeg"}],"author":"P\u00e1gina 10","twitter_card":"summary_large_image","twitter_creator":"@Pag10com","twitter_site":"@Pag10com","twitter_misc":{"Escrito por":"P\u00e1gina 10","Tiempo de lectura":"1 minuto"},"schema":{"@context":"https:\/\/schema.org","@graph":[{"@type":"Article","@id":"https:\/\/pagina10.com\/web\/gobiernos-de-colombia-y-venezuela-reabriran-el-puente-internacional-la-union\/#article","isPartOf":{"@id":"https:\/\/pagina10.com\/web\/gobiernos-de-colombia-y-venezuela-reabriran-el-puente-internacional-la-union\/"},"author":{"name":"P\u00e1gina 10","@id":"https:\/\/pagina10.com\/web\/#\/schema\/person\/2efc4a090d25b667d3bc796798a3a81b"},"headline":"Gobiernos de Colombia y Venezuela reabrir\u00e1n el puente internacional La Uni\u00f3n","datePublished":"2023-10-02T16:43:52+00:00","mainEntityOfPage":{"@id":"https:\/\/pagina10.com\/web\/gobiernos-de-colombia-y-venezuela-reabriran-el-puente-internacional-la-union\/"},"wordCount":168,"commentCount":0,"publisher":{"@id":"https:\/\/pagina10.com\/web\/#organization"},"image":{"@id":"https:\/\/pagina10.com\/web\/gobiernos-de-colombia-y-venezuela-reabriran-el-puente-internacional-la-union\/#primaryimage"},"thumbnailUrl":"https:\/\/pagina10.com\/web\/wp-content\/uploads\/2023\/10\/220926-07-Reapertura-frontera-Colombo-Venezolana-1280.jpg","articleSection":["Global"],"inLanguage":"es","potentialAction":[{"@type":"CommentAction","name":"Comment","target":["https:\/\/pagina10.com\/web\/gobiernos-de-colombia-y-venezuela-reabriran-el-puente-internacional-la-union\/#respond"]}]},{"@type":"WebPage","@id":"https:\/\/pagina10.com\/web\/gobiernos-de-colombia-y-venezuela-reabriran-el-puente-internacional-la-union\/","url":"https:\/\/pagina10.com\/web\/gobiernos-de-colombia-y-venezuela-reabriran-el-puente-internacional-la-union\/","name":"Gobiernos de Colombia y Venezuela reabrir\u00e1n el puente internacional La Uni\u00f3n | P\u00e1gina10","isPartOf":{"@id":"https:\/\/pagina10.com\/web\/#website"},"primaryImageOfPage":{"@id":"https:\/\/pagina10.com\/web\/gobiernos-de-colombia-y-venezuela-reabriran-el-puente-internacional-la-union\/#primaryimage"},"image":{"@id":"https:\/\/pagina10.com\/web\/gobiernos-de-colombia-y-venezuela-reabriran-el-puente-internacional-la-union\/#primaryimage"},"thumbnailUrl":"https:\/\/pagina10.com\/web\/wp-content\/uploads\/2023\/10\/220926-07-Reapertura-frontera-Colombo-Venezolana-1280.jpg","datePublished":"2023-10-02T16:43:52+00:00","breadcrumb":{"@id":"https:\/\/pagina10.com\/web\/gobiernos-de-colombia-y-venezuela-reabriran-el-puente-internacional-la-union\/#breadcrumb"},"inLanguage":"es","potentialAction":[{"@type":"ReadAction","target":["https:\/\/pagina10.com\/web\/gobiernos-de-colombia-y-venezuela-reabriran-el-puente-internacional-la-union\/"]}]},{"@type":"ImageObject","inLanguage":"es","@id":"https:\/\/pagina10.com\/web\/gobiernos-de-colombia-y-venezuela-reabriran-el-puente-internacional-la-union\/#primaryimage","url":"https:\/\/pagina10.com\/web\/wp-content\/uploads\/2023\/10\/220926-07-Reapertura-frontera-Colombo-Venezolana-1280.jpg","contentUrl":"https:\/\/pagina10.com\/web\/wp-content\/uploads\/2023\/10\/220926-07-Reapertura-frontera-Colombo-Venezolana-1280.jpg","width":1280,"height":720},{"@type":"BreadcrumbList","@id":"https:\/\/pagina10.com\/web\/gobiernos-de-colombia-y-venezuela-reabriran-el-puente-internacional-la-union\/#breadcrumb","itemListElement":[{"@type":"ListItem","position":1,"name":"Portada","item":"https:\/\/pagina10.com\/web\/"},{"@type":"ListItem","position":2,"name":"Gobiernos de Colombia y Venezuela reabrir\u00e1n el puente internacional La Uni\u00f3n"}]},{"@type":"WebSite","@id":"https:\/\/pagina10.com\/web\/#website","url":"https:\/\/pagina10.com\/web\/","name":"P\u00e1gina10","description":"Peri\u00f3dico Regional","publisher":{"@id":"https:\/\/pagina10.com\/web\/#organization"},"alternateName":"P\u00e1gina10 Peri\u00f3dico Regional","potentialAction":[{"@type":"SearchAction","target":{"@type":"EntryPoint","urlTemplate":"https:\/\/pagina10.com\/web\/?s={search_term_string}"},"query-input":{"@type":"PropertyValueSpecification","valueRequired":true,"valueName":"search_term_string"}}],"inLanguage":"es"},{"@type":"Organization","@id":"https:\/\/pagina10.com\/web\/#organization","name":"P\u00e1gina10","alternateName":"P\u00e1gina10 Peri\u00f3dico Regional","url":"https:\/\/pagina10.com\/web\/","logo":{"@type":"ImageObject","inLanguage":"es","@id":"https:\/\/pagina10.com\/web\/#\/schema\/logo\/image\/","url":"https:\/\/pagina10.com\/web\/wp-content\/uploads\/2024\/01\/40-pagina-10-periodico-regional-pasto.jpg","contentUrl":"https:\/\/pagina10.com\/web\/wp-content\/uploads\/2024\/01\/40-pagina-10-periodico-regional-pasto.jpg","width":1280,"height":720,"caption":"P\u00e1gina10"},"image":{"@id":"https:\/\/pagina10.com\/web\/#\/schema\/logo\/image\/"},"sameAs":["https:\/\/www.facebook.com\/pag10com","https:\/\/x.com\/Pag10com","https:\/\/www.instagram.com\/pagina10col\/","https:\/\/youtube.com\/channel\/pag10","https:\/\/www.tiktok.com\/@p10col"]},{"@type":"Person","@id":"https:\/\/pagina10.com\/web\/#\/schema\/person\/2efc4a090d25b667d3bc796798a3a81b","name":"P\u00e1gina 10","description":"P\u00e1gina 10 es un peri\u00f3dico regional que nace en Colombia, en el departamento de Nari\u00f1o, con un enfoque global, fundamentado en cuatro pilares esenciales: la libertad, el pluralismo, la inclusi\u00f3n y la independencia. P\u00e1gina 10 hace referencia a Nari\u00f1o como el d\u00e9cimo departamento creado en Colombia, despu\u00e9s de un proceso pol\u00edtico liderado por actores y actrices regionales con el fin de obtener la independencia y autonom\u00eda de nuestros territorios. Con la creaci\u00f3n de P\u00e1gina 10 se pretende abrir un escenario para el dialogo, la reflexi\u00f3n y el debate que se extienda a otras geograf\u00edas de Am\u00e9rica Latina y del planeta, en una apuesta por transformar colectivamente los desaf\u00edos de un mundo contempor\u00e1neo, m\u00e1s all\u00e1 de las fronteras impuestas.","url":"https:\/\/pagina10.com\/web\/author\/pdiezadmin\/"}]}},"_links":{"self":[{"href":"https:\/\/pagina10.com\/web\/wp-json\/wp\/v2\/posts\/69127","targetHints":{"allow":["GET"]}}],"collection":[{"href":"https:\/\/pagina10.com\/web\/wp-json\/wp\/v2\/posts"}],"about":[{"href":"https:\/\/pagina10.com\/web\/wp-json\/wp\/v2\/types\/post"}],"author":[{"embeddable":true,"href":"https:\/\/pagina10.com\/web\/wp-json\/wp\/v2\/users\/1"}],"replies":[{"embeddable":true,"href":"https:\/\/pagina10.com\/web\/wp-json\/wp\/v2\/comments?post=69127"}],"version-history":[{"count":1,"href":"https:\/\/pagina10.com\/web\/wp-json\/wp\/v2\/posts\/69127\/revisions"}],"predecessor-version":[{"id":69129,"href":"https:\/\/pagina10.com\/web\/wp-json\/wp\/v2\/posts\/69127\/revisions\/69129"}],"wp:featuredmedia":[{"embeddable":true,"href":"https:\/\/pagina10.com\/web\/wp-json\/wp\/v2\/media\/69128"}],"wp:attachment":[{"href":"https:\/\/pagina10.com\/web\/wp-json\/wp\/v2\/media?parent=69127"}],"wp:term":[{"taxonomy":"category","embeddable":true,"href":"https:\/\/pagina10.com\/web\/wp-json\/wp\/v2\/categories?post=69127"},{"taxonomy":"post_tag","embeddable":true,"href":"https:\/\/pagina10.com\/web\/wp-json\/wp\/v2\/tags?post=69127"}],"curies":[{"name":"wp","href":"https:\/\/api.w.org\/{rel}","templated":true}]}}