{"id":69554,"date":"2023-10-23T23:21:00","date_gmt":"2023-10-24T04:21:00","guid":{"rendered":"https:\/\/pagina10.com\/web\/?p=69554"},"modified":"2023-10-23T23:21:00","modified_gmt":"2023-10-24T04:21:00","slug":"pasto-necesita-un-alcalde-con-mas-futuro-que-pasado","status":"publish","type":"post","link":"https:\/\/pagina10.com\/web\/pasto-necesita-un-alcalde-con-mas-futuro-que-pasado\/","title":{"rendered":"Pasto necesita un alcalde con m\u00e1s futuro que pasado"},"content":{"rendered":"<p style=\"text-align: justify;\">\nEl clamor de los pastusos es general y un\u00e1nime: se requiere un alcalde que sepa administrar, que sea t\u00e9cnico, que tenga empat\u00eda con la clase pol\u00edtica y empresarial y que demuestre verdaderos logros en materia urban\u00edstica y ciudadana.<\/p>\n<p style=\"text-align: justify;\">Los pastusos han entendido que un alcalde debe reunir caracter\u00edsticas que le permitan hablar con propiedad en materia urban\u00edstica. Que fomente o haya impulsado proyectos de vivienda para los sectores populares y en sitios deprimidos y vulnerables de nuestro municipio. Esa fortaleza debe convocar el inter\u00e9s ciudadano en las urnas. La ciudadan\u00eda debe preguntarse qu\u00e9 ejecutorias rodean la trayectoria de ese candidato. Debe conocer sus logros en materia de seguridad, ordenamiento territorial, seguridad vial y amplio conocimiento de los distintos factores administrativos.<\/p>\n<p style=\"text-align: justify;\">Un alcalde para Pasto debe reunir condiciones de liderazgo y buen manejo de entidades y corporaciones, que tienda puentes de cordialidad y afecto con sus subalternos y, sobre todo, que no le mienta al electorado. Que no censure las alianzas con la clase pol\u00edtica, pero que en sus toldas electorales comparta mesas con dirigentes ampliamente se\u00f1alados y conocidos por la opini\u00f3n p\u00fablica local.<\/p>\n<p style=\"text-align: justify;\">Se requiere un alcalde berrraco, salido del pueblo y due\u00f1o de una personalidad sencilla pero arrolladora. Que demuestre ejecutorias y no simplemente charlataner\u00eda, que sepa c\u00f3mo ejecutar y proyectar obras de inter\u00e9s ciudadano. Que demuestre realizaciones en aspectos tan vitales como la vivienda, la soluci\u00f3n habitacional y urbana. Se necesita un alcalde con br\u00edos y juventud, y no que &#8220;quiera ser alcalde&#8221; para dar rienda suelta a sus componendas burocr\u00e1ticas y clientelistas. Que su labor se traduzca en reales muestras de compromiso ciudadano. Un alcalde que hable con la verdad, que ofrezca seguridad y confianza ciudadana.<\/p>\n<p style=\"text-align: justify;\">Pasto urge de un alcalde que tenga m\u00e1s futuro que pasado, que contemple el horizonte con la confianza de saberse capaz y generoso. Un alcalde que brille por sus propuestas y no por sus expresiones de odio, oposici\u00f3n y resentimiento a todo aquello que represente orden y constitucionalidad.<\/p>\n<p style=\"text-align: justify;\">Pasto clama por un alcalde que sin renunciar a la justicia construya la equidad econ\u00f3mica y social. Que vele por los intereses colectivos y no \u00fanicamente por el bienestar de sus electores.<\/p>\n<p style=\"text-align: justify;\">Se busca un alcalde que tenga en su que hacer m\u00e1s propuestas que oposici\u00f3n. Y enarbole esa causa com\u00fan de la construcci\u00f3n de ciudad y ciudadan\u00eda. Pasto necesita una continuidad en las pol\u00edticas p\u00fablicas que han servido para construir y edificar identidad y desarrollo en cada uno de sus barrios, veredas y corregimientos. Y en ello abarque los sectores urbano y rural.<\/p>\n<p style=\"text-align: justify;\">Es prioritario elegir a un alcalde que conozca de Ordenamiento Territorial y que su formaci\u00f3n t\u00e9cnica y profesional est\u00e9 sustentada en estas \u00e1reas de irrenunciable aplazamiento para nuestro municipio. Lo t\u00e9cnico se liga a lo cient\u00edfico y a los procesos de desarrollo urbano y social. Solo as\u00ed alcanzaremos mejores grados de \u00edndices econ\u00f3micos que se traduzcan en empleo, seguridad y confianza ciudadana.<\/p>\n<p style=\"text-align: justify;\">Pasto le apunta a la juventud, la fortaleza espiritual y la capacidad administrativa. Las viejas figuras pol\u00edticas ya nada pueden aportarle a nuestra ciudad, salvo sus conocidas viejas f\u00f3rmulas abyectas para gobernar.<\/p>\n<p style=\"text-align: justify;\">La oposici\u00f3n se agota en los trueques electoreros y clientelistas. Se torna en un elemento perturbador del orden y la constitucionalidad. La ciudadan\u00eda debe convocarse en aras de defender los valores de nuestros mayores que entendieron que es m\u00e1s valioso cobijarse con las leyes y las normas morales que arroparse con los andrajos del oportunismo y la falacia.<\/p>\n<p style=\"text-align: justify;\">M\u00e1s t\u00e9cnicos, menos oposici\u00f3n. M\u00e1s propuestas que simples discursos. Pasto es una empresa com\u00fan y de propiedad colectiva. Hoy el lema debe ser &#8220;Vamos por Pasto, con m\u00e1s t\u00e9cnica, profesionalismo y capacidad&#8221; .<\/p>\n<p style=\"text-align: justify;\">Pasto ya es una ciudad de importancia nacional y su imagen debe consolidarse como un patrimonio mundial. Due\u00f1a de un esp\u00edritu creativo y de un reconocimiento internacional. El camino est\u00e1 trazado, \u00fanicamente se requiere de un arquitecto que sepa reorientar los destinos de un pueblo bravo y rebelde y due\u00f1o de una inteligencia original y excepcional.<\/p>\n<p style=\"text-align: justify;\">No podemos perder el tiempo en disputas y oposiciones in\u00fatiles. Es momento de construir ciudad, de elegir en derroteros que impliquen respeto por nuestros valores y sensatez por nuestro futuro.<\/p>\n","protected":false},"excerpt":{"rendered":"<p>El clamor de los pastusos es general y un\u00e1nime: se requiere un alcalde que sepa administrar, que sea t\u00e9cnico, que tenga empat\u00eda con la clase pol\u00edtica y empresarial y que demuestre verdaderos logros en materia urban\u00edstica y ciudadana. Los pastusos han entendido que un alcalde debe reunir caracter\u00edsticas que le permitan hablar con propiedad en [&hellip;]<\/p>\n","protected":false},"author":1,"featured_media":69555,"comment_status":"open","ping_status":"open","sticky":false,"template":"","format":"standard","meta":{"footnotes":""},"categories":[82],"tags":[],"class_list":["post-69554","post","type-post","status-publish","format-standard","has-post-thumbnail","hentry","category-ciudad-2"],"yoast_head":"<!-- This site is optimized with the Yoast SEO plugin v27.1.1 - https:\/\/yoast.com\/product\/yoast-seo-wordpress\/ -->\n<title>Pasto necesita un alcalde con m\u00e1s futuro que pasado | P\u00e1gina10<\/title>\n<meta name=\"robots\" content=\"index, follow, max-snippet:-1, max-image-preview:large, max-video-preview:-1\" \/>\n<link rel=\"canonical\" href=\"https:\/\/pagina10.com\/web\/pasto-necesita-un-alcalde-con-mas-futuro-que-pasado\/\" \/>\n<meta property=\"og:locale\" content=\"es_ES\" \/>\n<meta property=\"og:type\" content=\"article\" \/>\n<meta property=\"og:title\" content=\"Pasto necesita un alcalde con m\u00e1s futuro que pasado | P\u00e1gina10\" \/>\n<meta property=\"og:description\" content=\"El clamor de los pastusos es general y un\u00e1nime: se requiere un alcalde que sepa administrar, que sea t\u00e9cnico, que tenga empat\u00eda con la clase pol\u00edtica y empresarial y que demuestre verdaderos logros en materia urban\u00edstica y ciudadana. Los pastusos han entendido que un alcalde debe reunir caracter\u00edsticas que le permitan hablar con propiedad en [&hellip;]\" \/>\n<meta property=\"og:url\" content=\"https:\/\/pagina10.com\/web\/pasto-necesita-un-alcalde-con-mas-futuro-que-pasado\/\" \/>\n<meta property=\"og:site_name\" content=\"P\u00e1gina10\" \/>\n<meta property=\"article:publisher\" content=\"https:\/\/www.facebook.com\/pag10com\" \/>\n<meta property=\"article:published_time\" content=\"2023-10-24T04:21:00+00:00\" \/>\n<meta property=\"og:image\" content=\"https:\/\/pagina10.com\/web\/wp-content\/uploads\/2023\/10\/WhatsApp-Image-2023-10-23-at-11.20.30-PM.jpeg\" \/>\n\t<meta property=\"og:image:width\" content=\"555\" \/>\n\t<meta property=\"og:image:height\" content=\"359\" \/>\n\t<meta property=\"og:image:type\" content=\"image\/jpeg\" \/>\n<meta name=\"author\" content=\"P\u00e1gina 10\" \/>\n<meta name=\"twitter:card\" content=\"summary_large_image\" \/>\n<meta name=\"twitter:creator\" content=\"@Pag10com\" \/>\n<meta name=\"twitter:site\" content=\"@Pag10com\" \/>\n<meta name=\"twitter:label1\" content=\"Escrito por\" \/>\n\t<meta name=\"twitter:data1\" content=\"P\u00e1gina 10\" \/>\n\t<meta name=\"twitter:label2\" content=\"Tiempo de lectura\" \/>\n\t<meta name=\"twitter:data2\" content=\"4 minutos\" \/>\n<script type=\"application\/ld+json\" class=\"yoast-schema-graph\">{\"@context\":\"https:\/\/schema.org\",\"@graph\":[{\"@type\":\"Article\",\"@id\":\"https:\/\/pagina10.com\/web\/pasto-necesita-un-alcalde-con-mas-futuro-que-pasado\/#article\",\"isPartOf\":{\"@id\":\"https:\/\/pagina10.com\/web\/pasto-necesita-un-alcalde-con-mas-futuro-que-pasado\/\"},\"author\":{\"name\":\"P\u00e1gina 10\",\"@id\":\"https:\/\/pagina10.com\/web\/#\/schema\/person\/2efc4a090d25b667d3bc796798a3a81b\"},\"headline\":\"Pasto necesita un alcalde con m\u00e1s futuro que pasado\",\"datePublished\":\"2023-10-24T04:21:00+00:00\",\"mainEntityOfPage\":{\"@id\":\"https:\/\/pagina10.com\/web\/pasto-necesita-un-alcalde-con-mas-futuro-que-pasado\/\"},\"wordCount\":752,\"commentCount\":0,\"publisher\":{\"@id\":\"https:\/\/pagina10.com\/web\/#organization\"},\"image\":{\"@id\":\"https:\/\/pagina10.com\/web\/pasto-necesita-un-alcalde-con-mas-futuro-que-pasado\/#primaryimage\"},\"thumbnailUrl\":\"https:\/\/pagina10.com\/web\/wp-content\/uploads\/2023\/10\/WhatsApp-Image-2023-10-23-at-11.20.30-PM.jpeg\",\"articleSection\":[\"Ciudad\"],\"inLanguage\":\"es\",\"potentialAction\":[{\"@type\":\"CommentAction\",\"name\":\"Comment\",\"target\":[\"https:\/\/pagina10.com\/web\/pasto-necesita-un-alcalde-con-mas-futuro-que-pasado\/#respond\"]}]},{\"@type\":\"WebPage\",\"@id\":\"https:\/\/pagina10.com\/web\/pasto-necesita-un-alcalde-con-mas-futuro-que-pasado\/\",\"url\":\"https:\/\/pagina10.com\/web\/pasto-necesita-un-alcalde-con-mas-futuro-que-pasado\/\",\"name\":\"Pasto necesita un alcalde con m\u00e1s futuro que pasado | P\u00e1gina10\",\"isPartOf\":{\"@id\":\"https:\/\/pagina10.com\/web\/#website\"},\"primaryImageOfPage\":{\"@id\":\"https:\/\/pagina10.com\/web\/pasto-necesita-un-alcalde-con-mas-futuro-que-pasado\/#primaryimage\"},\"image\":{\"@id\":\"https:\/\/pagina10.com\/web\/pasto-necesita-un-alcalde-con-mas-futuro-que-pasado\/#primaryimage\"},\"thumbnailUrl\":\"https:\/\/pagina10.com\/web\/wp-content\/uploads\/2023\/10\/WhatsApp-Image-2023-10-23-at-11.20.30-PM.jpeg\",\"datePublished\":\"2023-10-24T04:21:00+00:00\",\"breadcrumb\":{\"@id\":\"https:\/\/pagina10.com\/web\/pasto-necesita-un-alcalde-con-mas-futuro-que-pasado\/#breadcrumb\"},\"inLanguage\":\"es\",\"potentialAction\":[{\"@type\":\"ReadAction\",\"target\":[\"https:\/\/pagina10.com\/web\/pasto-necesita-un-alcalde-con-mas-futuro-que-pasado\/\"]}]},{\"@type\":\"ImageObject\",\"inLanguage\":\"es\",\"@id\":\"https:\/\/pagina10.com\/web\/pasto-necesita-un-alcalde-con-mas-futuro-que-pasado\/#primaryimage\",\"url\":\"https:\/\/pagina10.com\/web\/wp-content\/uploads\/2023\/10\/WhatsApp-Image-2023-10-23-at-11.20.30-PM.jpeg\",\"contentUrl\":\"https:\/\/pagina10.com\/web\/wp-content\/uploads\/2023\/10\/WhatsApp-Image-2023-10-23-at-11.20.30-PM.jpeg\",\"width\":555,\"height\":359},{\"@type\":\"BreadcrumbList\",\"@id\":\"https:\/\/pagina10.com\/web\/pasto-necesita-un-alcalde-con-mas-futuro-que-pasado\/#breadcrumb\",\"itemListElement\":[{\"@type\":\"ListItem\",\"position\":1,\"name\":\"Portada\",\"item\":\"https:\/\/pagina10.com\/web\/\"},{\"@type\":\"ListItem\",\"position\":2,\"name\":\"Pasto necesita un alcalde con m\u00e1s futuro que pasado\"}]},{\"@type\":\"WebSite\",\"@id\":\"https:\/\/pagina10.com\/web\/#website\",\"url\":\"https:\/\/pagina10.com\/web\/\",\"name\":\"P\u00e1gina10\",\"description\":\"Peri\u00f3dico Regional\",\"publisher\":{\"@id\":\"https:\/\/pagina10.com\/web\/#organization\"},\"alternateName\":\"P\u00e1gina10 Peri\u00f3dico Regional\",\"potentialAction\":[{\"@type\":\"SearchAction\",\"target\":{\"@type\":\"EntryPoint\",\"urlTemplate\":\"https:\/\/pagina10.com\/web\/?s={search_term_string}\"},\"query-input\":{\"@type\":\"PropertyValueSpecification\",\"valueRequired\":true,\"valueName\":\"search_term_string\"}}],\"inLanguage\":\"es\"},{\"@type\":\"Organization\",\"@id\":\"https:\/\/pagina10.com\/web\/#organization\",\"name\":\"P\u00e1gina10\",\"alternateName\":\"P\u00e1gina10 Peri\u00f3dico Regional\",\"url\":\"https:\/\/pagina10.com\/web\/\",\"logo\":{\"@type\":\"ImageObject\",\"inLanguage\":\"es\",\"@id\":\"https:\/\/pagina10.com\/web\/#\/schema\/logo\/image\/\",\"url\":\"https:\/\/pagina10.com\/web\/wp-content\/uploads\/2024\/01\/40-pagina-10-periodico-regional-pasto.jpg\",\"contentUrl\":\"https:\/\/pagina10.com\/web\/wp-content\/uploads\/2024\/01\/40-pagina-10-periodico-regional-pasto.jpg\",\"width\":1280,\"height\":720,\"caption\":\"P\u00e1gina10\"},\"image\":{\"@id\":\"https:\/\/pagina10.com\/web\/#\/schema\/logo\/image\/\"},\"sameAs\":[\"https:\/\/www.facebook.com\/pag10com\",\"https:\/\/x.com\/Pag10com\",\"https:\/\/www.instagram.com\/pagina10col\/\",\"https:\/\/youtube.com\/channel\/pag10\",\"https:\/\/www.tiktok.com\/@p10col\"]},{\"@type\":\"Person\",\"@id\":\"https:\/\/pagina10.com\/web\/#\/schema\/person\/2efc4a090d25b667d3bc796798a3a81b\",\"name\":\"P\u00e1gina 10\",\"description\":\"P\u00e1gina 10 es un peri\u00f3dico regional que nace en Colombia, en el departamento de Nari\u00f1o, con un enfoque global, fundamentado en cuatro pilares esenciales: la libertad, el pluralismo, la inclusi\u00f3n y la independencia. P\u00e1gina 10 hace referencia a Nari\u00f1o como el d\u00e9cimo departamento creado en Colombia, despu\u00e9s de un proceso pol\u00edtico liderado por actores y actrices regionales con el fin de obtener la independencia y autonom\u00eda de nuestros territorios. Con la creaci\u00f3n de P\u00e1gina 10 se pretende abrir un escenario para el dialogo, la reflexi\u00f3n y el debate que se extienda a otras geograf\u00edas de Am\u00e9rica Latina y del planeta, en una apuesta por transformar colectivamente los desaf\u00edos de un mundo contempor\u00e1neo, m\u00e1s all\u00e1 de las fronteras impuestas.\",\"url\":\"https:\/\/pagina10.com\/web\/author\/pdiezadmin\/\"}]}<\/script>\n<!-- \/ Yoast SEO plugin. -->","yoast_head_json":{"title":"Pasto necesita un alcalde con m\u00e1s futuro que pasado | P\u00e1gina10","robots":{"index":"index","follow":"follow","max-snippet":"max-snippet:-1","max-image-preview":"max-image-preview:large","max-video-preview":"max-video-preview:-1"},"canonical":"https:\/\/pagina10.com\/web\/pasto-necesita-un-alcalde-con-mas-futuro-que-pasado\/","og_locale":"es_ES","og_type":"article","og_title":"Pasto necesita un alcalde con m\u00e1s futuro que pasado | P\u00e1gina10","og_description":"El clamor de los pastusos es general y un\u00e1nime: se requiere un alcalde que sepa administrar, que sea t\u00e9cnico, que tenga empat\u00eda con la clase pol\u00edtica y empresarial y que demuestre verdaderos logros en materia urban\u00edstica y ciudadana. Los pastusos han entendido que un alcalde debe reunir caracter\u00edsticas que le permitan hablar con propiedad en [&hellip;]","og_url":"https:\/\/pagina10.com\/web\/pasto-necesita-un-alcalde-con-mas-futuro-que-pasado\/","og_site_name":"P\u00e1gina10","article_publisher":"https:\/\/www.facebook.com\/pag10com","article_published_time":"2023-10-24T04:21:00+00:00","og_image":[{"width":555,"height":359,"url":"https:\/\/pagina10.com\/web\/wp-content\/uploads\/2023\/10\/WhatsApp-Image-2023-10-23-at-11.20.30-PM.jpeg","type":"image\/jpeg"}],"author":"P\u00e1gina 10","twitter_card":"summary_large_image","twitter_creator":"@Pag10com","twitter_site":"@Pag10com","twitter_misc":{"Escrito por":"P\u00e1gina 10","Tiempo de lectura":"4 minutos"},"schema":{"@context":"https:\/\/schema.org","@graph":[{"@type":"Article","@id":"https:\/\/pagina10.com\/web\/pasto-necesita-un-alcalde-con-mas-futuro-que-pasado\/#article","isPartOf":{"@id":"https:\/\/pagina10.com\/web\/pasto-necesita-un-alcalde-con-mas-futuro-que-pasado\/"},"author":{"name":"P\u00e1gina 10","@id":"https:\/\/pagina10.com\/web\/#\/schema\/person\/2efc4a090d25b667d3bc796798a3a81b"},"headline":"Pasto necesita un alcalde con m\u00e1s futuro que pasado","datePublished":"2023-10-24T04:21:00+00:00","mainEntityOfPage":{"@id":"https:\/\/pagina10.com\/web\/pasto-necesita-un-alcalde-con-mas-futuro-que-pasado\/"},"wordCount":752,"commentCount":0,"publisher":{"@id":"https:\/\/pagina10.com\/web\/#organization"},"image":{"@id":"https:\/\/pagina10.com\/web\/pasto-necesita-un-alcalde-con-mas-futuro-que-pasado\/#primaryimage"},"thumbnailUrl":"https:\/\/pagina10.com\/web\/wp-content\/uploads\/2023\/10\/WhatsApp-Image-2023-10-23-at-11.20.30-PM.jpeg","articleSection":["Ciudad"],"inLanguage":"es","potentialAction":[{"@type":"CommentAction","name":"Comment","target":["https:\/\/pagina10.com\/web\/pasto-necesita-un-alcalde-con-mas-futuro-que-pasado\/#respond"]}]},{"@type":"WebPage","@id":"https:\/\/pagina10.com\/web\/pasto-necesita-un-alcalde-con-mas-futuro-que-pasado\/","url":"https:\/\/pagina10.com\/web\/pasto-necesita-un-alcalde-con-mas-futuro-que-pasado\/","name":"Pasto necesita un alcalde con m\u00e1s futuro que pasado | P\u00e1gina10","isPartOf":{"@id":"https:\/\/pagina10.com\/web\/#website"},"primaryImageOfPage":{"@id":"https:\/\/pagina10.com\/web\/pasto-necesita-un-alcalde-con-mas-futuro-que-pasado\/#primaryimage"},"image":{"@id":"https:\/\/pagina10.com\/web\/pasto-necesita-un-alcalde-con-mas-futuro-que-pasado\/#primaryimage"},"thumbnailUrl":"https:\/\/pagina10.com\/web\/wp-content\/uploads\/2023\/10\/WhatsApp-Image-2023-10-23-at-11.20.30-PM.jpeg","datePublished":"2023-10-24T04:21:00+00:00","breadcrumb":{"@id":"https:\/\/pagina10.com\/web\/pasto-necesita-un-alcalde-con-mas-futuro-que-pasado\/#breadcrumb"},"inLanguage":"es","potentialAction":[{"@type":"ReadAction","target":["https:\/\/pagina10.com\/web\/pasto-necesita-un-alcalde-con-mas-futuro-que-pasado\/"]}]},{"@type":"ImageObject","inLanguage":"es","@id":"https:\/\/pagina10.com\/web\/pasto-necesita-un-alcalde-con-mas-futuro-que-pasado\/#primaryimage","url":"https:\/\/pagina10.com\/web\/wp-content\/uploads\/2023\/10\/WhatsApp-Image-2023-10-23-at-11.20.30-PM.jpeg","contentUrl":"https:\/\/pagina10.com\/web\/wp-content\/uploads\/2023\/10\/WhatsApp-Image-2023-10-23-at-11.20.30-PM.jpeg","width":555,"height":359},{"@type":"BreadcrumbList","@id":"https:\/\/pagina10.com\/web\/pasto-necesita-un-alcalde-con-mas-futuro-que-pasado\/#breadcrumb","itemListElement":[{"@type":"ListItem","position":1,"name":"Portada","item":"https:\/\/pagina10.com\/web\/"},{"@type":"ListItem","position":2,"name":"Pasto necesita un alcalde con m\u00e1s futuro que pasado"}]},{"@type":"WebSite","@id":"https:\/\/pagina10.com\/web\/#website","url":"https:\/\/pagina10.com\/web\/","name":"P\u00e1gina10","description":"Peri\u00f3dico Regional","publisher":{"@id":"https:\/\/pagina10.com\/web\/#organization"},"alternateName":"P\u00e1gina10 Peri\u00f3dico Regional","potentialAction":[{"@type":"SearchAction","target":{"@type":"EntryPoint","urlTemplate":"https:\/\/pagina10.com\/web\/?s={search_term_string}"},"query-input":{"@type":"PropertyValueSpecification","valueRequired":true,"valueName":"search_term_string"}}],"inLanguage":"es"},{"@type":"Organization","@id":"https:\/\/pagina10.com\/web\/#organization","name":"P\u00e1gina10","alternateName":"P\u00e1gina10 Peri\u00f3dico Regional","url":"https:\/\/pagina10.com\/web\/","logo":{"@type":"ImageObject","inLanguage":"es","@id":"https:\/\/pagina10.com\/web\/#\/schema\/logo\/image\/","url":"https:\/\/pagina10.com\/web\/wp-content\/uploads\/2024\/01\/40-pagina-10-periodico-regional-pasto.jpg","contentUrl":"https:\/\/pagina10.com\/web\/wp-content\/uploads\/2024\/01\/40-pagina-10-periodico-regional-pasto.jpg","width":1280,"height":720,"caption":"P\u00e1gina10"},"image":{"@id":"https:\/\/pagina10.com\/web\/#\/schema\/logo\/image\/"},"sameAs":["https:\/\/www.facebook.com\/pag10com","https:\/\/x.com\/Pag10com","https:\/\/www.instagram.com\/pagina10col\/","https:\/\/youtube.com\/channel\/pag10","https:\/\/www.tiktok.com\/@p10col"]},{"@type":"Person","@id":"https:\/\/pagina10.com\/web\/#\/schema\/person\/2efc4a090d25b667d3bc796798a3a81b","name":"P\u00e1gina 10","description":"P\u00e1gina 10 es un peri\u00f3dico regional que nace en Colombia, en el departamento de Nari\u00f1o, con un enfoque global, fundamentado en cuatro pilares esenciales: la libertad, el pluralismo, la inclusi\u00f3n y la independencia. P\u00e1gina 10 hace referencia a Nari\u00f1o como el d\u00e9cimo departamento creado en Colombia, despu\u00e9s de un proceso pol\u00edtico liderado por actores y actrices regionales con el fin de obtener la independencia y autonom\u00eda de nuestros territorios. Con la creaci\u00f3n de P\u00e1gina 10 se pretende abrir un escenario para el dialogo, la reflexi\u00f3n y el debate que se extienda a otras geograf\u00edas de Am\u00e9rica Latina y del planeta, en una apuesta por transformar colectivamente los desaf\u00edos de un mundo contempor\u00e1neo, m\u00e1s all\u00e1 de las fronteras impuestas.","url":"https:\/\/pagina10.com\/web\/author\/pdiezadmin\/"}]}},"_links":{"self":[{"href":"https:\/\/pagina10.com\/web\/wp-json\/wp\/v2\/posts\/69554","targetHints":{"allow":["GET"]}}],"collection":[{"href":"https:\/\/pagina10.com\/web\/wp-json\/wp\/v2\/posts"}],"about":[{"href":"https:\/\/pagina10.com\/web\/wp-json\/wp\/v2\/types\/post"}],"author":[{"embeddable":true,"href":"https:\/\/pagina10.com\/web\/wp-json\/wp\/v2\/users\/1"}],"replies":[{"embeddable":true,"href":"https:\/\/pagina10.com\/web\/wp-json\/wp\/v2\/comments?post=69554"}],"version-history":[{"count":1,"href":"https:\/\/pagina10.com\/web\/wp-json\/wp\/v2\/posts\/69554\/revisions"}],"predecessor-version":[{"id":69556,"href":"https:\/\/pagina10.com\/web\/wp-json\/wp\/v2\/posts\/69554\/revisions\/69556"}],"wp:featuredmedia":[{"embeddable":true,"href":"https:\/\/pagina10.com\/web\/wp-json\/wp\/v2\/media\/69555"}],"wp:attachment":[{"href":"https:\/\/pagina10.com\/web\/wp-json\/wp\/v2\/media?parent=69554"}],"wp:term":[{"taxonomy":"category","embeddable":true,"href":"https:\/\/pagina10.com\/web\/wp-json\/wp\/v2\/categories?post=69554"},{"taxonomy":"post_tag","embeddable":true,"href":"https:\/\/pagina10.com\/web\/wp-json\/wp\/v2\/tags?post=69554"}],"curies":[{"name":"wp","href":"https:\/\/api.w.org\/{rel}","templated":true}]}}