{"id":69686,"date":"2023-10-28T19:33:40","date_gmt":"2023-10-29T00:33:40","guid":{"rendered":"https:\/\/pagina10.com\/web\/?p=69686"},"modified":"2023-10-28T19:40:11","modified_gmt":"2023-10-29T00:40:11","slug":"gobernador-de-narino-hizo-duro-reclamo-por-secuestro-de-dos-ciudadanos-en-los-andes","status":"publish","type":"post","link":"https:\/\/pagina10.com\/web\/gobernador-de-narino-hizo-duro-reclamo-por-secuestro-de-dos-ciudadanos-en-los-andes\/","title":{"rendered":"Gobernador de Nari\u00f1o hizo duro reclamo por secuestro de dos ciudadanos en Los Andes"},"content":{"rendered":"<p style=\"text-align: justify;\"><a href=\"https:\/\/x.com\/jhonrojasca\/status\/1717887177135206721?s=20\">A trav\u00e9s de su cuenta de X<\/a>, el gobernador de Nari\u00f1o, Jhon Rojas hizo un duro reclamo por la desaparici\u00f3n de Richar Vargas y Jes\u00fas Basante, quienes habr\u00edan sido presuntamente secuestrados por la columna Franco Benavides de las disidencias de las FARC que operan en el departamento y que hace parte del Comando Coordinador del Occidente (CCO).<\/p>\n<p style=\"text-align: justify;\">\u201cRichar Vargas y Jes\u00fas Basante, fueron retenidos desde 25 de oct, por la columna Franco Benavides de las disidencias de las Farc, en mpio Los Andes. Esperamos su inmediata liberaci\u00f3n, sus familias los esperan sanos y salvos\u201d, dijo el mandatario a trav\u00e9s de sus redes sociales.<\/p>\n<p style=\"text-align: justify;\">Ante el desconcierto por su desaparici\u00f3n, la comunidad del municipio nari\u00f1ense espera su pronto regreso y denuncia las manifestaciones violentas en el marco de las elecciones en su regi\u00f3n que pone en peligro su seguridad y la del proceso electoral que se avecina.<\/p>\n","protected":false},"excerpt":{"rendered":"<p>A trav\u00e9s de su cuenta de X, el gobernador de Nari\u00f1o, Jhon Rojas hizo un duro reclamo por la desaparici\u00f3n de Richar Vargas y Jes\u00fas Basante, quienes habr\u00edan sido presuntamente secuestrados por la columna Franco Benavides de las disidencias de las FARC que operan en el departamento y que hace parte del Comando Coordinador del [&hellip;]<\/p>\n","protected":false},"author":1,"featured_media":69688,"comment_status":"open","ping_status":"open","sticky":false,"template":"","format":"standard","meta":{"footnotes":""},"categories":[1528],"tags":[],"class_list":["post-69686","post","type-post","status-publish","format-standard","has-post-thumbnail","hentry","category-titulares"],"yoast_head":"<!-- This site is optimized with the Yoast SEO plugin v27.1.1 - https:\/\/yoast.com\/product\/yoast-seo-wordpress\/ -->\n<title>Gobernador de Nari\u00f1o hizo duro reclamo por secuestro de dos ciudadanos en Los Andes | P\u00e1gina10<\/title>\n<meta name=\"robots\" content=\"index, follow, max-snippet:-1, max-image-preview:large, max-video-preview:-1\" \/>\n<link rel=\"canonical\" href=\"https:\/\/pagina10.com\/web\/gobernador-de-narino-hizo-duro-reclamo-por-secuestro-de-dos-ciudadanos-en-los-andes\/\" \/>\n<meta property=\"og:locale\" content=\"es_ES\" \/>\n<meta property=\"og:type\" content=\"article\" \/>\n<meta property=\"og:title\" content=\"Gobernador de Nari\u00f1o hizo duro reclamo por secuestro de dos ciudadanos en Los Andes | P\u00e1gina10\" \/>\n<meta property=\"og:description\" content=\"A trav\u00e9s de su cuenta de X, el gobernador de Nari\u00f1o, Jhon Rojas hizo un duro reclamo por la desaparici\u00f3n de Richar Vargas y Jes\u00fas Basante, quienes habr\u00edan sido presuntamente secuestrados por la columna Franco Benavides de las disidencias de las FARC que operan en el departamento y que hace parte del Comando Coordinador del [&hellip;]\" \/>\n<meta property=\"og:url\" content=\"https:\/\/pagina10.com\/web\/gobernador-de-narino-hizo-duro-reclamo-por-secuestro-de-dos-ciudadanos-en-los-andes\/\" \/>\n<meta property=\"og:site_name\" content=\"P\u00e1gina10\" \/>\n<meta property=\"article:publisher\" content=\"https:\/\/www.facebook.com\/pag10com\" \/>\n<meta property=\"article:published_time\" content=\"2023-10-29T00:33:40+00:00\" \/>\n<meta property=\"article:modified_time\" content=\"2023-10-29T00:40:11+00:00\" \/>\n<meta property=\"og:image\" content=\"https:\/\/pagina10.com\/web\/wp-content\/uploads\/2023\/10\/F9cpR9vXkAAm7Ht.jpeg\" \/>\n\t<meta property=\"og:image:width\" content=\"1280\" \/>\n\t<meta property=\"og:image:height\" content=\"1280\" \/>\n\t<meta property=\"og:image:type\" content=\"image\/jpeg\" \/>\n<meta name=\"author\" content=\"P\u00e1gina 10\" \/>\n<meta name=\"twitter:card\" content=\"summary_large_image\" \/>\n<meta name=\"twitter:creator\" content=\"@Pag10com\" \/>\n<meta name=\"twitter:site\" content=\"@Pag10com\" \/>\n<meta name=\"twitter:label1\" content=\"Escrito por\" \/>\n\t<meta name=\"twitter:data1\" content=\"P\u00e1gina 10\" \/>\n\t<meta name=\"twitter:label2\" content=\"Tiempo de lectura\" \/>\n\t<meta name=\"twitter:data2\" content=\"1 minuto\" \/>\n<script type=\"application\/ld+json\" class=\"yoast-schema-graph\">{\"@context\":\"https:\/\/schema.org\",\"@graph\":[{\"@type\":\"Article\",\"@id\":\"https:\/\/pagina10.com\/web\/gobernador-de-narino-hizo-duro-reclamo-por-secuestro-de-dos-ciudadanos-en-los-andes\/#article\",\"isPartOf\":{\"@id\":\"https:\/\/pagina10.com\/web\/gobernador-de-narino-hizo-duro-reclamo-por-secuestro-de-dos-ciudadanos-en-los-andes\/\"},\"author\":{\"name\":\"P\u00e1gina 10\",\"@id\":\"https:\/\/pagina10.com\/web\/#\/schema\/person\/2efc4a090d25b667d3bc796798a3a81b\"},\"headline\":\"Gobernador de Nari\u00f1o hizo duro reclamo por secuestro de dos ciudadanos en Los Andes\",\"datePublished\":\"2023-10-29T00:33:40+00:00\",\"dateModified\":\"2023-10-29T00:40:11+00:00\",\"mainEntityOfPage\":{\"@id\":\"https:\/\/pagina10.com\/web\/gobernador-de-narino-hizo-duro-reclamo-por-secuestro-de-dos-ciudadanos-en-los-andes\/\"},\"wordCount\":171,\"commentCount\":0,\"publisher\":{\"@id\":\"https:\/\/pagina10.com\/web\/#organization\"},\"image\":{\"@id\":\"https:\/\/pagina10.com\/web\/gobernador-de-narino-hizo-duro-reclamo-por-secuestro-de-dos-ciudadanos-en-los-andes\/#primaryimage\"},\"thumbnailUrl\":\"https:\/\/pagina10.com\/web\/wp-content\/uploads\/2023\/10\/F9cpR9vXkAAm7Ht.jpeg\",\"articleSection\":[\"Titulares\"],\"inLanguage\":\"es\",\"potentialAction\":[{\"@type\":\"CommentAction\",\"name\":\"Comment\",\"target\":[\"https:\/\/pagina10.com\/web\/gobernador-de-narino-hizo-duro-reclamo-por-secuestro-de-dos-ciudadanos-en-los-andes\/#respond\"]}]},{\"@type\":\"WebPage\",\"@id\":\"https:\/\/pagina10.com\/web\/gobernador-de-narino-hizo-duro-reclamo-por-secuestro-de-dos-ciudadanos-en-los-andes\/\",\"url\":\"https:\/\/pagina10.com\/web\/gobernador-de-narino-hizo-duro-reclamo-por-secuestro-de-dos-ciudadanos-en-los-andes\/\",\"name\":\"Gobernador de Nari\u00f1o hizo duro reclamo por secuestro de dos ciudadanos en Los Andes | P\u00e1gina10\",\"isPartOf\":{\"@id\":\"https:\/\/pagina10.com\/web\/#website\"},\"primaryImageOfPage\":{\"@id\":\"https:\/\/pagina10.com\/web\/gobernador-de-narino-hizo-duro-reclamo-por-secuestro-de-dos-ciudadanos-en-los-andes\/#primaryimage\"},\"image\":{\"@id\":\"https:\/\/pagina10.com\/web\/gobernador-de-narino-hizo-duro-reclamo-por-secuestro-de-dos-ciudadanos-en-los-andes\/#primaryimage\"},\"thumbnailUrl\":\"https:\/\/pagina10.com\/web\/wp-content\/uploads\/2023\/10\/F9cpR9vXkAAm7Ht.jpeg\",\"datePublished\":\"2023-10-29T00:33:40+00:00\",\"dateModified\":\"2023-10-29T00:40:11+00:00\",\"breadcrumb\":{\"@id\":\"https:\/\/pagina10.com\/web\/gobernador-de-narino-hizo-duro-reclamo-por-secuestro-de-dos-ciudadanos-en-los-andes\/#breadcrumb\"},\"inLanguage\":\"es\",\"potentialAction\":[{\"@type\":\"ReadAction\",\"target\":[\"https:\/\/pagina10.com\/web\/gobernador-de-narino-hizo-duro-reclamo-por-secuestro-de-dos-ciudadanos-en-los-andes\/\"]}]},{\"@type\":\"ImageObject\",\"inLanguage\":\"es\",\"@id\":\"https:\/\/pagina10.com\/web\/gobernador-de-narino-hizo-duro-reclamo-por-secuestro-de-dos-ciudadanos-en-los-andes\/#primaryimage\",\"url\":\"https:\/\/pagina10.com\/web\/wp-content\/uploads\/2023\/10\/F9cpR9vXkAAm7Ht.jpeg\",\"contentUrl\":\"https:\/\/pagina10.com\/web\/wp-content\/uploads\/2023\/10\/F9cpR9vXkAAm7Ht.jpeg\",\"width\":1280,\"height\":1280,\"caption\":\"Imagen @jhonrojasca\"},{\"@type\":\"BreadcrumbList\",\"@id\":\"https:\/\/pagina10.com\/web\/gobernador-de-narino-hizo-duro-reclamo-por-secuestro-de-dos-ciudadanos-en-los-andes\/#breadcrumb\",\"itemListElement\":[{\"@type\":\"ListItem\",\"position\":1,\"name\":\"Portada\",\"item\":\"https:\/\/pagina10.com\/web\/\"},{\"@type\":\"ListItem\",\"position\":2,\"name\":\"Gobernador de Nari\u00f1o hizo duro reclamo por secuestro de dos ciudadanos en Los Andes\"}]},{\"@type\":\"WebSite\",\"@id\":\"https:\/\/pagina10.com\/web\/#website\",\"url\":\"https:\/\/pagina10.com\/web\/\",\"name\":\"P\u00e1gina10\",\"description\":\"Peri\u00f3dico Regional\",\"publisher\":{\"@id\":\"https:\/\/pagina10.com\/web\/#organization\"},\"alternateName\":\"P\u00e1gina10 Peri\u00f3dico Regional\",\"potentialAction\":[{\"@type\":\"SearchAction\",\"target\":{\"@type\":\"EntryPoint\",\"urlTemplate\":\"https:\/\/pagina10.com\/web\/?s={search_term_string}\"},\"query-input\":{\"@type\":\"PropertyValueSpecification\",\"valueRequired\":true,\"valueName\":\"search_term_string\"}}],\"inLanguage\":\"es\"},{\"@type\":\"Organization\",\"@id\":\"https:\/\/pagina10.com\/web\/#organization\",\"name\":\"P\u00e1gina10\",\"alternateName\":\"P\u00e1gina10 Peri\u00f3dico Regional\",\"url\":\"https:\/\/pagina10.com\/web\/\",\"logo\":{\"@type\":\"ImageObject\",\"inLanguage\":\"es\",\"@id\":\"https:\/\/pagina10.com\/web\/#\/schema\/logo\/image\/\",\"url\":\"https:\/\/pagina10.com\/web\/wp-content\/uploads\/2024\/01\/40-pagina-10-periodico-regional-pasto.jpg\",\"contentUrl\":\"https:\/\/pagina10.com\/web\/wp-content\/uploads\/2024\/01\/40-pagina-10-periodico-regional-pasto.jpg\",\"width\":1280,\"height\":720,\"caption\":\"P\u00e1gina10\"},\"image\":{\"@id\":\"https:\/\/pagina10.com\/web\/#\/schema\/logo\/image\/\"},\"sameAs\":[\"https:\/\/www.facebook.com\/pag10com\",\"https:\/\/x.com\/Pag10com\",\"https:\/\/www.instagram.com\/pagina10col\/\",\"https:\/\/youtube.com\/channel\/pag10\",\"https:\/\/www.tiktok.com\/@p10col\"]},{\"@type\":\"Person\",\"@id\":\"https:\/\/pagina10.com\/web\/#\/schema\/person\/2efc4a090d25b667d3bc796798a3a81b\",\"name\":\"P\u00e1gina 10\",\"description\":\"P\u00e1gina 10 es un peri\u00f3dico regional que nace en Colombia, en el departamento de Nari\u00f1o, con un enfoque global, fundamentado en cuatro pilares esenciales: la libertad, el pluralismo, la inclusi\u00f3n y la independencia. P\u00e1gina 10 hace referencia a Nari\u00f1o como el d\u00e9cimo departamento creado en Colombia, despu\u00e9s de un proceso pol\u00edtico liderado por actores y actrices regionales con el fin de obtener la independencia y autonom\u00eda de nuestros territorios. Con la creaci\u00f3n de P\u00e1gina 10 se pretende abrir un escenario para el dialogo, la reflexi\u00f3n y el debate que se extienda a otras geograf\u00edas de Am\u00e9rica Latina y del planeta, en una apuesta por transformar colectivamente los desaf\u00edos de un mundo contempor\u00e1neo, m\u00e1s all\u00e1 de las fronteras impuestas.\",\"url\":\"https:\/\/pagina10.com\/web\/author\/pdiezadmin\/\"}]}<\/script>\n<!-- \/ Yoast SEO plugin. -->","yoast_head_json":{"title":"Gobernador de Nari\u00f1o hizo duro reclamo por secuestro de dos ciudadanos en Los Andes | P\u00e1gina10","robots":{"index":"index","follow":"follow","max-snippet":"max-snippet:-1","max-image-preview":"max-image-preview:large","max-video-preview":"max-video-preview:-1"},"canonical":"https:\/\/pagina10.com\/web\/gobernador-de-narino-hizo-duro-reclamo-por-secuestro-de-dos-ciudadanos-en-los-andes\/","og_locale":"es_ES","og_type":"article","og_title":"Gobernador de Nari\u00f1o hizo duro reclamo por secuestro de dos ciudadanos en Los Andes | P\u00e1gina10","og_description":"A trav\u00e9s de su cuenta de X, el gobernador de Nari\u00f1o, Jhon Rojas hizo un duro reclamo por la desaparici\u00f3n de Richar Vargas y Jes\u00fas Basante, quienes habr\u00edan sido presuntamente secuestrados por la columna Franco Benavides de las disidencias de las FARC que operan en el departamento y que hace parte del Comando Coordinador del [&hellip;]","og_url":"https:\/\/pagina10.com\/web\/gobernador-de-narino-hizo-duro-reclamo-por-secuestro-de-dos-ciudadanos-en-los-andes\/","og_site_name":"P\u00e1gina10","article_publisher":"https:\/\/www.facebook.com\/pag10com","article_published_time":"2023-10-29T00:33:40+00:00","article_modified_time":"2023-10-29T00:40:11+00:00","og_image":[{"width":1280,"height":1280,"url":"https:\/\/pagina10.com\/web\/wp-content\/uploads\/2023\/10\/F9cpR9vXkAAm7Ht.jpeg","type":"image\/jpeg"}],"author":"P\u00e1gina 10","twitter_card":"summary_large_image","twitter_creator":"@Pag10com","twitter_site":"@Pag10com","twitter_misc":{"Escrito por":"P\u00e1gina 10","Tiempo de lectura":"1 minuto"},"schema":{"@context":"https:\/\/schema.org","@graph":[{"@type":"Article","@id":"https:\/\/pagina10.com\/web\/gobernador-de-narino-hizo-duro-reclamo-por-secuestro-de-dos-ciudadanos-en-los-andes\/#article","isPartOf":{"@id":"https:\/\/pagina10.com\/web\/gobernador-de-narino-hizo-duro-reclamo-por-secuestro-de-dos-ciudadanos-en-los-andes\/"},"author":{"name":"P\u00e1gina 10","@id":"https:\/\/pagina10.com\/web\/#\/schema\/person\/2efc4a090d25b667d3bc796798a3a81b"},"headline":"Gobernador de Nari\u00f1o hizo duro reclamo por secuestro de dos ciudadanos en Los Andes","datePublished":"2023-10-29T00:33:40+00:00","dateModified":"2023-10-29T00:40:11+00:00","mainEntityOfPage":{"@id":"https:\/\/pagina10.com\/web\/gobernador-de-narino-hizo-duro-reclamo-por-secuestro-de-dos-ciudadanos-en-los-andes\/"},"wordCount":171,"commentCount":0,"publisher":{"@id":"https:\/\/pagina10.com\/web\/#organization"},"image":{"@id":"https:\/\/pagina10.com\/web\/gobernador-de-narino-hizo-duro-reclamo-por-secuestro-de-dos-ciudadanos-en-los-andes\/#primaryimage"},"thumbnailUrl":"https:\/\/pagina10.com\/web\/wp-content\/uploads\/2023\/10\/F9cpR9vXkAAm7Ht.jpeg","articleSection":["Titulares"],"inLanguage":"es","potentialAction":[{"@type":"CommentAction","name":"Comment","target":["https:\/\/pagina10.com\/web\/gobernador-de-narino-hizo-duro-reclamo-por-secuestro-de-dos-ciudadanos-en-los-andes\/#respond"]}]},{"@type":"WebPage","@id":"https:\/\/pagina10.com\/web\/gobernador-de-narino-hizo-duro-reclamo-por-secuestro-de-dos-ciudadanos-en-los-andes\/","url":"https:\/\/pagina10.com\/web\/gobernador-de-narino-hizo-duro-reclamo-por-secuestro-de-dos-ciudadanos-en-los-andes\/","name":"Gobernador de Nari\u00f1o hizo duro reclamo por secuestro de dos ciudadanos en Los Andes | P\u00e1gina10","isPartOf":{"@id":"https:\/\/pagina10.com\/web\/#website"},"primaryImageOfPage":{"@id":"https:\/\/pagina10.com\/web\/gobernador-de-narino-hizo-duro-reclamo-por-secuestro-de-dos-ciudadanos-en-los-andes\/#primaryimage"},"image":{"@id":"https:\/\/pagina10.com\/web\/gobernador-de-narino-hizo-duro-reclamo-por-secuestro-de-dos-ciudadanos-en-los-andes\/#primaryimage"},"thumbnailUrl":"https:\/\/pagina10.com\/web\/wp-content\/uploads\/2023\/10\/F9cpR9vXkAAm7Ht.jpeg","datePublished":"2023-10-29T00:33:40+00:00","dateModified":"2023-10-29T00:40:11+00:00","breadcrumb":{"@id":"https:\/\/pagina10.com\/web\/gobernador-de-narino-hizo-duro-reclamo-por-secuestro-de-dos-ciudadanos-en-los-andes\/#breadcrumb"},"inLanguage":"es","potentialAction":[{"@type":"ReadAction","target":["https:\/\/pagina10.com\/web\/gobernador-de-narino-hizo-duro-reclamo-por-secuestro-de-dos-ciudadanos-en-los-andes\/"]}]},{"@type":"ImageObject","inLanguage":"es","@id":"https:\/\/pagina10.com\/web\/gobernador-de-narino-hizo-duro-reclamo-por-secuestro-de-dos-ciudadanos-en-los-andes\/#primaryimage","url":"https:\/\/pagina10.com\/web\/wp-content\/uploads\/2023\/10\/F9cpR9vXkAAm7Ht.jpeg","contentUrl":"https:\/\/pagina10.com\/web\/wp-content\/uploads\/2023\/10\/F9cpR9vXkAAm7Ht.jpeg","width":1280,"height":1280,"caption":"Imagen @jhonrojasca"},{"@type":"BreadcrumbList","@id":"https:\/\/pagina10.com\/web\/gobernador-de-narino-hizo-duro-reclamo-por-secuestro-de-dos-ciudadanos-en-los-andes\/#breadcrumb","itemListElement":[{"@type":"ListItem","position":1,"name":"Portada","item":"https:\/\/pagina10.com\/web\/"},{"@type":"ListItem","position":2,"name":"Gobernador de Nari\u00f1o hizo duro reclamo por secuestro de dos ciudadanos en Los Andes"}]},{"@type":"WebSite","@id":"https:\/\/pagina10.com\/web\/#website","url":"https:\/\/pagina10.com\/web\/","name":"P\u00e1gina10","description":"Peri\u00f3dico Regional","publisher":{"@id":"https:\/\/pagina10.com\/web\/#organization"},"alternateName":"P\u00e1gina10 Peri\u00f3dico Regional","potentialAction":[{"@type":"SearchAction","target":{"@type":"EntryPoint","urlTemplate":"https:\/\/pagina10.com\/web\/?s={search_term_string}"},"query-input":{"@type":"PropertyValueSpecification","valueRequired":true,"valueName":"search_term_string"}}],"inLanguage":"es"},{"@type":"Organization","@id":"https:\/\/pagina10.com\/web\/#organization","name":"P\u00e1gina10","alternateName":"P\u00e1gina10 Peri\u00f3dico Regional","url":"https:\/\/pagina10.com\/web\/","logo":{"@type":"ImageObject","inLanguage":"es","@id":"https:\/\/pagina10.com\/web\/#\/schema\/logo\/image\/","url":"https:\/\/pagina10.com\/web\/wp-content\/uploads\/2024\/01\/40-pagina-10-periodico-regional-pasto.jpg","contentUrl":"https:\/\/pagina10.com\/web\/wp-content\/uploads\/2024\/01\/40-pagina-10-periodico-regional-pasto.jpg","width":1280,"height":720,"caption":"P\u00e1gina10"},"image":{"@id":"https:\/\/pagina10.com\/web\/#\/schema\/logo\/image\/"},"sameAs":["https:\/\/www.facebook.com\/pag10com","https:\/\/x.com\/Pag10com","https:\/\/www.instagram.com\/pagina10col\/","https:\/\/youtube.com\/channel\/pag10","https:\/\/www.tiktok.com\/@p10col"]},{"@type":"Person","@id":"https:\/\/pagina10.com\/web\/#\/schema\/person\/2efc4a090d25b667d3bc796798a3a81b","name":"P\u00e1gina 10","description":"P\u00e1gina 10 es un peri\u00f3dico regional que nace en Colombia, en el departamento de Nari\u00f1o, con un enfoque global, fundamentado en cuatro pilares esenciales: la libertad, el pluralismo, la inclusi\u00f3n y la independencia. P\u00e1gina 10 hace referencia a Nari\u00f1o como el d\u00e9cimo departamento creado en Colombia, despu\u00e9s de un proceso pol\u00edtico liderado por actores y actrices regionales con el fin de obtener la independencia y autonom\u00eda de nuestros territorios. Con la creaci\u00f3n de P\u00e1gina 10 se pretende abrir un escenario para el dialogo, la reflexi\u00f3n y el debate que se extienda a otras geograf\u00edas de Am\u00e9rica Latina y del planeta, en una apuesta por transformar colectivamente los desaf\u00edos de un mundo contempor\u00e1neo, m\u00e1s all\u00e1 de las fronteras impuestas.","url":"https:\/\/pagina10.com\/web\/author\/pdiezadmin\/"}]}},"_links":{"self":[{"href":"https:\/\/pagina10.com\/web\/wp-json\/wp\/v2\/posts\/69686","targetHints":{"allow":["GET"]}}],"collection":[{"href":"https:\/\/pagina10.com\/web\/wp-json\/wp\/v2\/posts"}],"about":[{"href":"https:\/\/pagina10.com\/web\/wp-json\/wp\/v2\/types\/post"}],"author":[{"embeddable":true,"href":"https:\/\/pagina10.com\/web\/wp-json\/wp\/v2\/users\/1"}],"replies":[{"embeddable":true,"href":"https:\/\/pagina10.com\/web\/wp-json\/wp\/v2\/comments?post=69686"}],"version-history":[{"count":2,"href":"https:\/\/pagina10.com\/web\/wp-json\/wp\/v2\/posts\/69686\/revisions"}],"predecessor-version":[{"id":69689,"href":"https:\/\/pagina10.com\/web\/wp-json\/wp\/v2\/posts\/69686\/revisions\/69689"}],"wp:featuredmedia":[{"embeddable":true,"href":"https:\/\/pagina10.com\/web\/wp-json\/wp\/v2\/media\/69688"}],"wp:attachment":[{"href":"https:\/\/pagina10.com\/web\/wp-json\/wp\/v2\/media?parent=69686"}],"wp:term":[{"taxonomy":"category","embeddable":true,"href":"https:\/\/pagina10.com\/web\/wp-json\/wp\/v2\/categories?post=69686"},{"taxonomy":"post_tag","embeddable":true,"href":"https:\/\/pagina10.com\/web\/wp-json\/wp\/v2\/tags?post=69686"}],"curies":[{"name":"wp","href":"https:\/\/api.w.org\/{rel}","templated":true}]}}