{"id":69692,"date":"2023-10-28T20:31:18","date_gmt":"2023-10-29T01:31:18","guid":{"rendered":"https:\/\/pagina10.com\/web\/?p=69692"},"modified":"2023-10-28T20:33:27","modified_gmt":"2023-10-29T01:33:27","slug":"2-500-policias-fueron-desplegados-en-narino-para-garantizar-seguridad-en-elecciones-2023","status":"publish","type":"post","link":"https:\/\/pagina10.com\/web\/2-500-policias-fueron-desplegados-en-narino-para-garantizar-seguridad-en-elecciones-2023\/","title":{"rendered":"2.500 polic\u00edas fueron desplegados en Nari\u00f1o para garantizar seguridad en elecciones 2023"},"content":{"rendered":"<p style=\"text-align: justify;\">Nari\u00f1o se prepara para las elecciones programadas el pr\u00f3ximo 29 de octubre con un despliegue significativo de seguridad. El Departamento de Polic\u00eda Nari\u00f1o ha dispuesto un contingente de m\u00e1s de 2.500 hombres y mujeres polic\u00edas, listos para trabajar en colaboraci\u00f3n con la comunidad, las fuerzas militares y las autoridades pol\u00edtico-administrativas con el objetivo de garantizar un entorno seguro durante las jornadas electorales.<\/p>\n<p style=\"text-align: justify;\">Con el firme prop\u00f3sito de contribuir al fortalecimiento de la democracia y asegurar condiciones \u00f3ptimas de seguridad, tranquilidad y convivencia para los ciudadanos, los uniformados del Modelo Nacional de Vigilancia Comunitaria por Cuadrantes estar\u00e1n activos en diversas \u00e1reas estrat\u00e9gicas.<\/p>\n<p style=\"text-align: justify;\">Los uniformados se enfocar\u00e1n en acciones que resguarden a los votantes, los puestos de votaci\u00f3n, el material electoral, y las sedes de la Registradur\u00eda Nacional, Distrital y Municipal del Estado civil.<\/p>\n<p style=\"text-align: justify;\">Los esfuerzos estar\u00e1n dirigidos a garantizar la seguridad tanto en las zonas urbanas como rurales del Departamento. Los uniformados tambi\u00e9n se encargar\u00e1n de facilitar las condiciones para que funcionarios, jurados y testigos electorales puedan cumplir con sus labores en los puestos de votaci\u00f3n sin inconvenientes. Adem\u00e1s, velar\u00e1n por el cumplimiento de normas especiales, como la restricci\u00f3n al porte de armas y la ley seca.<\/p>\n","protected":false},"excerpt":{"rendered":"<p>Nari\u00f1o se prepara para las elecciones programadas el pr\u00f3ximo 29 de octubre con un despliegue significativo de seguridad. El Departamento de Polic\u00eda Nari\u00f1o ha dispuesto un contingente de m\u00e1s de 2.500 hombres y mujeres polic\u00edas, listos para trabajar en colaboraci\u00f3n con la comunidad, las fuerzas militares y las autoridades pol\u00edtico-administrativas con el objetivo de garantizar [&hellip;]<\/p>\n","protected":false},"author":1,"featured_media":69694,"comment_status":"open","ping_status":"open","sticky":false,"template":"","format":"standard","meta":{"footnotes":""},"categories":[1528],"tags":[],"class_list":["post-69692","post","type-post","status-publish","format-standard","has-post-thumbnail","hentry","category-titulares"],"yoast_head":"<!-- This site is optimized with the Yoast SEO plugin v27.1.1 - https:\/\/yoast.com\/product\/yoast-seo-wordpress\/ -->\n<title>2.500 polic\u00edas fueron desplegados en Nari\u00f1o para garantizar seguridad en elecciones 2023 | P\u00e1gina10<\/title>\n<meta name=\"robots\" content=\"index, follow, max-snippet:-1, max-image-preview:large, max-video-preview:-1\" \/>\n<link rel=\"canonical\" href=\"https:\/\/pagina10.com\/web\/2-500-policias-fueron-desplegados-en-narino-para-garantizar-seguridad-en-elecciones-2023\/\" \/>\n<meta property=\"og:locale\" content=\"es_ES\" \/>\n<meta property=\"og:type\" content=\"article\" \/>\n<meta property=\"og:title\" content=\"2.500 polic\u00edas fueron desplegados en Nari\u00f1o para garantizar seguridad en elecciones 2023 | P\u00e1gina10\" \/>\n<meta property=\"og:description\" content=\"Nari\u00f1o se prepara para las elecciones programadas el pr\u00f3ximo 29 de octubre con un despliegue significativo de seguridad. El Departamento de Polic\u00eda Nari\u00f1o ha dispuesto un contingente de m\u00e1s de 2.500 hombres y mujeres polic\u00edas, listos para trabajar en colaboraci\u00f3n con la comunidad, las fuerzas militares y las autoridades pol\u00edtico-administrativas con el objetivo de garantizar [&hellip;]\" \/>\n<meta property=\"og:url\" content=\"https:\/\/pagina10.com\/web\/2-500-policias-fueron-desplegados-en-narino-para-garantizar-seguridad-en-elecciones-2023\/\" \/>\n<meta property=\"og:site_name\" content=\"P\u00e1gina10\" \/>\n<meta property=\"article:publisher\" content=\"https:\/\/www.facebook.com\/pag10com\" \/>\n<meta property=\"article:published_time\" content=\"2023-10-29T01:31:18+00:00\" \/>\n<meta property=\"article:modified_time\" content=\"2023-10-29T01:33:27+00:00\" \/>\n<meta property=\"og:image\" content=\"https:\/\/pagina10.com\/web\/wp-content\/uploads\/2023\/10\/planes_de_control_en_narino.jpg\" \/>\n\t<meta property=\"og:image:width\" content=\"660\" \/>\n\t<meta property=\"og:image:height\" content=\"400\" \/>\n\t<meta property=\"og:image:type\" content=\"image\/jpeg\" \/>\n<meta name=\"author\" content=\"P\u00e1gina 10\" \/>\n<meta name=\"twitter:card\" content=\"summary_large_image\" \/>\n<meta name=\"twitter:creator\" content=\"@Pag10com\" \/>\n<meta name=\"twitter:site\" content=\"@Pag10com\" \/>\n<meta name=\"twitter:label1\" content=\"Escrito por\" \/>\n\t<meta name=\"twitter:data1\" content=\"P\u00e1gina 10\" \/>\n\t<meta name=\"twitter:label2\" content=\"Tiempo de lectura\" \/>\n\t<meta name=\"twitter:data2\" content=\"1 minuto\" \/>\n<script type=\"application\/ld+json\" class=\"yoast-schema-graph\">{\"@context\":\"https:\/\/schema.org\",\"@graph\":[{\"@type\":\"Article\",\"@id\":\"https:\/\/pagina10.com\/web\/2-500-policias-fueron-desplegados-en-narino-para-garantizar-seguridad-en-elecciones-2023\/#article\",\"isPartOf\":{\"@id\":\"https:\/\/pagina10.com\/web\/2-500-policias-fueron-desplegados-en-narino-para-garantizar-seguridad-en-elecciones-2023\/\"},\"author\":{\"name\":\"P\u00e1gina 10\",\"@id\":\"https:\/\/pagina10.com\/web\/#\/schema\/person\/2efc4a090d25b667d3bc796798a3a81b\"},\"headline\":\"2.500 polic\u00edas fueron desplegados en Nari\u00f1o para garantizar seguridad en elecciones 2023\",\"datePublished\":\"2023-10-29T01:31:18+00:00\",\"dateModified\":\"2023-10-29T01:33:27+00:00\",\"mainEntityOfPage\":{\"@id\":\"https:\/\/pagina10.com\/web\/2-500-policias-fueron-desplegados-en-narino-para-garantizar-seguridad-en-elecciones-2023\/\"},\"wordCount\":227,\"commentCount\":0,\"publisher\":{\"@id\":\"https:\/\/pagina10.com\/web\/#organization\"},\"image\":{\"@id\":\"https:\/\/pagina10.com\/web\/2-500-policias-fueron-desplegados-en-narino-para-garantizar-seguridad-en-elecciones-2023\/#primaryimage\"},\"thumbnailUrl\":\"https:\/\/pagina10.com\/web\/wp-content\/uploads\/2023\/10\/planes_de_control_en_narino.jpg\",\"articleSection\":[\"Titulares\"],\"inLanguage\":\"es\",\"potentialAction\":[{\"@type\":\"CommentAction\",\"name\":\"Comment\",\"target\":[\"https:\/\/pagina10.com\/web\/2-500-policias-fueron-desplegados-en-narino-para-garantizar-seguridad-en-elecciones-2023\/#respond\"]}]},{\"@type\":\"WebPage\",\"@id\":\"https:\/\/pagina10.com\/web\/2-500-policias-fueron-desplegados-en-narino-para-garantizar-seguridad-en-elecciones-2023\/\",\"url\":\"https:\/\/pagina10.com\/web\/2-500-policias-fueron-desplegados-en-narino-para-garantizar-seguridad-en-elecciones-2023\/\",\"name\":\"2.500 polic\u00edas fueron desplegados en Nari\u00f1o para garantizar seguridad en elecciones 2023 | P\u00e1gina10\",\"isPartOf\":{\"@id\":\"https:\/\/pagina10.com\/web\/#website\"},\"primaryImageOfPage\":{\"@id\":\"https:\/\/pagina10.com\/web\/2-500-policias-fueron-desplegados-en-narino-para-garantizar-seguridad-en-elecciones-2023\/#primaryimage\"},\"image\":{\"@id\":\"https:\/\/pagina10.com\/web\/2-500-policias-fueron-desplegados-en-narino-para-garantizar-seguridad-en-elecciones-2023\/#primaryimage\"},\"thumbnailUrl\":\"https:\/\/pagina10.com\/web\/wp-content\/uploads\/2023\/10\/planes_de_control_en_narino.jpg\",\"datePublished\":\"2023-10-29T01:31:18+00:00\",\"dateModified\":\"2023-10-29T01:33:27+00:00\",\"breadcrumb\":{\"@id\":\"https:\/\/pagina10.com\/web\/2-500-policias-fueron-desplegados-en-narino-para-garantizar-seguridad-en-elecciones-2023\/#breadcrumb\"},\"inLanguage\":\"es\",\"potentialAction\":[{\"@type\":\"ReadAction\",\"target\":[\"https:\/\/pagina10.com\/web\/2-500-policias-fueron-desplegados-en-narino-para-garantizar-seguridad-en-elecciones-2023\/\"]}]},{\"@type\":\"ImageObject\",\"inLanguage\":\"es\",\"@id\":\"https:\/\/pagina10.com\/web\/2-500-policias-fueron-desplegados-en-narino-para-garantizar-seguridad-en-elecciones-2023\/#primaryimage\",\"url\":\"https:\/\/pagina10.com\/web\/wp-content\/uploads\/2023\/10\/planes_de_control_en_narino.jpg\",\"contentUrl\":\"https:\/\/pagina10.com\/web\/wp-content\/uploads\/2023\/10\/planes_de_control_en_narino.jpg\",\"width\":660,\"height\":400},{\"@type\":\"BreadcrumbList\",\"@id\":\"https:\/\/pagina10.com\/web\/2-500-policias-fueron-desplegados-en-narino-para-garantizar-seguridad-en-elecciones-2023\/#breadcrumb\",\"itemListElement\":[{\"@type\":\"ListItem\",\"position\":1,\"name\":\"Portada\",\"item\":\"https:\/\/pagina10.com\/web\/\"},{\"@type\":\"ListItem\",\"position\":2,\"name\":\"2.500 polic\u00edas fueron desplegados en Nari\u00f1o para garantizar seguridad en elecciones 2023\"}]},{\"@type\":\"WebSite\",\"@id\":\"https:\/\/pagina10.com\/web\/#website\",\"url\":\"https:\/\/pagina10.com\/web\/\",\"name\":\"P\u00e1gina10\",\"description\":\"Peri\u00f3dico Regional\",\"publisher\":{\"@id\":\"https:\/\/pagina10.com\/web\/#organization\"},\"alternateName\":\"P\u00e1gina10 Peri\u00f3dico Regional\",\"potentialAction\":[{\"@type\":\"SearchAction\",\"target\":{\"@type\":\"EntryPoint\",\"urlTemplate\":\"https:\/\/pagina10.com\/web\/?s={search_term_string}\"},\"query-input\":{\"@type\":\"PropertyValueSpecification\",\"valueRequired\":true,\"valueName\":\"search_term_string\"}}],\"inLanguage\":\"es\"},{\"@type\":\"Organization\",\"@id\":\"https:\/\/pagina10.com\/web\/#organization\",\"name\":\"P\u00e1gina10\",\"alternateName\":\"P\u00e1gina10 Peri\u00f3dico Regional\",\"url\":\"https:\/\/pagina10.com\/web\/\",\"logo\":{\"@type\":\"ImageObject\",\"inLanguage\":\"es\",\"@id\":\"https:\/\/pagina10.com\/web\/#\/schema\/logo\/image\/\",\"url\":\"https:\/\/pagina10.com\/web\/wp-content\/uploads\/2024\/01\/40-pagina-10-periodico-regional-pasto.jpg\",\"contentUrl\":\"https:\/\/pagina10.com\/web\/wp-content\/uploads\/2024\/01\/40-pagina-10-periodico-regional-pasto.jpg\",\"width\":1280,\"height\":720,\"caption\":\"P\u00e1gina10\"},\"image\":{\"@id\":\"https:\/\/pagina10.com\/web\/#\/schema\/logo\/image\/\"},\"sameAs\":[\"https:\/\/www.facebook.com\/pag10com\",\"https:\/\/x.com\/Pag10com\",\"https:\/\/www.instagram.com\/pagina10col\/\",\"https:\/\/youtube.com\/channel\/pag10\",\"https:\/\/www.tiktok.com\/@p10col\"]},{\"@type\":\"Person\",\"@id\":\"https:\/\/pagina10.com\/web\/#\/schema\/person\/2efc4a090d25b667d3bc796798a3a81b\",\"name\":\"P\u00e1gina 10\",\"description\":\"P\u00e1gina 10 es un peri\u00f3dico regional que nace en Colombia, en el departamento de Nari\u00f1o, con un enfoque global, fundamentado en cuatro pilares esenciales: la libertad, el pluralismo, la inclusi\u00f3n y la independencia. P\u00e1gina 10 hace referencia a Nari\u00f1o como el d\u00e9cimo departamento creado en Colombia, despu\u00e9s de un proceso pol\u00edtico liderado por actores y actrices regionales con el fin de obtener la independencia y autonom\u00eda de nuestros territorios. Con la creaci\u00f3n de P\u00e1gina 10 se pretende abrir un escenario para el dialogo, la reflexi\u00f3n y el debate que se extienda a otras geograf\u00edas de Am\u00e9rica Latina y del planeta, en una apuesta por transformar colectivamente los desaf\u00edos de un mundo contempor\u00e1neo, m\u00e1s all\u00e1 de las fronteras impuestas.\",\"url\":\"https:\/\/pagina10.com\/web\/author\/pdiezadmin\/\"}]}<\/script>\n<!-- \/ Yoast SEO plugin. -->","yoast_head_json":{"title":"2.500 polic\u00edas fueron desplegados en Nari\u00f1o para garantizar seguridad en elecciones 2023 | P\u00e1gina10","robots":{"index":"index","follow":"follow","max-snippet":"max-snippet:-1","max-image-preview":"max-image-preview:large","max-video-preview":"max-video-preview:-1"},"canonical":"https:\/\/pagina10.com\/web\/2-500-policias-fueron-desplegados-en-narino-para-garantizar-seguridad-en-elecciones-2023\/","og_locale":"es_ES","og_type":"article","og_title":"2.500 polic\u00edas fueron desplegados en Nari\u00f1o para garantizar seguridad en elecciones 2023 | P\u00e1gina10","og_description":"Nari\u00f1o se prepara para las elecciones programadas el pr\u00f3ximo 29 de octubre con un despliegue significativo de seguridad. El Departamento de Polic\u00eda Nari\u00f1o ha dispuesto un contingente de m\u00e1s de 2.500 hombres y mujeres polic\u00edas, listos para trabajar en colaboraci\u00f3n con la comunidad, las fuerzas militares y las autoridades pol\u00edtico-administrativas con el objetivo de garantizar [&hellip;]","og_url":"https:\/\/pagina10.com\/web\/2-500-policias-fueron-desplegados-en-narino-para-garantizar-seguridad-en-elecciones-2023\/","og_site_name":"P\u00e1gina10","article_publisher":"https:\/\/www.facebook.com\/pag10com","article_published_time":"2023-10-29T01:31:18+00:00","article_modified_time":"2023-10-29T01:33:27+00:00","og_image":[{"width":660,"height":400,"url":"https:\/\/pagina10.com\/web\/wp-content\/uploads\/2023\/10\/planes_de_control_en_narino.jpg","type":"image\/jpeg"}],"author":"P\u00e1gina 10","twitter_card":"summary_large_image","twitter_creator":"@Pag10com","twitter_site":"@Pag10com","twitter_misc":{"Escrito por":"P\u00e1gina 10","Tiempo de lectura":"1 minuto"},"schema":{"@context":"https:\/\/schema.org","@graph":[{"@type":"Article","@id":"https:\/\/pagina10.com\/web\/2-500-policias-fueron-desplegados-en-narino-para-garantizar-seguridad-en-elecciones-2023\/#article","isPartOf":{"@id":"https:\/\/pagina10.com\/web\/2-500-policias-fueron-desplegados-en-narino-para-garantizar-seguridad-en-elecciones-2023\/"},"author":{"name":"P\u00e1gina 10","@id":"https:\/\/pagina10.com\/web\/#\/schema\/person\/2efc4a090d25b667d3bc796798a3a81b"},"headline":"2.500 polic\u00edas fueron desplegados en Nari\u00f1o para garantizar seguridad en elecciones 2023","datePublished":"2023-10-29T01:31:18+00:00","dateModified":"2023-10-29T01:33:27+00:00","mainEntityOfPage":{"@id":"https:\/\/pagina10.com\/web\/2-500-policias-fueron-desplegados-en-narino-para-garantizar-seguridad-en-elecciones-2023\/"},"wordCount":227,"commentCount":0,"publisher":{"@id":"https:\/\/pagina10.com\/web\/#organization"},"image":{"@id":"https:\/\/pagina10.com\/web\/2-500-policias-fueron-desplegados-en-narino-para-garantizar-seguridad-en-elecciones-2023\/#primaryimage"},"thumbnailUrl":"https:\/\/pagina10.com\/web\/wp-content\/uploads\/2023\/10\/planes_de_control_en_narino.jpg","articleSection":["Titulares"],"inLanguage":"es","potentialAction":[{"@type":"CommentAction","name":"Comment","target":["https:\/\/pagina10.com\/web\/2-500-policias-fueron-desplegados-en-narino-para-garantizar-seguridad-en-elecciones-2023\/#respond"]}]},{"@type":"WebPage","@id":"https:\/\/pagina10.com\/web\/2-500-policias-fueron-desplegados-en-narino-para-garantizar-seguridad-en-elecciones-2023\/","url":"https:\/\/pagina10.com\/web\/2-500-policias-fueron-desplegados-en-narino-para-garantizar-seguridad-en-elecciones-2023\/","name":"2.500 polic\u00edas fueron desplegados en Nari\u00f1o para garantizar seguridad en elecciones 2023 | P\u00e1gina10","isPartOf":{"@id":"https:\/\/pagina10.com\/web\/#website"},"primaryImageOfPage":{"@id":"https:\/\/pagina10.com\/web\/2-500-policias-fueron-desplegados-en-narino-para-garantizar-seguridad-en-elecciones-2023\/#primaryimage"},"image":{"@id":"https:\/\/pagina10.com\/web\/2-500-policias-fueron-desplegados-en-narino-para-garantizar-seguridad-en-elecciones-2023\/#primaryimage"},"thumbnailUrl":"https:\/\/pagina10.com\/web\/wp-content\/uploads\/2023\/10\/planes_de_control_en_narino.jpg","datePublished":"2023-10-29T01:31:18+00:00","dateModified":"2023-10-29T01:33:27+00:00","breadcrumb":{"@id":"https:\/\/pagina10.com\/web\/2-500-policias-fueron-desplegados-en-narino-para-garantizar-seguridad-en-elecciones-2023\/#breadcrumb"},"inLanguage":"es","potentialAction":[{"@type":"ReadAction","target":["https:\/\/pagina10.com\/web\/2-500-policias-fueron-desplegados-en-narino-para-garantizar-seguridad-en-elecciones-2023\/"]}]},{"@type":"ImageObject","inLanguage":"es","@id":"https:\/\/pagina10.com\/web\/2-500-policias-fueron-desplegados-en-narino-para-garantizar-seguridad-en-elecciones-2023\/#primaryimage","url":"https:\/\/pagina10.com\/web\/wp-content\/uploads\/2023\/10\/planes_de_control_en_narino.jpg","contentUrl":"https:\/\/pagina10.com\/web\/wp-content\/uploads\/2023\/10\/planes_de_control_en_narino.jpg","width":660,"height":400},{"@type":"BreadcrumbList","@id":"https:\/\/pagina10.com\/web\/2-500-policias-fueron-desplegados-en-narino-para-garantizar-seguridad-en-elecciones-2023\/#breadcrumb","itemListElement":[{"@type":"ListItem","position":1,"name":"Portada","item":"https:\/\/pagina10.com\/web\/"},{"@type":"ListItem","position":2,"name":"2.500 polic\u00edas fueron desplegados en Nari\u00f1o para garantizar seguridad en elecciones 2023"}]},{"@type":"WebSite","@id":"https:\/\/pagina10.com\/web\/#website","url":"https:\/\/pagina10.com\/web\/","name":"P\u00e1gina10","description":"Peri\u00f3dico Regional","publisher":{"@id":"https:\/\/pagina10.com\/web\/#organization"},"alternateName":"P\u00e1gina10 Peri\u00f3dico Regional","potentialAction":[{"@type":"SearchAction","target":{"@type":"EntryPoint","urlTemplate":"https:\/\/pagina10.com\/web\/?s={search_term_string}"},"query-input":{"@type":"PropertyValueSpecification","valueRequired":true,"valueName":"search_term_string"}}],"inLanguage":"es"},{"@type":"Organization","@id":"https:\/\/pagina10.com\/web\/#organization","name":"P\u00e1gina10","alternateName":"P\u00e1gina10 Peri\u00f3dico Regional","url":"https:\/\/pagina10.com\/web\/","logo":{"@type":"ImageObject","inLanguage":"es","@id":"https:\/\/pagina10.com\/web\/#\/schema\/logo\/image\/","url":"https:\/\/pagina10.com\/web\/wp-content\/uploads\/2024\/01\/40-pagina-10-periodico-regional-pasto.jpg","contentUrl":"https:\/\/pagina10.com\/web\/wp-content\/uploads\/2024\/01\/40-pagina-10-periodico-regional-pasto.jpg","width":1280,"height":720,"caption":"P\u00e1gina10"},"image":{"@id":"https:\/\/pagina10.com\/web\/#\/schema\/logo\/image\/"},"sameAs":["https:\/\/www.facebook.com\/pag10com","https:\/\/x.com\/Pag10com","https:\/\/www.instagram.com\/pagina10col\/","https:\/\/youtube.com\/channel\/pag10","https:\/\/www.tiktok.com\/@p10col"]},{"@type":"Person","@id":"https:\/\/pagina10.com\/web\/#\/schema\/person\/2efc4a090d25b667d3bc796798a3a81b","name":"P\u00e1gina 10","description":"P\u00e1gina 10 es un peri\u00f3dico regional que nace en Colombia, en el departamento de Nari\u00f1o, con un enfoque global, fundamentado en cuatro pilares esenciales: la libertad, el pluralismo, la inclusi\u00f3n y la independencia. P\u00e1gina 10 hace referencia a Nari\u00f1o como el d\u00e9cimo departamento creado en Colombia, despu\u00e9s de un proceso pol\u00edtico liderado por actores y actrices regionales con el fin de obtener la independencia y autonom\u00eda de nuestros territorios. Con la creaci\u00f3n de P\u00e1gina 10 se pretende abrir un escenario para el dialogo, la reflexi\u00f3n y el debate que se extienda a otras geograf\u00edas de Am\u00e9rica Latina y del planeta, en una apuesta por transformar colectivamente los desaf\u00edos de un mundo contempor\u00e1neo, m\u00e1s all\u00e1 de las fronteras impuestas.","url":"https:\/\/pagina10.com\/web\/author\/pdiezadmin\/"}]}},"_links":{"self":[{"href":"https:\/\/pagina10.com\/web\/wp-json\/wp\/v2\/posts\/69692","targetHints":{"allow":["GET"]}}],"collection":[{"href":"https:\/\/pagina10.com\/web\/wp-json\/wp\/v2\/posts"}],"about":[{"href":"https:\/\/pagina10.com\/web\/wp-json\/wp\/v2\/types\/post"}],"author":[{"embeddable":true,"href":"https:\/\/pagina10.com\/web\/wp-json\/wp\/v2\/users\/1"}],"replies":[{"embeddable":true,"href":"https:\/\/pagina10.com\/web\/wp-json\/wp\/v2\/comments?post=69692"}],"version-history":[{"count":1,"href":"https:\/\/pagina10.com\/web\/wp-json\/wp\/v2\/posts\/69692\/revisions"}],"predecessor-version":[{"id":69693,"href":"https:\/\/pagina10.com\/web\/wp-json\/wp\/v2\/posts\/69692\/revisions\/69693"}],"wp:featuredmedia":[{"embeddable":true,"href":"https:\/\/pagina10.com\/web\/wp-json\/wp\/v2\/media\/69694"}],"wp:attachment":[{"href":"https:\/\/pagina10.com\/web\/wp-json\/wp\/v2\/media?parent=69692"}],"wp:term":[{"taxonomy":"category","embeddable":true,"href":"https:\/\/pagina10.com\/web\/wp-json\/wp\/v2\/categories?post=69692"},{"taxonomy":"post_tag","embeddable":true,"href":"https:\/\/pagina10.com\/web\/wp-json\/wp\/v2\/tags?post=69692"}],"curies":[{"name":"wp","href":"https:\/\/api.w.org\/{rel}","templated":true}]}}