{"id":69696,"date":"2023-10-28T21:13:52","date_gmt":"2023-10-29T02:13:52","guid":{"rendered":"https:\/\/pagina10.com\/web\/?p=69696"},"modified":"2023-10-28T21:13:52","modified_gmt":"2023-10-29T02:13:52","slug":"diana-ibarra-un-compromiso-por-pasto","status":"publish","type":"post","link":"https:\/\/pagina10.com\/web\/diana-ibarra-un-compromiso-por-pasto\/","title":{"rendered":"Diana Ibarra: un compromiso por Pasto"},"content":{"rendered":"<p style=\"text-align: justify;\">No queda duda alguna que el esp\u00edritu de servicio social, solidaridad y emprendimiento brota espont\u00e1neamente en aquellos seres y corazones destinados a ser una gu\u00eda para la sociedad.<\/p>\n<p style=\"text-align: justify;\">Pasto se apresta al desarrollo de unas elecciones en las cuales no \u00fanicamente est\u00e1 en juego la suerte pol\u00edtica de algunos candidatos si no el futuro de nuestra ni\u00f1ez, adultos mayores y personas en situaci\u00f3n de discapacidad, lo mismo que seres vulnerables y carentes de recursos para afrontar sus m\u00e1s elementales necesidades como vivienda, educaci\u00f3n, salud y nutrici\u00f3n.<\/p>\n<p style=\"text-align: justify;\">A pesar de los esfuerzos y avances alcanzados en tajes materias es a\u00fan mucho lo que queda por hacer. Y para esta noble tarea se requiere de corazones sensibles, inteligencia, capacidad y decisi\u00f3n.<\/p>\n<p><iframe style=\"border: none; overflow: hidden;\" src=\"https:\/\/www.facebook.com\/plugins\/video.php?height=314&amp;href=https%3A%2F%2Fwww.facebook.com%2Fpag10com%2Fvideos%2F332233639493787%2F&amp;show_text=false&amp;width=560&amp;t=0\" width=\"560\" height=\"314\" frameborder=\"0\" scrolling=\"no\" allowfullscreen=\"allowfullscreen\"><\/iframe><\/p>\n<p style=\"text-align: justify;\">Elementos que se encuentran generosamente en la personalidad de la gestora social DIANA IBARRA y que se manifiestan en su hogar, su familia, sus amigos y coterr\u00e1neos. Su origen humilde le permite conocer las necesidades de su gente. Una mente brillante que se hizo a fuerza de trabajo, dedicaci\u00f3n y empe\u00f1o.<\/p>\n<p style=\"text-align: justify;\">Diana Ibarra siente en carne propia las angustias de su pueblo, se siente en su voz quebrada ante la sola menci\u00f3n de la ni\u00f1ez que deambula por las calles de nuestra ciudad en su b\u00fasqueda incesante de un pan, un abrazo o tan solo una oportunidad para mitigar su cruda y dura realidad.<\/p>\n<p style=\"text-align: justify;\">Su af\u00e1n consiste en hacer de Pasto un lugar en el cual se pueda disfrutar de una caminata, el compartir en familia una tarde soleada o una conversaci\u00f3n amena con esos amigos que tanto se a\u00f1ora. Una ciudad feliz para todos, sin limitaciones, segura, tranquila y emotiva.<\/p>\n<p style=\"text-align: justify;\">Las manos, el coraz\u00f3n y el deseo de DIANA IBARRA se perfilan en esa b\u00fasqueda incesante. Una gestora que piensa en su gente, en los suyos, en ciudad.<\/p>\n<p style=\"text-align: justify;\">Pasto ese lugar donde nacimos, crecimos y vivimos. Pasto esa ciudad que nos necesita, que nos convoca y nos inspira.<\/p>\n","protected":false},"excerpt":{"rendered":"<p>No queda duda alguna que el esp\u00edritu de servicio social, solidaridad y emprendimiento brota espont\u00e1neamente en aquellos seres y corazones destinados a ser una gu\u00eda para la sociedad. Pasto se apresta al desarrollo de unas elecciones en las cuales no \u00fanicamente est\u00e1 en juego la suerte pol\u00edtica de algunos candidatos si no el futuro de [&hellip;]<\/p>\n","protected":false},"author":1,"featured_media":69697,"comment_status":"open","ping_status":"open","sticky":false,"template":"","format":"standard","meta":{"footnotes":""},"categories":[82],"tags":[],"class_list":["post-69696","post","type-post","status-publish","format-standard","has-post-thumbnail","hentry","category-ciudad-2"],"yoast_head":"<!-- This site is optimized with the Yoast SEO plugin v27.1.1 - https:\/\/yoast.com\/product\/yoast-seo-wordpress\/ -->\n<title>Diana Ibarra: un compromiso por Pasto | P\u00e1gina10<\/title>\n<meta name=\"robots\" content=\"index, follow, max-snippet:-1, max-image-preview:large, max-video-preview:-1\" \/>\n<link rel=\"canonical\" href=\"https:\/\/pagina10.com\/web\/diana-ibarra-un-compromiso-por-pasto\/\" \/>\n<meta property=\"og:locale\" content=\"es_ES\" \/>\n<meta property=\"og:type\" content=\"article\" \/>\n<meta property=\"og:title\" content=\"Diana Ibarra: un compromiso por Pasto | P\u00e1gina10\" \/>\n<meta property=\"og:description\" content=\"No queda duda alguna que el esp\u00edritu de servicio social, solidaridad y emprendimiento brota espont\u00e1neamente en aquellos seres y corazones destinados a ser una gu\u00eda para la sociedad. Pasto se apresta al desarrollo de unas elecciones en las cuales no \u00fanicamente est\u00e1 en juego la suerte pol\u00edtica de algunos candidatos si no el futuro de [&hellip;]\" \/>\n<meta property=\"og:url\" content=\"https:\/\/pagina10.com\/web\/diana-ibarra-un-compromiso-por-pasto\/\" \/>\n<meta property=\"og:site_name\" content=\"P\u00e1gina10\" \/>\n<meta property=\"article:publisher\" content=\"https:\/\/www.facebook.com\/pag10com\" \/>\n<meta property=\"article:published_time\" content=\"2023-10-29T02:13:52+00:00\" \/>\n<meta property=\"og:image\" content=\"https:\/\/pagina10.com\/web\/wp-content\/uploads\/2023\/10\/foto-con-Diana-1024x324.png\" \/>\n\t<meta property=\"og:image:width\" content=\"1024\" \/>\n\t<meta property=\"og:image:height\" content=\"324\" \/>\n\t<meta property=\"og:image:type\" content=\"image\/png\" \/>\n<meta name=\"author\" content=\"P\u00e1gina 10\" \/>\n<meta name=\"twitter:card\" content=\"summary_large_image\" \/>\n<meta name=\"twitter:creator\" content=\"@Pag10com\" \/>\n<meta name=\"twitter:site\" content=\"@Pag10com\" \/>\n<meta name=\"twitter:label1\" content=\"Escrito por\" \/>\n\t<meta name=\"twitter:data1\" content=\"P\u00e1gina 10\" \/>\n\t<meta name=\"twitter:label2\" content=\"Tiempo de lectura\" \/>\n\t<meta name=\"twitter:data2\" content=\"2 minutos\" \/>\n<script type=\"application\/ld+json\" class=\"yoast-schema-graph\">{\"@context\":\"https:\/\/schema.org\",\"@graph\":[{\"@type\":\"Article\",\"@id\":\"https:\/\/pagina10.com\/web\/diana-ibarra-un-compromiso-por-pasto\/#article\",\"isPartOf\":{\"@id\":\"https:\/\/pagina10.com\/web\/diana-ibarra-un-compromiso-por-pasto\/\"},\"author\":{\"name\":\"P\u00e1gina 10\",\"@id\":\"https:\/\/pagina10.com\/web\/#\/schema\/person\/2efc4a090d25b667d3bc796798a3a81b\"},\"headline\":\"Diana Ibarra: un compromiso por Pasto\",\"datePublished\":\"2023-10-29T02:13:52+00:00\",\"mainEntityOfPage\":{\"@id\":\"https:\/\/pagina10.com\/web\/diana-ibarra-un-compromiso-por-pasto\/\"},\"wordCount\":346,\"commentCount\":0,\"publisher\":{\"@id\":\"https:\/\/pagina10.com\/web\/#organization\"},\"image\":{\"@id\":\"https:\/\/pagina10.com\/web\/diana-ibarra-un-compromiso-por-pasto\/#primaryimage\"},\"thumbnailUrl\":\"https:\/\/pagina10.com\/web\/wp-content\/uploads\/2023\/10\/foto-con-Diana.png\",\"articleSection\":[\"Ciudad\"],\"inLanguage\":\"es\",\"potentialAction\":[{\"@type\":\"CommentAction\",\"name\":\"Comment\",\"target\":[\"https:\/\/pagina10.com\/web\/diana-ibarra-un-compromiso-por-pasto\/#respond\"]}]},{\"@type\":\"WebPage\",\"@id\":\"https:\/\/pagina10.com\/web\/diana-ibarra-un-compromiso-por-pasto\/\",\"url\":\"https:\/\/pagina10.com\/web\/diana-ibarra-un-compromiso-por-pasto\/\",\"name\":\"Diana Ibarra: un compromiso por Pasto | P\u00e1gina10\",\"isPartOf\":{\"@id\":\"https:\/\/pagina10.com\/web\/#website\"},\"primaryImageOfPage\":{\"@id\":\"https:\/\/pagina10.com\/web\/diana-ibarra-un-compromiso-por-pasto\/#primaryimage\"},\"image\":{\"@id\":\"https:\/\/pagina10.com\/web\/diana-ibarra-un-compromiso-por-pasto\/#primaryimage\"},\"thumbnailUrl\":\"https:\/\/pagina10.com\/web\/wp-content\/uploads\/2023\/10\/foto-con-Diana.png\",\"datePublished\":\"2023-10-29T02:13:52+00:00\",\"breadcrumb\":{\"@id\":\"https:\/\/pagina10.com\/web\/diana-ibarra-un-compromiso-por-pasto\/#breadcrumb\"},\"inLanguage\":\"es\",\"potentialAction\":[{\"@type\":\"ReadAction\",\"target\":[\"https:\/\/pagina10.com\/web\/diana-ibarra-un-compromiso-por-pasto\/\"]}]},{\"@type\":\"ImageObject\",\"inLanguage\":\"es\",\"@id\":\"https:\/\/pagina10.com\/web\/diana-ibarra-un-compromiso-por-pasto\/#primaryimage\",\"url\":\"https:\/\/pagina10.com\/web\/wp-content\/uploads\/2023\/10\/foto-con-Diana.png\",\"contentUrl\":\"https:\/\/pagina10.com\/web\/wp-content\/uploads\/2023\/10\/foto-con-Diana.png\",\"width\":1920,\"height\":608},{\"@type\":\"BreadcrumbList\",\"@id\":\"https:\/\/pagina10.com\/web\/diana-ibarra-un-compromiso-por-pasto\/#breadcrumb\",\"itemListElement\":[{\"@type\":\"ListItem\",\"position\":1,\"name\":\"Portada\",\"item\":\"https:\/\/pagina10.com\/web\/\"},{\"@type\":\"ListItem\",\"position\":2,\"name\":\"Diana Ibarra: un compromiso por Pasto\"}]},{\"@type\":\"WebSite\",\"@id\":\"https:\/\/pagina10.com\/web\/#website\",\"url\":\"https:\/\/pagina10.com\/web\/\",\"name\":\"P\u00e1gina10\",\"description\":\"Peri\u00f3dico Regional\",\"publisher\":{\"@id\":\"https:\/\/pagina10.com\/web\/#organization\"},\"alternateName\":\"P\u00e1gina10 Peri\u00f3dico Regional\",\"potentialAction\":[{\"@type\":\"SearchAction\",\"target\":{\"@type\":\"EntryPoint\",\"urlTemplate\":\"https:\/\/pagina10.com\/web\/?s={search_term_string}\"},\"query-input\":{\"@type\":\"PropertyValueSpecification\",\"valueRequired\":true,\"valueName\":\"search_term_string\"}}],\"inLanguage\":\"es\"},{\"@type\":\"Organization\",\"@id\":\"https:\/\/pagina10.com\/web\/#organization\",\"name\":\"P\u00e1gina10\",\"alternateName\":\"P\u00e1gina10 Peri\u00f3dico Regional\",\"url\":\"https:\/\/pagina10.com\/web\/\",\"logo\":{\"@type\":\"ImageObject\",\"inLanguage\":\"es\",\"@id\":\"https:\/\/pagina10.com\/web\/#\/schema\/logo\/image\/\",\"url\":\"https:\/\/pagina10.com\/web\/wp-content\/uploads\/2024\/01\/40-pagina-10-periodico-regional-pasto.jpg\",\"contentUrl\":\"https:\/\/pagina10.com\/web\/wp-content\/uploads\/2024\/01\/40-pagina-10-periodico-regional-pasto.jpg\",\"width\":1280,\"height\":720,\"caption\":\"P\u00e1gina10\"},\"image\":{\"@id\":\"https:\/\/pagina10.com\/web\/#\/schema\/logo\/image\/\"},\"sameAs\":[\"https:\/\/www.facebook.com\/pag10com\",\"https:\/\/x.com\/Pag10com\",\"https:\/\/www.instagram.com\/pagina10col\/\",\"https:\/\/youtube.com\/channel\/pag10\",\"https:\/\/www.tiktok.com\/@p10col\"]},{\"@type\":\"Person\",\"@id\":\"https:\/\/pagina10.com\/web\/#\/schema\/person\/2efc4a090d25b667d3bc796798a3a81b\",\"name\":\"P\u00e1gina 10\",\"description\":\"P\u00e1gina 10 es un peri\u00f3dico regional que nace en Colombia, en el departamento de Nari\u00f1o, con un enfoque global, fundamentado en cuatro pilares esenciales: la libertad, el pluralismo, la inclusi\u00f3n y la independencia. P\u00e1gina 10 hace referencia a Nari\u00f1o como el d\u00e9cimo departamento creado en Colombia, despu\u00e9s de un proceso pol\u00edtico liderado por actores y actrices regionales con el fin de obtener la independencia y autonom\u00eda de nuestros territorios. Con la creaci\u00f3n de P\u00e1gina 10 se pretende abrir un escenario para el dialogo, la reflexi\u00f3n y el debate que se extienda a otras geograf\u00edas de Am\u00e9rica Latina y del planeta, en una apuesta por transformar colectivamente los desaf\u00edos de un mundo contempor\u00e1neo, m\u00e1s all\u00e1 de las fronteras impuestas.\",\"url\":\"https:\/\/pagina10.com\/web\/author\/pdiezadmin\/\"}]}<\/script>\n<!-- \/ Yoast SEO plugin. -->","yoast_head_json":{"title":"Diana Ibarra: un compromiso por Pasto | P\u00e1gina10","robots":{"index":"index","follow":"follow","max-snippet":"max-snippet:-1","max-image-preview":"max-image-preview:large","max-video-preview":"max-video-preview:-1"},"canonical":"https:\/\/pagina10.com\/web\/diana-ibarra-un-compromiso-por-pasto\/","og_locale":"es_ES","og_type":"article","og_title":"Diana Ibarra: un compromiso por Pasto | P\u00e1gina10","og_description":"No queda duda alguna que el esp\u00edritu de servicio social, solidaridad y emprendimiento brota espont\u00e1neamente en aquellos seres y corazones destinados a ser una gu\u00eda para la sociedad. Pasto se apresta al desarrollo de unas elecciones en las cuales no \u00fanicamente est\u00e1 en juego la suerte pol\u00edtica de algunos candidatos si no el futuro de [&hellip;]","og_url":"https:\/\/pagina10.com\/web\/diana-ibarra-un-compromiso-por-pasto\/","og_site_name":"P\u00e1gina10","article_publisher":"https:\/\/www.facebook.com\/pag10com","article_published_time":"2023-10-29T02:13:52+00:00","og_image":[{"width":1024,"height":324,"url":"https:\/\/pagina10.com\/web\/wp-content\/uploads\/2023\/10\/foto-con-Diana-1024x324.png","type":"image\/png"}],"author":"P\u00e1gina 10","twitter_card":"summary_large_image","twitter_creator":"@Pag10com","twitter_site":"@Pag10com","twitter_misc":{"Escrito por":"P\u00e1gina 10","Tiempo de lectura":"2 minutos"},"schema":{"@context":"https:\/\/schema.org","@graph":[{"@type":"Article","@id":"https:\/\/pagina10.com\/web\/diana-ibarra-un-compromiso-por-pasto\/#article","isPartOf":{"@id":"https:\/\/pagina10.com\/web\/diana-ibarra-un-compromiso-por-pasto\/"},"author":{"name":"P\u00e1gina 10","@id":"https:\/\/pagina10.com\/web\/#\/schema\/person\/2efc4a090d25b667d3bc796798a3a81b"},"headline":"Diana Ibarra: un compromiso por Pasto","datePublished":"2023-10-29T02:13:52+00:00","mainEntityOfPage":{"@id":"https:\/\/pagina10.com\/web\/diana-ibarra-un-compromiso-por-pasto\/"},"wordCount":346,"commentCount":0,"publisher":{"@id":"https:\/\/pagina10.com\/web\/#organization"},"image":{"@id":"https:\/\/pagina10.com\/web\/diana-ibarra-un-compromiso-por-pasto\/#primaryimage"},"thumbnailUrl":"https:\/\/pagina10.com\/web\/wp-content\/uploads\/2023\/10\/foto-con-Diana.png","articleSection":["Ciudad"],"inLanguage":"es","potentialAction":[{"@type":"CommentAction","name":"Comment","target":["https:\/\/pagina10.com\/web\/diana-ibarra-un-compromiso-por-pasto\/#respond"]}]},{"@type":"WebPage","@id":"https:\/\/pagina10.com\/web\/diana-ibarra-un-compromiso-por-pasto\/","url":"https:\/\/pagina10.com\/web\/diana-ibarra-un-compromiso-por-pasto\/","name":"Diana Ibarra: un compromiso por Pasto | P\u00e1gina10","isPartOf":{"@id":"https:\/\/pagina10.com\/web\/#website"},"primaryImageOfPage":{"@id":"https:\/\/pagina10.com\/web\/diana-ibarra-un-compromiso-por-pasto\/#primaryimage"},"image":{"@id":"https:\/\/pagina10.com\/web\/diana-ibarra-un-compromiso-por-pasto\/#primaryimage"},"thumbnailUrl":"https:\/\/pagina10.com\/web\/wp-content\/uploads\/2023\/10\/foto-con-Diana.png","datePublished":"2023-10-29T02:13:52+00:00","breadcrumb":{"@id":"https:\/\/pagina10.com\/web\/diana-ibarra-un-compromiso-por-pasto\/#breadcrumb"},"inLanguage":"es","potentialAction":[{"@type":"ReadAction","target":["https:\/\/pagina10.com\/web\/diana-ibarra-un-compromiso-por-pasto\/"]}]},{"@type":"ImageObject","inLanguage":"es","@id":"https:\/\/pagina10.com\/web\/diana-ibarra-un-compromiso-por-pasto\/#primaryimage","url":"https:\/\/pagina10.com\/web\/wp-content\/uploads\/2023\/10\/foto-con-Diana.png","contentUrl":"https:\/\/pagina10.com\/web\/wp-content\/uploads\/2023\/10\/foto-con-Diana.png","width":1920,"height":608},{"@type":"BreadcrumbList","@id":"https:\/\/pagina10.com\/web\/diana-ibarra-un-compromiso-por-pasto\/#breadcrumb","itemListElement":[{"@type":"ListItem","position":1,"name":"Portada","item":"https:\/\/pagina10.com\/web\/"},{"@type":"ListItem","position":2,"name":"Diana Ibarra: un compromiso por Pasto"}]},{"@type":"WebSite","@id":"https:\/\/pagina10.com\/web\/#website","url":"https:\/\/pagina10.com\/web\/","name":"P\u00e1gina10","description":"Peri\u00f3dico Regional","publisher":{"@id":"https:\/\/pagina10.com\/web\/#organization"},"alternateName":"P\u00e1gina10 Peri\u00f3dico Regional","potentialAction":[{"@type":"SearchAction","target":{"@type":"EntryPoint","urlTemplate":"https:\/\/pagina10.com\/web\/?s={search_term_string}"},"query-input":{"@type":"PropertyValueSpecification","valueRequired":true,"valueName":"search_term_string"}}],"inLanguage":"es"},{"@type":"Organization","@id":"https:\/\/pagina10.com\/web\/#organization","name":"P\u00e1gina10","alternateName":"P\u00e1gina10 Peri\u00f3dico Regional","url":"https:\/\/pagina10.com\/web\/","logo":{"@type":"ImageObject","inLanguage":"es","@id":"https:\/\/pagina10.com\/web\/#\/schema\/logo\/image\/","url":"https:\/\/pagina10.com\/web\/wp-content\/uploads\/2024\/01\/40-pagina-10-periodico-regional-pasto.jpg","contentUrl":"https:\/\/pagina10.com\/web\/wp-content\/uploads\/2024\/01\/40-pagina-10-periodico-regional-pasto.jpg","width":1280,"height":720,"caption":"P\u00e1gina10"},"image":{"@id":"https:\/\/pagina10.com\/web\/#\/schema\/logo\/image\/"},"sameAs":["https:\/\/www.facebook.com\/pag10com","https:\/\/x.com\/Pag10com","https:\/\/www.instagram.com\/pagina10col\/","https:\/\/youtube.com\/channel\/pag10","https:\/\/www.tiktok.com\/@p10col"]},{"@type":"Person","@id":"https:\/\/pagina10.com\/web\/#\/schema\/person\/2efc4a090d25b667d3bc796798a3a81b","name":"P\u00e1gina 10","description":"P\u00e1gina 10 es un peri\u00f3dico regional que nace en Colombia, en el departamento de Nari\u00f1o, con un enfoque global, fundamentado en cuatro pilares esenciales: la libertad, el pluralismo, la inclusi\u00f3n y la independencia. P\u00e1gina 10 hace referencia a Nari\u00f1o como el d\u00e9cimo departamento creado en Colombia, despu\u00e9s de un proceso pol\u00edtico liderado por actores y actrices regionales con el fin de obtener la independencia y autonom\u00eda de nuestros territorios. Con la creaci\u00f3n de P\u00e1gina 10 se pretende abrir un escenario para el dialogo, la reflexi\u00f3n y el debate que se extienda a otras geograf\u00edas de Am\u00e9rica Latina y del planeta, en una apuesta por transformar colectivamente los desaf\u00edos de un mundo contempor\u00e1neo, m\u00e1s all\u00e1 de las fronteras impuestas.","url":"https:\/\/pagina10.com\/web\/author\/pdiezadmin\/"}]}},"_links":{"self":[{"href":"https:\/\/pagina10.com\/web\/wp-json\/wp\/v2\/posts\/69696","targetHints":{"allow":["GET"]}}],"collection":[{"href":"https:\/\/pagina10.com\/web\/wp-json\/wp\/v2\/posts"}],"about":[{"href":"https:\/\/pagina10.com\/web\/wp-json\/wp\/v2\/types\/post"}],"author":[{"embeddable":true,"href":"https:\/\/pagina10.com\/web\/wp-json\/wp\/v2\/users\/1"}],"replies":[{"embeddable":true,"href":"https:\/\/pagina10.com\/web\/wp-json\/wp\/v2\/comments?post=69696"}],"version-history":[{"count":1,"href":"https:\/\/pagina10.com\/web\/wp-json\/wp\/v2\/posts\/69696\/revisions"}],"predecessor-version":[{"id":69698,"href":"https:\/\/pagina10.com\/web\/wp-json\/wp\/v2\/posts\/69696\/revisions\/69698"}],"wp:featuredmedia":[{"embeddable":true,"href":"https:\/\/pagina10.com\/web\/wp-json\/wp\/v2\/media\/69697"}],"wp:attachment":[{"href":"https:\/\/pagina10.com\/web\/wp-json\/wp\/v2\/media?parent=69696"}],"wp:term":[{"taxonomy":"category","embeddable":true,"href":"https:\/\/pagina10.com\/web\/wp-json\/wp\/v2\/categories?post=69696"},{"taxonomy":"post_tag","embeddable":true,"href":"https:\/\/pagina10.com\/web\/wp-json\/wp\/v2\/tags?post=69696"}],"curies":[{"name":"wp","href":"https:\/\/api.w.org\/{rel}","templated":true}]}}