{"id":69803,"date":"2023-10-31T18:08:06","date_gmt":"2023-10-31T23:08:06","guid":{"rendered":"https:\/\/pagina10.com\/web\/?p=69803"},"modified":"2023-10-31T18:08:06","modified_gmt":"2023-10-31T23:08:06","slug":"arabia-saudita-designada-como-sede-del-mundial-de-la-fifa-2034","status":"publish","type":"post","link":"https:\/\/pagina10.com\/web\/arabia-saudita-designada-como-sede-del-mundial-de-la-fifa-2034\/","title":{"rendered":"Arabia Saudita designada como sede del mundial de la FIFA 2034"},"content":{"rendered":"<p style=\"text-align: justify;\">En un anuncio oficial, Gianni Infantino, presidente de la FIFA, confirm\u00f3 que Arabia Saudita ser\u00e1 la sede del Mundial de la FIFA en 2034. Este martes, Australia retir\u00f3 su candidatura, allanando el camino para que el reino ultraconservador organice el torneo. Infantino destac\u00f3 que el f\u00fatbol, como deporte global, une a las naciones y proporciona un mensaje de unidad e inclusi\u00f3n.<\/p>\n<p style=\"text-align: justify;\">La decisi\u00f3n de otorgar la sede a Arabia Saudita forma parte de un proceso que contempla la distribuci\u00f3n de los pr\u00f3ximos torneos en diferentes continentes. Actualmente, Canad\u00e1, M\u00e9xico y Estados Unidos se preparan para albergar el evento en 2026, seguido de Marruecos en \u00c1frica y Portugal y Espa\u00f1a en Europa para las ediciones de 2030. La pr\u00f3xima Copa Mundial, en 2026, tendr\u00e1 lugar en Am\u00e9rica del Norte.<\/p>\n<p style=\"text-align: justify;\">El anuncio ha suscitado interrogantes sobre el impacto medioambiental del torneo de 2030, con partidos en tres continentes, y sobre la compatibilidad del evento de 2034 con los compromisos de la FIFA en materia de Derechos Humanos. Arabia Saudita, conocida por sus inversiones deportivas recientes, se convertir\u00e1 en el centro del f\u00fatbol mundial en 2034, cuatro a\u00f1os despu\u00e9s de que Espa\u00f1a, Portugal y Marruecos organicen el torneo en 2030, con tres partidos adicionales programados en Sudam\u00e9rica.<\/p>\n","protected":false},"excerpt":{"rendered":"<p>En un anuncio oficial, Gianni Infantino, presidente de la FIFA, confirm\u00f3 que Arabia Saudita ser\u00e1 la sede del Mundial de la FIFA en 2034. Este martes, Australia retir\u00f3 su candidatura, allanando el camino para que el reino ultraconservador organice el torneo. Infantino destac\u00f3 que el f\u00fatbol, como deporte global, une a las naciones y proporciona [&hellip;]<\/p>\n","protected":false},"author":1,"featured_media":69804,"comment_status":"open","ping_status":"open","sticky":false,"template":"","format":"standard","meta":{"footnotes":""},"categories":[86],"tags":[],"class_list":["post-69803","post","type-post","status-publish","format-standard","has-post-thumbnail","hentry","category-deportes-2"],"yoast_head":"<!-- This site is optimized with the Yoast SEO plugin v27.1.1 - https:\/\/yoast.com\/product\/yoast-seo-wordpress\/ -->\n<title>Arabia Saudita designada como sede del mundial de la FIFA 2034 | P\u00e1gina10<\/title>\n<meta name=\"robots\" content=\"index, follow, max-snippet:-1, max-image-preview:large, max-video-preview:-1\" \/>\n<link rel=\"canonical\" href=\"https:\/\/pagina10.com\/web\/arabia-saudita-designada-como-sede-del-mundial-de-la-fifa-2034\/\" \/>\n<meta property=\"og:locale\" content=\"es_ES\" \/>\n<meta property=\"og:type\" content=\"article\" \/>\n<meta property=\"og:title\" content=\"Arabia Saudita designada como sede del mundial de la FIFA 2034 | P\u00e1gina10\" \/>\n<meta property=\"og:description\" content=\"En un anuncio oficial, Gianni Infantino, presidente de la FIFA, confirm\u00f3 que Arabia Saudita ser\u00e1 la sede del Mundial de la FIFA en 2034. Este martes, Australia retir\u00f3 su candidatura, allanando el camino para que el reino ultraconservador organice el torneo. Infantino destac\u00f3 que el f\u00fatbol, como deporte global, une a las naciones y proporciona [&hellip;]\" \/>\n<meta property=\"og:url\" content=\"https:\/\/pagina10.com\/web\/arabia-saudita-designada-como-sede-del-mundial-de-la-fifa-2034\/\" \/>\n<meta property=\"og:site_name\" content=\"P\u00e1gina10\" \/>\n<meta property=\"article:publisher\" content=\"https:\/\/www.facebook.com\/pag10com\" \/>\n<meta property=\"article:published_time\" content=\"2023-10-31T23:08:06+00:00\" \/>\n<meta property=\"og:image\" content=\"https:\/\/pagina10.com\/web\/wp-content\/uploads\/2023\/10\/397385189_872965444094994_2564060715880833534_n.jpg\" \/>\n\t<meta property=\"og:image:width\" content=\"1440\" \/>\n\t<meta property=\"og:image:height\" content=\"1440\" \/>\n\t<meta property=\"og:image:type\" content=\"image\/jpeg\" \/>\n<meta name=\"author\" content=\"P\u00e1gina 10\" \/>\n<meta name=\"twitter:card\" content=\"summary_large_image\" \/>\n<meta name=\"twitter:creator\" content=\"@Pag10com\" \/>\n<meta name=\"twitter:site\" content=\"@Pag10com\" \/>\n<meta name=\"twitter:label1\" content=\"Escrito por\" \/>\n\t<meta name=\"twitter:data1\" content=\"P\u00e1gina 10\" \/>\n\t<meta name=\"twitter:label2\" content=\"Tiempo de lectura\" \/>\n\t<meta name=\"twitter:data2\" content=\"1 minuto\" \/>\n<script type=\"application\/ld+json\" class=\"yoast-schema-graph\">{\"@context\":\"https:\/\/schema.org\",\"@graph\":[{\"@type\":\"Article\",\"@id\":\"https:\/\/pagina10.com\/web\/arabia-saudita-designada-como-sede-del-mundial-de-la-fifa-2034\/#article\",\"isPartOf\":{\"@id\":\"https:\/\/pagina10.com\/web\/arabia-saudita-designada-como-sede-del-mundial-de-la-fifa-2034\/\"},\"author\":{\"name\":\"P\u00e1gina 10\",\"@id\":\"https:\/\/pagina10.com\/web\/#\/schema\/person\/2efc4a090d25b667d3bc796798a3a81b\"},\"headline\":\"Arabia Saudita designada como sede del mundial de la FIFA 2034\",\"datePublished\":\"2023-10-31T23:08:06+00:00\",\"mainEntityOfPage\":{\"@id\":\"https:\/\/pagina10.com\/web\/arabia-saudita-designada-como-sede-del-mundial-de-la-fifa-2034\/\"},\"wordCount\":220,\"commentCount\":0,\"publisher\":{\"@id\":\"https:\/\/pagina10.com\/web\/#organization\"},\"image\":{\"@id\":\"https:\/\/pagina10.com\/web\/arabia-saudita-designada-como-sede-del-mundial-de-la-fifa-2034\/#primaryimage\"},\"thumbnailUrl\":\"https:\/\/pagina10.com\/web\/wp-content\/uploads\/2023\/10\/397385189_872965444094994_2564060715880833534_n.jpg\",\"articleSection\":[\"Deportes\"],\"inLanguage\":\"es\",\"potentialAction\":[{\"@type\":\"CommentAction\",\"name\":\"Comment\",\"target\":[\"https:\/\/pagina10.com\/web\/arabia-saudita-designada-como-sede-del-mundial-de-la-fifa-2034\/#respond\"]}]},{\"@type\":\"WebPage\",\"@id\":\"https:\/\/pagina10.com\/web\/arabia-saudita-designada-como-sede-del-mundial-de-la-fifa-2034\/\",\"url\":\"https:\/\/pagina10.com\/web\/arabia-saudita-designada-como-sede-del-mundial-de-la-fifa-2034\/\",\"name\":\"Arabia Saudita designada como sede del mundial de la FIFA 2034 | P\u00e1gina10\",\"isPartOf\":{\"@id\":\"https:\/\/pagina10.com\/web\/#website\"},\"primaryImageOfPage\":{\"@id\":\"https:\/\/pagina10.com\/web\/arabia-saudita-designada-como-sede-del-mundial-de-la-fifa-2034\/#primaryimage\"},\"image\":{\"@id\":\"https:\/\/pagina10.com\/web\/arabia-saudita-designada-como-sede-del-mundial-de-la-fifa-2034\/#primaryimage\"},\"thumbnailUrl\":\"https:\/\/pagina10.com\/web\/wp-content\/uploads\/2023\/10\/397385189_872965444094994_2564060715880833534_n.jpg\",\"datePublished\":\"2023-10-31T23:08:06+00:00\",\"breadcrumb\":{\"@id\":\"https:\/\/pagina10.com\/web\/arabia-saudita-designada-como-sede-del-mundial-de-la-fifa-2034\/#breadcrumb\"},\"inLanguage\":\"es\",\"potentialAction\":[{\"@type\":\"ReadAction\",\"target\":[\"https:\/\/pagina10.com\/web\/arabia-saudita-designada-como-sede-del-mundial-de-la-fifa-2034\/\"]}]},{\"@type\":\"ImageObject\",\"inLanguage\":\"es\",\"@id\":\"https:\/\/pagina10.com\/web\/arabia-saudita-designada-como-sede-del-mundial-de-la-fifa-2034\/#primaryimage\",\"url\":\"https:\/\/pagina10.com\/web\/wp-content\/uploads\/2023\/10\/397385189_872965444094994_2564060715880833534_n.jpg\",\"contentUrl\":\"https:\/\/pagina10.com\/web\/wp-content\/uploads\/2023\/10\/397385189_872965444094994_2564060715880833534_n.jpg\",\"width\":1440,\"height\":1440},{\"@type\":\"BreadcrumbList\",\"@id\":\"https:\/\/pagina10.com\/web\/arabia-saudita-designada-como-sede-del-mundial-de-la-fifa-2034\/#breadcrumb\",\"itemListElement\":[{\"@type\":\"ListItem\",\"position\":1,\"name\":\"Portada\",\"item\":\"https:\/\/pagina10.com\/web\/\"},{\"@type\":\"ListItem\",\"position\":2,\"name\":\"Arabia Saudita designada como sede del mundial de la FIFA 2034\"}]},{\"@type\":\"WebSite\",\"@id\":\"https:\/\/pagina10.com\/web\/#website\",\"url\":\"https:\/\/pagina10.com\/web\/\",\"name\":\"P\u00e1gina10\",\"description\":\"Peri\u00f3dico Regional\",\"publisher\":{\"@id\":\"https:\/\/pagina10.com\/web\/#organization\"},\"alternateName\":\"P\u00e1gina10 Peri\u00f3dico Regional\",\"potentialAction\":[{\"@type\":\"SearchAction\",\"target\":{\"@type\":\"EntryPoint\",\"urlTemplate\":\"https:\/\/pagina10.com\/web\/?s={search_term_string}\"},\"query-input\":{\"@type\":\"PropertyValueSpecification\",\"valueRequired\":true,\"valueName\":\"search_term_string\"}}],\"inLanguage\":\"es\"},{\"@type\":\"Organization\",\"@id\":\"https:\/\/pagina10.com\/web\/#organization\",\"name\":\"P\u00e1gina10\",\"alternateName\":\"P\u00e1gina10 Peri\u00f3dico Regional\",\"url\":\"https:\/\/pagina10.com\/web\/\",\"logo\":{\"@type\":\"ImageObject\",\"inLanguage\":\"es\",\"@id\":\"https:\/\/pagina10.com\/web\/#\/schema\/logo\/image\/\",\"url\":\"https:\/\/pagina10.com\/web\/wp-content\/uploads\/2024\/01\/40-pagina-10-periodico-regional-pasto.jpg\",\"contentUrl\":\"https:\/\/pagina10.com\/web\/wp-content\/uploads\/2024\/01\/40-pagina-10-periodico-regional-pasto.jpg\",\"width\":1280,\"height\":720,\"caption\":\"P\u00e1gina10\"},\"image\":{\"@id\":\"https:\/\/pagina10.com\/web\/#\/schema\/logo\/image\/\"},\"sameAs\":[\"https:\/\/www.facebook.com\/pag10com\",\"https:\/\/x.com\/Pag10com\",\"https:\/\/www.instagram.com\/pagina10col\/\",\"https:\/\/youtube.com\/channel\/pag10\",\"https:\/\/www.tiktok.com\/@p10col\"]},{\"@type\":\"Person\",\"@id\":\"https:\/\/pagina10.com\/web\/#\/schema\/person\/2efc4a090d25b667d3bc796798a3a81b\",\"name\":\"P\u00e1gina 10\",\"description\":\"P\u00e1gina 10 es un peri\u00f3dico regional que nace en Colombia, en el departamento de Nari\u00f1o, con un enfoque global, fundamentado en cuatro pilares esenciales: la libertad, el pluralismo, la inclusi\u00f3n y la independencia. P\u00e1gina 10 hace referencia a Nari\u00f1o como el d\u00e9cimo departamento creado en Colombia, despu\u00e9s de un proceso pol\u00edtico liderado por actores y actrices regionales con el fin de obtener la independencia y autonom\u00eda de nuestros territorios. Con la creaci\u00f3n de P\u00e1gina 10 se pretende abrir un escenario para el dialogo, la reflexi\u00f3n y el debate que se extienda a otras geograf\u00edas de Am\u00e9rica Latina y del planeta, en una apuesta por transformar colectivamente los desaf\u00edos de un mundo contempor\u00e1neo, m\u00e1s all\u00e1 de las fronteras impuestas.\",\"url\":\"https:\/\/pagina10.com\/web\/author\/pdiezadmin\/\"}]}<\/script>\n<!-- \/ Yoast SEO plugin. -->","yoast_head_json":{"title":"Arabia Saudita designada como sede del mundial de la FIFA 2034 | P\u00e1gina10","robots":{"index":"index","follow":"follow","max-snippet":"max-snippet:-1","max-image-preview":"max-image-preview:large","max-video-preview":"max-video-preview:-1"},"canonical":"https:\/\/pagina10.com\/web\/arabia-saudita-designada-como-sede-del-mundial-de-la-fifa-2034\/","og_locale":"es_ES","og_type":"article","og_title":"Arabia Saudita designada como sede del mundial de la FIFA 2034 | P\u00e1gina10","og_description":"En un anuncio oficial, Gianni Infantino, presidente de la FIFA, confirm\u00f3 que Arabia Saudita ser\u00e1 la sede del Mundial de la FIFA en 2034. Este martes, Australia retir\u00f3 su candidatura, allanando el camino para que el reino ultraconservador organice el torneo. Infantino destac\u00f3 que el f\u00fatbol, como deporte global, une a las naciones y proporciona [&hellip;]","og_url":"https:\/\/pagina10.com\/web\/arabia-saudita-designada-como-sede-del-mundial-de-la-fifa-2034\/","og_site_name":"P\u00e1gina10","article_publisher":"https:\/\/www.facebook.com\/pag10com","article_published_time":"2023-10-31T23:08:06+00:00","og_image":[{"width":1440,"height":1440,"url":"https:\/\/pagina10.com\/web\/wp-content\/uploads\/2023\/10\/397385189_872965444094994_2564060715880833534_n.jpg","type":"image\/jpeg"}],"author":"P\u00e1gina 10","twitter_card":"summary_large_image","twitter_creator":"@Pag10com","twitter_site":"@Pag10com","twitter_misc":{"Escrito por":"P\u00e1gina 10","Tiempo de lectura":"1 minuto"},"schema":{"@context":"https:\/\/schema.org","@graph":[{"@type":"Article","@id":"https:\/\/pagina10.com\/web\/arabia-saudita-designada-como-sede-del-mundial-de-la-fifa-2034\/#article","isPartOf":{"@id":"https:\/\/pagina10.com\/web\/arabia-saudita-designada-como-sede-del-mundial-de-la-fifa-2034\/"},"author":{"name":"P\u00e1gina 10","@id":"https:\/\/pagina10.com\/web\/#\/schema\/person\/2efc4a090d25b667d3bc796798a3a81b"},"headline":"Arabia Saudita designada como sede del mundial de la FIFA 2034","datePublished":"2023-10-31T23:08:06+00:00","mainEntityOfPage":{"@id":"https:\/\/pagina10.com\/web\/arabia-saudita-designada-como-sede-del-mundial-de-la-fifa-2034\/"},"wordCount":220,"commentCount":0,"publisher":{"@id":"https:\/\/pagina10.com\/web\/#organization"},"image":{"@id":"https:\/\/pagina10.com\/web\/arabia-saudita-designada-como-sede-del-mundial-de-la-fifa-2034\/#primaryimage"},"thumbnailUrl":"https:\/\/pagina10.com\/web\/wp-content\/uploads\/2023\/10\/397385189_872965444094994_2564060715880833534_n.jpg","articleSection":["Deportes"],"inLanguage":"es","potentialAction":[{"@type":"CommentAction","name":"Comment","target":["https:\/\/pagina10.com\/web\/arabia-saudita-designada-como-sede-del-mundial-de-la-fifa-2034\/#respond"]}]},{"@type":"WebPage","@id":"https:\/\/pagina10.com\/web\/arabia-saudita-designada-como-sede-del-mundial-de-la-fifa-2034\/","url":"https:\/\/pagina10.com\/web\/arabia-saudita-designada-como-sede-del-mundial-de-la-fifa-2034\/","name":"Arabia Saudita designada como sede del mundial de la FIFA 2034 | P\u00e1gina10","isPartOf":{"@id":"https:\/\/pagina10.com\/web\/#website"},"primaryImageOfPage":{"@id":"https:\/\/pagina10.com\/web\/arabia-saudita-designada-como-sede-del-mundial-de-la-fifa-2034\/#primaryimage"},"image":{"@id":"https:\/\/pagina10.com\/web\/arabia-saudita-designada-como-sede-del-mundial-de-la-fifa-2034\/#primaryimage"},"thumbnailUrl":"https:\/\/pagina10.com\/web\/wp-content\/uploads\/2023\/10\/397385189_872965444094994_2564060715880833534_n.jpg","datePublished":"2023-10-31T23:08:06+00:00","breadcrumb":{"@id":"https:\/\/pagina10.com\/web\/arabia-saudita-designada-como-sede-del-mundial-de-la-fifa-2034\/#breadcrumb"},"inLanguage":"es","potentialAction":[{"@type":"ReadAction","target":["https:\/\/pagina10.com\/web\/arabia-saudita-designada-como-sede-del-mundial-de-la-fifa-2034\/"]}]},{"@type":"ImageObject","inLanguage":"es","@id":"https:\/\/pagina10.com\/web\/arabia-saudita-designada-como-sede-del-mundial-de-la-fifa-2034\/#primaryimage","url":"https:\/\/pagina10.com\/web\/wp-content\/uploads\/2023\/10\/397385189_872965444094994_2564060715880833534_n.jpg","contentUrl":"https:\/\/pagina10.com\/web\/wp-content\/uploads\/2023\/10\/397385189_872965444094994_2564060715880833534_n.jpg","width":1440,"height":1440},{"@type":"BreadcrumbList","@id":"https:\/\/pagina10.com\/web\/arabia-saudita-designada-como-sede-del-mundial-de-la-fifa-2034\/#breadcrumb","itemListElement":[{"@type":"ListItem","position":1,"name":"Portada","item":"https:\/\/pagina10.com\/web\/"},{"@type":"ListItem","position":2,"name":"Arabia Saudita designada como sede del mundial de la FIFA 2034"}]},{"@type":"WebSite","@id":"https:\/\/pagina10.com\/web\/#website","url":"https:\/\/pagina10.com\/web\/","name":"P\u00e1gina10","description":"Peri\u00f3dico Regional","publisher":{"@id":"https:\/\/pagina10.com\/web\/#organization"},"alternateName":"P\u00e1gina10 Peri\u00f3dico Regional","potentialAction":[{"@type":"SearchAction","target":{"@type":"EntryPoint","urlTemplate":"https:\/\/pagina10.com\/web\/?s={search_term_string}"},"query-input":{"@type":"PropertyValueSpecification","valueRequired":true,"valueName":"search_term_string"}}],"inLanguage":"es"},{"@type":"Organization","@id":"https:\/\/pagina10.com\/web\/#organization","name":"P\u00e1gina10","alternateName":"P\u00e1gina10 Peri\u00f3dico Regional","url":"https:\/\/pagina10.com\/web\/","logo":{"@type":"ImageObject","inLanguage":"es","@id":"https:\/\/pagina10.com\/web\/#\/schema\/logo\/image\/","url":"https:\/\/pagina10.com\/web\/wp-content\/uploads\/2024\/01\/40-pagina-10-periodico-regional-pasto.jpg","contentUrl":"https:\/\/pagina10.com\/web\/wp-content\/uploads\/2024\/01\/40-pagina-10-periodico-regional-pasto.jpg","width":1280,"height":720,"caption":"P\u00e1gina10"},"image":{"@id":"https:\/\/pagina10.com\/web\/#\/schema\/logo\/image\/"},"sameAs":["https:\/\/www.facebook.com\/pag10com","https:\/\/x.com\/Pag10com","https:\/\/www.instagram.com\/pagina10col\/","https:\/\/youtube.com\/channel\/pag10","https:\/\/www.tiktok.com\/@p10col"]},{"@type":"Person","@id":"https:\/\/pagina10.com\/web\/#\/schema\/person\/2efc4a090d25b667d3bc796798a3a81b","name":"P\u00e1gina 10","description":"P\u00e1gina 10 es un peri\u00f3dico regional que nace en Colombia, en el departamento de Nari\u00f1o, con un enfoque global, fundamentado en cuatro pilares esenciales: la libertad, el pluralismo, la inclusi\u00f3n y la independencia. P\u00e1gina 10 hace referencia a Nari\u00f1o como el d\u00e9cimo departamento creado en Colombia, despu\u00e9s de un proceso pol\u00edtico liderado por actores y actrices regionales con el fin de obtener la independencia y autonom\u00eda de nuestros territorios. Con la creaci\u00f3n de P\u00e1gina 10 se pretende abrir un escenario para el dialogo, la reflexi\u00f3n y el debate que se extienda a otras geograf\u00edas de Am\u00e9rica Latina y del planeta, en una apuesta por transformar colectivamente los desaf\u00edos de un mundo contempor\u00e1neo, m\u00e1s all\u00e1 de las fronteras impuestas.","url":"https:\/\/pagina10.com\/web\/author\/pdiezadmin\/"}]}},"_links":{"self":[{"href":"https:\/\/pagina10.com\/web\/wp-json\/wp\/v2\/posts\/69803","targetHints":{"allow":["GET"]}}],"collection":[{"href":"https:\/\/pagina10.com\/web\/wp-json\/wp\/v2\/posts"}],"about":[{"href":"https:\/\/pagina10.com\/web\/wp-json\/wp\/v2\/types\/post"}],"author":[{"embeddable":true,"href":"https:\/\/pagina10.com\/web\/wp-json\/wp\/v2\/users\/1"}],"replies":[{"embeddable":true,"href":"https:\/\/pagina10.com\/web\/wp-json\/wp\/v2\/comments?post=69803"}],"version-history":[{"count":1,"href":"https:\/\/pagina10.com\/web\/wp-json\/wp\/v2\/posts\/69803\/revisions"}],"predecessor-version":[{"id":69805,"href":"https:\/\/pagina10.com\/web\/wp-json\/wp\/v2\/posts\/69803\/revisions\/69805"}],"wp:featuredmedia":[{"embeddable":true,"href":"https:\/\/pagina10.com\/web\/wp-json\/wp\/v2\/media\/69804"}],"wp:attachment":[{"href":"https:\/\/pagina10.com\/web\/wp-json\/wp\/v2\/media?parent=69803"}],"wp:term":[{"taxonomy":"category","embeddable":true,"href":"https:\/\/pagina10.com\/web\/wp-json\/wp\/v2\/categories?post=69803"},{"taxonomy":"post_tag","embeddable":true,"href":"https:\/\/pagina10.com\/web\/wp-json\/wp\/v2\/tags?post=69803"}],"curies":[{"name":"wp","href":"https:\/\/api.w.org\/{rel}","templated":true}]}}