{"id":69895,"date":"2023-11-04T20:57:42","date_gmt":"2023-11-05T01:57:42","guid":{"rendered":"https:\/\/pagina10.com\/web\/?p=69895"},"modified":"2023-11-04T20:57:42","modified_gmt":"2023-11-05T01:57:42","slug":"enciende-la-vida-apaga-la-polvora","status":"publish","type":"post","link":"https:\/\/pagina10.com\/web\/enciende-la-vida-apaga-la-polvora\/","title":{"rendered":"Enciende la vida, apaga la p\u00f3lvora."},"content":{"rendered":"<div>\n<div dir=\"auto\" style=\"text-align: justify;\">Atendiendo el llamado de la alcald\u00eda municipal de Pasto a trav\u00e9s de la secretaria de educaci\u00f3n municipal, en cabeza del magister Jos\u00e9 Luis Benavides, la Instituci\u00f3n Educativa Municipal &#8211; INEM PASTO contin\u00faa con la organizaci\u00f3n y desarrollo de la campa\u00f1a &#8220;Enciende la vida, apaga la p\u00f3lvora &#8220;, tendiente a generar conciencia sobre la no utilizaci\u00f3n de la p\u00f3lvora en temporada navide\u00f1a y festivos.<\/div>\n<\/div>\n<div style=\"text-align: justify;\">\n<div dir=\"auto\">El departamento de Nari\u00f1o ocupa el segundo lugar en afectados por el uso de la p\u00f3lvora, \u00fanicamente superado por Antioquia. Una costumbre y una tradici\u00f3n que a pesar de los continuos llamados y campa\u00f1as ha sido dif\u00edcil de superar.<\/div>\n<\/div>\n<div style=\"text-align: justify;\">\n<div dir=\"auto\">Ni\u00f1os , mujeres, adultos y ciudadanos en general sufren las consecuencias de un uso indiscriminado de material elaborado con p\u00f3lvora. La pirotecnia genera en nuestra ciudad un verdadero problema por cuanto termina en graves y delicadas lesiones que colman los centros m\u00e9dicos y hospitalarios de nuestra ciudad.<\/div>\n<\/div>\n<div style=\"text-align: justify;\">\n<div dir=\"auto\">Igualmente se analiz\u00f3 la delicada situaci\u00f3n de animales de compa\u00f1\u00eda, silvestres y en condici\u00f3n de calle que sientes negativamente el impacto de la explosi\u00f3n de los diferentes materiales pirot\u00e9cnicos. Muchos mueren, se infartan, abandonan sus nidos y se extrav\u00edan de su h\u00e1bitat o refugio. Su sufrimiento es tal que convulsionan siendo necesario llevarlos a centros asistenciales.<\/div>\n<\/div>\n<div style=\"text-align: justify;\">\n<div dir=\"auto\">El mag\u00edster JAIME RAMIRO GUERRERO VINUEZA no ha ahorrado esfuerzo alguno para fomentar la total erradicaci\u00f3n de la p\u00f3lvora entre la poblaci\u00f3n estudiantil y sus familias. Ha formulado constantes llamados de concienciaci\u00f3n en el \u00e1nimo de fomentar unas fiestas en paz con la naturaleza y el medio ambiente.<\/div>\n<\/div>\n<div style=\"text-align: justify;\">\n<div dir=\"auto\">Por su parte el mag\u00edster ANGEL GARC\u00cdA, coordinador de la b\u00e1sica primaria, propone la utilizaci\u00f3n de diferentes m\u00e9todos para difundir entre la comunidad educativa nuevos m\u00e9todos de celebraci\u00f3n de navidad y a\u00f1o nuevo. Sugiere continuar brindando una informaci\u00f3n continua y permanente sobre los peligros que afectan a ni\u00f1os y adolescentes por el uso de la p\u00f3lvora y sus derivados.<\/div>\n<\/div>\n<div style=\"text-align: justify;\">\n<div dir=\"auto\">Representantes del PRAE, del gobierno Escolar, de administrativos y docentes conforman este comit\u00e9 que no ha ahorrado esfuerzos en el \u00e1nimo de prevenir eventos de alta peligrosidad relacionados con el uso de la p\u00f3lvora.<\/div>\n<\/div>\n<div style=\"text-align: justify;\">\n<div dir=\"auto\">Desde la emisora Escolar, la revista institucional y en boletines y reuniones con la comunidad educativa se propician espacios de reflexi\u00f3n sobre esta problem\u00e1tica que pese a los esfuerzos, contin\u00faa generando inconvenientes en los diferentes estratos y comunas de nuestra ciudad.<\/div>\n<\/div>\n<div style=\"text-align: justify;\">\n<div dir=\"auto\">El INEM DE PASTO se ha constituido en un referente municipal e institucional en su empe\u00f1o de erradicar y combatir la p\u00f3lvora. Ejemplo a seguir por las diferentes instituciones educativas y estamentos de nuestra ciudad.<\/div>\n<\/div>\n<div>\n<div dir=\"auto\" style=\"text-align: justify;\">ENCIENDE LA VIDA, APAGA LA P\u00d3LVORA una campa\u00f1a institucional que trasciende la escolaridad llevando un mensaje de paz, fraternidad y solidaridad con la naturaleza, las especies animales y la vida. Que este a\u00f1o se enciendan los hogares con sonrisas, alegr\u00edas y regalos, que exploten los afectos y se silencie definitivamente el estallido de la p\u00f3lvora en cada uno de los hogares nari\u00f1enses.<\/div>\n<\/div>\n","protected":false},"excerpt":{"rendered":"<p>Atendiendo el llamado de la alcald\u00eda municipal de Pasto a trav\u00e9s de la secretaria de educaci\u00f3n municipal, en cabeza del magister Jos\u00e9 Luis Benavides, la Instituci\u00f3n Educativa Municipal &#8211; INEM PASTO contin\u00faa con la organizaci\u00f3n y desarrollo de la campa\u00f1a &#8220;Enciende la vida, apaga la p\u00f3lvora &#8220;, tendiente a generar conciencia sobre la no utilizaci\u00f3n [&hellip;]<\/p>\n","protected":false},"author":46,"featured_media":69896,"comment_status":"open","ping_status":"open","sticky":false,"template":"","format":"standard","meta":{"footnotes":""},"categories":[82],"tags":[],"class_list":["post-69895","post","type-post","status-publish","format-standard","has-post-thumbnail","hentry","category-ciudad-2"],"yoast_head":"<!-- This site is optimized with the Yoast SEO plugin v27.1.1 - https:\/\/yoast.com\/product\/yoast-seo-wordpress\/ -->\n<title>Enciende la vida, apaga la p\u00f3lvora. | P\u00e1gina10<\/title>\n<meta name=\"robots\" content=\"index, follow, max-snippet:-1, max-image-preview:large, max-video-preview:-1\" \/>\n<link rel=\"canonical\" href=\"https:\/\/pagina10.com\/web\/enciende-la-vida-apaga-la-polvora\/\" \/>\n<meta property=\"og:locale\" content=\"es_ES\" \/>\n<meta property=\"og:type\" content=\"article\" \/>\n<meta property=\"og:title\" content=\"Enciende la vida, apaga la p\u00f3lvora. | P\u00e1gina10\" \/>\n<meta property=\"og:description\" content=\"Atendiendo el llamado de la alcald\u00eda municipal de Pasto a trav\u00e9s de la secretaria de educaci\u00f3n municipal, en cabeza del magister Jos\u00e9 Luis Benavides, la Instituci\u00f3n Educativa Municipal &#8211; INEM PASTO contin\u00faa con la organizaci\u00f3n y desarrollo de la campa\u00f1a &#8220;Enciende la vida, apaga la p\u00f3lvora &#8220;, tendiente a generar conciencia sobre la no utilizaci\u00f3n [&hellip;]\" \/>\n<meta property=\"og:url\" content=\"https:\/\/pagina10.com\/web\/enciende-la-vida-apaga-la-polvora\/\" \/>\n<meta property=\"og:site_name\" content=\"P\u00e1gina10\" \/>\n<meta property=\"article:publisher\" content=\"https:\/\/www.facebook.com\/pag10com\" \/>\n<meta property=\"article:published_time\" content=\"2023-11-05T01:57:42+00:00\" \/>\n<meta property=\"og:image\" content=\"https:\/\/pagina10.com\/web\/wp-content\/uploads\/2023\/11\/398713887_10232402741114082_6136421031659823213_n-e1699149453186.jpg\" \/>\n\t<meta property=\"og:image:width\" content=\"1751\" \/>\n\t<meta property=\"og:image:height\" content=\"660\" \/>\n\t<meta property=\"og:image:type\" content=\"image\/jpeg\" \/>\n<meta name=\"author\" content=\"Pablo Emilio Obando Acosta\" \/>\n<meta name=\"twitter:card\" content=\"summary_large_image\" \/>\n<meta name=\"twitter:creator\" content=\"@Pag10com\" \/>\n<meta name=\"twitter:site\" content=\"@Pag10com\" \/>\n<meta name=\"twitter:label1\" content=\"Escrito por\" \/>\n\t<meta name=\"twitter:data1\" content=\"Pablo Emilio Obando Acosta\" \/>\n\t<meta name=\"twitter:label2\" content=\"Tiempo de lectura\" \/>\n\t<meta name=\"twitter:data2\" content=\"3 minutos\" \/>\n<script type=\"application\/ld+json\" class=\"yoast-schema-graph\">{\"@context\":\"https:\/\/schema.org\",\"@graph\":[{\"@type\":\"Article\",\"@id\":\"https:\/\/pagina10.com\/web\/enciende-la-vida-apaga-la-polvora\/#article\",\"isPartOf\":{\"@id\":\"https:\/\/pagina10.com\/web\/enciende-la-vida-apaga-la-polvora\/\"},\"author\":{\"name\":\"Pablo Emilio Obando Acosta\",\"@id\":\"https:\/\/pagina10.com\/web\/#\/schema\/person\/3d3687c9f037834284853a963ee45123\"},\"headline\":\"Enciende la vida, apaga la p\u00f3lvora.\",\"datePublished\":\"2023-11-05T01:57:42+00:00\",\"mainEntityOfPage\":{\"@id\":\"https:\/\/pagina10.com\/web\/enciende-la-vida-apaga-la-polvora\/\"},\"wordCount\":543,\"commentCount\":0,\"publisher\":{\"@id\":\"https:\/\/pagina10.com\/web\/#organization\"},\"image\":{\"@id\":\"https:\/\/pagina10.com\/web\/enciende-la-vida-apaga-la-polvora\/#primaryimage\"},\"thumbnailUrl\":\"https:\/\/pagina10.com\/web\/wp-content\/uploads\/2023\/11\/398713887_10232402741114082_6136421031659823213_n-e1699149453186.jpg\",\"articleSection\":[\"Ciudad\"],\"inLanguage\":\"es\",\"potentialAction\":[{\"@type\":\"CommentAction\",\"name\":\"Comment\",\"target\":[\"https:\/\/pagina10.com\/web\/enciende-la-vida-apaga-la-polvora\/#respond\"]}]},{\"@type\":\"WebPage\",\"@id\":\"https:\/\/pagina10.com\/web\/enciende-la-vida-apaga-la-polvora\/\",\"url\":\"https:\/\/pagina10.com\/web\/enciende-la-vida-apaga-la-polvora\/\",\"name\":\"Enciende la vida, apaga la p\u00f3lvora. | P\u00e1gina10\",\"isPartOf\":{\"@id\":\"https:\/\/pagina10.com\/web\/#website\"},\"primaryImageOfPage\":{\"@id\":\"https:\/\/pagina10.com\/web\/enciende-la-vida-apaga-la-polvora\/#primaryimage\"},\"image\":{\"@id\":\"https:\/\/pagina10.com\/web\/enciende-la-vida-apaga-la-polvora\/#primaryimage\"},\"thumbnailUrl\":\"https:\/\/pagina10.com\/web\/wp-content\/uploads\/2023\/11\/398713887_10232402741114082_6136421031659823213_n-e1699149453186.jpg\",\"datePublished\":\"2023-11-05T01:57:42+00:00\",\"breadcrumb\":{\"@id\":\"https:\/\/pagina10.com\/web\/enciende-la-vida-apaga-la-polvora\/#breadcrumb\"},\"inLanguage\":\"es\",\"potentialAction\":[{\"@type\":\"ReadAction\",\"target\":[\"https:\/\/pagina10.com\/web\/enciende-la-vida-apaga-la-polvora\/\"]}]},{\"@type\":\"ImageObject\",\"inLanguage\":\"es\",\"@id\":\"https:\/\/pagina10.com\/web\/enciende-la-vida-apaga-la-polvora\/#primaryimage\",\"url\":\"https:\/\/pagina10.com\/web\/wp-content\/uploads\/2023\/11\/398713887_10232402741114082_6136421031659823213_n-e1699149453186.jpg\",\"contentUrl\":\"https:\/\/pagina10.com\/web\/wp-content\/uploads\/2023\/11\/398713887_10232402741114082_6136421031659823213_n-e1699149453186.jpg\",\"width\":1751,\"height\":660},{\"@type\":\"BreadcrumbList\",\"@id\":\"https:\/\/pagina10.com\/web\/enciende-la-vida-apaga-la-polvora\/#breadcrumb\",\"itemListElement\":[{\"@type\":\"ListItem\",\"position\":1,\"name\":\"Portada\",\"item\":\"https:\/\/pagina10.com\/web\/\"},{\"@type\":\"ListItem\",\"position\":2,\"name\":\"Enciende la vida, apaga la p\u00f3lvora.\"}]},{\"@type\":\"WebSite\",\"@id\":\"https:\/\/pagina10.com\/web\/#website\",\"url\":\"https:\/\/pagina10.com\/web\/\",\"name\":\"P\u00e1gina10\",\"description\":\"Peri\u00f3dico Regional\",\"publisher\":{\"@id\":\"https:\/\/pagina10.com\/web\/#organization\"},\"alternateName\":\"P\u00e1gina10 Peri\u00f3dico Regional\",\"potentialAction\":[{\"@type\":\"SearchAction\",\"target\":{\"@type\":\"EntryPoint\",\"urlTemplate\":\"https:\/\/pagina10.com\/web\/?s={search_term_string}\"},\"query-input\":{\"@type\":\"PropertyValueSpecification\",\"valueRequired\":true,\"valueName\":\"search_term_string\"}}],\"inLanguage\":\"es\"},{\"@type\":\"Organization\",\"@id\":\"https:\/\/pagina10.com\/web\/#organization\",\"name\":\"P\u00e1gina10\",\"alternateName\":\"P\u00e1gina10 Peri\u00f3dico Regional\",\"url\":\"https:\/\/pagina10.com\/web\/\",\"logo\":{\"@type\":\"ImageObject\",\"inLanguage\":\"es\",\"@id\":\"https:\/\/pagina10.com\/web\/#\/schema\/logo\/image\/\",\"url\":\"https:\/\/pagina10.com\/web\/wp-content\/uploads\/2024\/01\/40-pagina-10-periodico-regional-pasto.jpg\",\"contentUrl\":\"https:\/\/pagina10.com\/web\/wp-content\/uploads\/2024\/01\/40-pagina-10-periodico-regional-pasto.jpg\",\"width\":1280,\"height\":720,\"caption\":\"P\u00e1gina10\"},\"image\":{\"@id\":\"https:\/\/pagina10.com\/web\/#\/schema\/logo\/image\/\"},\"sameAs\":[\"https:\/\/www.facebook.com\/pag10com\",\"https:\/\/x.com\/Pag10com\",\"https:\/\/www.instagram.com\/pagina10col\/\",\"https:\/\/youtube.com\/channel\/pag10\",\"https:\/\/www.tiktok.com\/@p10col\"]},{\"@type\":\"Person\",\"@id\":\"https:\/\/pagina10.com\/web\/#\/schema\/person\/3d3687c9f037834284853a963ee45123\",\"name\":\"Pablo Emilio Obando Acosta\",\"description\":\"PABLO EMILIO OBANDO ACOSTA Nace en el a\u00f1o de 1965. Bachiller acad\u00e9mico Modalidad Humanidades del INEM de Pasto. En 1989 culmina sus estudios universitarios en la Universidad de Nari\u00f1o obteniendo el t\u00edtulo de Licenciado en Ciencias Sociales \u2013 \u00e9nfasis Ciencias de la Educaci\u00f3n \u2013Jornada nocturna-. Especialista en Literatura latinoamericana y colaborador de importantes medios de comunicaci\u00f3n escritos de nuestra regi\u00f3n y del pa\u00eds: El Tiempo.com, Semana.com, Dinero, Diario Del Sur, El Espectador.com, entre otros, Sus escritos se conocen y han obtenido reconocimientos en Chile, Uruguay, Paraguay, Espa\u00f1a y Alemania. En el a\u00f1o 2000 obtiene el reconocimiento CORREO DEL SUR como el personaje c\u00edvico del a\u00f1o por su f\u00e9rrea defensa de la dignidad pastense al protestar con su documento \u201cUn pueblo ante la historia\u201d por el trato despectivo de algunos medios de comunicaci\u00f3n. Las reacciones no se hacen esperar en peri\u00f3dicos de circulaci\u00f3n regional y nacional como El Tiempo, El Espectador y El Pa\u00eds. Ha obtenido m\u00faltiples medallas y condecoraciones por su labor period\u00edstica y cultural: Medalla al merito Guillermo Edmundo Ch\u00e1vez \u2013 mejor escritor del departamento de Nari\u00f1o 2005 \u2013 Fundaci\u00f3n Gabriel Garc\u00eda M\u00e1rquez. Mejor Columnista del departamento de Nari\u00f1o \u2013 a\u00f1os 1991 \u2013 1993 \u2013 1996 \u2013 2001 \u2013 2006 Fundaci\u00f3n Cultural Correo del Sur. Personaje C\u00edvico del Departamento de Nari\u00f1o a\u00f1o 2000. Medalla \u00c1lvaro Javier Jurado Calvache a\u00f1o 2007 \u2013 Centro Educativo PROFESA \u2013 defensor poblaci\u00f3n vulnerable del municipio de Pasto. Mejor cuentista del departamento de Nari\u00f1o \u2013 a\u00f1os 1989 \u2013 2004 \u2013 2005. Cronista m\u00e1s destacado del departamento de Nari\u00f1o \u2013 a\u00f1o 2001. Finalista VI Concurso Internacional de Cuento \u2013 Prensa Nueva \u2013 a\u00f1o 1991. Primer puesto Concurso nacional de cuento \u2013 Contralor\u00eda general de la Rep\u00fablica \u2013 a\u00f1o 1992. Primer Lugar Concurso Municipal de Periodismo \u201cSilvio Le\u00f3n Espa\u00f1a\u201d \u2013 2009. . Reconocimiento Concejo municipal de Pasto, por su labor c\u00edvica y educativa. Sus obras y escritos se conocen en varios pa\u00edses de Latinoam\u00e9rica y de Colombia. Es autor de una docena de textos y m\u00e1s de un millar de columnas de opini\u00f3n que han generado pol\u00e9mica en el contexto nacional y latinoamericano: Testimonio de una insurrecci\u00f3n ciudadana \u2013 2011. El doctor Mierda. Un pueblo ante la historia. La filosof\u00eda de la gallina. Del amor por la Tierra... y otros textos. Diario de un maestro de escuela. Apuntes para una nueva historia Nuevos apuntes \u2013 Tomas Hidalgo Calvache. El problema de los cristianos. La utilidad del poeta. \u00bfTe acuerdas Mariana...? Corona F\u00fanebre \u2013 Tomas Hidalgo Calvache. En formato digital ha editado los siguientes t\u00edtulos: - La nueva filosof\u00eda de la gallina. - Tomas Hidalgo Calvache - Apuntes. - Educar con valor. Figura en varias antolog\u00edas de autores nari\u00f1enses y en una latinoamericana. Sobre \u00e9l han escrito elogiosamente intelectuales de la talla de Otto Morales Ben\u00edtez, Edgar Bastidas Urresty, Juan Augusto Ortiz cabrera, Carlos Santamar\u00eda, Javier Rodrizales, Miguel Garz\u00f3n Arteaga, Fausto Molina, Jorge Arturo Bravo y otros tantos que ser\u00eda dif\u00edcil nombrar en esta peque\u00f1a cr\u00f3nica sobre Pablo Emilio Obando Acosta.\",\"url\":\"https:\/\/pagina10.com\/web\/author\/pobando\/\"}]}<\/script>\n<!-- \/ Yoast SEO plugin. -->","yoast_head_json":{"title":"Enciende la vida, apaga la p\u00f3lvora. | P\u00e1gina10","robots":{"index":"index","follow":"follow","max-snippet":"max-snippet:-1","max-image-preview":"max-image-preview:large","max-video-preview":"max-video-preview:-1"},"canonical":"https:\/\/pagina10.com\/web\/enciende-la-vida-apaga-la-polvora\/","og_locale":"es_ES","og_type":"article","og_title":"Enciende la vida, apaga la p\u00f3lvora. | P\u00e1gina10","og_description":"Atendiendo el llamado de la alcald\u00eda municipal de Pasto a trav\u00e9s de la secretaria de educaci\u00f3n municipal, en cabeza del magister Jos\u00e9 Luis Benavides, la Instituci\u00f3n Educativa Municipal &#8211; INEM PASTO contin\u00faa con la organizaci\u00f3n y desarrollo de la campa\u00f1a &#8220;Enciende la vida, apaga la p\u00f3lvora &#8220;, tendiente a generar conciencia sobre la no utilizaci\u00f3n [&hellip;]","og_url":"https:\/\/pagina10.com\/web\/enciende-la-vida-apaga-la-polvora\/","og_site_name":"P\u00e1gina10","article_publisher":"https:\/\/www.facebook.com\/pag10com","article_published_time":"2023-11-05T01:57:42+00:00","og_image":[{"width":1751,"height":660,"url":"https:\/\/pagina10.com\/web\/wp-content\/uploads\/2023\/11\/398713887_10232402741114082_6136421031659823213_n-e1699149453186.jpg","type":"image\/jpeg"}],"author":"Pablo Emilio Obando Acosta","twitter_card":"summary_large_image","twitter_creator":"@Pag10com","twitter_site":"@Pag10com","twitter_misc":{"Escrito por":"Pablo Emilio Obando Acosta","Tiempo de lectura":"3 minutos"},"schema":{"@context":"https:\/\/schema.org","@graph":[{"@type":"Article","@id":"https:\/\/pagina10.com\/web\/enciende-la-vida-apaga-la-polvora\/#article","isPartOf":{"@id":"https:\/\/pagina10.com\/web\/enciende-la-vida-apaga-la-polvora\/"},"author":{"name":"Pablo Emilio Obando Acosta","@id":"https:\/\/pagina10.com\/web\/#\/schema\/person\/3d3687c9f037834284853a963ee45123"},"headline":"Enciende la vida, apaga la p\u00f3lvora.","datePublished":"2023-11-05T01:57:42+00:00","mainEntityOfPage":{"@id":"https:\/\/pagina10.com\/web\/enciende-la-vida-apaga-la-polvora\/"},"wordCount":543,"commentCount":0,"publisher":{"@id":"https:\/\/pagina10.com\/web\/#organization"},"image":{"@id":"https:\/\/pagina10.com\/web\/enciende-la-vida-apaga-la-polvora\/#primaryimage"},"thumbnailUrl":"https:\/\/pagina10.com\/web\/wp-content\/uploads\/2023\/11\/398713887_10232402741114082_6136421031659823213_n-e1699149453186.jpg","articleSection":["Ciudad"],"inLanguage":"es","potentialAction":[{"@type":"CommentAction","name":"Comment","target":["https:\/\/pagina10.com\/web\/enciende-la-vida-apaga-la-polvora\/#respond"]}]},{"@type":"WebPage","@id":"https:\/\/pagina10.com\/web\/enciende-la-vida-apaga-la-polvora\/","url":"https:\/\/pagina10.com\/web\/enciende-la-vida-apaga-la-polvora\/","name":"Enciende la vida, apaga la p\u00f3lvora. | P\u00e1gina10","isPartOf":{"@id":"https:\/\/pagina10.com\/web\/#website"},"primaryImageOfPage":{"@id":"https:\/\/pagina10.com\/web\/enciende-la-vida-apaga-la-polvora\/#primaryimage"},"image":{"@id":"https:\/\/pagina10.com\/web\/enciende-la-vida-apaga-la-polvora\/#primaryimage"},"thumbnailUrl":"https:\/\/pagina10.com\/web\/wp-content\/uploads\/2023\/11\/398713887_10232402741114082_6136421031659823213_n-e1699149453186.jpg","datePublished":"2023-11-05T01:57:42+00:00","breadcrumb":{"@id":"https:\/\/pagina10.com\/web\/enciende-la-vida-apaga-la-polvora\/#breadcrumb"},"inLanguage":"es","potentialAction":[{"@type":"ReadAction","target":["https:\/\/pagina10.com\/web\/enciende-la-vida-apaga-la-polvora\/"]}]},{"@type":"ImageObject","inLanguage":"es","@id":"https:\/\/pagina10.com\/web\/enciende-la-vida-apaga-la-polvora\/#primaryimage","url":"https:\/\/pagina10.com\/web\/wp-content\/uploads\/2023\/11\/398713887_10232402741114082_6136421031659823213_n-e1699149453186.jpg","contentUrl":"https:\/\/pagina10.com\/web\/wp-content\/uploads\/2023\/11\/398713887_10232402741114082_6136421031659823213_n-e1699149453186.jpg","width":1751,"height":660},{"@type":"BreadcrumbList","@id":"https:\/\/pagina10.com\/web\/enciende-la-vida-apaga-la-polvora\/#breadcrumb","itemListElement":[{"@type":"ListItem","position":1,"name":"Portada","item":"https:\/\/pagina10.com\/web\/"},{"@type":"ListItem","position":2,"name":"Enciende la vida, apaga la p\u00f3lvora."}]},{"@type":"WebSite","@id":"https:\/\/pagina10.com\/web\/#website","url":"https:\/\/pagina10.com\/web\/","name":"P\u00e1gina10","description":"Peri\u00f3dico Regional","publisher":{"@id":"https:\/\/pagina10.com\/web\/#organization"},"alternateName":"P\u00e1gina10 Peri\u00f3dico Regional","potentialAction":[{"@type":"SearchAction","target":{"@type":"EntryPoint","urlTemplate":"https:\/\/pagina10.com\/web\/?s={search_term_string}"},"query-input":{"@type":"PropertyValueSpecification","valueRequired":true,"valueName":"search_term_string"}}],"inLanguage":"es"},{"@type":"Organization","@id":"https:\/\/pagina10.com\/web\/#organization","name":"P\u00e1gina10","alternateName":"P\u00e1gina10 Peri\u00f3dico Regional","url":"https:\/\/pagina10.com\/web\/","logo":{"@type":"ImageObject","inLanguage":"es","@id":"https:\/\/pagina10.com\/web\/#\/schema\/logo\/image\/","url":"https:\/\/pagina10.com\/web\/wp-content\/uploads\/2024\/01\/40-pagina-10-periodico-regional-pasto.jpg","contentUrl":"https:\/\/pagina10.com\/web\/wp-content\/uploads\/2024\/01\/40-pagina-10-periodico-regional-pasto.jpg","width":1280,"height":720,"caption":"P\u00e1gina10"},"image":{"@id":"https:\/\/pagina10.com\/web\/#\/schema\/logo\/image\/"},"sameAs":["https:\/\/www.facebook.com\/pag10com","https:\/\/x.com\/Pag10com","https:\/\/www.instagram.com\/pagina10col\/","https:\/\/youtube.com\/channel\/pag10","https:\/\/www.tiktok.com\/@p10col"]},{"@type":"Person","@id":"https:\/\/pagina10.com\/web\/#\/schema\/person\/3d3687c9f037834284853a963ee45123","name":"Pablo Emilio Obando Acosta","description":"PABLO EMILIO OBANDO ACOSTA Nace en el a\u00f1o de 1965. Bachiller acad\u00e9mico Modalidad Humanidades del INEM de Pasto. En 1989 culmina sus estudios universitarios en la Universidad de Nari\u00f1o obteniendo el t\u00edtulo de Licenciado en Ciencias Sociales \u2013 \u00e9nfasis Ciencias de la Educaci\u00f3n \u2013Jornada nocturna-. Especialista en Literatura latinoamericana y colaborador de importantes medios de comunicaci\u00f3n escritos de nuestra regi\u00f3n y del pa\u00eds: El Tiempo.com, Semana.com, Dinero, Diario Del Sur, El Espectador.com, entre otros, Sus escritos se conocen y han obtenido reconocimientos en Chile, Uruguay, Paraguay, Espa\u00f1a y Alemania. En el a\u00f1o 2000 obtiene el reconocimiento CORREO DEL SUR como el personaje c\u00edvico del a\u00f1o por su f\u00e9rrea defensa de la dignidad pastense al protestar con su documento \u201cUn pueblo ante la historia\u201d por el trato despectivo de algunos medios de comunicaci\u00f3n. Las reacciones no se hacen esperar en peri\u00f3dicos de circulaci\u00f3n regional y nacional como El Tiempo, El Espectador y El Pa\u00eds. Ha obtenido m\u00faltiples medallas y condecoraciones por su labor period\u00edstica y cultural: Medalla al merito Guillermo Edmundo Ch\u00e1vez \u2013 mejor escritor del departamento de Nari\u00f1o 2005 \u2013 Fundaci\u00f3n Gabriel Garc\u00eda M\u00e1rquez. Mejor Columnista del departamento de Nari\u00f1o \u2013 a\u00f1os 1991 \u2013 1993 \u2013 1996 \u2013 2001 \u2013 2006 Fundaci\u00f3n Cultural Correo del Sur. Personaje C\u00edvico del Departamento de Nari\u00f1o a\u00f1o 2000. Medalla \u00c1lvaro Javier Jurado Calvache a\u00f1o 2007 \u2013 Centro Educativo PROFESA \u2013 defensor poblaci\u00f3n vulnerable del municipio de Pasto. Mejor cuentista del departamento de Nari\u00f1o \u2013 a\u00f1os 1989 \u2013 2004 \u2013 2005. Cronista m\u00e1s destacado del departamento de Nari\u00f1o \u2013 a\u00f1o 2001. Finalista VI Concurso Internacional de Cuento \u2013 Prensa Nueva \u2013 a\u00f1o 1991. Primer puesto Concurso nacional de cuento \u2013 Contralor\u00eda general de la Rep\u00fablica \u2013 a\u00f1o 1992. Primer Lugar Concurso Municipal de Periodismo \u201cSilvio Le\u00f3n Espa\u00f1a\u201d \u2013 2009. . Reconocimiento Concejo municipal de Pasto, por su labor c\u00edvica y educativa. Sus obras y escritos se conocen en varios pa\u00edses de Latinoam\u00e9rica y de Colombia. Es autor de una docena de textos y m\u00e1s de un millar de columnas de opini\u00f3n que han generado pol\u00e9mica en el contexto nacional y latinoamericano: Testimonio de una insurrecci\u00f3n ciudadana \u2013 2011. El doctor Mierda. Un pueblo ante la historia. La filosof\u00eda de la gallina. Del amor por la Tierra... y otros textos. Diario de un maestro de escuela. Apuntes para una nueva historia Nuevos apuntes \u2013 Tomas Hidalgo Calvache. El problema de los cristianos. La utilidad del poeta. \u00bfTe acuerdas Mariana...? Corona F\u00fanebre \u2013 Tomas Hidalgo Calvache. En formato digital ha editado los siguientes t\u00edtulos: - La nueva filosof\u00eda de la gallina. - Tomas Hidalgo Calvache - Apuntes. - Educar con valor. Figura en varias antolog\u00edas de autores nari\u00f1enses y en una latinoamericana. Sobre \u00e9l han escrito elogiosamente intelectuales de la talla de Otto Morales Ben\u00edtez, Edgar Bastidas Urresty, Juan Augusto Ortiz cabrera, Carlos Santamar\u00eda, Javier Rodrizales, Miguel Garz\u00f3n Arteaga, Fausto Molina, Jorge Arturo Bravo y otros tantos que ser\u00eda dif\u00edcil nombrar en esta peque\u00f1a cr\u00f3nica sobre Pablo Emilio Obando Acosta.","url":"https:\/\/pagina10.com\/web\/author\/pobando\/"}]}},"_links":{"self":[{"href":"https:\/\/pagina10.com\/web\/wp-json\/wp\/v2\/posts\/69895","targetHints":{"allow":["GET"]}}],"collection":[{"href":"https:\/\/pagina10.com\/web\/wp-json\/wp\/v2\/posts"}],"about":[{"href":"https:\/\/pagina10.com\/web\/wp-json\/wp\/v2\/types\/post"}],"author":[{"embeddable":true,"href":"https:\/\/pagina10.com\/web\/wp-json\/wp\/v2\/users\/46"}],"replies":[{"embeddable":true,"href":"https:\/\/pagina10.com\/web\/wp-json\/wp\/v2\/comments?post=69895"}],"version-history":[{"count":1,"href":"https:\/\/pagina10.com\/web\/wp-json\/wp\/v2\/posts\/69895\/revisions"}],"predecessor-version":[{"id":69897,"href":"https:\/\/pagina10.com\/web\/wp-json\/wp\/v2\/posts\/69895\/revisions\/69897"}],"wp:featuredmedia":[{"embeddable":true,"href":"https:\/\/pagina10.com\/web\/wp-json\/wp\/v2\/media\/69896"}],"wp:attachment":[{"href":"https:\/\/pagina10.com\/web\/wp-json\/wp\/v2\/media?parent=69895"}],"wp:term":[{"taxonomy":"category","embeddable":true,"href":"https:\/\/pagina10.com\/web\/wp-json\/wp\/v2\/categories?post=69895"},{"taxonomy":"post_tag","embeddable":true,"href":"https:\/\/pagina10.com\/web\/wp-json\/wp\/v2\/tags?post=69895"}],"curies":[{"name":"wp","href":"https:\/\/api.w.org\/{rel}","templated":true}]}}