{"id":70130,"date":"2023-11-20T10:00:29","date_gmt":"2023-11-20T15:00:29","guid":{"rendered":"https:\/\/pagina10.com\/web\/?p=70130"},"modified":"2023-11-20T10:00:29","modified_gmt":"2023-11-20T15:00:29","slug":"petro-propone-bonos-economicos-para-que-migrantes-venezolanos-vuelvan-a-su-pais","status":"publish","type":"post","link":"https:\/\/pagina10.com\/web\/petro-propone-bonos-economicos-para-que-migrantes-venezolanos-vuelvan-a-su-pais\/","title":{"rendered":"Petro propone bonos econ\u00f3micos para que migrantes venezolanos vuelvan a su pa\u00eds"},"content":{"rendered":"<p style=\"text-align: justify;\">Para abordar el \u00e9xodo de migrantes venezolanos, Petro present\u00f3 una propuesta a Estados Unidos. El &#8220;programa de humanizaci\u00f3n del \u00e9xodo&#8221; propone el giro de bonos de estabilizaci\u00f3n econ\u00f3mica para alentar el retorno voluntario de los migrantes a su pa\u00eds de origen. El mandatario sugiere que este enfoque no solo beneficiar\u00eda a los migrantes al ofrecerles oportunidades para construir una vida mejor en Venezuela, sino que tambi\u00e9n contribuir\u00eda a regularizar y ordenar el flujo migratorio, evitando el \u00e9xodo desordenado que atraviesa el peligroso &#8220;tap\u00f3n del Dari\u00e9n&#8221;.<\/p>\n<p style=\"text-align: justify;\">Petro subraya la importancia de llegar a un acuerdo con Estados Unidos sobre la migraci\u00f3n, proponiendo desviar el \u00e9xodo que parte desde el sur de Chile, la Patagonia, Per\u00fa y Ecuador hacia Colombia, hacia su pa\u00eds de origen y argumenta que esta iniciativa ser\u00eda un &#8220;gana-gana&#8221;, permitiendo la regulaci\u00f3n y ordenamiento del \u00e9xodo, salvaguardando as\u00ed los derechos humanos de los migrantes que actualmente enfrentan condiciones precarias en su traves\u00eda por el tap\u00f3n del Dari\u00e9n.<\/p>\n<p style=\"text-align: justify;\">En el marco de su visita oficial a Caracas, Petro y el presidente de Venezuela, Nicol\u00e1s Maduro, acordaron trabajar en la integraci\u00f3n energ\u00e9tica entre las dos naciones. Tambi\u00e9n se anunci\u00f3 la posibilidad de que Petr\u00f3leos de Venezuela S. A. (PDVSA) y Ecopetrol se conviertan en socios en el \u00e1mbito de la seguridad energ\u00e9tica, explorando proyectos conjuntos en la explotaci\u00f3n de campos de gas y petr\u00f3leo.<\/p>\n","protected":false},"excerpt":{"rendered":"<p>Para abordar el \u00e9xodo de migrantes venezolanos, Petro present\u00f3 una propuesta a Estados Unidos. El &#8220;programa de humanizaci\u00f3n del \u00e9xodo&#8221; propone el giro de bonos de estabilizaci\u00f3n econ\u00f3mica para alentar el retorno voluntario de los migrantes a su pa\u00eds de origen. El mandatario sugiere que este enfoque no solo beneficiar\u00eda a los migrantes al ofrecerles [&hellip;]<\/p>\n","protected":false},"author":1,"featured_media":70132,"comment_status":"open","ping_status":"open","sticky":false,"template":"","format":"standard","meta":{"footnotes":""},"categories":[94],"tags":[],"class_list":["post-70130","post","type-post","status-publish","format-standard","has-post-thumbnail","hentry","category-nacional-global-2"],"yoast_head":"<!-- This site is optimized with the Yoast SEO plugin v27.1.1 - https:\/\/yoast.com\/product\/yoast-seo-wordpress\/ -->\n<title>Petro propone bonos econ\u00f3micos para que migrantes venezolanos vuelvan a su pa\u00eds | P\u00e1gina10<\/title>\n<meta name=\"robots\" content=\"index, follow, max-snippet:-1, max-image-preview:large, max-video-preview:-1\" \/>\n<link rel=\"canonical\" href=\"https:\/\/pagina10.com\/web\/petro-propone-bonos-economicos-para-que-migrantes-venezolanos-vuelvan-a-su-pais\/\" \/>\n<meta property=\"og:locale\" content=\"es_ES\" \/>\n<meta property=\"og:type\" content=\"article\" \/>\n<meta property=\"og:title\" content=\"Petro propone bonos econ\u00f3micos para que migrantes venezolanos vuelvan a su pa\u00eds | P\u00e1gina10\" \/>\n<meta property=\"og:description\" content=\"Para abordar el \u00e9xodo de migrantes venezolanos, Petro present\u00f3 una propuesta a Estados Unidos. El &#8220;programa de humanizaci\u00f3n del \u00e9xodo&#8221; propone el giro de bonos de estabilizaci\u00f3n econ\u00f3mica para alentar el retorno voluntario de los migrantes a su pa\u00eds de origen. El mandatario sugiere que este enfoque no solo beneficiar\u00eda a los migrantes al ofrecerles [&hellip;]\" \/>\n<meta property=\"og:url\" content=\"https:\/\/pagina10.com\/web\/petro-propone-bonos-economicos-para-que-migrantes-venezolanos-vuelvan-a-su-pais\/\" \/>\n<meta property=\"og:site_name\" content=\"P\u00e1gina10\" \/>\n<meta property=\"article:publisher\" content=\"https:\/\/www.facebook.com\/pag10com\" \/>\n<meta property=\"article:published_time\" content=\"2023-11-20T15:00:29+00:00\" \/>\n<meta property=\"og:image\" content=\"https:\/\/pagina10.com\/web\/wp-content\/uploads\/2023\/11\/SAVE_20231120_095854.jpg\" \/>\n\t<meta property=\"og:image:width\" content=\"1280\" \/>\n\t<meta property=\"og:image:height\" content=\"720\" \/>\n\t<meta property=\"og:image:type\" content=\"image\/jpeg\" \/>\n<meta name=\"author\" content=\"P\u00e1gina 10\" \/>\n<meta name=\"twitter:card\" content=\"summary_large_image\" \/>\n<meta name=\"twitter:creator\" content=\"@Pag10com\" \/>\n<meta name=\"twitter:site\" content=\"@Pag10com\" \/>\n<meta name=\"twitter:label1\" content=\"Escrito por\" \/>\n\t<meta name=\"twitter:data1\" content=\"P\u00e1gina 10\" \/>\n\t<meta name=\"twitter:label2\" content=\"Tiempo de lectura\" \/>\n\t<meta name=\"twitter:data2\" content=\"1 minuto\" \/>\n<script type=\"application\/ld+json\" class=\"yoast-schema-graph\">{\"@context\":\"https:\/\/schema.org\",\"@graph\":[{\"@type\":\"Article\",\"@id\":\"https:\/\/pagina10.com\/web\/petro-propone-bonos-economicos-para-que-migrantes-venezolanos-vuelvan-a-su-pais\/#article\",\"isPartOf\":{\"@id\":\"https:\/\/pagina10.com\/web\/petro-propone-bonos-economicos-para-que-migrantes-venezolanos-vuelvan-a-su-pais\/\"},\"author\":{\"name\":\"P\u00e1gina 10\",\"@id\":\"https:\/\/pagina10.com\/web\/#\/schema\/person\/2efc4a090d25b667d3bc796798a3a81b\"},\"headline\":\"Petro propone bonos econ\u00f3micos para que migrantes venezolanos vuelvan a su pa\u00eds\",\"datePublished\":\"2023-11-20T15:00:29+00:00\",\"mainEntityOfPage\":{\"@id\":\"https:\/\/pagina10.com\/web\/petro-propone-bonos-economicos-para-que-migrantes-venezolanos-vuelvan-a-su-pais\/\"},\"wordCount\":262,\"commentCount\":0,\"publisher\":{\"@id\":\"https:\/\/pagina10.com\/web\/#organization\"},\"image\":{\"@id\":\"https:\/\/pagina10.com\/web\/petro-propone-bonos-economicos-para-que-migrantes-venezolanos-vuelvan-a-su-pais\/#primaryimage\"},\"thumbnailUrl\":\"https:\/\/pagina10.com\/web\/wp-content\/uploads\/2023\/11\/SAVE_20231120_095854.jpg\",\"articleSection\":[\"Nacional\"],\"inLanguage\":\"es\",\"potentialAction\":[{\"@type\":\"CommentAction\",\"name\":\"Comment\",\"target\":[\"https:\/\/pagina10.com\/web\/petro-propone-bonos-economicos-para-que-migrantes-venezolanos-vuelvan-a-su-pais\/#respond\"]}]},{\"@type\":\"WebPage\",\"@id\":\"https:\/\/pagina10.com\/web\/petro-propone-bonos-economicos-para-que-migrantes-venezolanos-vuelvan-a-su-pais\/\",\"url\":\"https:\/\/pagina10.com\/web\/petro-propone-bonos-economicos-para-que-migrantes-venezolanos-vuelvan-a-su-pais\/\",\"name\":\"Petro propone bonos econ\u00f3micos para que migrantes venezolanos vuelvan a su pa\u00eds | P\u00e1gina10\",\"isPartOf\":{\"@id\":\"https:\/\/pagina10.com\/web\/#website\"},\"primaryImageOfPage\":{\"@id\":\"https:\/\/pagina10.com\/web\/petro-propone-bonos-economicos-para-que-migrantes-venezolanos-vuelvan-a-su-pais\/#primaryimage\"},\"image\":{\"@id\":\"https:\/\/pagina10.com\/web\/petro-propone-bonos-economicos-para-que-migrantes-venezolanos-vuelvan-a-su-pais\/#primaryimage\"},\"thumbnailUrl\":\"https:\/\/pagina10.com\/web\/wp-content\/uploads\/2023\/11\/SAVE_20231120_095854.jpg\",\"datePublished\":\"2023-11-20T15:00:29+00:00\",\"breadcrumb\":{\"@id\":\"https:\/\/pagina10.com\/web\/petro-propone-bonos-economicos-para-que-migrantes-venezolanos-vuelvan-a-su-pais\/#breadcrumb\"},\"inLanguage\":\"es\",\"potentialAction\":[{\"@type\":\"ReadAction\",\"target\":[\"https:\/\/pagina10.com\/web\/petro-propone-bonos-economicos-para-que-migrantes-venezolanos-vuelvan-a-su-pais\/\"]}]},{\"@type\":\"ImageObject\",\"inLanguage\":\"es\",\"@id\":\"https:\/\/pagina10.com\/web\/petro-propone-bonos-economicos-para-que-migrantes-venezolanos-vuelvan-a-su-pais\/#primaryimage\",\"url\":\"https:\/\/pagina10.com\/web\/wp-content\/uploads\/2023\/11\/SAVE_20231120_095854.jpg\",\"contentUrl\":\"https:\/\/pagina10.com\/web\/wp-content\/uploads\/2023\/11\/SAVE_20231120_095854.jpg\",\"width\":1280,\"height\":720},{\"@type\":\"BreadcrumbList\",\"@id\":\"https:\/\/pagina10.com\/web\/petro-propone-bonos-economicos-para-que-migrantes-venezolanos-vuelvan-a-su-pais\/#breadcrumb\",\"itemListElement\":[{\"@type\":\"ListItem\",\"position\":1,\"name\":\"Portada\",\"item\":\"https:\/\/pagina10.com\/web\/\"},{\"@type\":\"ListItem\",\"position\":2,\"name\":\"Petro propone bonos econ\u00f3micos para que migrantes venezolanos vuelvan a su pa\u00eds\"}]},{\"@type\":\"WebSite\",\"@id\":\"https:\/\/pagina10.com\/web\/#website\",\"url\":\"https:\/\/pagina10.com\/web\/\",\"name\":\"P\u00e1gina10\",\"description\":\"Peri\u00f3dico Regional\",\"publisher\":{\"@id\":\"https:\/\/pagina10.com\/web\/#organization\"},\"alternateName\":\"P\u00e1gina10 Peri\u00f3dico Regional\",\"potentialAction\":[{\"@type\":\"SearchAction\",\"target\":{\"@type\":\"EntryPoint\",\"urlTemplate\":\"https:\/\/pagina10.com\/web\/?s={search_term_string}\"},\"query-input\":{\"@type\":\"PropertyValueSpecification\",\"valueRequired\":true,\"valueName\":\"search_term_string\"}}],\"inLanguage\":\"es\"},{\"@type\":\"Organization\",\"@id\":\"https:\/\/pagina10.com\/web\/#organization\",\"name\":\"P\u00e1gina10\",\"alternateName\":\"P\u00e1gina10 Peri\u00f3dico Regional\",\"url\":\"https:\/\/pagina10.com\/web\/\",\"logo\":{\"@type\":\"ImageObject\",\"inLanguage\":\"es\",\"@id\":\"https:\/\/pagina10.com\/web\/#\/schema\/logo\/image\/\",\"url\":\"https:\/\/pagina10.com\/web\/wp-content\/uploads\/2024\/01\/40-pagina-10-periodico-regional-pasto.jpg\",\"contentUrl\":\"https:\/\/pagina10.com\/web\/wp-content\/uploads\/2024\/01\/40-pagina-10-periodico-regional-pasto.jpg\",\"width\":1280,\"height\":720,\"caption\":\"P\u00e1gina10\"},\"image\":{\"@id\":\"https:\/\/pagina10.com\/web\/#\/schema\/logo\/image\/\"},\"sameAs\":[\"https:\/\/www.facebook.com\/pag10com\",\"https:\/\/x.com\/Pag10com\",\"https:\/\/www.instagram.com\/pagina10col\/\",\"https:\/\/youtube.com\/channel\/pag10\",\"https:\/\/www.tiktok.com\/@p10col\"]},{\"@type\":\"Person\",\"@id\":\"https:\/\/pagina10.com\/web\/#\/schema\/person\/2efc4a090d25b667d3bc796798a3a81b\",\"name\":\"P\u00e1gina 10\",\"description\":\"P\u00e1gina 10 es un peri\u00f3dico regional que nace en Colombia, en el departamento de Nari\u00f1o, con un enfoque global, fundamentado en cuatro pilares esenciales: la libertad, el pluralismo, la inclusi\u00f3n y la independencia. P\u00e1gina 10 hace referencia a Nari\u00f1o como el d\u00e9cimo departamento creado en Colombia, despu\u00e9s de un proceso pol\u00edtico liderado por actores y actrices regionales con el fin de obtener la independencia y autonom\u00eda de nuestros territorios. Con la creaci\u00f3n de P\u00e1gina 10 se pretende abrir un escenario para el dialogo, la reflexi\u00f3n y el debate que se extienda a otras geograf\u00edas de Am\u00e9rica Latina y del planeta, en una apuesta por transformar colectivamente los desaf\u00edos de un mundo contempor\u00e1neo, m\u00e1s all\u00e1 de las fronteras impuestas.\",\"url\":\"https:\/\/pagina10.com\/web\/author\/pdiezadmin\/\"}]}<\/script>\n<!-- \/ Yoast SEO plugin. -->","yoast_head_json":{"title":"Petro propone bonos econ\u00f3micos para que migrantes venezolanos vuelvan a su pa\u00eds | P\u00e1gina10","robots":{"index":"index","follow":"follow","max-snippet":"max-snippet:-1","max-image-preview":"max-image-preview:large","max-video-preview":"max-video-preview:-1"},"canonical":"https:\/\/pagina10.com\/web\/petro-propone-bonos-economicos-para-que-migrantes-venezolanos-vuelvan-a-su-pais\/","og_locale":"es_ES","og_type":"article","og_title":"Petro propone bonos econ\u00f3micos para que migrantes venezolanos vuelvan a su pa\u00eds | P\u00e1gina10","og_description":"Para abordar el \u00e9xodo de migrantes venezolanos, Petro present\u00f3 una propuesta a Estados Unidos. El &#8220;programa de humanizaci\u00f3n del \u00e9xodo&#8221; propone el giro de bonos de estabilizaci\u00f3n econ\u00f3mica para alentar el retorno voluntario de los migrantes a su pa\u00eds de origen. El mandatario sugiere que este enfoque no solo beneficiar\u00eda a los migrantes al ofrecerles [&hellip;]","og_url":"https:\/\/pagina10.com\/web\/petro-propone-bonos-economicos-para-que-migrantes-venezolanos-vuelvan-a-su-pais\/","og_site_name":"P\u00e1gina10","article_publisher":"https:\/\/www.facebook.com\/pag10com","article_published_time":"2023-11-20T15:00:29+00:00","og_image":[{"width":1280,"height":720,"url":"https:\/\/pagina10.com\/web\/wp-content\/uploads\/2023\/11\/SAVE_20231120_095854.jpg","type":"image\/jpeg"}],"author":"P\u00e1gina 10","twitter_card":"summary_large_image","twitter_creator":"@Pag10com","twitter_site":"@Pag10com","twitter_misc":{"Escrito por":"P\u00e1gina 10","Tiempo de lectura":"1 minuto"},"schema":{"@context":"https:\/\/schema.org","@graph":[{"@type":"Article","@id":"https:\/\/pagina10.com\/web\/petro-propone-bonos-economicos-para-que-migrantes-venezolanos-vuelvan-a-su-pais\/#article","isPartOf":{"@id":"https:\/\/pagina10.com\/web\/petro-propone-bonos-economicos-para-que-migrantes-venezolanos-vuelvan-a-su-pais\/"},"author":{"name":"P\u00e1gina 10","@id":"https:\/\/pagina10.com\/web\/#\/schema\/person\/2efc4a090d25b667d3bc796798a3a81b"},"headline":"Petro propone bonos econ\u00f3micos para que migrantes venezolanos vuelvan a su pa\u00eds","datePublished":"2023-11-20T15:00:29+00:00","mainEntityOfPage":{"@id":"https:\/\/pagina10.com\/web\/petro-propone-bonos-economicos-para-que-migrantes-venezolanos-vuelvan-a-su-pais\/"},"wordCount":262,"commentCount":0,"publisher":{"@id":"https:\/\/pagina10.com\/web\/#organization"},"image":{"@id":"https:\/\/pagina10.com\/web\/petro-propone-bonos-economicos-para-que-migrantes-venezolanos-vuelvan-a-su-pais\/#primaryimage"},"thumbnailUrl":"https:\/\/pagina10.com\/web\/wp-content\/uploads\/2023\/11\/SAVE_20231120_095854.jpg","articleSection":["Nacional"],"inLanguage":"es","potentialAction":[{"@type":"CommentAction","name":"Comment","target":["https:\/\/pagina10.com\/web\/petro-propone-bonos-economicos-para-que-migrantes-venezolanos-vuelvan-a-su-pais\/#respond"]}]},{"@type":"WebPage","@id":"https:\/\/pagina10.com\/web\/petro-propone-bonos-economicos-para-que-migrantes-venezolanos-vuelvan-a-su-pais\/","url":"https:\/\/pagina10.com\/web\/petro-propone-bonos-economicos-para-que-migrantes-venezolanos-vuelvan-a-su-pais\/","name":"Petro propone bonos econ\u00f3micos para que migrantes venezolanos vuelvan a su pa\u00eds | P\u00e1gina10","isPartOf":{"@id":"https:\/\/pagina10.com\/web\/#website"},"primaryImageOfPage":{"@id":"https:\/\/pagina10.com\/web\/petro-propone-bonos-economicos-para-que-migrantes-venezolanos-vuelvan-a-su-pais\/#primaryimage"},"image":{"@id":"https:\/\/pagina10.com\/web\/petro-propone-bonos-economicos-para-que-migrantes-venezolanos-vuelvan-a-su-pais\/#primaryimage"},"thumbnailUrl":"https:\/\/pagina10.com\/web\/wp-content\/uploads\/2023\/11\/SAVE_20231120_095854.jpg","datePublished":"2023-11-20T15:00:29+00:00","breadcrumb":{"@id":"https:\/\/pagina10.com\/web\/petro-propone-bonos-economicos-para-que-migrantes-venezolanos-vuelvan-a-su-pais\/#breadcrumb"},"inLanguage":"es","potentialAction":[{"@type":"ReadAction","target":["https:\/\/pagina10.com\/web\/petro-propone-bonos-economicos-para-que-migrantes-venezolanos-vuelvan-a-su-pais\/"]}]},{"@type":"ImageObject","inLanguage":"es","@id":"https:\/\/pagina10.com\/web\/petro-propone-bonos-economicos-para-que-migrantes-venezolanos-vuelvan-a-su-pais\/#primaryimage","url":"https:\/\/pagina10.com\/web\/wp-content\/uploads\/2023\/11\/SAVE_20231120_095854.jpg","contentUrl":"https:\/\/pagina10.com\/web\/wp-content\/uploads\/2023\/11\/SAVE_20231120_095854.jpg","width":1280,"height":720},{"@type":"BreadcrumbList","@id":"https:\/\/pagina10.com\/web\/petro-propone-bonos-economicos-para-que-migrantes-venezolanos-vuelvan-a-su-pais\/#breadcrumb","itemListElement":[{"@type":"ListItem","position":1,"name":"Portada","item":"https:\/\/pagina10.com\/web\/"},{"@type":"ListItem","position":2,"name":"Petro propone bonos econ\u00f3micos para que migrantes venezolanos vuelvan a su pa\u00eds"}]},{"@type":"WebSite","@id":"https:\/\/pagina10.com\/web\/#website","url":"https:\/\/pagina10.com\/web\/","name":"P\u00e1gina10","description":"Peri\u00f3dico Regional","publisher":{"@id":"https:\/\/pagina10.com\/web\/#organization"},"alternateName":"P\u00e1gina10 Peri\u00f3dico Regional","potentialAction":[{"@type":"SearchAction","target":{"@type":"EntryPoint","urlTemplate":"https:\/\/pagina10.com\/web\/?s={search_term_string}"},"query-input":{"@type":"PropertyValueSpecification","valueRequired":true,"valueName":"search_term_string"}}],"inLanguage":"es"},{"@type":"Organization","@id":"https:\/\/pagina10.com\/web\/#organization","name":"P\u00e1gina10","alternateName":"P\u00e1gina10 Peri\u00f3dico Regional","url":"https:\/\/pagina10.com\/web\/","logo":{"@type":"ImageObject","inLanguage":"es","@id":"https:\/\/pagina10.com\/web\/#\/schema\/logo\/image\/","url":"https:\/\/pagina10.com\/web\/wp-content\/uploads\/2024\/01\/40-pagina-10-periodico-regional-pasto.jpg","contentUrl":"https:\/\/pagina10.com\/web\/wp-content\/uploads\/2024\/01\/40-pagina-10-periodico-regional-pasto.jpg","width":1280,"height":720,"caption":"P\u00e1gina10"},"image":{"@id":"https:\/\/pagina10.com\/web\/#\/schema\/logo\/image\/"},"sameAs":["https:\/\/www.facebook.com\/pag10com","https:\/\/x.com\/Pag10com","https:\/\/www.instagram.com\/pagina10col\/","https:\/\/youtube.com\/channel\/pag10","https:\/\/www.tiktok.com\/@p10col"]},{"@type":"Person","@id":"https:\/\/pagina10.com\/web\/#\/schema\/person\/2efc4a090d25b667d3bc796798a3a81b","name":"P\u00e1gina 10","description":"P\u00e1gina 10 es un peri\u00f3dico regional que nace en Colombia, en el departamento de Nari\u00f1o, con un enfoque global, fundamentado en cuatro pilares esenciales: la libertad, el pluralismo, la inclusi\u00f3n y la independencia. P\u00e1gina 10 hace referencia a Nari\u00f1o como el d\u00e9cimo departamento creado en Colombia, despu\u00e9s de un proceso pol\u00edtico liderado por actores y actrices regionales con el fin de obtener la independencia y autonom\u00eda de nuestros territorios. Con la creaci\u00f3n de P\u00e1gina 10 se pretende abrir un escenario para el dialogo, la reflexi\u00f3n y el debate que se extienda a otras geograf\u00edas de Am\u00e9rica Latina y del planeta, en una apuesta por transformar colectivamente los desaf\u00edos de un mundo contempor\u00e1neo, m\u00e1s all\u00e1 de las fronteras impuestas.","url":"https:\/\/pagina10.com\/web\/author\/pdiezadmin\/"}]}},"_links":{"self":[{"href":"https:\/\/pagina10.com\/web\/wp-json\/wp\/v2\/posts\/70130","targetHints":{"allow":["GET"]}}],"collection":[{"href":"https:\/\/pagina10.com\/web\/wp-json\/wp\/v2\/posts"}],"about":[{"href":"https:\/\/pagina10.com\/web\/wp-json\/wp\/v2\/types\/post"}],"author":[{"embeddable":true,"href":"https:\/\/pagina10.com\/web\/wp-json\/wp\/v2\/users\/1"}],"replies":[{"embeddable":true,"href":"https:\/\/pagina10.com\/web\/wp-json\/wp\/v2\/comments?post=70130"}],"version-history":[{"count":2,"href":"https:\/\/pagina10.com\/web\/wp-json\/wp\/v2\/posts\/70130\/revisions"}],"predecessor-version":[{"id":70133,"href":"https:\/\/pagina10.com\/web\/wp-json\/wp\/v2\/posts\/70130\/revisions\/70133"}],"wp:featuredmedia":[{"embeddable":true,"href":"https:\/\/pagina10.com\/web\/wp-json\/wp\/v2\/media\/70132"}],"wp:attachment":[{"href":"https:\/\/pagina10.com\/web\/wp-json\/wp\/v2\/media?parent=70130"}],"wp:term":[{"taxonomy":"category","embeddable":true,"href":"https:\/\/pagina10.com\/web\/wp-json\/wp\/v2\/categories?post=70130"},{"taxonomy":"post_tag","embeddable":true,"href":"https:\/\/pagina10.com\/web\/wp-json\/wp\/v2\/tags?post=70130"}],"curies":[{"name":"wp","href":"https:\/\/api.w.org\/{rel}","templated":true}]}}