{"id":70157,"date":"2023-11-22T13:07:26","date_gmt":"2023-11-22T18:07:26","guid":{"rendered":"https:\/\/pagina10.com\/web\/?p=70157"},"modified":"2023-11-22T13:08:35","modified_gmt":"2023-11-22T18:08:35","slug":"el-presidente-petro-se-reunio-con-empresarios-del-pais","status":"publish","type":"post","link":"https:\/\/pagina10.com\/web\/el-presidente-petro-se-reunio-con-empresarios-del-pais\/","title":{"rendered":"El presidente Petro se reuni\u00f3 con empresarios del pa\u00eds"},"content":{"rendered":"<p style=\"text-align: justify;\">Luego de guiar su mandato con la firme convicci\u00f3n de que no se reunir\u00eda con empresarios del pa\u00eds ni grandes acaudalados, el presidente Gustavo Petro tuvo un encuentro con 10 de ellos, los m\u00e1s importantes, en la Casa de Hu\u00e9spedes de Cartagena. Como resultado se emiti\u00f3 un comunicado que destaca las bases para un di\u00e1logo nacional, en el cual los empresarios contribuir\u00edan.<\/p>\n<p style=\"text-align: justify;\">Petro hab\u00eda anunciado el pasado 7 de junio que no se reunir\u00eda con este sector del pa\u00eds: \u201cA grandes bacanales no voy, no me inviten a los cocteles sociales de los banqueros, yo no voy. Inv\u00edtenme a tomarme una cerveza all\u00e1 en una esquina, sentados en una acera\u201d, dijo en su momento el mandatario, en medio de la marcha nacional convocada como apoyo a reformas de su gobierno.<\/p>\n<p style=\"text-align: justify;\">La declaraci\u00f3n detalla que se establecieron las bases para un di\u00e1logo nacional centrado en propuestas para el desarrollo educativo, productividad, inclusi\u00f3n territorial (con \u00e9nfasis en La Guajira, la regi\u00f3n del Pac\u00edfico y la Orinoqu\u00eda), desarrollo productivo de la tierra, fortalecimiento de la econom\u00eda popular y la inclusi\u00f3n financiera. Se discutieron propuestas para abordar la desigualdad en el acceso a oportunidades, incluyendo educaci\u00f3n de calidad, preservaci\u00f3n del medio ambiente, desarrollo empresarial y proyectos productivos en el campo, y la b\u00fasqueda de la paz.<\/p>\n<p style=\"text-align: justify;\">Adicionalmente, Petro hizo una declaraci\u00f3n destacando la importancia del encuentro con los empresarios, marcando las bases de lo que, seg\u00fan el mandatario, podr\u00eda ser un gran acuerdo nacional. Subray\u00f3 que este no se limita a los empresarios, sino que incluye a todos los sectores sociales. Se abordaron puntos clave como la educaci\u00f3n, inclusi\u00f3n territorial, desarrollo productivo de la tierra y econom\u00edas populares.<\/p>\n<p style=\"text-align: justify;\">Empresarios como Luis Carlos Sarmiento Angulo y Alejandro Santo Domingo, junto con representantes del gobierno como el ministro de Hacienda y la directora del Departamento de Prosperidad Social, estuvieron presentes en la reuni\u00f3n. Los puntos tratados se convertir\u00e1n en ejes de discusi\u00f3n en futuras mesas de trabajo, consolidando el proceso de di\u00e1logo.<\/p>\n","protected":false},"excerpt":{"rendered":"<p>Luego de guiar su mandato con la firme convicci\u00f3n de que no se reunir\u00eda con empresarios del pa\u00eds ni grandes acaudalados, el presidente Gustavo Petro tuvo un encuentro con 10 de ellos, los m\u00e1s importantes, en la Casa de Hu\u00e9spedes de Cartagena. Como resultado se emiti\u00f3 un comunicado que destaca las bases para un di\u00e1logo [&hellip;]<\/p>\n","protected":false},"author":1,"featured_media":70158,"comment_status":"open","ping_status":"open","sticky":false,"template":"","format":"standard","meta":{"footnotes":""},"categories":[94],"tags":[],"class_list":["post-70157","post","type-post","status-publish","format-standard","has-post-thumbnail","hentry","category-nacional-global-2"],"yoast_head":"<!-- This site is optimized with the Yoast SEO plugin v27.1.1 - https:\/\/yoast.com\/product\/yoast-seo-wordpress\/ -->\n<title>El presidente Petro se reuni\u00f3 con empresarios del pa\u00eds | P\u00e1gina10<\/title>\n<meta name=\"robots\" content=\"index, follow, max-snippet:-1, max-image-preview:large, max-video-preview:-1\" \/>\n<link rel=\"canonical\" href=\"https:\/\/pagina10.com\/web\/el-presidente-petro-se-reunio-con-empresarios-del-pais\/\" \/>\n<meta property=\"og:locale\" content=\"es_ES\" \/>\n<meta property=\"og:type\" content=\"article\" \/>\n<meta property=\"og:title\" content=\"El presidente Petro se reuni\u00f3 con empresarios del pa\u00eds | P\u00e1gina10\" \/>\n<meta property=\"og:description\" content=\"Luego de guiar su mandato con la firme convicci\u00f3n de que no se reunir\u00eda con empresarios del pa\u00eds ni grandes acaudalados, el presidente Gustavo Petro tuvo un encuentro con 10 de ellos, los m\u00e1s importantes, en la Casa de Hu\u00e9spedes de Cartagena. Como resultado se emiti\u00f3 un comunicado que destaca las bases para un di\u00e1logo [&hellip;]\" \/>\n<meta property=\"og:url\" content=\"https:\/\/pagina10.com\/web\/el-presidente-petro-se-reunio-con-empresarios-del-pais\/\" \/>\n<meta property=\"og:site_name\" content=\"P\u00e1gina10\" \/>\n<meta property=\"article:publisher\" content=\"https:\/\/www.facebook.com\/pag10com\" \/>\n<meta property=\"article:published_time\" content=\"2023-11-22T18:07:26+00:00\" \/>\n<meta property=\"article:modified_time\" content=\"2023-11-22T18:08:35+00:00\" \/>\n<meta property=\"og:image\" content=\"https:\/\/pagina10.com\/web\/wp-content\/uploads\/2023\/11\/Petro_Reunion_Gremios.jpg\" \/>\n\t<meta property=\"og:image:width\" content=\"1200\" \/>\n\t<meta property=\"og:image:height\" content=\"900\" \/>\n\t<meta property=\"og:image:type\" content=\"image\/jpeg\" \/>\n<meta name=\"author\" content=\"P\u00e1gina 10\" \/>\n<meta name=\"twitter:card\" content=\"summary_large_image\" \/>\n<meta name=\"twitter:creator\" content=\"@Pag10com\" \/>\n<meta name=\"twitter:site\" content=\"@Pag10com\" \/>\n<meta name=\"twitter:label1\" content=\"Escrito por\" \/>\n\t<meta name=\"twitter:data1\" content=\"P\u00e1gina 10\" \/>\n\t<meta name=\"twitter:label2\" content=\"Tiempo de lectura\" \/>\n\t<meta name=\"twitter:data2\" content=\"2 minutos\" \/>\n<script type=\"application\/ld+json\" class=\"yoast-schema-graph\">{\"@context\":\"https:\/\/schema.org\",\"@graph\":[{\"@type\":\"Article\",\"@id\":\"https:\/\/pagina10.com\/web\/el-presidente-petro-se-reunio-con-empresarios-del-pais\/#article\",\"isPartOf\":{\"@id\":\"https:\/\/pagina10.com\/web\/el-presidente-petro-se-reunio-con-empresarios-del-pais\/\"},\"author\":{\"name\":\"P\u00e1gina 10\",\"@id\":\"https:\/\/pagina10.com\/web\/#\/schema\/person\/2efc4a090d25b667d3bc796798a3a81b\"},\"headline\":\"El presidente Petro se reuni\u00f3 con empresarios del pa\u00eds\",\"datePublished\":\"2023-11-22T18:07:26+00:00\",\"dateModified\":\"2023-11-22T18:08:35+00:00\",\"mainEntityOfPage\":{\"@id\":\"https:\/\/pagina10.com\/web\/el-presidente-petro-se-reunio-con-empresarios-del-pais\/\"},\"wordCount\":366,\"commentCount\":0,\"publisher\":{\"@id\":\"https:\/\/pagina10.com\/web\/#organization\"},\"image\":{\"@id\":\"https:\/\/pagina10.com\/web\/el-presidente-petro-se-reunio-con-empresarios-del-pais\/#primaryimage\"},\"thumbnailUrl\":\"https:\/\/pagina10.com\/web\/wp-content\/uploads\/2023\/11\/Petro_Reunion_Gremios.jpg\",\"articleSection\":[\"Nacional\"],\"inLanguage\":\"es\",\"potentialAction\":[{\"@type\":\"CommentAction\",\"name\":\"Comment\",\"target\":[\"https:\/\/pagina10.com\/web\/el-presidente-petro-se-reunio-con-empresarios-del-pais\/#respond\"]}]},{\"@type\":\"WebPage\",\"@id\":\"https:\/\/pagina10.com\/web\/el-presidente-petro-se-reunio-con-empresarios-del-pais\/\",\"url\":\"https:\/\/pagina10.com\/web\/el-presidente-petro-se-reunio-con-empresarios-del-pais\/\",\"name\":\"El presidente Petro se reuni\u00f3 con empresarios del pa\u00eds | P\u00e1gina10\",\"isPartOf\":{\"@id\":\"https:\/\/pagina10.com\/web\/#website\"},\"primaryImageOfPage\":{\"@id\":\"https:\/\/pagina10.com\/web\/el-presidente-petro-se-reunio-con-empresarios-del-pais\/#primaryimage\"},\"image\":{\"@id\":\"https:\/\/pagina10.com\/web\/el-presidente-petro-se-reunio-con-empresarios-del-pais\/#primaryimage\"},\"thumbnailUrl\":\"https:\/\/pagina10.com\/web\/wp-content\/uploads\/2023\/11\/Petro_Reunion_Gremios.jpg\",\"datePublished\":\"2023-11-22T18:07:26+00:00\",\"dateModified\":\"2023-11-22T18:08:35+00:00\",\"breadcrumb\":{\"@id\":\"https:\/\/pagina10.com\/web\/el-presidente-petro-se-reunio-con-empresarios-del-pais\/#breadcrumb\"},\"inLanguage\":\"es\",\"potentialAction\":[{\"@type\":\"ReadAction\",\"target\":[\"https:\/\/pagina10.com\/web\/el-presidente-petro-se-reunio-con-empresarios-del-pais\/\"]}]},{\"@type\":\"ImageObject\",\"inLanguage\":\"es\",\"@id\":\"https:\/\/pagina10.com\/web\/el-presidente-petro-se-reunio-con-empresarios-del-pais\/#primaryimage\",\"url\":\"https:\/\/pagina10.com\/web\/wp-content\/uploads\/2023\/11\/Petro_Reunion_Gremios.jpg\",\"contentUrl\":\"https:\/\/pagina10.com\/web\/wp-content\/uploads\/2023\/11\/Petro_Reunion_Gremios.jpg\",\"width\":1200,\"height\":900},{\"@type\":\"BreadcrumbList\",\"@id\":\"https:\/\/pagina10.com\/web\/el-presidente-petro-se-reunio-con-empresarios-del-pais\/#breadcrumb\",\"itemListElement\":[{\"@type\":\"ListItem\",\"position\":1,\"name\":\"Portada\",\"item\":\"https:\/\/pagina10.com\/web\/\"},{\"@type\":\"ListItem\",\"position\":2,\"name\":\"El presidente Petro se reuni\u00f3 con empresarios del pa\u00eds\"}]},{\"@type\":\"WebSite\",\"@id\":\"https:\/\/pagina10.com\/web\/#website\",\"url\":\"https:\/\/pagina10.com\/web\/\",\"name\":\"P\u00e1gina10\",\"description\":\"Peri\u00f3dico Regional\",\"publisher\":{\"@id\":\"https:\/\/pagina10.com\/web\/#organization\"},\"alternateName\":\"P\u00e1gina10 Peri\u00f3dico Regional\",\"potentialAction\":[{\"@type\":\"SearchAction\",\"target\":{\"@type\":\"EntryPoint\",\"urlTemplate\":\"https:\/\/pagina10.com\/web\/?s={search_term_string}\"},\"query-input\":{\"@type\":\"PropertyValueSpecification\",\"valueRequired\":true,\"valueName\":\"search_term_string\"}}],\"inLanguage\":\"es\"},{\"@type\":\"Organization\",\"@id\":\"https:\/\/pagina10.com\/web\/#organization\",\"name\":\"P\u00e1gina10\",\"alternateName\":\"P\u00e1gina10 Peri\u00f3dico Regional\",\"url\":\"https:\/\/pagina10.com\/web\/\",\"logo\":{\"@type\":\"ImageObject\",\"inLanguage\":\"es\",\"@id\":\"https:\/\/pagina10.com\/web\/#\/schema\/logo\/image\/\",\"url\":\"https:\/\/pagina10.com\/web\/wp-content\/uploads\/2024\/01\/40-pagina-10-periodico-regional-pasto.jpg\",\"contentUrl\":\"https:\/\/pagina10.com\/web\/wp-content\/uploads\/2024\/01\/40-pagina-10-periodico-regional-pasto.jpg\",\"width\":1280,\"height\":720,\"caption\":\"P\u00e1gina10\"},\"image\":{\"@id\":\"https:\/\/pagina10.com\/web\/#\/schema\/logo\/image\/\"},\"sameAs\":[\"https:\/\/www.facebook.com\/pag10com\",\"https:\/\/x.com\/Pag10com\",\"https:\/\/www.instagram.com\/pagina10col\/\",\"https:\/\/youtube.com\/channel\/pag10\",\"https:\/\/www.tiktok.com\/@p10col\"]},{\"@type\":\"Person\",\"@id\":\"https:\/\/pagina10.com\/web\/#\/schema\/person\/2efc4a090d25b667d3bc796798a3a81b\",\"name\":\"P\u00e1gina 10\",\"description\":\"P\u00e1gina 10 es un peri\u00f3dico regional que nace en Colombia, en el departamento de Nari\u00f1o, con un enfoque global, fundamentado en cuatro pilares esenciales: la libertad, el pluralismo, la inclusi\u00f3n y la independencia. P\u00e1gina 10 hace referencia a Nari\u00f1o como el d\u00e9cimo departamento creado en Colombia, despu\u00e9s de un proceso pol\u00edtico liderado por actores y actrices regionales con el fin de obtener la independencia y autonom\u00eda de nuestros territorios. Con la creaci\u00f3n de P\u00e1gina 10 se pretende abrir un escenario para el dialogo, la reflexi\u00f3n y el debate que se extienda a otras geograf\u00edas de Am\u00e9rica Latina y del planeta, en una apuesta por transformar colectivamente los desaf\u00edos de un mundo contempor\u00e1neo, m\u00e1s all\u00e1 de las fronteras impuestas.\",\"url\":\"https:\/\/pagina10.com\/web\/author\/pdiezadmin\/\"}]}<\/script>\n<!-- \/ Yoast SEO plugin. -->","yoast_head_json":{"title":"El presidente Petro se reuni\u00f3 con empresarios del pa\u00eds | P\u00e1gina10","robots":{"index":"index","follow":"follow","max-snippet":"max-snippet:-1","max-image-preview":"max-image-preview:large","max-video-preview":"max-video-preview:-1"},"canonical":"https:\/\/pagina10.com\/web\/el-presidente-petro-se-reunio-con-empresarios-del-pais\/","og_locale":"es_ES","og_type":"article","og_title":"El presidente Petro se reuni\u00f3 con empresarios del pa\u00eds | P\u00e1gina10","og_description":"Luego de guiar su mandato con la firme convicci\u00f3n de que no se reunir\u00eda con empresarios del pa\u00eds ni grandes acaudalados, el presidente Gustavo Petro tuvo un encuentro con 10 de ellos, los m\u00e1s importantes, en la Casa de Hu\u00e9spedes de Cartagena. Como resultado se emiti\u00f3 un comunicado que destaca las bases para un di\u00e1logo [&hellip;]","og_url":"https:\/\/pagina10.com\/web\/el-presidente-petro-se-reunio-con-empresarios-del-pais\/","og_site_name":"P\u00e1gina10","article_publisher":"https:\/\/www.facebook.com\/pag10com","article_published_time":"2023-11-22T18:07:26+00:00","article_modified_time":"2023-11-22T18:08:35+00:00","og_image":[{"width":1200,"height":900,"url":"https:\/\/pagina10.com\/web\/wp-content\/uploads\/2023\/11\/Petro_Reunion_Gremios.jpg","type":"image\/jpeg"}],"author":"P\u00e1gina 10","twitter_card":"summary_large_image","twitter_creator":"@Pag10com","twitter_site":"@Pag10com","twitter_misc":{"Escrito por":"P\u00e1gina 10","Tiempo de lectura":"2 minutos"},"schema":{"@context":"https:\/\/schema.org","@graph":[{"@type":"Article","@id":"https:\/\/pagina10.com\/web\/el-presidente-petro-se-reunio-con-empresarios-del-pais\/#article","isPartOf":{"@id":"https:\/\/pagina10.com\/web\/el-presidente-petro-se-reunio-con-empresarios-del-pais\/"},"author":{"name":"P\u00e1gina 10","@id":"https:\/\/pagina10.com\/web\/#\/schema\/person\/2efc4a090d25b667d3bc796798a3a81b"},"headline":"El presidente Petro se reuni\u00f3 con empresarios del pa\u00eds","datePublished":"2023-11-22T18:07:26+00:00","dateModified":"2023-11-22T18:08:35+00:00","mainEntityOfPage":{"@id":"https:\/\/pagina10.com\/web\/el-presidente-petro-se-reunio-con-empresarios-del-pais\/"},"wordCount":366,"commentCount":0,"publisher":{"@id":"https:\/\/pagina10.com\/web\/#organization"},"image":{"@id":"https:\/\/pagina10.com\/web\/el-presidente-petro-se-reunio-con-empresarios-del-pais\/#primaryimage"},"thumbnailUrl":"https:\/\/pagina10.com\/web\/wp-content\/uploads\/2023\/11\/Petro_Reunion_Gremios.jpg","articleSection":["Nacional"],"inLanguage":"es","potentialAction":[{"@type":"CommentAction","name":"Comment","target":["https:\/\/pagina10.com\/web\/el-presidente-petro-se-reunio-con-empresarios-del-pais\/#respond"]}]},{"@type":"WebPage","@id":"https:\/\/pagina10.com\/web\/el-presidente-petro-se-reunio-con-empresarios-del-pais\/","url":"https:\/\/pagina10.com\/web\/el-presidente-petro-se-reunio-con-empresarios-del-pais\/","name":"El presidente Petro se reuni\u00f3 con empresarios del pa\u00eds | P\u00e1gina10","isPartOf":{"@id":"https:\/\/pagina10.com\/web\/#website"},"primaryImageOfPage":{"@id":"https:\/\/pagina10.com\/web\/el-presidente-petro-se-reunio-con-empresarios-del-pais\/#primaryimage"},"image":{"@id":"https:\/\/pagina10.com\/web\/el-presidente-petro-se-reunio-con-empresarios-del-pais\/#primaryimage"},"thumbnailUrl":"https:\/\/pagina10.com\/web\/wp-content\/uploads\/2023\/11\/Petro_Reunion_Gremios.jpg","datePublished":"2023-11-22T18:07:26+00:00","dateModified":"2023-11-22T18:08:35+00:00","breadcrumb":{"@id":"https:\/\/pagina10.com\/web\/el-presidente-petro-se-reunio-con-empresarios-del-pais\/#breadcrumb"},"inLanguage":"es","potentialAction":[{"@type":"ReadAction","target":["https:\/\/pagina10.com\/web\/el-presidente-petro-se-reunio-con-empresarios-del-pais\/"]}]},{"@type":"ImageObject","inLanguage":"es","@id":"https:\/\/pagina10.com\/web\/el-presidente-petro-se-reunio-con-empresarios-del-pais\/#primaryimage","url":"https:\/\/pagina10.com\/web\/wp-content\/uploads\/2023\/11\/Petro_Reunion_Gremios.jpg","contentUrl":"https:\/\/pagina10.com\/web\/wp-content\/uploads\/2023\/11\/Petro_Reunion_Gremios.jpg","width":1200,"height":900},{"@type":"BreadcrumbList","@id":"https:\/\/pagina10.com\/web\/el-presidente-petro-se-reunio-con-empresarios-del-pais\/#breadcrumb","itemListElement":[{"@type":"ListItem","position":1,"name":"Portada","item":"https:\/\/pagina10.com\/web\/"},{"@type":"ListItem","position":2,"name":"El presidente Petro se reuni\u00f3 con empresarios del pa\u00eds"}]},{"@type":"WebSite","@id":"https:\/\/pagina10.com\/web\/#website","url":"https:\/\/pagina10.com\/web\/","name":"P\u00e1gina10","description":"Peri\u00f3dico Regional","publisher":{"@id":"https:\/\/pagina10.com\/web\/#organization"},"alternateName":"P\u00e1gina10 Peri\u00f3dico Regional","potentialAction":[{"@type":"SearchAction","target":{"@type":"EntryPoint","urlTemplate":"https:\/\/pagina10.com\/web\/?s={search_term_string}"},"query-input":{"@type":"PropertyValueSpecification","valueRequired":true,"valueName":"search_term_string"}}],"inLanguage":"es"},{"@type":"Organization","@id":"https:\/\/pagina10.com\/web\/#organization","name":"P\u00e1gina10","alternateName":"P\u00e1gina10 Peri\u00f3dico Regional","url":"https:\/\/pagina10.com\/web\/","logo":{"@type":"ImageObject","inLanguage":"es","@id":"https:\/\/pagina10.com\/web\/#\/schema\/logo\/image\/","url":"https:\/\/pagina10.com\/web\/wp-content\/uploads\/2024\/01\/40-pagina-10-periodico-regional-pasto.jpg","contentUrl":"https:\/\/pagina10.com\/web\/wp-content\/uploads\/2024\/01\/40-pagina-10-periodico-regional-pasto.jpg","width":1280,"height":720,"caption":"P\u00e1gina10"},"image":{"@id":"https:\/\/pagina10.com\/web\/#\/schema\/logo\/image\/"},"sameAs":["https:\/\/www.facebook.com\/pag10com","https:\/\/x.com\/Pag10com","https:\/\/www.instagram.com\/pagina10col\/","https:\/\/youtube.com\/channel\/pag10","https:\/\/www.tiktok.com\/@p10col"]},{"@type":"Person","@id":"https:\/\/pagina10.com\/web\/#\/schema\/person\/2efc4a090d25b667d3bc796798a3a81b","name":"P\u00e1gina 10","description":"P\u00e1gina 10 es un peri\u00f3dico regional que nace en Colombia, en el departamento de Nari\u00f1o, con un enfoque global, fundamentado en cuatro pilares esenciales: la libertad, el pluralismo, la inclusi\u00f3n y la independencia. P\u00e1gina 10 hace referencia a Nari\u00f1o como el d\u00e9cimo departamento creado en Colombia, despu\u00e9s de un proceso pol\u00edtico liderado por actores y actrices regionales con el fin de obtener la independencia y autonom\u00eda de nuestros territorios. Con la creaci\u00f3n de P\u00e1gina 10 se pretende abrir un escenario para el dialogo, la reflexi\u00f3n y el debate que se extienda a otras geograf\u00edas de Am\u00e9rica Latina y del planeta, en una apuesta por transformar colectivamente los desaf\u00edos de un mundo contempor\u00e1neo, m\u00e1s all\u00e1 de las fronteras impuestas.","url":"https:\/\/pagina10.com\/web\/author\/pdiezadmin\/"}]}},"_links":{"self":[{"href":"https:\/\/pagina10.com\/web\/wp-json\/wp\/v2\/posts\/70157","targetHints":{"allow":["GET"]}}],"collection":[{"href":"https:\/\/pagina10.com\/web\/wp-json\/wp\/v2\/posts"}],"about":[{"href":"https:\/\/pagina10.com\/web\/wp-json\/wp\/v2\/types\/post"}],"author":[{"embeddable":true,"href":"https:\/\/pagina10.com\/web\/wp-json\/wp\/v2\/users\/1"}],"replies":[{"embeddable":true,"href":"https:\/\/pagina10.com\/web\/wp-json\/wp\/v2\/comments?post=70157"}],"version-history":[{"count":2,"href":"https:\/\/pagina10.com\/web\/wp-json\/wp\/v2\/posts\/70157\/revisions"}],"predecessor-version":[{"id":70173,"href":"https:\/\/pagina10.com\/web\/wp-json\/wp\/v2\/posts\/70157\/revisions\/70173"}],"wp:featuredmedia":[{"embeddable":true,"href":"https:\/\/pagina10.com\/web\/wp-json\/wp\/v2\/media\/70158"}],"wp:attachment":[{"href":"https:\/\/pagina10.com\/web\/wp-json\/wp\/v2\/media?parent=70157"}],"wp:term":[{"taxonomy":"category","embeddable":true,"href":"https:\/\/pagina10.com\/web\/wp-json\/wp\/v2\/categories?post=70157"},{"taxonomy":"post_tag","embeddable":true,"href":"https:\/\/pagina10.com\/web\/wp-json\/wp\/v2\/tags?post=70157"}],"curies":[{"name":"wp","href":"https:\/\/api.w.org\/{rel}","templated":true}]}}