{"id":70160,"date":"2023-11-22T12:55:18","date_gmt":"2023-11-22T17:55:18","guid":{"rendered":"https:\/\/pagina10.com\/web\/?p=70160"},"modified":"2023-11-22T19:06:00","modified_gmt":"2023-11-23T00:06:00","slug":"la-tumaquena-valentina-castro-es-nueva-imagen-de-louis-vuitton","status":"publish","type":"post","link":"https:\/\/pagina10.com\/web\/la-tumaquena-valentina-castro-es-nueva-imagen-de-louis-vuitton\/","title":{"rendered":"La tumaque\u00f1a Valentina Castro es la nueva imagen de Louis Vuitton"},"content":{"rendered":"<p style=\"text-align: justify;\">El 2023 ha sido un a\u00f1o de \u00e9xitos para la modelo colombiana Valentina Castro, originaria de Tumaco, Nari\u00f1o. Su participaci\u00f3n en la nueva campa\u00f1a Cruise 2024 de Louis Vuitton, dirigida por el dise\u00f1ador Nicolas Ghesqui\u00e8re, marca un hito en su carrera.<\/p>\n<p style=\"text-align: justify;\">El debut de Valentina en la pasarela internacional tuvo lugar el 6 de marzo en el Museo de Orsay en Par\u00eds, donde form\u00f3 parte del grupo de 84 modelos que presentaron la colecci\u00f3n Oto\u00f1o-Invierno de la marca. Su actuaci\u00f3n impecable y elegante le ha asegurado una exclusividad con Louis Vuitton. Desde entonces, ha desfilado en Corea del Sur y cerr\u00f3 el \u00faltimo desfile de la Semana de la Moda de Par\u00eds.<\/p>\n<p style=\"text-align: justify;\">La joven modelo, descubierta a trav\u00e9s de las redes sociales, donde compart\u00eda su talento para hacer trenzas, no solo ha capturado la atenci\u00f3n de la industria de la moda, sino que tambi\u00e9n protagoniza la portada de la edici\u00f3n de noviembre de la revista francesa N\u00famero.<\/p>\n","protected":false},"excerpt":{"rendered":"<p>El 2023 ha sido un a\u00f1o de \u00e9xitos para la modelo colombiana Valentina Castro, originaria de Tumaco, Nari\u00f1o. Su participaci\u00f3n en la nueva campa\u00f1a Cruise 2024 de Louis Vuitton, dirigida por el dise\u00f1ador Nicolas Ghesqui\u00e8re, marca un hito en su carrera. El debut de Valentina en la pasarela internacional tuvo lugar el 6 de marzo [&hellip;]<\/p>\n","protected":false},"author":1,"featured_media":70162,"comment_status":"open","ping_status":"open","sticky":false,"template":"","format":"standard","meta":{"footnotes":""},"categories":[1528],"tags":[],"class_list":["post-70160","post","type-post","status-publish","format-standard","has-post-thumbnail","hentry","category-titulares"],"yoast_head":"<!-- This site is optimized with the Yoast SEO plugin v27.1.1 - https:\/\/yoast.com\/product\/yoast-seo-wordpress\/ -->\n<title>La tumaque\u00f1a Valentina Castro es la nueva imagen de Louis Vuitton | P\u00e1gina10<\/title>\n<meta name=\"robots\" content=\"index, follow, max-snippet:-1, max-image-preview:large, max-video-preview:-1\" \/>\n<link rel=\"canonical\" href=\"https:\/\/pagina10.com\/web\/la-tumaquena-valentina-castro-es-nueva-imagen-de-louis-vuitton\/\" \/>\n<meta property=\"og:locale\" content=\"es_ES\" \/>\n<meta property=\"og:type\" content=\"article\" \/>\n<meta property=\"og:title\" content=\"La tumaque\u00f1a Valentina Castro es la nueva imagen de Louis Vuitton | P\u00e1gina10\" \/>\n<meta property=\"og:description\" content=\"El 2023 ha sido un a\u00f1o de \u00e9xitos para la modelo colombiana Valentina Castro, originaria de Tumaco, Nari\u00f1o. Su participaci\u00f3n en la nueva campa\u00f1a Cruise 2024 de Louis Vuitton, dirigida por el dise\u00f1ador Nicolas Ghesqui\u00e8re, marca un hito en su carrera. El debut de Valentina en la pasarela internacional tuvo lugar el 6 de marzo [&hellip;]\" \/>\n<meta property=\"og:url\" content=\"https:\/\/pagina10.com\/web\/la-tumaquena-valentina-castro-es-nueva-imagen-de-louis-vuitton\/\" \/>\n<meta property=\"og:site_name\" content=\"P\u00e1gina10\" \/>\n<meta property=\"article:publisher\" content=\"https:\/\/www.facebook.com\/pag10com\" \/>\n<meta property=\"article:published_time\" content=\"2023-11-22T17:55:18+00:00\" \/>\n<meta property=\"article:modified_time\" content=\"2023-11-23T00:06:00+00:00\" \/>\n<meta property=\"og:image\" content=\"https:\/\/pagina10.com\/web\/wp-content\/uploads\/2023\/11\/hghb.jpg\" \/>\n\t<meta property=\"og:image:width\" content=\"720\" \/>\n\t<meta property=\"og:image:height\" content=\"517\" \/>\n\t<meta property=\"og:image:type\" content=\"image\/jpeg\" \/>\n<meta name=\"author\" content=\"P\u00e1gina 10\" \/>\n<meta name=\"twitter:card\" content=\"summary_large_image\" \/>\n<meta name=\"twitter:creator\" content=\"@Pag10com\" \/>\n<meta name=\"twitter:site\" content=\"@Pag10com\" \/>\n<meta name=\"twitter:label1\" content=\"Escrito por\" \/>\n\t<meta name=\"twitter:data1\" content=\"P\u00e1gina 10\" \/>\n\t<meta name=\"twitter:label2\" content=\"Tiempo de lectura\" \/>\n\t<meta name=\"twitter:data2\" content=\"1 minuto\" \/>\n<script type=\"application\/ld+json\" class=\"yoast-schema-graph\">{\"@context\":\"https:\/\/schema.org\",\"@graph\":[{\"@type\":\"Article\",\"@id\":\"https:\/\/pagina10.com\/web\/la-tumaquena-valentina-castro-es-nueva-imagen-de-louis-vuitton\/#article\",\"isPartOf\":{\"@id\":\"https:\/\/pagina10.com\/web\/la-tumaquena-valentina-castro-es-nueva-imagen-de-louis-vuitton\/\"},\"author\":{\"name\":\"P\u00e1gina 10\",\"@id\":\"https:\/\/pagina10.com\/web\/#\/schema\/person\/2efc4a090d25b667d3bc796798a3a81b\"},\"headline\":\"La tumaque\u00f1a Valentina Castro es la nueva imagen de Louis Vuitton\",\"datePublished\":\"2023-11-22T17:55:18+00:00\",\"dateModified\":\"2023-11-23T00:06:00+00:00\",\"mainEntityOfPage\":{\"@id\":\"https:\/\/pagina10.com\/web\/la-tumaquena-valentina-castro-es-nueva-imagen-de-louis-vuitton\/\"},\"wordCount\":182,\"commentCount\":0,\"publisher\":{\"@id\":\"https:\/\/pagina10.com\/web\/#organization\"},\"image\":{\"@id\":\"https:\/\/pagina10.com\/web\/la-tumaquena-valentina-castro-es-nueva-imagen-de-louis-vuitton\/#primaryimage\"},\"thumbnailUrl\":\"https:\/\/pagina10.com\/web\/wp-content\/uploads\/2023\/11\/hghb.jpg\",\"articleSection\":[\"Titulares\"],\"inLanguage\":\"es\",\"potentialAction\":[{\"@type\":\"CommentAction\",\"name\":\"Comment\",\"target\":[\"https:\/\/pagina10.com\/web\/la-tumaquena-valentina-castro-es-nueva-imagen-de-louis-vuitton\/#respond\"]}]},{\"@type\":\"WebPage\",\"@id\":\"https:\/\/pagina10.com\/web\/la-tumaquena-valentina-castro-es-nueva-imagen-de-louis-vuitton\/\",\"url\":\"https:\/\/pagina10.com\/web\/la-tumaquena-valentina-castro-es-nueva-imagen-de-louis-vuitton\/\",\"name\":\"La tumaque\u00f1a Valentina Castro es la nueva imagen de Louis Vuitton | P\u00e1gina10\",\"isPartOf\":{\"@id\":\"https:\/\/pagina10.com\/web\/#website\"},\"primaryImageOfPage\":{\"@id\":\"https:\/\/pagina10.com\/web\/la-tumaquena-valentina-castro-es-nueva-imagen-de-louis-vuitton\/#primaryimage\"},\"image\":{\"@id\":\"https:\/\/pagina10.com\/web\/la-tumaquena-valentina-castro-es-nueva-imagen-de-louis-vuitton\/#primaryimage\"},\"thumbnailUrl\":\"https:\/\/pagina10.com\/web\/wp-content\/uploads\/2023\/11\/hghb.jpg\",\"datePublished\":\"2023-11-22T17:55:18+00:00\",\"dateModified\":\"2023-11-23T00:06:00+00:00\",\"breadcrumb\":{\"@id\":\"https:\/\/pagina10.com\/web\/la-tumaquena-valentina-castro-es-nueva-imagen-de-louis-vuitton\/#breadcrumb\"},\"inLanguage\":\"es\",\"potentialAction\":[{\"@type\":\"ReadAction\",\"target\":[\"https:\/\/pagina10.com\/web\/la-tumaquena-valentina-castro-es-nueva-imagen-de-louis-vuitton\/\"]}]},{\"@type\":\"ImageObject\",\"inLanguage\":\"es\",\"@id\":\"https:\/\/pagina10.com\/web\/la-tumaquena-valentina-castro-es-nueva-imagen-de-louis-vuitton\/#primaryimage\",\"url\":\"https:\/\/pagina10.com\/web\/wp-content\/uploads\/2023\/11\/hghb.jpg\",\"contentUrl\":\"https:\/\/pagina10.com\/web\/wp-content\/uploads\/2023\/11\/hghb.jpg\",\"width\":720,\"height\":517},{\"@type\":\"BreadcrumbList\",\"@id\":\"https:\/\/pagina10.com\/web\/la-tumaquena-valentina-castro-es-nueva-imagen-de-louis-vuitton\/#breadcrumb\",\"itemListElement\":[{\"@type\":\"ListItem\",\"position\":1,\"name\":\"Portada\",\"item\":\"https:\/\/pagina10.com\/web\/\"},{\"@type\":\"ListItem\",\"position\":2,\"name\":\"La tumaque\u00f1a Valentina Castro es la nueva imagen de Louis Vuitton\"}]},{\"@type\":\"WebSite\",\"@id\":\"https:\/\/pagina10.com\/web\/#website\",\"url\":\"https:\/\/pagina10.com\/web\/\",\"name\":\"P\u00e1gina10\",\"description\":\"Peri\u00f3dico Regional\",\"publisher\":{\"@id\":\"https:\/\/pagina10.com\/web\/#organization\"},\"alternateName\":\"P\u00e1gina10 Peri\u00f3dico Regional\",\"potentialAction\":[{\"@type\":\"SearchAction\",\"target\":{\"@type\":\"EntryPoint\",\"urlTemplate\":\"https:\/\/pagina10.com\/web\/?s={search_term_string}\"},\"query-input\":{\"@type\":\"PropertyValueSpecification\",\"valueRequired\":true,\"valueName\":\"search_term_string\"}}],\"inLanguage\":\"es\"},{\"@type\":\"Organization\",\"@id\":\"https:\/\/pagina10.com\/web\/#organization\",\"name\":\"P\u00e1gina10\",\"alternateName\":\"P\u00e1gina10 Peri\u00f3dico Regional\",\"url\":\"https:\/\/pagina10.com\/web\/\",\"logo\":{\"@type\":\"ImageObject\",\"inLanguage\":\"es\",\"@id\":\"https:\/\/pagina10.com\/web\/#\/schema\/logo\/image\/\",\"url\":\"https:\/\/pagina10.com\/web\/wp-content\/uploads\/2024\/01\/40-pagina-10-periodico-regional-pasto.jpg\",\"contentUrl\":\"https:\/\/pagina10.com\/web\/wp-content\/uploads\/2024\/01\/40-pagina-10-periodico-regional-pasto.jpg\",\"width\":1280,\"height\":720,\"caption\":\"P\u00e1gina10\"},\"image\":{\"@id\":\"https:\/\/pagina10.com\/web\/#\/schema\/logo\/image\/\"},\"sameAs\":[\"https:\/\/www.facebook.com\/pag10com\",\"https:\/\/x.com\/Pag10com\",\"https:\/\/www.instagram.com\/pagina10col\/\",\"https:\/\/youtube.com\/channel\/pag10\",\"https:\/\/www.tiktok.com\/@p10col\"]},{\"@type\":\"Person\",\"@id\":\"https:\/\/pagina10.com\/web\/#\/schema\/person\/2efc4a090d25b667d3bc796798a3a81b\",\"name\":\"P\u00e1gina 10\",\"description\":\"P\u00e1gina 10 es un peri\u00f3dico regional que nace en Colombia, en el departamento de Nari\u00f1o, con un enfoque global, fundamentado en cuatro pilares esenciales: la libertad, el pluralismo, la inclusi\u00f3n y la independencia. P\u00e1gina 10 hace referencia a Nari\u00f1o como el d\u00e9cimo departamento creado en Colombia, despu\u00e9s de un proceso pol\u00edtico liderado por actores y actrices regionales con el fin de obtener la independencia y autonom\u00eda de nuestros territorios. Con la creaci\u00f3n de P\u00e1gina 10 se pretende abrir un escenario para el dialogo, la reflexi\u00f3n y el debate que se extienda a otras geograf\u00edas de Am\u00e9rica Latina y del planeta, en una apuesta por transformar colectivamente los desaf\u00edos de un mundo contempor\u00e1neo, m\u00e1s all\u00e1 de las fronteras impuestas.\",\"url\":\"https:\/\/pagina10.com\/web\/author\/pdiezadmin\/\"}]}<\/script>\n<!-- \/ Yoast SEO plugin. -->","yoast_head_json":{"title":"La tumaque\u00f1a Valentina Castro es la nueva imagen de Louis Vuitton | P\u00e1gina10","robots":{"index":"index","follow":"follow","max-snippet":"max-snippet:-1","max-image-preview":"max-image-preview:large","max-video-preview":"max-video-preview:-1"},"canonical":"https:\/\/pagina10.com\/web\/la-tumaquena-valentina-castro-es-nueva-imagen-de-louis-vuitton\/","og_locale":"es_ES","og_type":"article","og_title":"La tumaque\u00f1a Valentina Castro es la nueva imagen de Louis Vuitton | P\u00e1gina10","og_description":"El 2023 ha sido un a\u00f1o de \u00e9xitos para la modelo colombiana Valentina Castro, originaria de Tumaco, Nari\u00f1o. Su participaci\u00f3n en la nueva campa\u00f1a Cruise 2024 de Louis Vuitton, dirigida por el dise\u00f1ador Nicolas Ghesqui\u00e8re, marca un hito en su carrera. El debut de Valentina en la pasarela internacional tuvo lugar el 6 de marzo [&hellip;]","og_url":"https:\/\/pagina10.com\/web\/la-tumaquena-valentina-castro-es-nueva-imagen-de-louis-vuitton\/","og_site_name":"P\u00e1gina10","article_publisher":"https:\/\/www.facebook.com\/pag10com","article_published_time":"2023-11-22T17:55:18+00:00","article_modified_time":"2023-11-23T00:06:00+00:00","og_image":[{"width":720,"height":517,"url":"https:\/\/pagina10.com\/web\/wp-content\/uploads\/2023\/11\/hghb.jpg","type":"image\/jpeg"}],"author":"P\u00e1gina 10","twitter_card":"summary_large_image","twitter_creator":"@Pag10com","twitter_site":"@Pag10com","twitter_misc":{"Escrito por":"P\u00e1gina 10","Tiempo de lectura":"1 minuto"},"schema":{"@context":"https:\/\/schema.org","@graph":[{"@type":"Article","@id":"https:\/\/pagina10.com\/web\/la-tumaquena-valentina-castro-es-nueva-imagen-de-louis-vuitton\/#article","isPartOf":{"@id":"https:\/\/pagina10.com\/web\/la-tumaquena-valentina-castro-es-nueva-imagen-de-louis-vuitton\/"},"author":{"name":"P\u00e1gina 10","@id":"https:\/\/pagina10.com\/web\/#\/schema\/person\/2efc4a090d25b667d3bc796798a3a81b"},"headline":"La tumaque\u00f1a Valentina Castro es la nueva imagen de Louis Vuitton","datePublished":"2023-11-22T17:55:18+00:00","dateModified":"2023-11-23T00:06:00+00:00","mainEntityOfPage":{"@id":"https:\/\/pagina10.com\/web\/la-tumaquena-valentina-castro-es-nueva-imagen-de-louis-vuitton\/"},"wordCount":182,"commentCount":0,"publisher":{"@id":"https:\/\/pagina10.com\/web\/#organization"},"image":{"@id":"https:\/\/pagina10.com\/web\/la-tumaquena-valentina-castro-es-nueva-imagen-de-louis-vuitton\/#primaryimage"},"thumbnailUrl":"https:\/\/pagina10.com\/web\/wp-content\/uploads\/2023\/11\/hghb.jpg","articleSection":["Titulares"],"inLanguage":"es","potentialAction":[{"@type":"CommentAction","name":"Comment","target":["https:\/\/pagina10.com\/web\/la-tumaquena-valentina-castro-es-nueva-imagen-de-louis-vuitton\/#respond"]}]},{"@type":"WebPage","@id":"https:\/\/pagina10.com\/web\/la-tumaquena-valentina-castro-es-nueva-imagen-de-louis-vuitton\/","url":"https:\/\/pagina10.com\/web\/la-tumaquena-valentina-castro-es-nueva-imagen-de-louis-vuitton\/","name":"La tumaque\u00f1a Valentina Castro es la nueva imagen de Louis Vuitton | P\u00e1gina10","isPartOf":{"@id":"https:\/\/pagina10.com\/web\/#website"},"primaryImageOfPage":{"@id":"https:\/\/pagina10.com\/web\/la-tumaquena-valentina-castro-es-nueva-imagen-de-louis-vuitton\/#primaryimage"},"image":{"@id":"https:\/\/pagina10.com\/web\/la-tumaquena-valentina-castro-es-nueva-imagen-de-louis-vuitton\/#primaryimage"},"thumbnailUrl":"https:\/\/pagina10.com\/web\/wp-content\/uploads\/2023\/11\/hghb.jpg","datePublished":"2023-11-22T17:55:18+00:00","dateModified":"2023-11-23T00:06:00+00:00","breadcrumb":{"@id":"https:\/\/pagina10.com\/web\/la-tumaquena-valentina-castro-es-nueva-imagen-de-louis-vuitton\/#breadcrumb"},"inLanguage":"es","potentialAction":[{"@type":"ReadAction","target":["https:\/\/pagina10.com\/web\/la-tumaquena-valentina-castro-es-nueva-imagen-de-louis-vuitton\/"]}]},{"@type":"ImageObject","inLanguage":"es","@id":"https:\/\/pagina10.com\/web\/la-tumaquena-valentina-castro-es-nueva-imagen-de-louis-vuitton\/#primaryimage","url":"https:\/\/pagina10.com\/web\/wp-content\/uploads\/2023\/11\/hghb.jpg","contentUrl":"https:\/\/pagina10.com\/web\/wp-content\/uploads\/2023\/11\/hghb.jpg","width":720,"height":517},{"@type":"BreadcrumbList","@id":"https:\/\/pagina10.com\/web\/la-tumaquena-valentina-castro-es-nueva-imagen-de-louis-vuitton\/#breadcrumb","itemListElement":[{"@type":"ListItem","position":1,"name":"Portada","item":"https:\/\/pagina10.com\/web\/"},{"@type":"ListItem","position":2,"name":"La tumaque\u00f1a Valentina Castro es la nueva imagen de Louis Vuitton"}]},{"@type":"WebSite","@id":"https:\/\/pagina10.com\/web\/#website","url":"https:\/\/pagina10.com\/web\/","name":"P\u00e1gina10","description":"Peri\u00f3dico Regional","publisher":{"@id":"https:\/\/pagina10.com\/web\/#organization"},"alternateName":"P\u00e1gina10 Peri\u00f3dico Regional","potentialAction":[{"@type":"SearchAction","target":{"@type":"EntryPoint","urlTemplate":"https:\/\/pagina10.com\/web\/?s={search_term_string}"},"query-input":{"@type":"PropertyValueSpecification","valueRequired":true,"valueName":"search_term_string"}}],"inLanguage":"es"},{"@type":"Organization","@id":"https:\/\/pagina10.com\/web\/#organization","name":"P\u00e1gina10","alternateName":"P\u00e1gina10 Peri\u00f3dico Regional","url":"https:\/\/pagina10.com\/web\/","logo":{"@type":"ImageObject","inLanguage":"es","@id":"https:\/\/pagina10.com\/web\/#\/schema\/logo\/image\/","url":"https:\/\/pagina10.com\/web\/wp-content\/uploads\/2024\/01\/40-pagina-10-periodico-regional-pasto.jpg","contentUrl":"https:\/\/pagina10.com\/web\/wp-content\/uploads\/2024\/01\/40-pagina-10-periodico-regional-pasto.jpg","width":1280,"height":720,"caption":"P\u00e1gina10"},"image":{"@id":"https:\/\/pagina10.com\/web\/#\/schema\/logo\/image\/"},"sameAs":["https:\/\/www.facebook.com\/pag10com","https:\/\/x.com\/Pag10com","https:\/\/www.instagram.com\/pagina10col\/","https:\/\/youtube.com\/channel\/pag10","https:\/\/www.tiktok.com\/@p10col"]},{"@type":"Person","@id":"https:\/\/pagina10.com\/web\/#\/schema\/person\/2efc4a090d25b667d3bc796798a3a81b","name":"P\u00e1gina 10","description":"P\u00e1gina 10 es un peri\u00f3dico regional que nace en Colombia, en el departamento de Nari\u00f1o, con un enfoque global, fundamentado en cuatro pilares esenciales: la libertad, el pluralismo, la inclusi\u00f3n y la independencia. P\u00e1gina 10 hace referencia a Nari\u00f1o como el d\u00e9cimo departamento creado en Colombia, despu\u00e9s de un proceso pol\u00edtico liderado por actores y actrices regionales con el fin de obtener la independencia y autonom\u00eda de nuestros territorios. Con la creaci\u00f3n de P\u00e1gina 10 se pretende abrir un escenario para el dialogo, la reflexi\u00f3n y el debate que se extienda a otras geograf\u00edas de Am\u00e9rica Latina y del planeta, en una apuesta por transformar colectivamente los desaf\u00edos de un mundo contempor\u00e1neo, m\u00e1s all\u00e1 de las fronteras impuestas.","url":"https:\/\/pagina10.com\/web\/author\/pdiezadmin\/"}]}},"_links":{"self":[{"href":"https:\/\/pagina10.com\/web\/wp-json\/wp\/v2\/posts\/70160","targetHints":{"allow":["GET"]}}],"collection":[{"href":"https:\/\/pagina10.com\/web\/wp-json\/wp\/v2\/posts"}],"about":[{"href":"https:\/\/pagina10.com\/web\/wp-json\/wp\/v2\/types\/post"}],"author":[{"embeddable":true,"href":"https:\/\/pagina10.com\/web\/wp-json\/wp\/v2\/users\/1"}],"replies":[{"embeddable":true,"href":"https:\/\/pagina10.com\/web\/wp-json\/wp\/v2\/comments?post=70160"}],"version-history":[{"count":4,"href":"https:\/\/pagina10.com\/web\/wp-json\/wp\/v2\/posts\/70160\/revisions"}],"predecessor-version":[{"id":70174,"href":"https:\/\/pagina10.com\/web\/wp-json\/wp\/v2\/posts\/70160\/revisions\/70174"}],"wp:featuredmedia":[{"embeddable":true,"href":"https:\/\/pagina10.com\/web\/wp-json\/wp\/v2\/media\/70162"}],"wp:attachment":[{"href":"https:\/\/pagina10.com\/web\/wp-json\/wp\/v2\/media?parent=70160"}],"wp:term":[{"taxonomy":"category","embeddable":true,"href":"https:\/\/pagina10.com\/web\/wp-json\/wp\/v2\/categories?post=70160"},{"taxonomy":"post_tag","embeddable":true,"href":"https:\/\/pagina10.com\/web\/wp-json\/wp\/v2\/tags?post=70160"}],"curies":[{"name":"wp","href":"https:\/\/api.w.org\/{rel}","templated":true}]}}