{"id":70214,"date":"2023-11-23T14:15:55","date_gmt":"2023-11-23T19:15:55","guid":{"rendered":"https:\/\/pagina10.com\/web\/?p=70214"},"modified":"2023-11-23T14:15:55","modified_gmt":"2023-11-23T19:15:55","slug":"encuentro-entre-petro-y-uribe-concluye-sin-acuerdos-para-reforma-a-la-salud","status":"publish","type":"post","link":"https:\/\/pagina10.com\/web\/encuentro-entre-petro-y-uribe-concluye-sin-acuerdos-para-reforma-a-la-salud\/","title":{"rendered":"Encuentro entre Petro y Uribe concluye sin acuerdos para Reforma a la Salud"},"content":{"rendered":"<p style=\"text-align: justify;\">Las primeras im\u00e1genes de la reuni\u00f3n entre el presidente de la Rep\u00fablica, Gustavo Petro, y el l\u00edder del Centro Democr\u00e1tico, \u00c1lvaro Uribe, han salido a la luz. El objetivo del encuentro, que inici\u00f3 a las 06:30 de la tarde, era discutir la reforma a la salud propuesta por el Gobierno y actualmente en debate en el Congreso. La cita, que incluy\u00f3 la presencia de congresistas de ambas fuerzas pol\u00edticas, as\u00ed como del ministro del Interior, Luis Fernando Velasco, se extendi\u00f3 por tres horas sin lograr avances significativos.<\/p>\n<p style=\"text-align: justify;\">El Gobierno reitera su compromiso con la tramitaci\u00f3n de la reforma a la salud en el Congreso, y la oposici\u00f3n, encabezada por el Centro Democr\u00e1tico, sostiene que el proyecto no es necesario. El senador Carlos Meisel, vocero del Centro Democr\u00e1tico, declar\u00f3 que, aunque el Gobierno est\u00e1 abierto al di\u00e1logo, las posiciones divergentes persisten, y la reforma sigue siendo considerada innecesaria desde la perspectiva de la oposici\u00f3n.<\/p>\n<p style=\"text-align: justify;\">Alfredo Mondrag\u00f3n Garz\u00f3n, del Pacto Hist\u00f3rico, describi\u00f3 el encuentro como &#8220;respetuoso&#8221; y destac\u00f3 las diferencias fundamentales en la concepci\u00f3n del sistema de salud colombiano. Mientras Uribe aboga por un esquema de aseguramiento en manos privadas, la preocupaci\u00f3n del Pacto Hist\u00f3rico se centra en los problemas asociados con la gesti\u00f3n privada de los recursos de salud.<\/p>\n","protected":false},"excerpt":{"rendered":"<p>Las primeras im\u00e1genes de la reuni\u00f3n entre el presidente de la Rep\u00fablica, Gustavo Petro, y el l\u00edder del Centro Democr\u00e1tico, \u00c1lvaro Uribe, han salido a la luz. El objetivo del encuentro, que inici\u00f3 a las 06:30 de la tarde, era discutir la reforma a la salud propuesta por el Gobierno y actualmente en debate en [&hellip;]<\/p>\n","protected":false},"author":1,"featured_media":70216,"comment_status":"open","ping_status":"open","sticky":false,"template":"","format":"standard","meta":{"footnotes":""},"categories":[94],"tags":[],"class_list":["post-70214","post","type-post","status-publish","format-standard","has-post-thumbnail","hentry","category-nacional-global-2"],"yoast_head":"<!-- This site is optimized with the Yoast SEO plugin v27.1.1 - https:\/\/yoast.com\/product\/yoast-seo-wordpress\/ -->\n<title>Encuentro entre Petro y Uribe concluye sin acuerdos para Reforma a la Salud | P\u00e1gina10<\/title>\n<meta name=\"robots\" content=\"index, follow, max-snippet:-1, max-image-preview:large, max-video-preview:-1\" \/>\n<link rel=\"canonical\" href=\"https:\/\/pagina10.com\/web\/encuentro-entre-petro-y-uribe-concluye-sin-acuerdos-para-reforma-a-la-salud\/\" \/>\n<meta property=\"og:locale\" content=\"es_ES\" \/>\n<meta property=\"og:type\" content=\"article\" \/>\n<meta property=\"og:title\" content=\"Encuentro entre Petro y Uribe concluye sin acuerdos para Reforma a la Salud | P\u00e1gina10\" \/>\n<meta property=\"og:description\" content=\"Las primeras im\u00e1genes de la reuni\u00f3n entre el presidente de la Rep\u00fablica, Gustavo Petro, y el l\u00edder del Centro Democr\u00e1tico, \u00c1lvaro Uribe, han salido a la luz. El objetivo del encuentro, que inici\u00f3 a las 06:30 de la tarde, era discutir la reforma a la salud propuesta por el Gobierno y actualmente en debate en [&hellip;]\" \/>\n<meta property=\"og:url\" content=\"https:\/\/pagina10.com\/web\/encuentro-entre-petro-y-uribe-concluye-sin-acuerdos-para-reforma-a-la-salud\/\" \/>\n<meta property=\"og:site_name\" content=\"P\u00e1gina10\" \/>\n<meta property=\"article:publisher\" content=\"https:\/\/www.facebook.com\/pag10com\" \/>\n<meta property=\"article:published_time\" content=\"2023-11-23T19:15:55+00:00\" \/>\n<meta property=\"og:image\" content=\"https:\/\/pagina10.com\/web\/wp-content\/uploads\/2023\/11\/petro-uribe-1-e1656527559391.webp\" \/>\n\t<meta property=\"og:image:width\" content=\"1600\" \/>\n\t<meta property=\"og:image:height\" content=\"980\" \/>\n\t<meta property=\"og:image:type\" content=\"image\/webp\" \/>\n<meta name=\"author\" content=\"P\u00e1gina 10\" \/>\n<meta name=\"twitter:card\" content=\"summary_large_image\" \/>\n<meta name=\"twitter:creator\" content=\"@Pag10com\" \/>\n<meta name=\"twitter:site\" content=\"@Pag10com\" \/>\n<meta name=\"twitter:label1\" content=\"Escrito por\" \/>\n\t<meta name=\"twitter:data1\" content=\"P\u00e1gina 10\" \/>\n\t<meta name=\"twitter:label2\" content=\"Tiempo de lectura\" \/>\n\t<meta name=\"twitter:data2\" content=\"1 minuto\" \/>\n<script type=\"application\/ld+json\" class=\"yoast-schema-graph\">{\"@context\":\"https:\/\/schema.org\",\"@graph\":[{\"@type\":\"Article\",\"@id\":\"https:\/\/pagina10.com\/web\/encuentro-entre-petro-y-uribe-concluye-sin-acuerdos-para-reforma-a-la-salud\/#article\",\"isPartOf\":{\"@id\":\"https:\/\/pagina10.com\/web\/encuentro-entre-petro-y-uribe-concluye-sin-acuerdos-para-reforma-a-la-salud\/\"},\"author\":{\"name\":\"P\u00e1gina 10\",\"@id\":\"https:\/\/pagina10.com\/web\/#\/schema\/person\/2efc4a090d25b667d3bc796798a3a81b\"},\"headline\":\"Encuentro entre Petro y Uribe concluye sin acuerdos para Reforma a la Salud\",\"datePublished\":\"2023-11-23T19:15:55+00:00\",\"mainEntityOfPage\":{\"@id\":\"https:\/\/pagina10.com\/web\/encuentro-entre-petro-y-uribe-concluye-sin-acuerdos-para-reforma-a-la-salud\/\"},\"wordCount\":239,\"commentCount\":0,\"publisher\":{\"@id\":\"https:\/\/pagina10.com\/web\/#organization\"},\"image\":{\"@id\":\"https:\/\/pagina10.com\/web\/encuentro-entre-petro-y-uribe-concluye-sin-acuerdos-para-reforma-a-la-salud\/#primaryimage\"},\"thumbnailUrl\":\"https:\/\/pagina10.com\/web\/wp-content\/uploads\/2023\/11\/petro-uribe-1-e1656527559391.webp\",\"articleSection\":[\"Nacional\"],\"inLanguage\":\"es\",\"potentialAction\":[{\"@type\":\"CommentAction\",\"name\":\"Comment\",\"target\":[\"https:\/\/pagina10.com\/web\/encuentro-entre-petro-y-uribe-concluye-sin-acuerdos-para-reforma-a-la-salud\/#respond\"]}]},{\"@type\":\"WebPage\",\"@id\":\"https:\/\/pagina10.com\/web\/encuentro-entre-petro-y-uribe-concluye-sin-acuerdos-para-reforma-a-la-salud\/\",\"url\":\"https:\/\/pagina10.com\/web\/encuentro-entre-petro-y-uribe-concluye-sin-acuerdos-para-reforma-a-la-salud\/\",\"name\":\"Encuentro entre Petro y Uribe concluye sin acuerdos para Reforma a la Salud | P\u00e1gina10\",\"isPartOf\":{\"@id\":\"https:\/\/pagina10.com\/web\/#website\"},\"primaryImageOfPage\":{\"@id\":\"https:\/\/pagina10.com\/web\/encuentro-entre-petro-y-uribe-concluye-sin-acuerdos-para-reforma-a-la-salud\/#primaryimage\"},\"image\":{\"@id\":\"https:\/\/pagina10.com\/web\/encuentro-entre-petro-y-uribe-concluye-sin-acuerdos-para-reforma-a-la-salud\/#primaryimage\"},\"thumbnailUrl\":\"https:\/\/pagina10.com\/web\/wp-content\/uploads\/2023\/11\/petro-uribe-1-e1656527559391.webp\",\"datePublished\":\"2023-11-23T19:15:55+00:00\",\"breadcrumb\":{\"@id\":\"https:\/\/pagina10.com\/web\/encuentro-entre-petro-y-uribe-concluye-sin-acuerdos-para-reforma-a-la-salud\/#breadcrumb\"},\"inLanguage\":\"es\",\"potentialAction\":[{\"@type\":\"ReadAction\",\"target\":[\"https:\/\/pagina10.com\/web\/encuentro-entre-petro-y-uribe-concluye-sin-acuerdos-para-reforma-a-la-salud\/\"]}]},{\"@type\":\"ImageObject\",\"inLanguage\":\"es\",\"@id\":\"https:\/\/pagina10.com\/web\/encuentro-entre-petro-y-uribe-concluye-sin-acuerdos-para-reforma-a-la-salud\/#primaryimage\",\"url\":\"https:\/\/pagina10.com\/web\/wp-content\/uploads\/2023\/11\/petro-uribe-1-e1656527559391.webp\",\"contentUrl\":\"https:\/\/pagina10.com\/web\/wp-content\/uploads\/2023\/11\/petro-uribe-1-e1656527559391.webp\",\"width\":1600,\"height\":980},{\"@type\":\"BreadcrumbList\",\"@id\":\"https:\/\/pagina10.com\/web\/encuentro-entre-petro-y-uribe-concluye-sin-acuerdos-para-reforma-a-la-salud\/#breadcrumb\",\"itemListElement\":[{\"@type\":\"ListItem\",\"position\":1,\"name\":\"Portada\",\"item\":\"https:\/\/pagina10.com\/web\/\"},{\"@type\":\"ListItem\",\"position\":2,\"name\":\"Encuentro entre Petro y Uribe concluye sin acuerdos para Reforma a la Salud\"}]},{\"@type\":\"WebSite\",\"@id\":\"https:\/\/pagina10.com\/web\/#website\",\"url\":\"https:\/\/pagina10.com\/web\/\",\"name\":\"P\u00e1gina10\",\"description\":\"Peri\u00f3dico Regional\",\"publisher\":{\"@id\":\"https:\/\/pagina10.com\/web\/#organization\"},\"alternateName\":\"P\u00e1gina10 Peri\u00f3dico Regional\",\"potentialAction\":[{\"@type\":\"SearchAction\",\"target\":{\"@type\":\"EntryPoint\",\"urlTemplate\":\"https:\/\/pagina10.com\/web\/?s={search_term_string}\"},\"query-input\":{\"@type\":\"PropertyValueSpecification\",\"valueRequired\":true,\"valueName\":\"search_term_string\"}}],\"inLanguage\":\"es\"},{\"@type\":\"Organization\",\"@id\":\"https:\/\/pagina10.com\/web\/#organization\",\"name\":\"P\u00e1gina10\",\"alternateName\":\"P\u00e1gina10 Peri\u00f3dico Regional\",\"url\":\"https:\/\/pagina10.com\/web\/\",\"logo\":{\"@type\":\"ImageObject\",\"inLanguage\":\"es\",\"@id\":\"https:\/\/pagina10.com\/web\/#\/schema\/logo\/image\/\",\"url\":\"https:\/\/pagina10.com\/web\/wp-content\/uploads\/2024\/01\/40-pagina-10-periodico-regional-pasto.jpg\",\"contentUrl\":\"https:\/\/pagina10.com\/web\/wp-content\/uploads\/2024\/01\/40-pagina-10-periodico-regional-pasto.jpg\",\"width\":1280,\"height\":720,\"caption\":\"P\u00e1gina10\"},\"image\":{\"@id\":\"https:\/\/pagina10.com\/web\/#\/schema\/logo\/image\/\"},\"sameAs\":[\"https:\/\/www.facebook.com\/pag10com\",\"https:\/\/x.com\/Pag10com\",\"https:\/\/www.instagram.com\/pagina10col\/\",\"https:\/\/youtube.com\/channel\/pag10\",\"https:\/\/www.tiktok.com\/@p10col\"]},{\"@type\":\"Person\",\"@id\":\"https:\/\/pagina10.com\/web\/#\/schema\/person\/2efc4a090d25b667d3bc796798a3a81b\",\"name\":\"P\u00e1gina 10\",\"description\":\"P\u00e1gina 10 es un peri\u00f3dico regional que nace en Colombia, en el departamento de Nari\u00f1o, con un enfoque global, fundamentado en cuatro pilares esenciales: la libertad, el pluralismo, la inclusi\u00f3n y la independencia. P\u00e1gina 10 hace referencia a Nari\u00f1o como el d\u00e9cimo departamento creado en Colombia, despu\u00e9s de un proceso pol\u00edtico liderado por actores y actrices regionales con el fin de obtener la independencia y autonom\u00eda de nuestros territorios. Con la creaci\u00f3n de P\u00e1gina 10 se pretende abrir un escenario para el dialogo, la reflexi\u00f3n y el debate que se extienda a otras geograf\u00edas de Am\u00e9rica Latina y del planeta, en una apuesta por transformar colectivamente los desaf\u00edos de un mundo contempor\u00e1neo, m\u00e1s all\u00e1 de las fronteras impuestas.\",\"url\":\"https:\/\/pagina10.com\/web\/author\/pdiezadmin\/\"}]}<\/script>\n<!-- \/ Yoast SEO plugin. -->","yoast_head_json":{"title":"Encuentro entre Petro y Uribe concluye sin acuerdos para Reforma a la Salud | P\u00e1gina10","robots":{"index":"index","follow":"follow","max-snippet":"max-snippet:-1","max-image-preview":"max-image-preview:large","max-video-preview":"max-video-preview:-1"},"canonical":"https:\/\/pagina10.com\/web\/encuentro-entre-petro-y-uribe-concluye-sin-acuerdos-para-reforma-a-la-salud\/","og_locale":"es_ES","og_type":"article","og_title":"Encuentro entre Petro y Uribe concluye sin acuerdos para Reforma a la Salud | P\u00e1gina10","og_description":"Las primeras im\u00e1genes de la reuni\u00f3n entre el presidente de la Rep\u00fablica, Gustavo Petro, y el l\u00edder del Centro Democr\u00e1tico, \u00c1lvaro Uribe, han salido a la luz. El objetivo del encuentro, que inici\u00f3 a las 06:30 de la tarde, era discutir la reforma a la salud propuesta por el Gobierno y actualmente en debate en [&hellip;]","og_url":"https:\/\/pagina10.com\/web\/encuentro-entre-petro-y-uribe-concluye-sin-acuerdos-para-reforma-a-la-salud\/","og_site_name":"P\u00e1gina10","article_publisher":"https:\/\/www.facebook.com\/pag10com","article_published_time":"2023-11-23T19:15:55+00:00","og_image":[{"width":1600,"height":980,"url":"https:\/\/pagina10.com\/web\/wp-content\/uploads\/2023\/11\/petro-uribe-1-e1656527559391.webp","type":"image\/webp"}],"author":"P\u00e1gina 10","twitter_card":"summary_large_image","twitter_creator":"@Pag10com","twitter_site":"@Pag10com","twitter_misc":{"Escrito por":"P\u00e1gina 10","Tiempo de lectura":"1 minuto"},"schema":{"@context":"https:\/\/schema.org","@graph":[{"@type":"Article","@id":"https:\/\/pagina10.com\/web\/encuentro-entre-petro-y-uribe-concluye-sin-acuerdos-para-reforma-a-la-salud\/#article","isPartOf":{"@id":"https:\/\/pagina10.com\/web\/encuentro-entre-petro-y-uribe-concluye-sin-acuerdos-para-reforma-a-la-salud\/"},"author":{"name":"P\u00e1gina 10","@id":"https:\/\/pagina10.com\/web\/#\/schema\/person\/2efc4a090d25b667d3bc796798a3a81b"},"headline":"Encuentro entre Petro y Uribe concluye sin acuerdos para Reforma a la Salud","datePublished":"2023-11-23T19:15:55+00:00","mainEntityOfPage":{"@id":"https:\/\/pagina10.com\/web\/encuentro-entre-petro-y-uribe-concluye-sin-acuerdos-para-reforma-a-la-salud\/"},"wordCount":239,"commentCount":0,"publisher":{"@id":"https:\/\/pagina10.com\/web\/#organization"},"image":{"@id":"https:\/\/pagina10.com\/web\/encuentro-entre-petro-y-uribe-concluye-sin-acuerdos-para-reforma-a-la-salud\/#primaryimage"},"thumbnailUrl":"https:\/\/pagina10.com\/web\/wp-content\/uploads\/2023\/11\/petro-uribe-1-e1656527559391.webp","articleSection":["Nacional"],"inLanguage":"es","potentialAction":[{"@type":"CommentAction","name":"Comment","target":["https:\/\/pagina10.com\/web\/encuentro-entre-petro-y-uribe-concluye-sin-acuerdos-para-reforma-a-la-salud\/#respond"]}]},{"@type":"WebPage","@id":"https:\/\/pagina10.com\/web\/encuentro-entre-petro-y-uribe-concluye-sin-acuerdos-para-reforma-a-la-salud\/","url":"https:\/\/pagina10.com\/web\/encuentro-entre-petro-y-uribe-concluye-sin-acuerdos-para-reforma-a-la-salud\/","name":"Encuentro entre Petro y Uribe concluye sin acuerdos para Reforma a la Salud | P\u00e1gina10","isPartOf":{"@id":"https:\/\/pagina10.com\/web\/#website"},"primaryImageOfPage":{"@id":"https:\/\/pagina10.com\/web\/encuentro-entre-petro-y-uribe-concluye-sin-acuerdos-para-reforma-a-la-salud\/#primaryimage"},"image":{"@id":"https:\/\/pagina10.com\/web\/encuentro-entre-petro-y-uribe-concluye-sin-acuerdos-para-reforma-a-la-salud\/#primaryimage"},"thumbnailUrl":"https:\/\/pagina10.com\/web\/wp-content\/uploads\/2023\/11\/petro-uribe-1-e1656527559391.webp","datePublished":"2023-11-23T19:15:55+00:00","breadcrumb":{"@id":"https:\/\/pagina10.com\/web\/encuentro-entre-petro-y-uribe-concluye-sin-acuerdos-para-reforma-a-la-salud\/#breadcrumb"},"inLanguage":"es","potentialAction":[{"@type":"ReadAction","target":["https:\/\/pagina10.com\/web\/encuentro-entre-petro-y-uribe-concluye-sin-acuerdos-para-reforma-a-la-salud\/"]}]},{"@type":"ImageObject","inLanguage":"es","@id":"https:\/\/pagina10.com\/web\/encuentro-entre-petro-y-uribe-concluye-sin-acuerdos-para-reforma-a-la-salud\/#primaryimage","url":"https:\/\/pagina10.com\/web\/wp-content\/uploads\/2023\/11\/petro-uribe-1-e1656527559391.webp","contentUrl":"https:\/\/pagina10.com\/web\/wp-content\/uploads\/2023\/11\/petro-uribe-1-e1656527559391.webp","width":1600,"height":980},{"@type":"BreadcrumbList","@id":"https:\/\/pagina10.com\/web\/encuentro-entre-petro-y-uribe-concluye-sin-acuerdos-para-reforma-a-la-salud\/#breadcrumb","itemListElement":[{"@type":"ListItem","position":1,"name":"Portada","item":"https:\/\/pagina10.com\/web\/"},{"@type":"ListItem","position":2,"name":"Encuentro entre Petro y Uribe concluye sin acuerdos para Reforma a la Salud"}]},{"@type":"WebSite","@id":"https:\/\/pagina10.com\/web\/#website","url":"https:\/\/pagina10.com\/web\/","name":"P\u00e1gina10","description":"Peri\u00f3dico Regional","publisher":{"@id":"https:\/\/pagina10.com\/web\/#organization"},"alternateName":"P\u00e1gina10 Peri\u00f3dico Regional","potentialAction":[{"@type":"SearchAction","target":{"@type":"EntryPoint","urlTemplate":"https:\/\/pagina10.com\/web\/?s={search_term_string}"},"query-input":{"@type":"PropertyValueSpecification","valueRequired":true,"valueName":"search_term_string"}}],"inLanguage":"es"},{"@type":"Organization","@id":"https:\/\/pagina10.com\/web\/#organization","name":"P\u00e1gina10","alternateName":"P\u00e1gina10 Peri\u00f3dico Regional","url":"https:\/\/pagina10.com\/web\/","logo":{"@type":"ImageObject","inLanguage":"es","@id":"https:\/\/pagina10.com\/web\/#\/schema\/logo\/image\/","url":"https:\/\/pagina10.com\/web\/wp-content\/uploads\/2024\/01\/40-pagina-10-periodico-regional-pasto.jpg","contentUrl":"https:\/\/pagina10.com\/web\/wp-content\/uploads\/2024\/01\/40-pagina-10-periodico-regional-pasto.jpg","width":1280,"height":720,"caption":"P\u00e1gina10"},"image":{"@id":"https:\/\/pagina10.com\/web\/#\/schema\/logo\/image\/"},"sameAs":["https:\/\/www.facebook.com\/pag10com","https:\/\/x.com\/Pag10com","https:\/\/www.instagram.com\/pagina10col\/","https:\/\/youtube.com\/channel\/pag10","https:\/\/www.tiktok.com\/@p10col"]},{"@type":"Person","@id":"https:\/\/pagina10.com\/web\/#\/schema\/person\/2efc4a090d25b667d3bc796798a3a81b","name":"P\u00e1gina 10","description":"P\u00e1gina 10 es un peri\u00f3dico regional que nace en Colombia, en el departamento de Nari\u00f1o, con un enfoque global, fundamentado en cuatro pilares esenciales: la libertad, el pluralismo, la inclusi\u00f3n y la independencia. P\u00e1gina 10 hace referencia a Nari\u00f1o como el d\u00e9cimo departamento creado en Colombia, despu\u00e9s de un proceso pol\u00edtico liderado por actores y actrices regionales con el fin de obtener la independencia y autonom\u00eda de nuestros territorios. Con la creaci\u00f3n de P\u00e1gina 10 se pretende abrir un escenario para el dialogo, la reflexi\u00f3n y el debate que se extienda a otras geograf\u00edas de Am\u00e9rica Latina y del planeta, en una apuesta por transformar colectivamente los desaf\u00edos de un mundo contempor\u00e1neo, m\u00e1s all\u00e1 de las fronteras impuestas.","url":"https:\/\/pagina10.com\/web\/author\/pdiezadmin\/"}]}},"_links":{"self":[{"href":"https:\/\/pagina10.com\/web\/wp-json\/wp\/v2\/posts\/70214","targetHints":{"allow":["GET"]}}],"collection":[{"href":"https:\/\/pagina10.com\/web\/wp-json\/wp\/v2\/posts"}],"about":[{"href":"https:\/\/pagina10.com\/web\/wp-json\/wp\/v2\/types\/post"}],"author":[{"embeddable":true,"href":"https:\/\/pagina10.com\/web\/wp-json\/wp\/v2\/users\/1"}],"replies":[{"embeddable":true,"href":"https:\/\/pagina10.com\/web\/wp-json\/wp\/v2\/comments?post=70214"}],"version-history":[{"count":1,"href":"https:\/\/pagina10.com\/web\/wp-json\/wp\/v2\/posts\/70214\/revisions"}],"predecessor-version":[{"id":70215,"href":"https:\/\/pagina10.com\/web\/wp-json\/wp\/v2\/posts\/70214\/revisions\/70215"}],"wp:featuredmedia":[{"embeddable":true,"href":"https:\/\/pagina10.com\/web\/wp-json\/wp\/v2\/media\/70216"}],"wp:attachment":[{"href":"https:\/\/pagina10.com\/web\/wp-json\/wp\/v2\/media?parent=70214"}],"wp:term":[{"taxonomy":"category","embeddable":true,"href":"https:\/\/pagina10.com\/web\/wp-json\/wp\/v2\/categories?post=70214"},{"taxonomy":"post_tag","embeddable":true,"href":"https:\/\/pagina10.com\/web\/wp-json\/wp\/v2\/tags?post=70214"}],"curies":[{"name":"wp","href":"https:\/\/api.w.org\/{rel}","templated":true}]}}