{"id":70217,"date":"2023-11-23T14:15:20","date_gmt":"2023-11-23T19:15:20","guid":{"rendered":"https:\/\/pagina10.com\/web\/?p=70217"},"modified":"2023-11-23T14:20:43","modified_gmt":"2023-11-23T19:20:43","slug":"mintransporte-anuncio-incremento-de-peajes-en-dos-etapas","status":"publish","type":"post","link":"https:\/\/pagina10.com\/web\/mintransporte-anuncio-incremento-de-peajes-en-dos-etapas\/","title":{"rendered":"MinTransporte anunci\u00f3 incremento de peajes en dos etapas"},"content":{"rendered":"<p style=\"text-align: justify;\">En una declaraci\u00f3n reciente, el ministro de Transporte, William Camargo, confirm\u00f3 que los peajes tendr\u00e1n dos aumentos. Seg\u00fan Camargo, es probable que el primer incremento sea en enero y el segundo en el primer semestre de 2024.<\/p>\n<p style=\"text-align: justify;\">A pesar de las expectativas iniciales de un aumento en diciembre de este a\u00f1o, el ministro de Hacienda, Ricardo Bonilla, indic\u00f3 previamente que el Gobierno estaba &#8220;analizando&#8221; la situaci\u00f3n, generando incertidumbre entre la poblaci\u00f3n y los inversores.<\/p>\n<p style=\"text-align: justify;\">El congelamiento de las tarifas de peaje en un intento por contener el costo de vida, seg\u00fan un an\u00e1lisis de Fedesarrollo, no ha tenido un impacto significativo. De acuerdo con el informe, si las tarifas hubieran aumentado al ritmo de la inflaci\u00f3n del 2022 (13%), la inflaci\u00f3n actual solo ser\u00eda un 0.01% m\u00e1s alta.<\/p>\n<p style=\"text-align: justify;\">Sin embargo, esta decisi\u00f3n no est\u00e1 exenta de costos para el Gobierno. Se estima que para el a\u00f1o fiscal 2023, las concesiones dejaron de recaudar la impresionante suma de $724.380 millones, y el Ministerio de Transporte afirma que este d\u00e9ficit debe ser cubierto.<\/p>\n","protected":false},"excerpt":{"rendered":"<p>En una declaraci\u00f3n reciente, el ministro de Transporte, William Camargo, confirm\u00f3 que los peajes tendr\u00e1n dos aumentos. Seg\u00fan Camargo, es probable que el primer incremento sea en enero y el segundo en el primer semestre de 2024. A pesar de las expectativas iniciales de un aumento en diciembre de este a\u00f1o, el ministro de Hacienda, [&hellip;]<\/p>\n","protected":false},"author":1,"featured_media":70218,"comment_status":"open","ping_status":"open","sticky":false,"template":"","format":"standard","meta":{"footnotes":""},"categories":[94],"tags":[],"class_list":["post-70217","post","type-post","status-publish","format-standard","has-post-thumbnail","hentry","category-nacional-global-2"],"yoast_head":"<!-- This site is optimized with the Yoast SEO plugin v27.1.1 - https:\/\/yoast.com\/product\/yoast-seo-wordpress\/ -->\n<title>MinTransporte anunci\u00f3 incremento de peajes en dos etapas | P\u00e1gina10<\/title>\n<meta name=\"robots\" content=\"index, follow, max-snippet:-1, max-image-preview:large, max-video-preview:-1\" \/>\n<link rel=\"canonical\" href=\"https:\/\/pagina10.com\/web\/mintransporte-anuncio-incremento-de-peajes-en-dos-etapas\/\" \/>\n<meta property=\"og:locale\" content=\"es_ES\" \/>\n<meta property=\"og:type\" content=\"article\" \/>\n<meta property=\"og:title\" content=\"MinTransporte anunci\u00f3 incremento de peajes en dos etapas | P\u00e1gina10\" \/>\n<meta property=\"og:description\" content=\"En una declaraci\u00f3n reciente, el ministro de Transporte, William Camargo, confirm\u00f3 que los peajes tendr\u00e1n dos aumentos. Seg\u00fan Camargo, es probable que el primer incremento sea en enero y el segundo en el primer semestre de 2024. A pesar de las expectativas iniciales de un aumento en diciembre de este a\u00f1o, el ministro de Hacienda, [&hellip;]\" \/>\n<meta property=\"og:url\" content=\"https:\/\/pagina10.com\/web\/mintransporte-anuncio-incremento-de-peajes-en-dos-etapas\/\" \/>\n<meta property=\"og:site_name\" content=\"P\u00e1gina10\" \/>\n<meta property=\"article:publisher\" content=\"https:\/\/www.facebook.com\/pag10com\" \/>\n<meta property=\"article:published_time\" content=\"2023-11-23T19:15:20+00:00\" \/>\n<meta property=\"article:modified_time\" content=\"2023-11-23T19:20:43+00:00\" \/>\n<meta property=\"og:image\" content=\"https:\/\/pagina10.com\/web\/wp-content\/uploads\/2023\/11\/05561a36-573b-459f-b5c7-8a67489a2a72.jpeg\" \/>\n\t<meta property=\"og:image:width\" content=\"1200\" \/>\n\t<meta property=\"og:image:height\" content=\"700\" \/>\n\t<meta property=\"og:image:type\" content=\"image\/jpeg\" \/>\n<meta name=\"author\" content=\"P\u00e1gina 10\" \/>\n<meta name=\"twitter:card\" content=\"summary_large_image\" \/>\n<meta name=\"twitter:creator\" content=\"@Pag10com\" \/>\n<meta name=\"twitter:site\" content=\"@Pag10com\" \/>\n<meta name=\"twitter:label1\" content=\"Escrito por\" \/>\n\t<meta name=\"twitter:data1\" content=\"P\u00e1gina 10\" \/>\n\t<meta name=\"twitter:label2\" content=\"Tiempo de lectura\" \/>\n\t<meta name=\"twitter:data2\" content=\"1 minuto\" \/>\n<script type=\"application\/ld+json\" class=\"yoast-schema-graph\">{\"@context\":\"https:\/\/schema.org\",\"@graph\":[{\"@type\":\"Article\",\"@id\":\"https:\/\/pagina10.com\/web\/mintransporte-anuncio-incremento-de-peajes-en-dos-etapas\/#article\",\"isPartOf\":{\"@id\":\"https:\/\/pagina10.com\/web\/mintransporte-anuncio-incremento-de-peajes-en-dos-etapas\/\"},\"author\":{\"name\":\"P\u00e1gina 10\",\"@id\":\"https:\/\/pagina10.com\/web\/#\/schema\/person\/2efc4a090d25b667d3bc796798a3a81b\"},\"headline\":\"MinTransporte anunci\u00f3 incremento de peajes en dos etapas\",\"datePublished\":\"2023-11-23T19:15:20+00:00\",\"dateModified\":\"2023-11-23T19:20:43+00:00\",\"mainEntityOfPage\":{\"@id\":\"https:\/\/pagina10.com\/web\/mintransporte-anuncio-incremento-de-peajes-en-dos-etapas\/\"},\"wordCount\":188,\"commentCount\":0,\"publisher\":{\"@id\":\"https:\/\/pagina10.com\/web\/#organization\"},\"image\":{\"@id\":\"https:\/\/pagina10.com\/web\/mintransporte-anuncio-incremento-de-peajes-en-dos-etapas\/#primaryimage\"},\"thumbnailUrl\":\"https:\/\/pagina10.com\/web\/wp-content\/uploads\/2023\/11\/05561a36-573b-459f-b5c7-8a67489a2a72.jpeg\",\"articleSection\":[\"Nacional\"],\"inLanguage\":\"es\",\"potentialAction\":[{\"@type\":\"CommentAction\",\"name\":\"Comment\",\"target\":[\"https:\/\/pagina10.com\/web\/mintransporte-anuncio-incremento-de-peajes-en-dos-etapas\/#respond\"]}]},{\"@type\":\"WebPage\",\"@id\":\"https:\/\/pagina10.com\/web\/mintransporte-anuncio-incremento-de-peajes-en-dos-etapas\/\",\"url\":\"https:\/\/pagina10.com\/web\/mintransporte-anuncio-incremento-de-peajes-en-dos-etapas\/\",\"name\":\"MinTransporte anunci\u00f3 incremento de peajes en dos etapas | P\u00e1gina10\",\"isPartOf\":{\"@id\":\"https:\/\/pagina10.com\/web\/#website\"},\"primaryImageOfPage\":{\"@id\":\"https:\/\/pagina10.com\/web\/mintransporte-anuncio-incremento-de-peajes-en-dos-etapas\/#primaryimage\"},\"image\":{\"@id\":\"https:\/\/pagina10.com\/web\/mintransporte-anuncio-incremento-de-peajes-en-dos-etapas\/#primaryimage\"},\"thumbnailUrl\":\"https:\/\/pagina10.com\/web\/wp-content\/uploads\/2023\/11\/05561a36-573b-459f-b5c7-8a67489a2a72.jpeg\",\"datePublished\":\"2023-11-23T19:15:20+00:00\",\"dateModified\":\"2023-11-23T19:20:43+00:00\",\"breadcrumb\":{\"@id\":\"https:\/\/pagina10.com\/web\/mintransporte-anuncio-incremento-de-peajes-en-dos-etapas\/#breadcrumb\"},\"inLanguage\":\"es\",\"potentialAction\":[{\"@type\":\"ReadAction\",\"target\":[\"https:\/\/pagina10.com\/web\/mintransporte-anuncio-incremento-de-peajes-en-dos-etapas\/\"]}]},{\"@type\":\"ImageObject\",\"inLanguage\":\"es\",\"@id\":\"https:\/\/pagina10.com\/web\/mintransporte-anuncio-incremento-de-peajes-en-dos-etapas\/#primaryimage\",\"url\":\"https:\/\/pagina10.com\/web\/wp-content\/uploads\/2023\/11\/05561a36-573b-459f-b5c7-8a67489a2a72.jpeg\",\"contentUrl\":\"https:\/\/pagina10.com\/web\/wp-content\/uploads\/2023\/11\/05561a36-573b-459f-b5c7-8a67489a2a72.jpeg\",\"width\":1200,\"height\":700},{\"@type\":\"BreadcrumbList\",\"@id\":\"https:\/\/pagina10.com\/web\/mintransporte-anuncio-incremento-de-peajes-en-dos-etapas\/#breadcrumb\",\"itemListElement\":[{\"@type\":\"ListItem\",\"position\":1,\"name\":\"Portada\",\"item\":\"https:\/\/pagina10.com\/web\/\"},{\"@type\":\"ListItem\",\"position\":2,\"name\":\"MinTransporte anunci\u00f3 incremento de peajes en dos etapas\"}]},{\"@type\":\"WebSite\",\"@id\":\"https:\/\/pagina10.com\/web\/#website\",\"url\":\"https:\/\/pagina10.com\/web\/\",\"name\":\"P\u00e1gina10\",\"description\":\"Peri\u00f3dico Regional\",\"publisher\":{\"@id\":\"https:\/\/pagina10.com\/web\/#organization\"},\"alternateName\":\"P\u00e1gina10 Peri\u00f3dico Regional\",\"potentialAction\":[{\"@type\":\"SearchAction\",\"target\":{\"@type\":\"EntryPoint\",\"urlTemplate\":\"https:\/\/pagina10.com\/web\/?s={search_term_string}\"},\"query-input\":{\"@type\":\"PropertyValueSpecification\",\"valueRequired\":true,\"valueName\":\"search_term_string\"}}],\"inLanguage\":\"es\"},{\"@type\":\"Organization\",\"@id\":\"https:\/\/pagina10.com\/web\/#organization\",\"name\":\"P\u00e1gina10\",\"alternateName\":\"P\u00e1gina10 Peri\u00f3dico Regional\",\"url\":\"https:\/\/pagina10.com\/web\/\",\"logo\":{\"@type\":\"ImageObject\",\"inLanguage\":\"es\",\"@id\":\"https:\/\/pagina10.com\/web\/#\/schema\/logo\/image\/\",\"url\":\"https:\/\/pagina10.com\/web\/wp-content\/uploads\/2024\/01\/40-pagina-10-periodico-regional-pasto.jpg\",\"contentUrl\":\"https:\/\/pagina10.com\/web\/wp-content\/uploads\/2024\/01\/40-pagina-10-periodico-regional-pasto.jpg\",\"width\":1280,\"height\":720,\"caption\":\"P\u00e1gina10\"},\"image\":{\"@id\":\"https:\/\/pagina10.com\/web\/#\/schema\/logo\/image\/\"},\"sameAs\":[\"https:\/\/www.facebook.com\/pag10com\",\"https:\/\/x.com\/Pag10com\",\"https:\/\/www.instagram.com\/pagina10col\/\",\"https:\/\/youtube.com\/channel\/pag10\",\"https:\/\/www.tiktok.com\/@p10col\"]},{\"@type\":\"Person\",\"@id\":\"https:\/\/pagina10.com\/web\/#\/schema\/person\/2efc4a090d25b667d3bc796798a3a81b\",\"name\":\"P\u00e1gina 10\",\"description\":\"P\u00e1gina 10 es un peri\u00f3dico regional que nace en Colombia, en el departamento de Nari\u00f1o, con un enfoque global, fundamentado en cuatro pilares esenciales: la libertad, el pluralismo, la inclusi\u00f3n y la independencia. P\u00e1gina 10 hace referencia a Nari\u00f1o como el d\u00e9cimo departamento creado en Colombia, despu\u00e9s de un proceso pol\u00edtico liderado por actores y actrices regionales con el fin de obtener la independencia y autonom\u00eda de nuestros territorios. Con la creaci\u00f3n de P\u00e1gina 10 se pretende abrir un escenario para el dialogo, la reflexi\u00f3n y el debate que se extienda a otras geograf\u00edas de Am\u00e9rica Latina y del planeta, en una apuesta por transformar colectivamente los desaf\u00edos de un mundo contempor\u00e1neo, m\u00e1s all\u00e1 de las fronteras impuestas.\",\"url\":\"https:\/\/pagina10.com\/web\/author\/pdiezadmin\/\"}]}<\/script>\n<!-- \/ Yoast SEO plugin. -->","yoast_head_json":{"title":"MinTransporte anunci\u00f3 incremento de peajes en dos etapas | P\u00e1gina10","robots":{"index":"index","follow":"follow","max-snippet":"max-snippet:-1","max-image-preview":"max-image-preview:large","max-video-preview":"max-video-preview:-1"},"canonical":"https:\/\/pagina10.com\/web\/mintransporte-anuncio-incremento-de-peajes-en-dos-etapas\/","og_locale":"es_ES","og_type":"article","og_title":"MinTransporte anunci\u00f3 incremento de peajes en dos etapas | P\u00e1gina10","og_description":"En una declaraci\u00f3n reciente, el ministro de Transporte, William Camargo, confirm\u00f3 que los peajes tendr\u00e1n dos aumentos. Seg\u00fan Camargo, es probable que el primer incremento sea en enero y el segundo en el primer semestre de 2024. A pesar de las expectativas iniciales de un aumento en diciembre de este a\u00f1o, el ministro de Hacienda, [&hellip;]","og_url":"https:\/\/pagina10.com\/web\/mintransporte-anuncio-incremento-de-peajes-en-dos-etapas\/","og_site_name":"P\u00e1gina10","article_publisher":"https:\/\/www.facebook.com\/pag10com","article_published_time":"2023-11-23T19:15:20+00:00","article_modified_time":"2023-11-23T19:20:43+00:00","og_image":[{"width":1200,"height":700,"url":"https:\/\/pagina10.com\/web\/wp-content\/uploads\/2023\/11\/05561a36-573b-459f-b5c7-8a67489a2a72.jpeg","type":"image\/jpeg"}],"author":"P\u00e1gina 10","twitter_card":"summary_large_image","twitter_creator":"@Pag10com","twitter_site":"@Pag10com","twitter_misc":{"Escrito por":"P\u00e1gina 10","Tiempo de lectura":"1 minuto"},"schema":{"@context":"https:\/\/schema.org","@graph":[{"@type":"Article","@id":"https:\/\/pagina10.com\/web\/mintransporte-anuncio-incremento-de-peajes-en-dos-etapas\/#article","isPartOf":{"@id":"https:\/\/pagina10.com\/web\/mintransporte-anuncio-incremento-de-peajes-en-dos-etapas\/"},"author":{"name":"P\u00e1gina 10","@id":"https:\/\/pagina10.com\/web\/#\/schema\/person\/2efc4a090d25b667d3bc796798a3a81b"},"headline":"MinTransporte anunci\u00f3 incremento de peajes en dos etapas","datePublished":"2023-11-23T19:15:20+00:00","dateModified":"2023-11-23T19:20:43+00:00","mainEntityOfPage":{"@id":"https:\/\/pagina10.com\/web\/mintransporte-anuncio-incremento-de-peajes-en-dos-etapas\/"},"wordCount":188,"commentCount":0,"publisher":{"@id":"https:\/\/pagina10.com\/web\/#organization"},"image":{"@id":"https:\/\/pagina10.com\/web\/mintransporte-anuncio-incremento-de-peajes-en-dos-etapas\/#primaryimage"},"thumbnailUrl":"https:\/\/pagina10.com\/web\/wp-content\/uploads\/2023\/11\/05561a36-573b-459f-b5c7-8a67489a2a72.jpeg","articleSection":["Nacional"],"inLanguage":"es","potentialAction":[{"@type":"CommentAction","name":"Comment","target":["https:\/\/pagina10.com\/web\/mintransporte-anuncio-incremento-de-peajes-en-dos-etapas\/#respond"]}]},{"@type":"WebPage","@id":"https:\/\/pagina10.com\/web\/mintransporte-anuncio-incremento-de-peajes-en-dos-etapas\/","url":"https:\/\/pagina10.com\/web\/mintransporte-anuncio-incremento-de-peajes-en-dos-etapas\/","name":"MinTransporte anunci\u00f3 incremento de peajes en dos etapas | P\u00e1gina10","isPartOf":{"@id":"https:\/\/pagina10.com\/web\/#website"},"primaryImageOfPage":{"@id":"https:\/\/pagina10.com\/web\/mintransporte-anuncio-incremento-de-peajes-en-dos-etapas\/#primaryimage"},"image":{"@id":"https:\/\/pagina10.com\/web\/mintransporte-anuncio-incremento-de-peajes-en-dos-etapas\/#primaryimage"},"thumbnailUrl":"https:\/\/pagina10.com\/web\/wp-content\/uploads\/2023\/11\/05561a36-573b-459f-b5c7-8a67489a2a72.jpeg","datePublished":"2023-11-23T19:15:20+00:00","dateModified":"2023-11-23T19:20:43+00:00","breadcrumb":{"@id":"https:\/\/pagina10.com\/web\/mintransporte-anuncio-incremento-de-peajes-en-dos-etapas\/#breadcrumb"},"inLanguage":"es","potentialAction":[{"@type":"ReadAction","target":["https:\/\/pagina10.com\/web\/mintransporte-anuncio-incremento-de-peajes-en-dos-etapas\/"]}]},{"@type":"ImageObject","inLanguage":"es","@id":"https:\/\/pagina10.com\/web\/mintransporte-anuncio-incremento-de-peajes-en-dos-etapas\/#primaryimage","url":"https:\/\/pagina10.com\/web\/wp-content\/uploads\/2023\/11\/05561a36-573b-459f-b5c7-8a67489a2a72.jpeg","contentUrl":"https:\/\/pagina10.com\/web\/wp-content\/uploads\/2023\/11\/05561a36-573b-459f-b5c7-8a67489a2a72.jpeg","width":1200,"height":700},{"@type":"BreadcrumbList","@id":"https:\/\/pagina10.com\/web\/mintransporte-anuncio-incremento-de-peajes-en-dos-etapas\/#breadcrumb","itemListElement":[{"@type":"ListItem","position":1,"name":"Portada","item":"https:\/\/pagina10.com\/web\/"},{"@type":"ListItem","position":2,"name":"MinTransporte anunci\u00f3 incremento de peajes en dos etapas"}]},{"@type":"WebSite","@id":"https:\/\/pagina10.com\/web\/#website","url":"https:\/\/pagina10.com\/web\/","name":"P\u00e1gina10","description":"Peri\u00f3dico Regional","publisher":{"@id":"https:\/\/pagina10.com\/web\/#organization"},"alternateName":"P\u00e1gina10 Peri\u00f3dico Regional","potentialAction":[{"@type":"SearchAction","target":{"@type":"EntryPoint","urlTemplate":"https:\/\/pagina10.com\/web\/?s={search_term_string}"},"query-input":{"@type":"PropertyValueSpecification","valueRequired":true,"valueName":"search_term_string"}}],"inLanguage":"es"},{"@type":"Organization","@id":"https:\/\/pagina10.com\/web\/#organization","name":"P\u00e1gina10","alternateName":"P\u00e1gina10 Peri\u00f3dico Regional","url":"https:\/\/pagina10.com\/web\/","logo":{"@type":"ImageObject","inLanguage":"es","@id":"https:\/\/pagina10.com\/web\/#\/schema\/logo\/image\/","url":"https:\/\/pagina10.com\/web\/wp-content\/uploads\/2024\/01\/40-pagina-10-periodico-regional-pasto.jpg","contentUrl":"https:\/\/pagina10.com\/web\/wp-content\/uploads\/2024\/01\/40-pagina-10-periodico-regional-pasto.jpg","width":1280,"height":720,"caption":"P\u00e1gina10"},"image":{"@id":"https:\/\/pagina10.com\/web\/#\/schema\/logo\/image\/"},"sameAs":["https:\/\/www.facebook.com\/pag10com","https:\/\/x.com\/Pag10com","https:\/\/www.instagram.com\/pagina10col\/","https:\/\/youtube.com\/channel\/pag10","https:\/\/www.tiktok.com\/@p10col"]},{"@type":"Person","@id":"https:\/\/pagina10.com\/web\/#\/schema\/person\/2efc4a090d25b667d3bc796798a3a81b","name":"P\u00e1gina 10","description":"P\u00e1gina 10 es un peri\u00f3dico regional que nace en Colombia, en el departamento de Nari\u00f1o, con un enfoque global, fundamentado en cuatro pilares esenciales: la libertad, el pluralismo, la inclusi\u00f3n y la independencia. P\u00e1gina 10 hace referencia a Nari\u00f1o como el d\u00e9cimo departamento creado en Colombia, despu\u00e9s de un proceso pol\u00edtico liderado por actores y actrices regionales con el fin de obtener la independencia y autonom\u00eda de nuestros territorios. Con la creaci\u00f3n de P\u00e1gina 10 se pretende abrir un escenario para el dialogo, la reflexi\u00f3n y el debate que se extienda a otras geograf\u00edas de Am\u00e9rica Latina y del planeta, en una apuesta por transformar colectivamente los desaf\u00edos de un mundo contempor\u00e1neo, m\u00e1s all\u00e1 de las fronteras impuestas.","url":"https:\/\/pagina10.com\/web\/author\/pdiezadmin\/"}]}},"_links":{"self":[{"href":"https:\/\/pagina10.com\/web\/wp-json\/wp\/v2\/posts\/70217","targetHints":{"allow":["GET"]}}],"collection":[{"href":"https:\/\/pagina10.com\/web\/wp-json\/wp\/v2\/posts"}],"about":[{"href":"https:\/\/pagina10.com\/web\/wp-json\/wp\/v2\/types\/post"}],"author":[{"embeddable":true,"href":"https:\/\/pagina10.com\/web\/wp-json\/wp\/v2\/users\/1"}],"replies":[{"embeddable":true,"href":"https:\/\/pagina10.com\/web\/wp-json\/wp\/v2\/comments?post=70217"}],"version-history":[{"count":2,"href":"https:\/\/pagina10.com\/web\/wp-json\/wp\/v2\/posts\/70217\/revisions"}],"predecessor-version":[{"id":70221,"href":"https:\/\/pagina10.com\/web\/wp-json\/wp\/v2\/posts\/70217\/revisions\/70221"}],"wp:featuredmedia":[{"embeddable":true,"href":"https:\/\/pagina10.com\/web\/wp-json\/wp\/v2\/media\/70218"}],"wp:attachment":[{"href":"https:\/\/pagina10.com\/web\/wp-json\/wp\/v2\/media?parent=70217"}],"wp:term":[{"taxonomy":"category","embeddable":true,"href":"https:\/\/pagina10.com\/web\/wp-json\/wp\/v2\/categories?post=70217"},{"taxonomy":"post_tag","embeddable":true,"href":"https:\/\/pagina10.com\/web\/wp-json\/wp\/v2\/tags?post=70217"}],"curies":[{"name":"wp","href":"https:\/\/api.w.org\/{rel}","templated":true}]}}