{"id":70270,"date":"2023-11-26T21:32:37","date_gmt":"2023-11-27T02:32:37","guid":{"rendered":"https:\/\/pagina10.com\/web\/?p=70270"},"modified":"2023-11-26T21:32:37","modified_gmt":"2023-11-27T02:32:37","slug":"petro-dijo-que-insistira-en-la-reforma-a-la-salud-todas-las-veces-que-sea-necesario","status":"publish","type":"post","link":"https:\/\/pagina10.com\/web\/petro-dijo-que-insistira-en-la-reforma-a-la-salud-todas-las-veces-que-sea-necesario\/","title":{"rendered":"Petro dijo que insistir\u00e1 en la reforma a la salud \u201ctodas las veces que sea necesario\u201d"},"content":{"rendered":"<p style=\"text-align: justify;\">Durante una reuni\u00f3n con miembros del partido Centro Democr\u00e1tico en la Casa de Nari\u00f1o, El presidente Gustavo Petro, reafirm\u00f3 el compromiso de su gobierno con la implementaci\u00f3n de la Reforma a la Salud. Enfatiz\u00f3 la importancia del sistema preventivo de centros de atenci\u00f3n primaria y equipos m\u00e9dicos que visitar\u00e1n los hogares del pa\u00eds de manera regular. Petro subray\u00f3 que persistir\u00e1 en la aprobaci\u00f3n de la ley cuantas veces sea necesario.<\/p>\n<p style=\"text-align: justify;\">Durante el encuentro, encabezados por el expresidente \u00c1lvaro Uribe V\u00e9lez, Petro revel\u00f3 que existe desacuerdo en la visi\u00f3n del sistema de salud, adem\u00e1s, se\u00f1al\u00f3 que el partido de Uribe subestima el valor del sistema preventivo. Por su parte, Petro defendi\u00f3 la necesidad de consagrar en la ley el sistema, destacando su papel fundamental en la reducci\u00f3n de la morbilidad y los costos de la salud a largo plazo.<\/p>\n<p style=\"text-align: justify;\">Adicionalmente, uno de los principales desacuerdos radica en el manejo de los fondos de salud, ya que, seg\u00fan Petro, el Centro Democr\u00e1tico quiere que el dinero p\u00fablico de la salud contin\u00fae siendo administrado por aseguradoras privadas o EPS. En contraposici\u00f3n, el presidente aboga por un enfoque que evite que las EPS manejen los recursos p\u00fablicos y seleccionen m\u00e9dicos a nombre de los pacientes. Adem\u00e1s, subray\u00f3 la necesidad de fortalecer directamente a hospitales, cl\u00ednicas y consultorios, evitando la intermediaci\u00f3n de las EPS.<\/p>\n","protected":false},"excerpt":{"rendered":"<p>Durante una reuni\u00f3n con miembros del partido Centro Democr\u00e1tico en la Casa de Nari\u00f1o, El presidente Gustavo Petro, reafirm\u00f3 el compromiso de su gobierno con la implementaci\u00f3n de la Reforma a la Salud. Enfatiz\u00f3 la importancia del sistema preventivo de centros de atenci\u00f3n primaria y equipos m\u00e9dicos que visitar\u00e1n los hogares del pa\u00eds de manera [&hellip;]<\/p>\n","protected":false},"author":1,"featured_media":70271,"comment_status":"open","ping_status":"open","sticky":false,"template":"","format":"standard","meta":{"footnotes":""},"categories":[94],"tags":[],"class_list":["post-70270","post","type-post","status-publish","format-standard","has-post-thumbnail","hentry","category-nacional-global-2"],"yoast_head":"<!-- This site is optimized with the Yoast SEO plugin v27.1.1 - https:\/\/yoast.com\/product\/yoast-seo-wordpress\/ -->\n<title>Petro dijo que insistir\u00e1 en la reforma a la salud \u201ctodas las veces que sea necesario\u201d | P\u00e1gina10<\/title>\n<meta name=\"robots\" content=\"index, follow, max-snippet:-1, max-image-preview:large, max-video-preview:-1\" \/>\n<link rel=\"canonical\" href=\"https:\/\/pagina10.com\/web\/petro-dijo-que-insistira-en-la-reforma-a-la-salud-todas-las-veces-que-sea-necesario\/\" \/>\n<meta property=\"og:locale\" content=\"es_ES\" \/>\n<meta property=\"og:type\" content=\"article\" \/>\n<meta property=\"og:title\" content=\"Petro dijo que insistir\u00e1 en la reforma a la salud \u201ctodas las veces que sea necesario\u201d | P\u00e1gina10\" \/>\n<meta property=\"og:description\" content=\"Durante una reuni\u00f3n con miembros del partido Centro Democr\u00e1tico en la Casa de Nari\u00f1o, El presidente Gustavo Petro, reafirm\u00f3 el compromiso de su gobierno con la implementaci\u00f3n de la Reforma a la Salud. Enfatiz\u00f3 la importancia del sistema preventivo de centros de atenci\u00f3n primaria y equipos m\u00e9dicos que visitar\u00e1n los hogares del pa\u00eds de manera [&hellip;]\" \/>\n<meta property=\"og:url\" content=\"https:\/\/pagina10.com\/web\/petro-dijo-que-insistira-en-la-reforma-a-la-salud-todas-las-veces-que-sea-necesario\/\" \/>\n<meta property=\"og:site_name\" content=\"P\u00e1gina10\" \/>\n<meta property=\"article:publisher\" content=\"https:\/\/www.facebook.com\/pag10com\" \/>\n<meta property=\"article:published_time\" content=\"2023-11-27T02:32:37+00:00\" \/>\n<meta property=\"og:image\" content=\"https:\/\/pagina10.com\/web\/wp-content\/uploads\/2023\/11\/231122-07-Reunion-Petro-Expresidente-Uribe-1280.jpg\" \/>\n\t<meta property=\"og:image:width\" content=\"1280\" \/>\n\t<meta property=\"og:image:height\" content=\"720\" \/>\n\t<meta property=\"og:image:type\" content=\"image\/jpeg\" \/>\n<meta name=\"author\" content=\"P\u00e1gina 10\" \/>\n<meta name=\"twitter:card\" content=\"summary_large_image\" \/>\n<meta name=\"twitter:creator\" content=\"@Pag10com\" \/>\n<meta name=\"twitter:site\" content=\"@Pag10com\" \/>\n<meta name=\"twitter:label1\" content=\"Escrito por\" \/>\n\t<meta name=\"twitter:data1\" content=\"P\u00e1gina 10\" \/>\n\t<meta name=\"twitter:label2\" content=\"Tiempo de lectura\" \/>\n\t<meta name=\"twitter:data2\" content=\"1 minuto\" \/>\n<script type=\"application\/ld+json\" class=\"yoast-schema-graph\">{\"@context\":\"https:\/\/schema.org\",\"@graph\":[{\"@type\":\"Article\",\"@id\":\"https:\/\/pagina10.com\/web\/petro-dijo-que-insistira-en-la-reforma-a-la-salud-todas-las-veces-que-sea-necesario\/#article\",\"isPartOf\":{\"@id\":\"https:\/\/pagina10.com\/web\/petro-dijo-que-insistira-en-la-reforma-a-la-salud-todas-las-veces-que-sea-necesario\/\"},\"author\":{\"name\":\"P\u00e1gina 10\",\"@id\":\"https:\/\/pagina10.com\/web\/#\/schema\/person\/2efc4a090d25b667d3bc796798a3a81b\"},\"headline\":\"Petro dijo que insistir\u00e1 en la reforma a la salud \u201ctodas las veces que sea necesario\u201d\",\"datePublished\":\"2023-11-27T02:32:37+00:00\",\"mainEntityOfPage\":{\"@id\":\"https:\/\/pagina10.com\/web\/petro-dijo-que-insistira-en-la-reforma-a-la-salud-todas-las-veces-que-sea-necesario\/\"},\"wordCount\":259,\"commentCount\":0,\"publisher\":{\"@id\":\"https:\/\/pagina10.com\/web\/#organization\"},\"image\":{\"@id\":\"https:\/\/pagina10.com\/web\/petro-dijo-que-insistira-en-la-reforma-a-la-salud-todas-las-veces-que-sea-necesario\/#primaryimage\"},\"thumbnailUrl\":\"https:\/\/pagina10.com\/web\/wp-content\/uploads\/2023\/11\/231122-07-Reunion-Petro-Expresidente-Uribe-1280.jpg\",\"articleSection\":[\"Nacional\"],\"inLanguage\":\"es\",\"potentialAction\":[{\"@type\":\"CommentAction\",\"name\":\"Comment\",\"target\":[\"https:\/\/pagina10.com\/web\/petro-dijo-que-insistira-en-la-reforma-a-la-salud-todas-las-veces-que-sea-necesario\/#respond\"]}]},{\"@type\":\"WebPage\",\"@id\":\"https:\/\/pagina10.com\/web\/petro-dijo-que-insistira-en-la-reforma-a-la-salud-todas-las-veces-que-sea-necesario\/\",\"url\":\"https:\/\/pagina10.com\/web\/petro-dijo-que-insistira-en-la-reforma-a-la-salud-todas-las-veces-que-sea-necesario\/\",\"name\":\"Petro dijo que insistir\u00e1 en la reforma a la salud \u201ctodas las veces que sea necesario\u201d | P\u00e1gina10\",\"isPartOf\":{\"@id\":\"https:\/\/pagina10.com\/web\/#website\"},\"primaryImageOfPage\":{\"@id\":\"https:\/\/pagina10.com\/web\/petro-dijo-que-insistira-en-la-reforma-a-la-salud-todas-las-veces-que-sea-necesario\/#primaryimage\"},\"image\":{\"@id\":\"https:\/\/pagina10.com\/web\/petro-dijo-que-insistira-en-la-reforma-a-la-salud-todas-las-veces-que-sea-necesario\/#primaryimage\"},\"thumbnailUrl\":\"https:\/\/pagina10.com\/web\/wp-content\/uploads\/2023\/11\/231122-07-Reunion-Petro-Expresidente-Uribe-1280.jpg\",\"datePublished\":\"2023-11-27T02:32:37+00:00\",\"breadcrumb\":{\"@id\":\"https:\/\/pagina10.com\/web\/petro-dijo-que-insistira-en-la-reforma-a-la-salud-todas-las-veces-que-sea-necesario\/#breadcrumb\"},\"inLanguage\":\"es\",\"potentialAction\":[{\"@type\":\"ReadAction\",\"target\":[\"https:\/\/pagina10.com\/web\/petro-dijo-que-insistira-en-la-reforma-a-la-salud-todas-las-veces-que-sea-necesario\/\"]}]},{\"@type\":\"ImageObject\",\"inLanguage\":\"es\",\"@id\":\"https:\/\/pagina10.com\/web\/petro-dijo-que-insistira-en-la-reforma-a-la-salud-todas-las-veces-que-sea-necesario\/#primaryimage\",\"url\":\"https:\/\/pagina10.com\/web\/wp-content\/uploads\/2023\/11\/231122-07-Reunion-Petro-Expresidente-Uribe-1280.jpg\",\"contentUrl\":\"https:\/\/pagina10.com\/web\/wp-content\/uploads\/2023\/11\/231122-07-Reunion-Petro-Expresidente-Uribe-1280.jpg\",\"width\":1280,\"height\":720},{\"@type\":\"BreadcrumbList\",\"@id\":\"https:\/\/pagina10.com\/web\/petro-dijo-que-insistira-en-la-reforma-a-la-salud-todas-las-veces-que-sea-necesario\/#breadcrumb\",\"itemListElement\":[{\"@type\":\"ListItem\",\"position\":1,\"name\":\"Portada\",\"item\":\"https:\/\/pagina10.com\/web\/\"},{\"@type\":\"ListItem\",\"position\":2,\"name\":\"Petro dijo que insistir\u00e1 en la reforma a la salud \u201ctodas las veces que sea necesario\u201d\"}]},{\"@type\":\"WebSite\",\"@id\":\"https:\/\/pagina10.com\/web\/#website\",\"url\":\"https:\/\/pagina10.com\/web\/\",\"name\":\"P\u00e1gina10\",\"description\":\"Peri\u00f3dico Regional\",\"publisher\":{\"@id\":\"https:\/\/pagina10.com\/web\/#organization\"},\"alternateName\":\"P\u00e1gina10 Peri\u00f3dico Regional\",\"potentialAction\":[{\"@type\":\"SearchAction\",\"target\":{\"@type\":\"EntryPoint\",\"urlTemplate\":\"https:\/\/pagina10.com\/web\/?s={search_term_string}\"},\"query-input\":{\"@type\":\"PropertyValueSpecification\",\"valueRequired\":true,\"valueName\":\"search_term_string\"}}],\"inLanguage\":\"es\"},{\"@type\":\"Organization\",\"@id\":\"https:\/\/pagina10.com\/web\/#organization\",\"name\":\"P\u00e1gina10\",\"alternateName\":\"P\u00e1gina10 Peri\u00f3dico Regional\",\"url\":\"https:\/\/pagina10.com\/web\/\",\"logo\":{\"@type\":\"ImageObject\",\"inLanguage\":\"es\",\"@id\":\"https:\/\/pagina10.com\/web\/#\/schema\/logo\/image\/\",\"url\":\"https:\/\/pagina10.com\/web\/wp-content\/uploads\/2024\/01\/40-pagina-10-periodico-regional-pasto.jpg\",\"contentUrl\":\"https:\/\/pagina10.com\/web\/wp-content\/uploads\/2024\/01\/40-pagina-10-periodico-regional-pasto.jpg\",\"width\":1280,\"height\":720,\"caption\":\"P\u00e1gina10\"},\"image\":{\"@id\":\"https:\/\/pagina10.com\/web\/#\/schema\/logo\/image\/\"},\"sameAs\":[\"https:\/\/www.facebook.com\/pag10com\",\"https:\/\/x.com\/Pag10com\",\"https:\/\/www.instagram.com\/pagina10col\/\",\"https:\/\/youtube.com\/channel\/pag10\",\"https:\/\/www.tiktok.com\/@p10col\"]},{\"@type\":\"Person\",\"@id\":\"https:\/\/pagina10.com\/web\/#\/schema\/person\/2efc4a090d25b667d3bc796798a3a81b\",\"name\":\"P\u00e1gina 10\",\"description\":\"P\u00e1gina 10 es un peri\u00f3dico regional que nace en Colombia, en el departamento de Nari\u00f1o, con un enfoque global, fundamentado en cuatro pilares esenciales: la libertad, el pluralismo, la inclusi\u00f3n y la independencia. P\u00e1gina 10 hace referencia a Nari\u00f1o como el d\u00e9cimo departamento creado en Colombia, despu\u00e9s de un proceso pol\u00edtico liderado por actores y actrices regionales con el fin de obtener la independencia y autonom\u00eda de nuestros territorios. Con la creaci\u00f3n de P\u00e1gina 10 se pretende abrir un escenario para el dialogo, la reflexi\u00f3n y el debate que se extienda a otras geograf\u00edas de Am\u00e9rica Latina y del planeta, en una apuesta por transformar colectivamente los desaf\u00edos de un mundo contempor\u00e1neo, m\u00e1s all\u00e1 de las fronteras impuestas.\",\"url\":\"https:\/\/pagina10.com\/web\/author\/pdiezadmin\/\"}]}<\/script>\n<!-- \/ Yoast SEO plugin. -->","yoast_head_json":{"title":"Petro dijo que insistir\u00e1 en la reforma a la salud \u201ctodas las veces que sea necesario\u201d | P\u00e1gina10","robots":{"index":"index","follow":"follow","max-snippet":"max-snippet:-1","max-image-preview":"max-image-preview:large","max-video-preview":"max-video-preview:-1"},"canonical":"https:\/\/pagina10.com\/web\/petro-dijo-que-insistira-en-la-reforma-a-la-salud-todas-las-veces-que-sea-necesario\/","og_locale":"es_ES","og_type":"article","og_title":"Petro dijo que insistir\u00e1 en la reforma a la salud \u201ctodas las veces que sea necesario\u201d | P\u00e1gina10","og_description":"Durante una reuni\u00f3n con miembros del partido Centro Democr\u00e1tico en la Casa de Nari\u00f1o, El presidente Gustavo Petro, reafirm\u00f3 el compromiso de su gobierno con la implementaci\u00f3n de la Reforma a la Salud. Enfatiz\u00f3 la importancia del sistema preventivo de centros de atenci\u00f3n primaria y equipos m\u00e9dicos que visitar\u00e1n los hogares del pa\u00eds de manera [&hellip;]","og_url":"https:\/\/pagina10.com\/web\/petro-dijo-que-insistira-en-la-reforma-a-la-salud-todas-las-veces-que-sea-necesario\/","og_site_name":"P\u00e1gina10","article_publisher":"https:\/\/www.facebook.com\/pag10com","article_published_time":"2023-11-27T02:32:37+00:00","og_image":[{"width":1280,"height":720,"url":"https:\/\/pagina10.com\/web\/wp-content\/uploads\/2023\/11\/231122-07-Reunion-Petro-Expresidente-Uribe-1280.jpg","type":"image\/jpeg"}],"author":"P\u00e1gina 10","twitter_card":"summary_large_image","twitter_creator":"@Pag10com","twitter_site":"@Pag10com","twitter_misc":{"Escrito por":"P\u00e1gina 10","Tiempo de lectura":"1 minuto"},"schema":{"@context":"https:\/\/schema.org","@graph":[{"@type":"Article","@id":"https:\/\/pagina10.com\/web\/petro-dijo-que-insistira-en-la-reforma-a-la-salud-todas-las-veces-que-sea-necesario\/#article","isPartOf":{"@id":"https:\/\/pagina10.com\/web\/petro-dijo-que-insistira-en-la-reforma-a-la-salud-todas-las-veces-que-sea-necesario\/"},"author":{"name":"P\u00e1gina 10","@id":"https:\/\/pagina10.com\/web\/#\/schema\/person\/2efc4a090d25b667d3bc796798a3a81b"},"headline":"Petro dijo que insistir\u00e1 en la reforma a la salud \u201ctodas las veces que sea necesario\u201d","datePublished":"2023-11-27T02:32:37+00:00","mainEntityOfPage":{"@id":"https:\/\/pagina10.com\/web\/petro-dijo-que-insistira-en-la-reforma-a-la-salud-todas-las-veces-que-sea-necesario\/"},"wordCount":259,"commentCount":0,"publisher":{"@id":"https:\/\/pagina10.com\/web\/#organization"},"image":{"@id":"https:\/\/pagina10.com\/web\/petro-dijo-que-insistira-en-la-reforma-a-la-salud-todas-las-veces-que-sea-necesario\/#primaryimage"},"thumbnailUrl":"https:\/\/pagina10.com\/web\/wp-content\/uploads\/2023\/11\/231122-07-Reunion-Petro-Expresidente-Uribe-1280.jpg","articleSection":["Nacional"],"inLanguage":"es","potentialAction":[{"@type":"CommentAction","name":"Comment","target":["https:\/\/pagina10.com\/web\/petro-dijo-que-insistira-en-la-reforma-a-la-salud-todas-las-veces-que-sea-necesario\/#respond"]}]},{"@type":"WebPage","@id":"https:\/\/pagina10.com\/web\/petro-dijo-que-insistira-en-la-reforma-a-la-salud-todas-las-veces-que-sea-necesario\/","url":"https:\/\/pagina10.com\/web\/petro-dijo-que-insistira-en-la-reforma-a-la-salud-todas-las-veces-que-sea-necesario\/","name":"Petro dijo que insistir\u00e1 en la reforma a la salud \u201ctodas las veces que sea necesario\u201d | P\u00e1gina10","isPartOf":{"@id":"https:\/\/pagina10.com\/web\/#website"},"primaryImageOfPage":{"@id":"https:\/\/pagina10.com\/web\/petro-dijo-que-insistira-en-la-reforma-a-la-salud-todas-las-veces-que-sea-necesario\/#primaryimage"},"image":{"@id":"https:\/\/pagina10.com\/web\/petro-dijo-que-insistira-en-la-reforma-a-la-salud-todas-las-veces-que-sea-necesario\/#primaryimage"},"thumbnailUrl":"https:\/\/pagina10.com\/web\/wp-content\/uploads\/2023\/11\/231122-07-Reunion-Petro-Expresidente-Uribe-1280.jpg","datePublished":"2023-11-27T02:32:37+00:00","breadcrumb":{"@id":"https:\/\/pagina10.com\/web\/petro-dijo-que-insistira-en-la-reforma-a-la-salud-todas-las-veces-que-sea-necesario\/#breadcrumb"},"inLanguage":"es","potentialAction":[{"@type":"ReadAction","target":["https:\/\/pagina10.com\/web\/petro-dijo-que-insistira-en-la-reforma-a-la-salud-todas-las-veces-que-sea-necesario\/"]}]},{"@type":"ImageObject","inLanguage":"es","@id":"https:\/\/pagina10.com\/web\/petro-dijo-que-insistira-en-la-reforma-a-la-salud-todas-las-veces-que-sea-necesario\/#primaryimage","url":"https:\/\/pagina10.com\/web\/wp-content\/uploads\/2023\/11\/231122-07-Reunion-Petro-Expresidente-Uribe-1280.jpg","contentUrl":"https:\/\/pagina10.com\/web\/wp-content\/uploads\/2023\/11\/231122-07-Reunion-Petro-Expresidente-Uribe-1280.jpg","width":1280,"height":720},{"@type":"BreadcrumbList","@id":"https:\/\/pagina10.com\/web\/petro-dijo-que-insistira-en-la-reforma-a-la-salud-todas-las-veces-que-sea-necesario\/#breadcrumb","itemListElement":[{"@type":"ListItem","position":1,"name":"Portada","item":"https:\/\/pagina10.com\/web\/"},{"@type":"ListItem","position":2,"name":"Petro dijo que insistir\u00e1 en la reforma a la salud \u201ctodas las veces que sea necesario\u201d"}]},{"@type":"WebSite","@id":"https:\/\/pagina10.com\/web\/#website","url":"https:\/\/pagina10.com\/web\/","name":"P\u00e1gina10","description":"Peri\u00f3dico Regional","publisher":{"@id":"https:\/\/pagina10.com\/web\/#organization"},"alternateName":"P\u00e1gina10 Peri\u00f3dico Regional","potentialAction":[{"@type":"SearchAction","target":{"@type":"EntryPoint","urlTemplate":"https:\/\/pagina10.com\/web\/?s={search_term_string}"},"query-input":{"@type":"PropertyValueSpecification","valueRequired":true,"valueName":"search_term_string"}}],"inLanguage":"es"},{"@type":"Organization","@id":"https:\/\/pagina10.com\/web\/#organization","name":"P\u00e1gina10","alternateName":"P\u00e1gina10 Peri\u00f3dico Regional","url":"https:\/\/pagina10.com\/web\/","logo":{"@type":"ImageObject","inLanguage":"es","@id":"https:\/\/pagina10.com\/web\/#\/schema\/logo\/image\/","url":"https:\/\/pagina10.com\/web\/wp-content\/uploads\/2024\/01\/40-pagina-10-periodico-regional-pasto.jpg","contentUrl":"https:\/\/pagina10.com\/web\/wp-content\/uploads\/2024\/01\/40-pagina-10-periodico-regional-pasto.jpg","width":1280,"height":720,"caption":"P\u00e1gina10"},"image":{"@id":"https:\/\/pagina10.com\/web\/#\/schema\/logo\/image\/"},"sameAs":["https:\/\/www.facebook.com\/pag10com","https:\/\/x.com\/Pag10com","https:\/\/www.instagram.com\/pagina10col\/","https:\/\/youtube.com\/channel\/pag10","https:\/\/www.tiktok.com\/@p10col"]},{"@type":"Person","@id":"https:\/\/pagina10.com\/web\/#\/schema\/person\/2efc4a090d25b667d3bc796798a3a81b","name":"P\u00e1gina 10","description":"P\u00e1gina 10 es un peri\u00f3dico regional que nace en Colombia, en el departamento de Nari\u00f1o, con un enfoque global, fundamentado en cuatro pilares esenciales: la libertad, el pluralismo, la inclusi\u00f3n y la independencia. P\u00e1gina 10 hace referencia a Nari\u00f1o como el d\u00e9cimo departamento creado en Colombia, despu\u00e9s de un proceso pol\u00edtico liderado por actores y actrices regionales con el fin de obtener la independencia y autonom\u00eda de nuestros territorios. Con la creaci\u00f3n de P\u00e1gina 10 se pretende abrir un escenario para el dialogo, la reflexi\u00f3n y el debate que se extienda a otras geograf\u00edas de Am\u00e9rica Latina y del planeta, en una apuesta por transformar colectivamente los desaf\u00edos de un mundo contempor\u00e1neo, m\u00e1s all\u00e1 de las fronteras impuestas.","url":"https:\/\/pagina10.com\/web\/author\/pdiezadmin\/"}]}},"_links":{"self":[{"href":"https:\/\/pagina10.com\/web\/wp-json\/wp\/v2\/posts\/70270","targetHints":{"allow":["GET"]}}],"collection":[{"href":"https:\/\/pagina10.com\/web\/wp-json\/wp\/v2\/posts"}],"about":[{"href":"https:\/\/pagina10.com\/web\/wp-json\/wp\/v2\/types\/post"}],"author":[{"embeddable":true,"href":"https:\/\/pagina10.com\/web\/wp-json\/wp\/v2\/users\/1"}],"replies":[{"embeddable":true,"href":"https:\/\/pagina10.com\/web\/wp-json\/wp\/v2\/comments?post=70270"}],"version-history":[{"count":1,"href":"https:\/\/pagina10.com\/web\/wp-json\/wp\/v2\/posts\/70270\/revisions"}],"predecessor-version":[{"id":70272,"href":"https:\/\/pagina10.com\/web\/wp-json\/wp\/v2\/posts\/70270\/revisions\/70272"}],"wp:featuredmedia":[{"embeddable":true,"href":"https:\/\/pagina10.com\/web\/wp-json\/wp\/v2\/media\/70271"}],"wp:attachment":[{"href":"https:\/\/pagina10.com\/web\/wp-json\/wp\/v2\/media?parent=70270"}],"wp:term":[{"taxonomy":"category","embeddable":true,"href":"https:\/\/pagina10.com\/web\/wp-json\/wp\/v2\/categories?post=70270"},{"taxonomy":"post_tag","embeddable":true,"href":"https:\/\/pagina10.com\/web\/wp-json\/wp\/v2\/tags?post=70270"}],"curies":[{"name":"wp","href":"https:\/\/api.w.org\/{rel}","templated":true}]}}