{"id":70281,"date":"2023-11-27T16:58:35","date_gmt":"2023-11-27T21:58:35","guid":{"rendered":"https:\/\/pagina10.com\/web\/?p=70281"},"modified":"2023-11-27T17:08:18","modified_gmt":"2023-11-27T22:08:18","slug":"paloma-valencia-busca-ser-candidata-presidencial-en-2026","status":"publish","type":"post","link":"https:\/\/pagina10.com\/web\/paloma-valencia-busca-ser-candidata-presidencial-en-2026\/","title":{"rendered":"Paloma Valencia busca ser candidata presidencial en 2026"},"content":{"rendered":"<p style=\"text-align: justify;\">La senadora Paloma Valencia anunci\u00f3 sus aspiraciones a la Presidencia de Colombia en 2026, buscando ser la candidata del Centro Democr\u00e1tico, principal partido de oposici\u00f3n al Gobierno de Gustavo Petro. Valencia expres\u00f3 su deseo de liderar una Colombia productiva, centrada en la seguridad y con un enfoque en generar un futuro prometedor para los j\u00f3venes, emprendedores y peque\u00f1os empresarios.<\/p>\n<p style=\"text-align: justify;\">La congresista caucana destac\u00f3 que su decisi\u00f3n de postularse como precandidata presidencial est\u00e1 respaldada por su trayectoria de trabajo serio, honesto, y la entrega de resultados tangibles para los colombianos.<\/p>\n<p style=\"text-align: justify;\">La senadora se\u00f1al\u00f3 que Uribe est\u00e1 al tanto de sus aspiraciones desde hace tiempo, tambi\u00e9n destac\u00f3 la posibilidad de que su candidatura representar\u00eda al Centro Democr\u00e1tico y otros partidos pol\u00edticos y que una de sus principales contendientes ser\u00e1 la senadora Mar\u00eda Fernanda Cabal, quien ya ha expresado su intenci\u00f3n de postularse.<\/p>\n","protected":false},"excerpt":{"rendered":"<p>La senadora Paloma Valencia anunci\u00f3 sus aspiraciones a la Presidencia de Colombia en 2026, buscando ser la candidata del Centro Democr\u00e1tico, principal partido de oposici\u00f3n al Gobierno de Gustavo Petro. Valencia expres\u00f3 su deseo de liderar una Colombia productiva, centrada en la seguridad y con un enfoque en generar un futuro prometedor para los j\u00f3venes, [&hellip;]<\/p>\n","protected":false},"author":1,"featured_media":70283,"comment_status":"open","ping_status":"open","sticky":false,"template":"","format":"standard","meta":{"footnotes":""},"categories":[94],"tags":[],"class_list":["post-70281","post","type-post","status-publish","format-standard","has-post-thumbnail","hentry","category-nacional-global-2"],"yoast_head":"<!-- This site is optimized with the Yoast SEO plugin v27.1.1 - https:\/\/yoast.com\/product\/yoast-seo-wordpress\/ -->\n<title>Paloma Valencia busca ser candidata presidencial en 2026 | P\u00e1gina10<\/title>\n<meta name=\"robots\" content=\"index, follow, max-snippet:-1, max-image-preview:large, max-video-preview:-1\" \/>\n<link rel=\"canonical\" href=\"https:\/\/pagina10.com\/web\/paloma-valencia-busca-ser-candidata-presidencial-en-2026\/\" \/>\n<meta property=\"og:locale\" content=\"es_ES\" \/>\n<meta property=\"og:type\" content=\"article\" \/>\n<meta property=\"og:title\" content=\"Paloma Valencia busca ser candidata presidencial en 2026 | P\u00e1gina10\" \/>\n<meta property=\"og:description\" content=\"La senadora Paloma Valencia anunci\u00f3 sus aspiraciones a la Presidencia de Colombia en 2026, buscando ser la candidata del Centro Democr\u00e1tico, principal partido de oposici\u00f3n al Gobierno de Gustavo Petro. Valencia expres\u00f3 su deseo de liderar una Colombia productiva, centrada en la seguridad y con un enfoque en generar un futuro prometedor para los j\u00f3venes, [&hellip;]\" \/>\n<meta property=\"og:url\" content=\"https:\/\/pagina10.com\/web\/paloma-valencia-busca-ser-candidata-presidencial-en-2026\/\" \/>\n<meta property=\"og:site_name\" content=\"P\u00e1gina10\" \/>\n<meta property=\"article:publisher\" content=\"https:\/\/www.facebook.com\/pag10com\" \/>\n<meta property=\"article:published_time\" content=\"2023-11-27T21:58:35+00:00\" \/>\n<meta property=\"article:modified_time\" content=\"2023-11-27T22:08:18+00:00\" \/>\n<meta property=\"og:image\" content=\"https:\/\/pagina10.com\/web\/wp-content\/uploads\/2023\/11\/62f3a38d00628.jpeg\" \/>\n\t<meta property=\"og:image:width\" content=\"640\" \/>\n\t<meta property=\"og:image:height\" content=\"360\" \/>\n\t<meta property=\"og:image:type\" content=\"image\/jpeg\" \/>\n<meta name=\"author\" content=\"P\u00e1gina 10\" \/>\n<meta name=\"twitter:card\" content=\"summary_large_image\" \/>\n<meta name=\"twitter:creator\" content=\"@Pag10com\" \/>\n<meta name=\"twitter:site\" content=\"@Pag10com\" \/>\n<meta name=\"twitter:label1\" content=\"Escrito por\" \/>\n\t<meta name=\"twitter:data1\" content=\"P\u00e1gina 10\" \/>\n\t<meta name=\"twitter:label2\" content=\"Tiempo de lectura\" \/>\n\t<meta name=\"twitter:data2\" content=\"1 minuto\" \/>\n<script type=\"application\/ld+json\" class=\"yoast-schema-graph\">{\"@context\":\"https:\/\/schema.org\",\"@graph\":[{\"@type\":\"Article\",\"@id\":\"https:\/\/pagina10.com\/web\/paloma-valencia-busca-ser-candidata-presidencial-en-2026\/#article\",\"isPartOf\":{\"@id\":\"https:\/\/pagina10.com\/web\/paloma-valencia-busca-ser-candidata-presidencial-en-2026\/\"},\"author\":{\"name\":\"P\u00e1gina 10\",\"@id\":\"https:\/\/pagina10.com\/web\/#\/schema\/person\/2efc4a090d25b667d3bc796798a3a81b\"},\"headline\":\"Paloma Valencia busca ser candidata presidencial en 2026\",\"datePublished\":\"2023-11-27T21:58:35+00:00\",\"dateModified\":\"2023-11-27T22:08:18+00:00\",\"mainEntityOfPage\":{\"@id\":\"https:\/\/pagina10.com\/web\/paloma-valencia-busca-ser-candidata-presidencial-en-2026\/\"},\"wordCount\":158,\"commentCount\":0,\"publisher\":{\"@id\":\"https:\/\/pagina10.com\/web\/#organization\"},\"image\":{\"@id\":\"https:\/\/pagina10.com\/web\/paloma-valencia-busca-ser-candidata-presidencial-en-2026\/#primaryimage\"},\"thumbnailUrl\":\"https:\/\/pagina10.com\/web\/wp-content\/uploads\/2023\/11\/62f3a38d00628.jpeg\",\"articleSection\":[\"Nacional\"],\"inLanguage\":\"es\",\"potentialAction\":[{\"@type\":\"CommentAction\",\"name\":\"Comment\",\"target\":[\"https:\/\/pagina10.com\/web\/paloma-valencia-busca-ser-candidata-presidencial-en-2026\/#respond\"]}]},{\"@type\":\"WebPage\",\"@id\":\"https:\/\/pagina10.com\/web\/paloma-valencia-busca-ser-candidata-presidencial-en-2026\/\",\"url\":\"https:\/\/pagina10.com\/web\/paloma-valencia-busca-ser-candidata-presidencial-en-2026\/\",\"name\":\"Paloma Valencia busca ser candidata presidencial en 2026 | P\u00e1gina10\",\"isPartOf\":{\"@id\":\"https:\/\/pagina10.com\/web\/#website\"},\"primaryImageOfPage\":{\"@id\":\"https:\/\/pagina10.com\/web\/paloma-valencia-busca-ser-candidata-presidencial-en-2026\/#primaryimage\"},\"image\":{\"@id\":\"https:\/\/pagina10.com\/web\/paloma-valencia-busca-ser-candidata-presidencial-en-2026\/#primaryimage\"},\"thumbnailUrl\":\"https:\/\/pagina10.com\/web\/wp-content\/uploads\/2023\/11\/62f3a38d00628.jpeg\",\"datePublished\":\"2023-11-27T21:58:35+00:00\",\"dateModified\":\"2023-11-27T22:08:18+00:00\",\"breadcrumb\":{\"@id\":\"https:\/\/pagina10.com\/web\/paloma-valencia-busca-ser-candidata-presidencial-en-2026\/#breadcrumb\"},\"inLanguage\":\"es\",\"potentialAction\":[{\"@type\":\"ReadAction\",\"target\":[\"https:\/\/pagina10.com\/web\/paloma-valencia-busca-ser-candidata-presidencial-en-2026\/\"]}]},{\"@type\":\"ImageObject\",\"inLanguage\":\"es\",\"@id\":\"https:\/\/pagina10.com\/web\/paloma-valencia-busca-ser-candidata-presidencial-en-2026\/#primaryimage\",\"url\":\"https:\/\/pagina10.com\/web\/wp-content\/uploads\/2023\/11\/62f3a38d00628.jpeg\",\"contentUrl\":\"https:\/\/pagina10.com\/web\/wp-content\/uploads\/2023\/11\/62f3a38d00628.jpeg\",\"width\":640,\"height\":360},{\"@type\":\"BreadcrumbList\",\"@id\":\"https:\/\/pagina10.com\/web\/paloma-valencia-busca-ser-candidata-presidencial-en-2026\/#breadcrumb\",\"itemListElement\":[{\"@type\":\"ListItem\",\"position\":1,\"name\":\"Portada\",\"item\":\"https:\/\/pagina10.com\/web\/\"},{\"@type\":\"ListItem\",\"position\":2,\"name\":\"Paloma Valencia busca ser candidata presidencial en 2026\"}]},{\"@type\":\"WebSite\",\"@id\":\"https:\/\/pagina10.com\/web\/#website\",\"url\":\"https:\/\/pagina10.com\/web\/\",\"name\":\"P\u00e1gina10\",\"description\":\"Peri\u00f3dico Regional\",\"publisher\":{\"@id\":\"https:\/\/pagina10.com\/web\/#organization\"},\"alternateName\":\"P\u00e1gina10 Peri\u00f3dico Regional\",\"potentialAction\":[{\"@type\":\"SearchAction\",\"target\":{\"@type\":\"EntryPoint\",\"urlTemplate\":\"https:\/\/pagina10.com\/web\/?s={search_term_string}\"},\"query-input\":{\"@type\":\"PropertyValueSpecification\",\"valueRequired\":true,\"valueName\":\"search_term_string\"}}],\"inLanguage\":\"es\"},{\"@type\":\"Organization\",\"@id\":\"https:\/\/pagina10.com\/web\/#organization\",\"name\":\"P\u00e1gina10\",\"alternateName\":\"P\u00e1gina10 Peri\u00f3dico Regional\",\"url\":\"https:\/\/pagina10.com\/web\/\",\"logo\":{\"@type\":\"ImageObject\",\"inLanguage\":\"es\",\"@id\":\"https:\/\/pagina10.com\/web\/#\/schema\/logo\/image\/\",\"url\":\"https:\/\/pagina10.com\/web\/wp-content\/uploads\/2024\/01\/40-pagina-10-periodico-regional-pasto.jpg\",\"contentUrl\":\"https:\/\/pagina10.com\/web\/wp-content\/uploads\/2024\/01\/40-pagina-10-periodico-regional-pasto.jpg\",\"width\":1280,\"height\":720,\"caption\":\"P\u00e1gina10\"},\"image\":{\"@id\":\"https:\/\/pagina10.com\/web\/#\/schema\/logo\/image\/\"},\"sameAs\":[\"https:\/\/www.facebook.com\/pag10com\",\"https:\/\/x.com\/Pag10com\",\"https:\/\/www.instagram.com\/pagina10col\/\",\"https:\/\/youtube.com\/channel\/pag10\",\"https:\/\/www.tiktok.com\/@p10col\"]},{\"@type\":\"Person\",\"@id\":\"https:\/\/pagina10.com\/web\/#\/schema\/person\/2efc4a090d25b667d3bc796798a3a81b\",\"name\":\"P\u00e1gina 10\",\"description\":\"P\u00e1gina 10 es un peri\u00f3dico regional que nace en Colombia, en el departamento de Nari\u00f1o, con un enfoque global, fundamentado en cuatro pilares esenciales: la libertad, el pluralismo, la inclusi\u00f3n y la independencia. P\u00e1gina 10 hace referencia a Nari\u00f1o como el d\u00e9cimo departamento creado en Colombia, despu\u00e9s de un proceso pol\u00edtico liderado por actores y actrices regionales con el fin de obtener la independencia y autonom\u00eda de nuestros territorios. Con la creaci\u00f3n de P\u00e1gina 10 se pretende abrir un escenario para el dialogo, la reflexi\u00f3n y el debate que se extienda a otras geograf\u00edas de Am\u00e9rica Latina y del planeta, en una apuesta por transformar colectivamente los desaf\u00edos de un mundo contempor\u00e1neo, m\u00e1s all\u00e1 de las fronteras impuestas.\",\"url\":\"https:\/\/pagina10.com\/web\/author\/pdiezadmin\/\"}]}<\/script>\n<!-- \/ Yoast SEO plugin. -->","yoast_head_json":{"title":"Paloma Valencia busca ser candidata presidencial en 2026 | P\u00e1gina10","robots":{"index":"index","follow":"follow","max-snippet":"max-snippet:-1","max-image-preview":"max-image-preview:large","max-video-preview":"max-video-preview:-1"},"canonical":"https:\/\/pagina10.com\/web\/paloma-valencia-busca-ser-candidata-presidencial-en-2026\/","og_locale":"es_ES","og_type":"article","og_title":"Paloma Valencia busca ser candidata presidencial en 2026 | P\u00e1gina10","og_description":"La senadora Paloma Valencia anunci\u00f3 sus aspiraciones a la Presidencia de Colombia en 2026, buscando ser la candidata del Centro Democr\u00e1tico, principal partido de oposici\u00f3n al Gobierno de Gustavo Petro. Valencia expres\u00f3 su deseo de liderar una Colombia productiva, centrada en la seguridad y con un enfoque en generar un futuro prometedor para los j\u00f3venes, [&hellip;]","og_url":"https:\/\/pagina10.com\/web\/paloma-valencia-busca-ser-candidata-presidencial-en-2026\/","og_site_name":"P\u00e1gina10","article_publisher":"https:\/\/www.facebook.com\/pag10com","article_published_time":"2023-11-27T21:58:35+00:00","article_modified_time":"2023-11-27T22:08:18+00:00","og_image":[{"width":640,"height":360,"url":"https:\/\/pagina10.com\/web\/wp-content\/uploads\/2023\/11\/62f3a38d00628.jpeg","type":"image\/jpeg"}],"author":"P\u00e1gina 10","twitter_card":"summary_large_image","twitter_creator":"@Pag10com","twitter_site":"@Pag10com","twitter_misc":{"Escrito por":"P\u00e1gina 10","Tiempo de lectura":"1 minuto"},"schema":{"@context":"https:\/\/schema.org","@graph":[{"@type":"Article","@id":"https:\/\/pagina10.com\/web\/paloma-valencia-busca-ser-candidata-presidencial-en-2026\/#article","isPartOf":{"@id":"https:\/\/pagina10.com\/web\/paloma-valencia-busca-ser-candidata-presidencial-en-2026\/"},"author":{"name":"P\u00e1gina 10","@id":"https:\/\/pagina10.com\/web\/#\/schema\/person\/2efc4a090d25b667d3bc796798a3a81b"},"headline":"Paloma Valencia busca ser candidata presidencial en 2026","datePublished":"2023-11-27T21:58:35+00:00","dateModified":"2023-11-27T22:08:18+00:00","mainEntityOfPage":{"@id":"https:\/\/pagina10.com\/web\/paloma-valencia-busca-ser-candidata-presidencial-en-2026\/"},"wordCount":158,"commentCount":0,"publisher":{"@id":"https:\/\/pagina10.com\/web\/#organization"},"image":{"@id":"https:\/\/pagina10.com\/web\/paloma-valencia-busca-ser-candidata-presidencial-en-2026\/#primaryimage"},"thumbnailUrl":"https:\/\/pagina10.com\/web\/wp-content\/uploads\/2023\/11\/62f3a38d00628.jpeg","articleSection":["Nacional"],"inLanguage":"es","potentialAction":[{"@type":"CommentAction","name":"Comment","target":["https:\/\/pagina10.com\/web\/paloma-valencia-busca-ser-candidata-presidencial-en-2026\/#respond"]}]},{"@type":"WebPage","@id":"https:\/\/pagina10.com\/web\/paloma-valencia-busca-ser-candidata-presidencial-en-2026\/","url":"https:\/\/pagina10.com\/web\/paloma-valencia-busca-ser-candidata-presidencial-en-2026\/","name":"Paloma Valencia busca ser candidata presidencial en 2026 | P\u00e1gina10","isPartOf":{"@id":"https:\/\/pagina10.com\/web\/#website"},"primaryImageOfPage":{"@id":"https:\/\/pagina10.com\/web\/paloma-valencia-busca-ser-candidata-presidencial-en-2026\/#primaryimage"},"image":{"@id":"https:\/\/pagina10.com\/web\/paloma-valencia-busca-ser-candidata-presidencial-en-2026\/#primaryimage"},"thumbnailUrl":"https:\/\/pagina10.com\/web\/wp-content\/uploads\/2023\/11\/62f3a38d00628.jpeg","datePublished":"2023-11-27T21:58:35+00:00","dateModified":"2023-11-27T22:08:18+00:00","breadcrumb":{"@id":"https:\/\/pagina10.com\/web\/paloma-valencia-busca-ser-candidata-presidencial-en-2026\/#breadcrumb"},"inLanguage":"es","potentialAction":[{"@type":"ReadAction","target":["https:\/\/pagina10.com\/web\/paloma-valencia-busca-ser-candidata-presidencial-en-2026\/"]}]},{"@type":"ImageObject","inLanguage":"es","@id":"https:\/\/pagina10.com\/web\/paloma-valencia-busca-ser-candidata-presidencial-en-2026\/#primaryimage","url":"https:\/\/pagina10.com\/web\/wp-content\/uploads\/2023\/11\/62f3a38d00628.jpeg","contentUrl":"https:\/\/pagina10.com\/web\/wp-content\/uploads\/2023\/11\/62f3a38d00628.jpeg","width":640,"height":360},{"@type":"BreadcrumbList","@id":"https:\/\/pagina10.com\/web\/paloma-valencia-busca-ser-candidata-presidencial-en-2026\/#breadcrumb","itemListElement":[{"@type":"ListItem","position":1,"name":"Portada","item":"https:\/\/pagina10.com\/web\/"},{"@type":"ListItem","position":2,"name":"Paloma Valencia busca ser candidata presidencial en 2026"}]},{"@type":"WebSite","@id":"https:\/\/pagina10.com\/web\/#website","url":"https:\/\/pagina10.com\/web\/","name":"P\u00e1gina10","description":"Peri\u00f3dico Regional","publisher":{"@id":"https:\/\/pagina10.com\/web\/#organization"},"alternateName":"P\u00e1gina10 Peri\u00f3dico Regional","potentialAction":[{"@type":"SearchAction","target":{"@type":"EntryPoint","urlTemplate":"https:\/\/pagina10.com\/web\/?s={search_term_string}"},"query-input":{"@type":"PropertyValueSpecification","valueRequired":true,"valueName":"search_term_string"}}],"inLanguage":"es"},{"@type":"Organization","@id":"https:\/\/pagina10.com\/web\/#organization","name":"P\u00e1gina10","alternateName":"P\u00e1gina10 Peri\u00f3dico Regional","url":"https:\/\/pagina10.com\/web\/","logo":{"@type":"ImageObject","inLanguage":"es","@id":"https:\/\/pagina10.com\/web\/#\/schema\/logo\/image\/","url":"https:\/\/pagina10.com\/web\/wp-content\/uploads\/2024\/01\/40-pagina-10-periodico-regional-pasto.jpg","contentUrl":"https:\/\/pagina10.com\/web\/wp-content\/uploads\/2024\/01\/40-pagina-10-periodico-regional-pasto.jpg","width":1280,"height":720,"caption":"P\u00e1gina10"},"image":{"@id":"https:\/\/pagina10.com\/web\/#\/schema\/logo\/image\/"},"sameAs":["https:\/\/www.facebook.com\/pag10com","https:\/\/x.com\/Pag10com","https:\/\/www.instagram.com\/pagina10col\/","https:\/\/youtube.com\/channel\/pag10","https:\/\/www.tiktok.com\/@p10col"]},{"@type":"Person","@id":"https:\/\/pagina10.com\/web\/#\/schema\/person\/2efc4a090d25b667d3bc796798a3a81b","name":"P\u00e1gina 10","description":"P\u00e1gina 10 es un peri\u00f3dico regional que nace en Colombia, en el departamento de Nari\u00f1o, con un enfoque global, fundamentado en cuatro pilares esenciales: la libertad, el pluralismo, la inclusi\u00f3n y la independencia. P\u00e1gina 10 hace referencia a Nari\u00f1o como el d\u00e9cimo departamento creado en Colombia, despu\u00e9s de un proceso pol\u00edtico liderado por actores y actrices regionales con el fin de obtener la independencia y autonom\u00eda de nuestros territorios. Con la creaci\u00f3n de P\u00e1gina 10 se pretende abrir un escenario para el dialogo, la reflexi\u00f3n y el debate que se extienda a otras geograf\u00edas de Am\u00e9rica Latina y del planeta, en una apuesta por transformar colectivamente los desaf\u00edos de un mundo contempor\u00e1neo, m\u00e1s all\u00e1 de las fronteras impuestas.","url":"https:\/\/pagina10.com\/web\/author\/pdiezadmin\/"}]}},"_links":{"self":[{"href":"https:\/\/pagina10.com\/web\/wp-json\/wp\/v2\/posts\/70281","targetHints":{"allow":["GET"]}}],"collection":[{"href":"https:\/\/pagina10.com\/web\/wp-json\/wp\/v2\/posts"}],"about":[{"href":"https:\/\/pagina10.com\/web\/wp-json\/wp\/v2\/types\/post"}],"author":[{"embeddable":true,"href":"https:\/\/pagina10.com\/web\/wp-json\/wp\/v2\/users\/1"}],"replies":[{"embeddable":true,"href":"https:\/\/pagina10.com\/web\/wp-json\/wp\/v2\/comments?post=70281"}],"version-history":[{"count":1,"href":"https:\/\/pagina10.com\/web\/wp-json\/wp\/v2\/posts\/70281\/revisions"}],"predecessor-version":[{"id":70282,"href":"https:\/\/pagina10.com\/web\/wp-json\/wp\/v2\/posts\/70281\/revisions\/70282"}],"wp:featuredmedia":[{"embeddable":true,"href":"https:\/\/pagina10.com\/web\/wp-json\/wp\/v2\/media\/70283"}],"wp:attachment":[{"href":"https:\/\/pagina10.com\/web\/wp-json\/wp\/v2\/media?parent=70281"}],"wp:term":[{"taxonomy":"category","embeddable":true,"href":"https:\/\/pagina10.com\/web\/wp-json\/wp\/v2\/categories?post=70281"},{"taxonomy":"post_tag","embeddable":true,"href":"https:\/\/pagina10.com\/web\/wp-json\/wp\/v2\/tags?post=70281"}],"curies":[{"name":"wp","href":"https:\/\/api.w.org\/{rel}","templated":true}]}}