{"id":70333,"date":"2023-11-30T00:15:16","date_gmt":"2023-11-30T05:15:16","guid":{"rendered":"https:\/\/pagina10.com\/web\/?p=70333"},"modified":"2023-11-30T00:17:15","modified_gmt":"2023-11-30T05:17:15","slug":"alfredo-saade-tiene-contrato-millonario-con-el-gobierno","status":"publish","type":"post","link":"https:\/\/pagina10.com\/web\/alfredo-saade-tiene-contrato-millonario-con-el-gobierno\/","title":{"rendered":"Alfredo Saade tiene contrato millonario con el Gobierno"},"content":{"rendered":"<p>El concejal de Bogot\u00e1, Daniel Brice\u00f1o, dio a conocer un contrato entre el pastor Alfredo Saade y la Unidad Nacional para la Gesti\u00f3n del Riesgo de Desastre (UNGRD), por el cual recibe, por un a\u00f1o, m\u00e1s de 21 millones de pesos mensuales.<\/p>\n<p>Brice\u00f1o expuso el contrato que detalla el pago mensual de Saade, acus\u00e1ndolo de utilizar fondos destinados a la gesti\u00f3n del riesgo para actividades pol\u00e9micas, como atacar a periodistas, abogar por el cierre del Congreso y difundir noticias falsas en favor del gobierno. El contrato en cuesti\u00f3n asciende a $257.040.000.<\/p>\n<p style=\"text-align: justify;\">\u201c$21.420.000 al mes le pagamos al se\u00f1or Alfredo Saade con la plata del Fondo Nacional de Gesti\u00f3n del Riesgo de Desastres para que ataque periodistas, diga que hay que cerrar el Congreso y comparta noticias falsas en favor del gobierno\u201d, <a href=\"https:\/\/twitter.com\/Danielbricen\/status\/1729847004262445484\">dijo Brice\u00f1o a trav\u00e9s de sus redes sociales.<\/a><\/p>\n<p style=\"text-align: justify;\">En respuesta, Saade neg\u00f3 trabajar para la UNGRD y argument\u00f3 que fue designado para dirigir el Instituto de la Gesti\u00f3n del Agua en La Guajira, entidad creada por Gustavo Petro.<\/p>\n","protected":false},"excerpt":{"rendered":"<p>El concejal de Bogot\u00e1, Daniel Brice\u00f1o, dio a conocer un contrato entre el pastor Alfredo Saade y la Unidad Nacional para la Gesti\u00f3n del Riesgo de Desastre (UNGRD), por el cual recibe, por un a\u00f1o, m\u00e1s de 21 millones de pesos mensuales. Brice\u00f1o expuso el contrato que detalla el pago mensual de Saade, acus\u00e1ndolo de [&hellip;]<\/p>\n","protected":false},"author":1,"featured_media":70334,"comment_status":"open","ping_status":"open","sticky":false,"template":"","format":"standard","meta":{"footnotes":""},"categories":[94],"tags":[],"class_list":["post-70333","post","type-post","status-publish","format-standard","has-post-thumbnail","hentry","category-nacional-global-2"],"yoast_head":"<!-- This site is optimized with the Yoast SEO plugin v27.1.1 - https:\/\/yoast.com\/product\/yoast-seo-wordpress\/ -->\n<title>Alfredo Saade tiene contrato millonario con el Gobierno | P\u00e1gina10<\/title>\n<meta name=\"robots\" content=\"index, follow, max-snippet:-1, max-image-preview:large, max-video-preview:-1\" \/>\n<link rel=\"canonical\" href=\"https:\/\/pagina10.com\/web\/alfredo-saade-tiene-contrato-millonario-con-el-gobierno\/\" \/>\n<meta property=\"og:locale\" content=\"es_ES\" \/>\n<meta property=\"og:type\" content=\"article\" \/>\n<meta property=\"og:title\" content=\"Alfredo Saade tiene contrato millonario con el Gobierno | P\u00e1gina10\" \/>\n<meta property=\"og:description\" content=\"El concejal de Bogot\u00e1, Daniel Brice\u00f1o, dio a conocer un contrato entre el pastor Alfredo Saade y la Unidad Nacional para la Gesti\u00f3n del Riesgo de Desastre (UNGRD), por el cual recibe, por un a\u00f1o, m\u00e1s de 21 millones de pesos mensuales. Brice\u00f1o expuso el contrato que detalla el pago mensual de Saade, acus\u00e1ndolo de [&hellip;]\" \/>\n<meta property=\"og:url\" content=\"https:\/\/pagina10.com\/web\/alfredo-saade-tiene-contrato-millonario-con-el-gobierno\/\" \/>\n<meta property=\"og:site_name\" content=\"P\u00e1gina10\" \/>\n<meta property=\"article:publisher\" content=\"https:\/\/www.facebook.com\/pag10com\" \/>\n<meta property=\"article:published_time\" content=\"2023-11-30T05:15:16+00:00\" \/>\n<meta property=\"article:modified_time\" content=\"2023-11-30T05:17:15+00:00\" \/>\n<meta property=\"og:image\" content=\"https:\/\/pagina10.com\/web\/wp-content\/uploads\/2023\/11\/6140c1e9a13dd.jpeg\" \/>\n\t<meta property=\"og:image:width\" content=\"1200\" \/>\n\t<meta property=\"og:image:height\" content=\"720\" \/>\n\t<meta property=\"og:image:type\" content=\"image\/jpeg\" \/>\n<meta name=\"author\" content=\"P\u00e1gina 10\" \/>\n<meta name=\"twitter:card\" content=\"summary_large_image\" \/>\n<meta name=\"twitter:creator\" content=\"@Pag10com\" \/>\n<meta name=\"twitter:site\" content=\"@Pag10com\" \/>\n<meta name=\"twitter:label1\" content=\"Escrito por\" \/>\n\t<meta name=\"twitter:data1\" content=\"P\u00e1gina 10\" \/>\n\t<meta name=\"twitter:label2\" content=\"Tiempo de lectura\" \/>\n\t<meta name=\"twitter:data2\" content=\"1 minuto\" \/>\n<script type=\"application\/ld+json\" class=\"yoast-schema-graph\">{\"@context\":\"https:\/\/schema.org\",\"@graph\":[{\"@type\":\"Article\",\"@id\":\"https:\/\/pagina10.com\/web\/alfredo-saade-tiene-contrato-millonario-con-el-gobierno\/#article\",\"isPartOf\":{\"@id\":\"https:\/\/pagina10.com\/web\/alfredo-saade-tiene-contrato-millonario-con-el-gobierno\/\"},\"author\":{\"name\":\"P\u00e1gina 10\",\"@id\":\"https:\/\/pagina10.com\/web\/#\/schema\/person\/2efc4a090d25b667d3bc796798a3a81b\"},\"headline\":\"Alfredo Saade tiene contrato millonario con el Gobierno\",\"datePublished\":\"2023-11-30T05:15:16+00:00\",\"dateModified\":\"2023-11-30T05:17:15+00:00\",\"mainEntityOfPage\":{\"@id\":\"https:\/\/pagina10.com\/web\/alfredo-saade-tiene-contrato-millonario-con-el-gobierno\/\"},\"wordCount\":188,\"commentCount\":0,\"publisher\":{\"@id\":\"https:\/\/pagina10.com\/web\/#organization\"},\"image\":{\"@id\":\"https:\/\/pagina10.com\/web\/alfredo-saade-tiene-contrato-millonario-con-el-gobierno\/#primaryimage\"},\"thumbnailUrl\":\"https:\/\/pagina10.com\/web\/wp-content\/uploads\/2023\/11\/6140c1e9a13dd.jpeg\",\"articleSection\":[\"Nacional\"],\"inLanguage\":\"es\",\"potentialAction\":[{\"@type\":\"CommentAction\",\"name\":\"Comment\",\"target\":[\"https:\/\/pagina10.com\/web\/alfredo-saade-tiene-contrato-millonario-con-el-gobierno\/#respond\"]}]},{\"@type\":\"WebPage\",\"@id\":\"https:\/\/pagina10.com\/web\/alfredo-saade-tiene-contrato-millonario-con-el-gobierno\/\",\"url\":\"https:\/\/pagina10.com\/web\/alfredo-saade-tiene-contrato-millonario-con-el-gobierno\/\",\"name\":\"Alfredo Saade tiene contrato millonario con el Gobierno | P\u00e1gina10\",\"isPartOf\":{\"@id\":\"https:\/\/pagina10.com\/web\/#website\"},\"primaryImageOfPage\":{\"@id\":\"https:\/\/pagina10.com\/web\/alfredo-saade-tiene-contrato-millonario-con-el-gobierno\/#primaryimage\"},\"image\":{\"@id\":\"https:\/\/pagina10.com\/web\/alfredo-saade-tiene-contrato-millonario-con-el-gobierno\/#primaryimage\"},\"thumbnailUrl\":\"https:\/\/pagina10.com\/web\/wp-content\/uploads\/2023\/11\/6140c1e9a13dd.jpeg\",\"datePublished\":\"2023-11-30T05:15:16+00:00\",\"dateModified\":\"2023-11-30T05:17:15+00:00\",\"breadcrumb\":{\"@id\":\"https:\/\/pagina10.com\/web\/alfredo-saade-tiene-contrato-millonario-con-el-gobierno\/#breadcrumb\"},\"inLanguage\":\"es\",\"potentialAction\":[{\"@type\":\"ReadAction\",\"target\":[\"https:\/\/pagina10.com\/web\/alfredo-saade-tiene-contrato-millonario-con-el-gobierno\/\"]}]},{\"@type\":\"ImageObject\",\"inLanguage\":\"es\",\"@id\":\"https:\/\/pagina10.com\/web\/alfredo-saade-tiene-contrato-millonario-con-el-gobierno\/#primaryimage\",\"url\":\"https:\/\/pagina10.com\/web\/wp-content\/uploads\/2023\/11\/6140c1e9a13dd.jpeg\",\"contentUrl\":\"https:\/\/pagina10.com\/web\/wp-content\/uploads\/2023\/11\/6140c1e9a13dd.jpeg\",\"width\":1200,\"height\":720},{\"@type\":\"BreadcrumbList\",\"@id\":\"https:\/\/pagina10.com\/web\/alfredo-saade-tiene-contrato-millonario-con-el-gobierno\/#breadcrumb\",\"itemListElement\":[{\"@type\":\"ListItem\",\"position\":1,\"name\":\"Portada\",\"item\":\"https:\/\/pagina10.com\/web\/\"},{\"@type\":\"ListItem\",\"position\":2,\"name\":\"Alfredo Saade tiene contrato millonario con el Gobierno\"}]},{\"@type\":\"WebSite\",\"@id\":\"https:\/\/pagina10.com\/web\/#website\",\"url\":\"https:\/\/pagina10.com\/web\/\",\"name\":\"P\u00e1gina10\",\"description\":\"Peri\u00f3dico Regional\",\"publisher\":{\"@id\":\"https:\/\/pagina10.com\/web\/#organization\"},\"alternateName\":\"P\u00e1gina10 Peri\u00f3dico Regional\",\"potentialAction\":[{\"@type\":\"SearchAction\",\"target\":{\"@type\":\"EntryPoint\",\"urlTemplate\":\"https:\/\/pagina10.com\/web\/?s={search_term_string}\"},\"query-input\":{\"@type\":\"PropertyValueSpecification\",\"valueRequired\":true,\"valueName\":\"search_term_string\"}}],\"inLanguage\":\"es\"},{\"@type\":\"Organization\",\"@id\":\"https:\/\/pagina10.com\/web\/#organization\",\"name\":\"P\u00e1gina10\",\"alternateName\":\"P\u00e1gina10 Peri\u00f3dico Regional\",\"url\":\"https:\/\/pagina10.com\/web\/\",\"logo\":{\"@type\":\"ImageObject\",\"inLanguage\":\"es\",\"@id\":\"https:\/\/pagina10.com\/web\/#\/schema\/logo\/image\/\",\"url\":\"https:\/\/pagina10.com\/web\/wp-content\/uploads\/2024\/01\/40-pagina-10-periodico-regional-pasto.jpg\",\"contentUrl\":\"https:\/\/pagina10.com\/web\/wp-content\/uploads\/2024\/01\/40-pagina-10-periodico-regional-pasto.jpg\",\"width\":1280,\"height\":720,\"caption\":\"P\u00e1gina10\"},\"image\":{\"@id\":\"https:\/\/pagina10.com\/web\/#\/schema\/logo\/image\/\"},\"sameAs\":[\"https:\/\/www.facebook.com\/pag10com\",\"https:\/\/x.com\/Pag10com\",\"https:\/\/www.instagram.com\/pagina10col\/\",\"https:\/\/youtube.com\/channel\/pag10\",\"https:\/\/www.tiktok.com\/@p10col\"]},{\"@type\":\"Person\",\"@id\":\"https:\/\/pagina10.com\/web\/#\/schema\/person\/2efc4a090d25b667d3bc796798a3a81b\",\"name\":\"P\u00e1gina 10\",\"description\":\"P\u00e1gina 10 es un peri\u00f3dico regional que nace en Colombia, en el departamento de Nari\u00f1o, con un enfoque global, fundamentado en cuatro pilares esenciales: la libertad, el pluralismo, la inclusi\u00f3n y la independencia. P\u00e1gina 10 hace referencia a Nari\u00f1o como el d\u00e9cimo departamento creado en Colombia, despu\u00e9s de un proceso pol\u00edtico liderado por actores y actrices regionales con el fin de obtener la independencia y autonom\u00eda de nuestros territorios. Con la creaci\u00f3n de P\u00e1gina 10 se pretende abrir un escenario para el dialogo, la reflexi\u00f3n y el debate que se extienda a otras geograf\u00edas de Am\u00e9rica Latina y del planeta, en una apuesta por transformar colectivamente los desaf\u00edos de un mundo contempor\u00e1neo, m\u00e1s all\u00e1 de las fronteras impuestas.\",\"url\":\"https:\/\/pagina10.com\/web\/author\/pdiezadmin\/\"}]}<\/script>\n<!-- \/ Yoast SEO plugin. -->","yoast_head_json":{"title":"Alfredo Saade tiene contrato millonario con el Gobierno | P\u00e1gina10","robots":{"index":"index","follow":"follow","max-snippet":"max-snippet:-1","max-image-preview":"max-image-preview:large","max-video-preview":"max-video-preview:-1"},"canonical":"https:\/\/pagina10.com\/web\/alfredo-saade-tiene-contrato-millonario-con-el-gobierno\/","og_locale":"es_ES","og_type":"article","og_title":"Alfredo Saade tiene contrato millonario con el Gobierno | P\u00e1gina10","og_description":"El concejal de Bogot\u00e1, Daniel Brice\u00f1o, dio a conocer un contrato entre el pastor Alfredo Saade y la Unidad Nacional para la Gesti\u00f3n del Riesgo de Desastre (UNGRD), por el cual recibe, por un a\u00f1o, m\u00e1s de 21 millones de pesos mensuales. Brice\u00f1o expuso el contrato que detalla el pago mensual de Saade, acus\u00e1ndolo de [&hellip;]","og_url":"https:\/\/pagina10.com\/web\/alfredo-saade-tiene-contrato-millonario-con-el-gobierno\/","og_site_name":"P\u00e1gina10","article_publisher":"https:\/\/www.facebook.com\/pag10com","article_published_time":"2023-11-30T05:15:16+00:00","article_modified_time":"2023-11-30T05:17:15+00:00","og_image":[{"width":1200,"height":720,"url":"https:\/\/pagina10.com\/web\/wp-content\/uploads\/2023\/11\/6140c1e9a13dd.jpeg","type":"image\/jpeg"}],"author":"P\u00e1gina 10","twitter_card":"summary_large_image","twitter_creator":"@Pag10com","twitter_site":"@Pag10com","twitter_misc":{"Escrito por":"P\u00e1gina 10","Tiempo de lectura":"1 minuto"},"schema":{"@context":"https:\/\/schema.org","@graph":[{"@type":"Article","@id":"https:\/\/pagina10.com\/web\/alfredo-saade-tiene-contrato-millonario-con-el-gobierno\/#article","isPartOf":{"@id":"https:\/\/pagina10.com\/web\/alfredo-saade-tiene-contrato-millonario-con-el-gobierno\/"},"author":{"name":"P\u00e1gina 10","@id":"https:\/\/pagina10.com\/web\/#\/schema\/person\/2efc4a090d25b667d3bc796798a3a81b"},"headline":"Alfredo Saade tiene contrato millonario con el Gobierno","datePublished":"2023-11-30T05:15:16+00:00","dateModified":"2023-11-30T05:17:15+00:00","mainEntityOfPage":{"@id":"https:\/\/pagina10.com\/web\/alfredo-saade-tiene-contrato-millonario-con-el-gobierno\/"},"wordCount":188,"commentCount":0,"publisher":{"@id":"https:\/\/pagina10.com\/web\/#organization"},"image":{"@id":"https:\/\/pagina10.com\/web\/alfredo-saade-tiene-contrato-millonario-con-el-gobierno\/#primaryimage"},"thumbnailUrl":"https:\/\/pagina10.com\/web\/wp-content\/uploads\/2023\/11\/6140c1e9a13dd.jpeg","articleSection":["Nacional"],"inLanguage":"es","potentialAction":[{"@type":"CommentAction","name":"Comment","target":["https:\/\/pagina10.com\/web\/alfredo-saade-tiene-contrato-millonario-con-el-gobierno\/#respond"]}]},{"@type":"WebPage","@id":"https:\/\/pagina10.com\/web\/alfredo-saade-tiene-contrato-millonario-con-el-gobierno\/","url":"https:\/\/pagina10.com\/web\/alfredo-saade-tiene-contrato-millonario-con-el-gobierno\/","name":"Alfredo Saade tiene contrato millonario con el Gobierno | P\u00e1gina10","isPartOf":{"@id":"https:\/\/pagina10.com\/web\/#website"},"primaryImageOfPage":{"@id":"https:\/\/pagina10.com\/web\/alfredo-saade-tiene-contrato-millonario-con-el-gobierno\/#primaryimage"},"image":{"@id":"https:\/\/pagina10.com\/web\/alfredo-saade-tiene-contrato-millonario-con-el-gobierno\/#primaryimage"},"thumbnailUrl":"https:\/\/pagina10.com\/web\/wp-content\/uploads\/2023\/11\/6140c1e9a13dd.jpeg","datePublished":"2023-11-30T05:15:16+00:00","dateModified":"2023-11-30T05:17:15+00:00","breadcrumb":{"@id":"https:\/\/pagina10.com\/web\/alfredo-saade-tiene-contrato-millonario-con-el-gobierno\/#breadcrumb"},"inLanguage":"es","potentialAction":[{"@type":"ReadAction","target":["https:\/\/pagina10.com\/web\/alfredo-saade-tiene-contrato-millonario-con-el-gobierno\/"]}]},{"@type":"ImageObject","inLanguage":"es","@id":"https:\/\/pagina10.com\/web\/alfredo-saade-tiene-contrato-millonario-con-el-gobierno\/#primaryimage","url":"https:\/\/pagina10.com\/web\/wp-content\/uploads\/2023\/11\/6140c1e9a13dd.jpeg","contentUrl":"https:\/\/pagina10.com\/web\/wp-content\/uploads\/2023\/11\/6140c1e9a13dd.jpeg","width":1200,"height":720},{"@type":"BreadcrumbList","@id":"https:\/\/pagina10.com\/web\/alfredo-saade-tiene-contrato-millonario-con-el-gobierno\/#breadcrumb","itemListElement":[{"@type":"ListItem","position":1,"name":"Portada","item":"https:\/\/pagina10.com\/web\/"},{"@type":"ListItem","position":2,"name":"Alfredo Saade tiene contrato millonario con el Gobierno"}]},{"@type":"WebSite","@id":"https:\/\/pagina10.com\/web\/#website","url":"https:\/\/pagina10.com\/web\/","name":"P\u00e1gina10","description":"Peri\u00f3dico Regional","publisher":{"@id":"https:\/\/pagina10.com\/web\/#organization"},"alternateName":"P\u00e1gina10 Peri\u00f3dico Regional","potentialAction":[{"@type":"SearchAction","target":{"@type":"EntryPoint","urlTemplate":"https:\/\/pagina10.com\/web\/?s={search_term_string}"},"query-input":{"@type":"PropertyValueSpecification","valueRequired":true,"valueName":"search_term_string"}}],"inLanguage":"es"},{"@type":"Organization","@id":"https:\/\/pagina10.com\/web\/#organization","name":"P\u00e1gina10","alternateName":"P\u00e1gina10 Peri\u00f3dico Regional","url":"https:\/\/pagina10.com\/web\/","logo":{"@type":"ImageObject","inLanguage":"es","@id":"https:\/\/pagina10.com\/web\/#\/schema\/logo\/image\/","url":"https:\/\/pagina10.com\/web\/wp-content\/uploads\/2024\/01\/40-pagina-10-periodico-regional-pasto.jpg","contentUrl":"https:\/\/pagina10.com\/web\/wp-content\/uploads\/2024\/01\/40-pagina-10-periodico-regional-pasto.jpg","width":1280,"height":720,"caption":"P\u00e1gina10"},"image":{"@id":"https:\/\/pagina10.com\/web\/#\/schema\/logo\/image\/"},"sameAs":["https:\/\/www.facebook.com\/pag10com","https:\/\/x.com\/Pag10com","https:\/\/www.instagram.com\/pagina10col\/","https:\/\/youtube.com\/channel\/pag10","https:\/\/www.tiktok.com\/@p10col"]},{"@type":"Person","@id":"https:\/\/pagina10.com\/web\/#\/schema\/person\/2efc4a090d25b667d3bc796798a3a81b","name":"P\u00e1gina 10","description":"P\u00e1gina 10 es un peri\u00f3dico regional que nace en Colombia, en el departamento de Nari\u00f1o, con un enfoque global, fundamentado en cuatro pilares esenciales: la libertad, el pluralismo, la inclusi\u00f3n y la independencia. P\u00e1gina 10 hace referencia a Nari\u00f1o como el d\u00e9cimo departamento creado en Colombia, despu\u00e9s de un proceso pol\u00edtico liderado por actores y actrices regionales con el fin de obtener la independencia y autonom\u00eda de nuestros territorios. Con la creaci\u00f3n de P\u00e1gina 10 se pretende abrir un escenario para el dialogo, la reflexi\u00f3n y el debate que se extienda a otras geograf\u00edas de Am\u00e9rica Latina y del planeta, en una apuesta por transformar colectivamente los desaf\u00edos de un mundo contempor\u00e1neo, m\u00e1s all\u00e1 de las fronteras impuestas.","url":"https:\/\/pagina10.com\/web\/author\/pdiezadmin\/"}]}},"_links":{"self":[{"href":"https:\/\/pagina10.com\/web\/wp-json\/wp\/v2\/posts\/70333","targetHints":{"allow":["GET"]}}],"collection":[{"href":"https:\/\/pagina10.com\/web\/wp-json\/wp\/v2\/posts"}],"about":[{"href":"https:\/\/pagina10.com\/web\/wp-json\/wp\/v2\/types\/post"}],"author":[{"embeddable":true,"href":"https:\/\/pagina10.com\/web\/wp-json\/wp\/v2\/users\/1"}],"replies":[{"embeddable":true,"href":"https:\/\/pagina10.com\/web\/wp-json\/wp\/v2\/comments?post=70333"}],"version-history":[{"count":5,"href":"https:\/\/pagina10.com\/web\/wp-json\/wp\/v2\/posts\/70333\/revisions"}],"predecessor-version":[{"id":70341,"href":"https:\/\/pagina10.com\/web\/wp-json\/wp\/v2\/posts\/70333\/revisions\/70341"}],"wp:featuredmedia":[{"embeddable":true,"href":"https:\/\/pagina10.com\/web\/wp-json\/wp\/v2\/media\/70334"}],"wp:attachment":[{"href":"https:\/\/pagina10.com\/web\/wp-json\/wp\/v2\/media?parent=70333"}],"wp:term":[{"taxonomy":"category","embeddable":true,"href":"https:\/\/pagina10.com\/web\/wp-json\/wp\/v2\/categories?post=70333"},{"taxonomy":"post_tag","embeddable":true,"href":"https:\/\/pagina10.com\/web\/wp-json\/wp\/v2\/tags?post=70333"}],"curies":[{"name":"wp","href":"https:\/\/api.w.org\/{rel}","templated":true}]}}