{"id":70354,"date":"2023-12-01T07:19:39","date_gmt":"2023-12-01T12:19:39","guid":{"rendered":"https:\/\/pagina10.com\/web\/?p=70354"},"modified":"2023-12-01T07:19:39","modified_gmt":"2023-12-01T12:19:39","slug":"inversion-millonaria-en-cuatro-camionetas-para-la-ministra-de-agricultura-y-su-familia","status":"publish","type":"post","link":"https:\/\/pagina10.com\/web\/inversion-millonaria-en-cuatro-camionetas-para-la-ministra-de-agricultura-y-su-familia\/","title":{"rendered":"Inversi\u00f3n millonaria en cuatro camionetas para la ministra de agricultura y su familia"},"content":{"rendered":"<p style=\"text-align: justify;\">El Ministerio de Agricultura anunci\u00f3 la futura compra de cuatro camionetas de blindaje III para uso exclusivo de la ministra Jhenifer Mojica y su familia. Los veh\u00edculos tienen como prop\u00f3sito proteger contra ataques con armas cortas, rifles, fusiles, ametralladoras y petardos, y su blindaje, adem\u00e1s, es uno de los m\u00e1s robustos del mercado, por tanto, m\u00e1s costoso.<\/p>\n<p style=\"text-align: justify;\">La compra tiene un presupuesto de $1.200 millones de pesos, de los cuales $505 ser\u00e1n para dos camionetas 4&#215;4 sin blindaje, y lo restante para dos camionetas con blindaje nivel III. Adicionalmente, dado que no existe un Acuerdo Marco de Precios en la Tienda Virtual para camionetas blindadas, el Ministerio de Agricultura decidi\u00f3 hacerlo por el sistema de subasta inversa para que personas naturales y jur\u00eddicas participen. La adjudicaci\u00f3n del contrato est\u00e1 programada para el 26 de diciembre.<\/p>\n<p style=\"text-align: justify;\">Martha Luc\u00eda Santana, subdirectora administrativa del Ministerio de Agricultura, argument\u00f3 la compra en el mal estado de los actuales veh\u00edculos que utiliza ella y su familia, que tendr\u00edan entre ocho y diez a\u00f1os de antig\u00fcedad, por esta raz\u00f3n entre las exigencias est\u00e1 que las nuevas camionetas deben ser, como m\u00ednimo modelo 2023 y cero kil\u00f3metros.<\/p>\n","protected":false},"excerpt":{"rendered":"<p>El Ministerio de Agricultura anunci\u00f3 la futura compra de cuatro camionetas de blindaje III para uso exclusivo de la ministra Jhenifer Mojica y su familia. Los veh\u00edculos tienen como prop\u00f3sito proteger contra ataques con armas cortas, rifles, fusiles, ametralladoras y petardos, y su blindaje, adem\u00e1s, es uno de los m\u00e1s robustos del mercado, por tanto, [&hellip;]<\/p>\n","protected":false},"author":1,"featured_media":70355,"comment_status":"open","ping_status":"open","sticky":false,"template":"","format":"standard","meta":{"footnotes":""},"categories":[94],"tags":[],"class_list":["post-70354","post","type-post","status-publish","format-standard","has-post-thumbnail","hentry","category-nacional-global-2"],"yoast_head":"<!-- This site is optimized with the Yoast SEO plugin v27.1.1 - https:\/\/yoast.com\/product\/yoast-seo-wordpress\/ -->\n<title>Inversi\u00f3n millonaria en cuatro camionetas para la ministra de agricultura y su familia | P\u00e1gina10<\/title>\n<meta name=\"robots\" content=\"index, follow, max-snippet:-1, max-image-preview:large, max-video-preview:-1\" \/>\n<link rel=\"canonical\" href=\"https:\/\/pagina10.com\/web\/inversion-millonaria-en-cuatro-camionetas-para-la-ministra-de-agricultura-y-su-familia\/\" \/>\n<meta property=\"og:locale\" content=\"es_ES\" \/>\n<meta property=\"og:type\" content=\"article\" \/>\n<meta property=\"og:title\" content=\"Inversi\u00f3n millonaria en cuatro camionetas para la ministra de agricultura y su familia | P\u00e1gina10\" \/>\n<meta property=\"og:description\" content=\"El Ministerio de Agricultura anunci\u00f3 la futura compra de cuatro camionetas de blindaje III para uso exclusivo de la ministra Jhenifer Mojica y su familia. Los veh\u00edculos tienen como prop\u00f3sito proteger contra ataques con armas cortas, rifles, fusiles, ametralladoras y petardos, y su blindaje, adem\u00e1s, es uno de los m\u00e1s robustos del mercado, por tanto, [&hellip;]\" \/>\n<meta property=\"og:url\" content=\"https:\/\/pagina10.com\/web\/inversion-millonaria-en-cuatro-camionetas-para-la-ministra-de-agricultura-y-su-familia\/\" \/>\n<meta property=\"og:site_name\" content=\"P\u00e1gina10\" \/>\n<meta property=\"article:publisher\" content=\"https:\/\/www.facebook.com\/pag10com\" \/>\n<meta property=\"article:published_time\" content=\"2023-12-01T12:19:39+00:00\" \/>\n<meta property=\"og:image\" content=\"https:\/\/pagina10.com\/web\/wp-content\/uploads\/2023\/12\/camioneta_ministra_jhennifer.jpeg.webp\" \/>\n\t<meta property=\"og:image:width\" content=\"600\" \/>\n\t<meta property=\"og:image:height\" content=\"337\" \/>\n\t<meta property=\"og:image:type\" content=\"image\/webp\" \/>\n<meta name=\"author\" content=\"P\u00e1gina 10\" \/>\n<meta name=\"twitter:card\" content=\"summary_large_image\" \/>\n<meta name=\"twitter:creator\" content=\"@Pag10com\" \/>\n<meta name=\"twitter:site\" content=\"@Pag10com\" \/>\n<meta name=\"twitter:label1\" content=\"Escrito por\" \/>\n\t<meta name=\"twitter:data1\" content=\"P\u00e1gina 10\" \/>\n\t<meta name=\"twitter:label2\" content=\"Tiempo de lectura\" \/>\n\t<meta name=\"twitter:data2\" content=\"1 minuto\" \/>\n<script type=\"application\/ld+json\" class=\"yoast-schema-graph\">{\"@context\":\"https:\/\/schema.org\",\"@graph\":[{\"@type\":\"Article\",\"@id\":\"https:\/\/pagina10.com\/web\/inversion-millonaria-en-cuatro-camionetas-para-la-ministra-de-agricultura-y-su-familia\/#article\",\"isPartOf\":{\"@id\":\"https:\/\/pagina10.com\/web\/inversion-millonaria-en-cuatro-camionetas-para-la-ministra-de-agricultura-y-su-familia\/\"},\"author\":{\"name\":\"P\u00e1gina 10\",\"@id\":\"https:\/\/pagina10.com\/web\/#\/schema\/person\/2efc4a090d25b667d3bc796798a3a81b\"},\"headline\":\"Inversi\u00f3n millonaria en cuatro camionetas para la ministra de agricultura y su familia\",\"datePublished\":\"2023-12-01T12:19:39+00:00\",\"mainEntityOfPage\":{\"@id\":\"https:\/\/pagina10.com\/web\/inversion-millonaria-en-cuatro-camionetas-para-la-ministra-de-agricultura-y-su-familia\/\"},\"wordCount\":216,\"commentCount\":0,\"publisher\":{\"@id\":\"https:\/\/pagina10.com\/web\/#organization\"},\"image\":{\"@id\":\"https:\/\/pagina10.com\/web\/inversion-millonaria-en-cuatro-camionetas-para-la-ministra-de-agricultura-y-su-familia\/#primaryimage\"},\"thumbnailUrl\":\"https:\/\/pagina10.com\/web\/wp-content\/uploads\/2023\/12\/camioneta_ministra_jhennifer.jpeg.webp\",\"articleSection\":[\"Nacional\"],\"inLanguage\":\"es\",\"potentialAction\":[{\"@type\":\"CommentAction\",\"name\":\"Comment\",\"target\":[\"https:\/\/pagina10.com\/web\/inversion-millonaria-en-cuatro-camionetas-para-la-ministra-de-agricultura-y-su-familia\/#respond\"]}]},{\"@type\":\"WebPage\",\"@id\":\"https:\/\/pagina10.com\/web\/inversion-millonaria-en-cuatro-camionetas-para-la-ministra-de-agricultura-y-su-familia\/\",\"url\":\"https:\/\/pagina10.com\/web\/inversion-millonaria-en-cuatro-camionetas-para-la-ministra-de-agricultura-y-su-familia\/\",\"name\":\"Inversi\u00f3n millonaria en cuatro camionetas para la ministra de agricultura y su familia | P\u00e1gina10\",\"isPartOf\":{\"@id\":\"https:\/\/pagina10.com\/web\/#website\"},\"primaryImageOfPage\":{\"@id\":\"https:\/\/pagina10.com\/web\/inversion-millonaria-en-cuatro-camionetas-para-la-ministra-de-agricultura-y-su-familia\/#primaryimage\"},\"image\":{\"@id\":\"https:\/\/pagina10.com\/web\/inversion-millonaria-en-cuatro-camionetas-para-la-ministra-de-agricultura-y-su-familia\/#primaryimage\"},\"thumbnailUrl\":\"https:\/\/pagina10.com\/web\/wp-content\/uploads\/2023\/12\/camioneta_ministra_jhennifer.jpeg.webp\",\"datePublished\":\"2023-12-01T12:19:39+00:00\",\"breadcrumb\":{\"@id\":\"https:\/\/pagina10.com\/web\/inversion-millonaria-en-cuatro-camionetas-para-la-ministra-de-agricultura-y-su-familia\/#breadcrumb\"},\"inLanguage\":\"es\",\"potentialAction\":[{\"@type\":\"ReadAction\",\"target\":[\"https:\/\/pagina10.com\/web\/inversion-millonaria-en-cuatro-camionetas-para-la-ministra-de-agricultura-y-su-familia\/\"]}]},{\"@type\":\"ImageObject\",\"inLanguage\":\"es\",\"@id\":\"https:\/\/pagina10.com\/web\/inversion-millonaria-en-cuatro-camionetas-para-la-ministra-de-agricultura-y-su-familia\/#primaryimage\",\"url\":\"https:\/\/pagina10.com\/web\/wp-content\/uploads\/2023\/12\/camioneta_ministra_jhennifer.jpeg.webp\",\"contentUrl\":\"https:\/\/pagina10.com\/web\/wp-content\/uploads\/2023\/12\/camioneta_ministra_jhennifer.jpeg.webp\",\"width\":600,\"height\":337},{\"@type\":\"BreadcrumbList\",\"@id\":\"https:\/\/pagina10.com\/web\/inversion-millonaria-en-cuatro-camionetas-para-la-ministra-de-agricultura-y-su-familia\/#breadcrumb\",\"itemListElement\":[{\"@type\":\"ListItem\",\"position\":1,\"name\":\"Portada\",\"item\":\"https:\/\/pagina10.com\/web\/\"},{\"@type\":\"ListItem\",\"position\":2,\"name\":\"Inversi\u00f3n millonaria en cuatro camionetas para la ministra de agricultura y su familia\"}]},{\"@type\":\"WebSite\",\"@id\":\"https:\/\/pagina10.com\/web\/#website\",\"url\":\"https:\/\/pagina10.com\/web\/\",\"name\":\"P\u00e1gina10\",\"description\":\"Peri\u00f3dico Regional\",\"publisher\":{\"@id\":\"https:\/\/pagina10.com\/web\/#organization\"},\"alternateName\":\"P\u00e1gina10 Peri\u00f3dico Regional\",\"potentialAction\":[{\"@type\":\"SearchAction\",\"target\":{\"@type\":\"EntryPoint\",\"urlTemplate\":\"https:\/\/pagina10.com\/web\/?s={search_term_string}\"},\"query-input\":{\"@type\":\"PropertyValueSpecification\",\"valueRequired\":true,\"valueName\":\"search_term_string\"}}],\"inLanguage\":\"es\"},{\"@type\":\"Organization\",\"@id\":\"https:\/\/pagina10.com\/web\/#organization\",\"name\":\"P\u00e1gina10\",\"alternateName\":\"P\u00e1gina10 Peri\u00f3dico Regional\",\"url\":\"https:\/\/pagina10.com\/web\/\",\"logo\":{\"@type\":\"ImageObject\",\"inLanguage\":\"es\",\"@id\":\"https:\/\/pagina10.com\/web\/#\/schema\/logo\/image\/\",\"url\":\"https:\/\/pagina10.com\/web\/wp-content\/uploads\/2024\/01\/40-pagina-10-periodico-regional-pasto.jpg\",\"contentUrl\":\"https:\/\/pagina10.com\/web\/wp-content\/uploads\/2024\/01\/40-pagina-10-periodico-regional-pasto.jpg\",\"width\":1280,\"height\":720,\"caption\":\"P\u00e1gina10\"},\"image\":{\"@id\":\"https:\/\/pagina10.com\/web\/#\/schema\/logo\/image\/\"},\"sameAs\":[\"https:\/\/www.facebook.com\/pag10com\",\"https:\/\/x.com\/Pag10com\",\"https:\/\/www.instagram.com\/pagina10col\/\",\"https:\/\/youtube.com\/channel\/pag10\",\"https:\/\/www.tiktok.com\/@p10col\"]},{\"@type\":\"Person\",\"@id\":\"https:\/\/pagina10.com\/web\/#\/schema\/person\/2efc4a090d25b667d3bc796798a3a81b\",\"name\":\"P\u00e1gina 10\",\"description\":\"P\u00e1gina 10 es un peri\u00f3dico regional que nace en Colombia, en el departamento de Nari\u00f1o, con un enfoque global, fundamentado en cuatro pilares esenciales: la libertad, el pluralismo, la inclusi\u00f3n y la independencia. P\u00e1gina 10 hace referencia a Nari\u00f1o como el d\u00e9cimo departamento creado en Colombia, despu\u00e9s de un proceso pol\u00edtico liderado por actores y actrices regionales con el fin de obtener la independencia y autonom\u00eda de nuestros territorios. Con la creaci\u00f3n de P\u00e1gina 10 se pretende abrir un escenario para el dialogo, la reflexi\u00f3n y el debate que se extienda a otras geograf\u00edas de Am\u00e9rica Latina y del planeta, en una apuesta por transformar colectivamente los desaf\u00edos de un mundo contempor\u00e1neo, m\u00e1s all\u00e1 de las fronteras impuestas.\",\"url\":\"https:\/\/pagina10.com\/web\/author\/pdiezadmin\/\"}]}<\/script>\n<!-- \/ Yoast SEO plugin. -->","yoast_head_json":{"title":"Inversi\u00f3n millonaria en cuatro camionetas para la ministra de agricultura y su familia | P\u00e1gina10","robots":{"index":"index","follow":"follow","max-snippet":"max-snippet:-1","max-image-preview":"max-image-preview:large","max-video-preview":"max-video-preview:-1"},"canonical":"https:\/\/pagina10.com\/web\/inversion-millonaria-en-cuatro-camionetas-para-la-ministra-de-agricultura-y-su-familia\/","og_locale":"es_ES","og_type":"article","og_title":"Inversi\u00f3n millonaria en cuatro camionetas para la ministra de agricultura y su familia | P\u00e1gina10","og_description":"El Ministerio de Agricultura anunci\u00f3 la futura compra de cuatro camionetas de blindaje III para uso exclusivo de la ministra Jhenifer Mojica y su familia. Los veh\u00edculos tienen como prop\u00f3sito proteger contra ataques con armas cortas, rifles, fusiles, ametralladoras y petardos, y su blindaje, adem\u00e1s, es uno de los m\u00e1s robustos del mercado, por tanto, [&hellip;]","og_url":"https:\/\/pagina10.com\/web\/inversion-millonaria-en-cuatro-camionetas-para-la-ministra-de-agricultura-y-su-familia\/","og_site_name":"P\u00e1gina10","article_publisher":"https:\/\/www.facebook.com\/pag10com","article_published_time":"2023-12-01T12:19:39+00:00","og_image":[{"width":600,"height":337,"url":"https:\/\/pagina10.com\/web\/wp-content\/uploads\/2023\/12\/camioneta_ministra_jhennifer.jpeg.webp","type":"image\/webp"}],"author":"P\u00e1gina 10","twitter_card":"summary_large_image","twitter_creator":"@Pag10com","twitter_site":"@Pag10com","twitter_misc":{"Escrito por":"P\u00e1gina 10","Tiempo de lectura":"1 minuto"},"schema":{"@context":"https:\/\/schema.org","@graph":[{"@type":"Article","@id":"https:\/\/pagina10.com\/web\/inversion-millonaria-en-cuatro-camionetas-para-la-ministra-de-agricultura-y-su-familia\/#article","isPartOf":{"@id":"https:\/\/pagina10.com\/web\/inversion-millonaria-en-cuatro-camionetas-para-la-ministra-de-agricultura-y-su-familia\/"},"author":{"name":"P\u00e1gina 10","@id":"https:\/\/pagina10.com\/web\/#\/schema\/person\/2efc4a090d25b667d3bc796798a3a81b"},"headline":"Inversi\u00f3n millonaria en cuatro camionetas para la ministra de agricultura y su familia","datePublished":"2023-12-01T12:19:39+00:00","mainEntityOfPage":{"@id":"https:\/\/pagina10.com\/web\/inversion-millonaria-en-cuatro-camionetas-para-la-ministra-de-agricultura-y-su-familia\/"},"wordCount":216,"commentCount":0,"publisher":{"@id":"https:\/\/pagina10.com\/web\/#organization"},"image":{"@id":"https:\/\/pagina10.com\/web\/inversion-millonaria-en-cuatro-camionetas-para-la-ministra-de-agricultura-y-su-familia\/#primaryimage"},"thumbnailUrl":"https:\/\/pagina10.com\/web\/wp-content\/uploads\/2023\/12\/camioneta_ministra_jhennifer.jpeg.webp","articleSection":["Nacional"],"inLanguage":"es","potentialAction":[{"@type":"CommentAction","name":"Comment","target":["https:\/\/pagina10.com\/web\/inversion-millonaria-en-cuatro-camionetas-para-la-ministra-de-agricultura-y-su-familia\/#respond"]}]},{"@type":"WebPage","@id":"https:\/\/pagina10.com\/web\/inversion-millonaria-en-cuatro-camionetas-para-la-ministra-de-agricultura-y-su-familia\/","url":"https:\/\/pagina10.com\/web\/inversion-millonaria-en-cuatro-camionetas-para-la-ministra-de-agricultura-y-su-familia\/","name":"Inversi\u00f3n millonaria en cuatro camionetas para la ministra de agricultura y su familia | P\u00e1gina10","isPartOf":{"@id":"https:\/\/pagina10.com\/web\/#website"},"primaryImageOfPage":{"@id":"https:\/\/pagina10.com\/web\/inversion-millonaria-en-cuatro-camionetas-para-la-ministra-de-agricultura-y-su-familia\/#primaryimage"},"image":{"@id":"https:\/\/pagina10.com\/web\/inversion-millonaria-en-cuatro-camionetas-para-la-ministra-de-agricultura-y-su-familia\/#primaryimage"},"thumbnailUrl":"https:\/\/pagina10.com\/web\/wp-content\/uploads\/2023\/12\/camioneta_ministra_jhennifer.jpeg.webp","datePublished":"2023-12-01T12:19:39+00:00","breadcrumb":{"@id":"https:\/\/pagina10.com\/web\/inversion-millonaria-en-cuatro-camionetas-para-la-ministra-de-agricultura-y-su-familia\/#breadcrumb"},"inLanguage":"es","potentialAction":[{"@type":"ReadAction","target":["https:\/\/pagina10.com\/web\/inversion-millonaria-en-cuatro-camionetas-para-la-ministra-de-agricultura-y-su-familia\/"]}]},{"@type":"ImageObject","inLanguage":"es","@id":"https:\/\/pagina10.com\/web\/inversion-millonaria-en-cuatro-camionetas-para-la-ministra-de-agricultura-y-su-familia\/#primaryimage","url":"https:\/\/pagina10.com\/web\/wp-content\/uploads\/2023\/12\/camioneta_ministra_jhennifer.jpeg.webp","contentUrl":"https:\/\/pagina10.com\/web\/wp-content\/uploads\/2023\/12\/camioneta_ministra_jhennifer.jpeg.webp","width":600,"height":337},{"@type":"BreadcrumbList","@id":"https:\/\/pagina10.com\/web\/inversion-millonaria-en-cuatro-camionetas-para-la-ministra-de-agricultura-y-su-familia\/#breadcrumb","itemListElement":[{"@type":"ListItem","position":1,"name":"Portada","item":"https:\/\/pagina10.com\/web\/"},{"@type":"ListItem","position":2,"name":"Inversi\u00f3n millonaria en cuatro camionetas para la ministra de agricultura y su familia"}]},{"@type":"WebSite","@id":"https:\/\/pagina10.com\/web\/#website","url":"https:\/\/pagina10.com\/web\/","name":"P\u00e1gina10","description":"Peri\u00f3dico Regional","publisher":{"@id":"https:\/\/pagina10.com\/web\/#organization"},"alternateName":"P\u00e1gina10 Peri\u00f3dico Regional","potentialAction":[{"@type":"SearchAction","target":{"@type":"EntryPoint","urlTemplate":"https:\/\/pagina10.com\/web\/?s={search_term_string}"},"query-input":{"@type":"PropertyValueSpecification","valueRequired":true,"valueName":"search_term_string"}}],"inLanguage":"es"},{"@type":"Organization","@id":"https:\/\/pagina10.com\/web\/#organization","name":"P\u00e1gina10","alternateName":"P\u00e1gina10 Peri\u00f3dico Regional","url":"https:\/\/pagina10.com\/web\/","logo":{"@type":"ImageObject","inLanguage":"es","@id":"https:\/\/pagina10.com\/web\/#\/schema\/logo\/image\/","url":"https:\/\/pagina10.com\/web\/wp-content\/uploads\/2024\/01\/40-pagina-10-periodico-regional-pasto.jpg","contentUrl":"https:\/\/pagina10.com\/web\/wp-content\/uploads\/2024\/01\/40-pagina-10-periodico-regional-pasto.jpg","width":1280,"height":720,"caption":"P\u00e1gina10"},"image":{"@id":"https:\/\/pagina10.com\/web\/#\/schema\/logo\/image\/"},"sameAs":["https:\/\/www.facebook.com\/pag10com","https:\/\/x.com\/Pag10com","https:\/\/www.instagram.com\/pagina10col\/","https:\/\/youtube.com\/channel\/pag10","https:\/\/www.tiktok.com\/@p10col"]},{"@type":"Person","@id":"https:\/\/pagina10.com\/web\/#\/schema\/person\/2efc4a090d25b667d3bc796798a3a81b","name":"P\u00e1gina 10","description":"P\u00e1gina 10 es un peri\u00f3dico regional que nace en Colombia, en el departamento de Nari\u00f1o, con un enfoque global, fundamentado en cuatro pilares esenciales: la libertad, el pluralismo, la inclusi\u00f3n y la independencia. P\u00e1gina 10 hace referencia a Nari\u00f1o como el d\u00e9cimo departamento creado en Colombia, despu\u00e9s de un proceso pol\u00edtico liderado por actores y actrices regionales con el fin de obtener la independencia y autonom\u00eda de nuestros territorios. Con la creaci\u00f3n de P\u00e1gina 10 se pretende abrir un escenario para el dialogo, la reflexi\u00f3n y el debate que se extienda a otras geograf\u00edas de Am\u00e9rica Latina y del planeta, en una apuesta por transformar colectivamente los desaf\u00edos de un mundo contempor\u00e1neo, m\u00e1s all\u00e1 de las fronteras impuestas.","url":"https:\/\/pagina10.com\/web\/author\/pdiezadmin\/"}]}},"_links":{"self":[{"href":"https:\/\/pagina10.com\/web\/wp-json\/wp\/v2\/posts\/70354","targetHints":{"allow":["GET"]}}],"collection":[{"href":"https:\/\/pagina10.com\/web\/wp-json\/wp\/v2\/posts"}],"about":[{"href":"https:\/\/pagina10.com\/web\/wp-json\/wp\/v2\/types\/post"}],"author":[{"embeddable":true,"href":"https:\/\/pagina10.com\/web\/wp-json\/wp\/v2\/users\/1"}],"replies":[{"embeddable":true,"href":"https:\/\/pagina10.com\/web\/wp-json\/wp\/v2\/comments?post=70354"}],"version-history":[{"count":1,"href":"https:\/\/pagina10.com\/web\/wp-json\/wp\/v2\/posts\/70354\/revisions"}],"predecessor-version":[{"id":70356,"href":"https:\/\/pagina10.com\/web\/wp-json\/wp\/v2\/posts\/70354\/revisions\/70356"}],"wp:featuredmedia":[{"embeddable":true,"href":"https:\/\/pagina10.com\/web\/wp-json\/wp\/v2\/media\/70355"}],"wp:attachment":[{"href":"https:\/\/pagina10.com\/web\/wp-json\/wp\/v2\/media?parent=70354"}],"wp:term":[{"taxonomy":"category","embeddable":true,"href":"https:\/\/pagina10.com\/web\/wp-json\/wp\/v2\/categories?post=70354"},{"taxonomy":"post_tag","embeddable":true,"href":"https:\/\/pagina10.com\/web\/wp-json\/wp\/v2\/tags?post=70354"}],"curies":[{"name":"wp","href":"https:\/\/api.w.org\/{rel}","templated":true}]}}