{"id":70422,"date":"2023-12-06T22:04:32","date_gmt":"2023-12-07T03:04:32","guid":{"rendered":"https:\/\/pagina10.com\/web\/?p=70422"},"modified":"2023-12-06T22:04:32","modified_gmt":"2023-12-07T03:04:32","slug":"incautan-dos-toneladas-de-cocaina-en-costa-narinense","status":"publish","type":"post","link":"https:\/\/pagina10.com\/web\/incautan-dos-toneladas-de-cocaina-en-costa-narinense\/","title":{"rendered":"Incautan dos toneladas de coca\u00edna en Costa Nari\u00f1ense"},"content":{"rendered":"<p style=\"text-align: justify;\">En medio de un operativo antinarc\u00f3tico en la costa del Pac\u00edfico Nari\u00f1ense, las autoridades detuvieron a tres individuos e incautaron dos toneladas de coca\u00edna en un semisumergible en las aguas de Tumaco, Nari\u00f1o.<\/p>\n<p style=\"text-align: justify;\">Los detenidos enfrentan cargos relacionados con narcotr\u00e1fico y la utilizaci\u00f3n de semisumergibles con fines il\u00edcitos. Este episodio evidencia la adaptaci\u00f3n de narcotraficantes a m\u00e9todos m\u00e1s sofisticados para evadir los controles de seguridad.<\/p>\n<p style=\"text-align: justify;\">El operativo, llevado a cabo por el CTI y la Armada Nacional, destaca la lucha contra el narcotr\u00e1fico en la regi\u00f3n, donde se han interceptado 13 semisumergibles en el a\u00f1o, incautando m\u00e1s de 64 toneladas de coca\u00edna y 35 toneladas de marihuana.<\/p>\n<p style=\"text-align: justify;\">Este incidente recalca la preocupante carrera tecnol\u00f3gica entre los traficantes y las fuerzas de seguridad, donde la utilizaci\u00f3n de nuevas t\u00e9cnicas representa un desaf\u00edo para las autoridades. La persistente amenaza del narcotr\u00e1fico en la regi\u00f3n refuerza la importancia de abordar esta problem\u00e1tica de manera integral con estrategias preventivas.<\/p>\n","protected":false},"excerpt":{"rendered":"<p>En medio de un operativo antinarc\u00f3tico en la costa del Pac\u00edfico Nari\u00f1ense, las autoridades detuvieron a tres individuos e incautaron dos toneladas de coca\u00edna en un semisumergible en las aguas de Tumaco, Nari\u00f1o. Los detenidos enfrentan cargos relacionados con narcotr\u00e1fico y la utilizaci\u00f3n de semisumergibles con fines il\u00edcitos. Este episodio evidencia la adaptaci\u00f3n de narcotraficantes [&hellip;]<\/p>\n","protected":false},"author":1,"featured_media":70424,"comment_status":"open","ping_status":"open","sticky":false,"template":"","format":"standard","meta":{"footnotes":""},"categories":[1528],"tags":[],"class_list":["post-70422","post","type-post","status-publish","format-standard","has-post-thumbnail","hentry","category-titulares"],"yoast_head":"<!-- This site is optimized with the Yoast SEO plugin v27.1.1 - https:\/\/yoast.com\/product\/yoast-seo-wordpress\/ -->\n<title>Incautan dos toneladas de coca\u00edna en Costa Nari\u00f1ense | P\u00e1gina10<\/title>\n<meta name=\"robots\" content=\"index, follow, max-snippet:-1, max-image-preview:large, max-video-preview:-1\" \/>\n<link rel=\"canonical\" href=\"https:\/\/pagina10.com\/web\/incautan-dos-toneladas-de-cocaina-en-costa-narinense\/\" \/>\n<meta property=\"og:locale\" content=\"es_ES\" \/>\n<meta property=\"og:type\" content=\"article\" \/>\n<meta property=\"og:title\" content=\"Incautan dos toneladas de coca\u00edna en Costa Nari\u00f1ense | P\u00e1gina10\" \/>\n<meta property=\"og:description\" content=\"En medio de un operativo antinarc\u00f3tico en la costa del Pac\u00edfico Nari\u00f1ense, las autoridades detuvieron a tres individuos e incautaron dos toneladas de coca\u00edna en un semisumergible en las aguas de Tumaco, Nari\u00f1o. Los detenidos enfrentan cargos relacionados con narcotr\u00e1fico y la utilizaci\u00f3n de semisumergibles con fines il\u00edcitos. Este episodio evidencia la adaptaci\u00f3n de narcotraficantes [&hellip;]\" \/>\n<meta property=\"og:url\" content=\"https:\/\/pagina10.com\/web\/incautan-dos-toneladas-de-cocaina-en-costa-narinense\/\" \/>\n<meta property=\"og:site_name\" content=\"P\u00e1gina10\" \/>\n<meta property=\"article:publisher\" content=\"https:\/\/www.facebook.com\/pag10com\" \/>\n<meta property=\"article:published_time\" content=\"2023-12-07T03:04:32+00:00\" \/>\n<meta property=\"og:image\" content=\"https:\/\/pagina10.com\/web\/wp-content\/uploads\/2023\/12\/fgvfs-1024x674.png\" \/>\n\t<meta property=\"og:image:width\" content=\"1024\" \/>\n\t<meta property=\"og:image:height\" content=\"674\" \/>\n\t<meta property=\"og:image:type\" content=\"image\/png\" \/>\n<meta name=\"author\" content=\"P\u00e1gina 10\" \/>\n<meta name=\"twitter:card\" content=\"summary_large_image\" \/>\n<meta name=\"twitter:creator\" content=\"@Pag10com\" \/>\n<meta name=\"twitter:site\" content=\"@Pag10com\" \/>\n<meta name=\"twitter:label1\" content=\"Escrito por\" \/>\n\t<meta name=\"twitter:data1\" content=\"P\u00e1gina 10\" \/>\n\t<meta name=\"twitter:label2\" content=\"Tiempo de lectura\" \/>\n\t<meta name=\"twitter:data2\" content=\"1 minuto\" \/>\n<script type=\"application\/ld+json\" class=\"yoast-schema-graph\">{\"@context\":\"https:\/\/schema.org\",\"@graph\":[{\"@type\":\"Article\",\"@id\":\"https:\/\/pagina10.com\/web\/incautan-dos-toneladas-de-cocaina-en-costa-narinense\/#article\",\"isPartOf\":{\"@id\":\"https:\/\/pagina10.com\/web\/incautan-dos-toneladas-de-cocaina-en-costa-narinense\/\"},\"author\":{\"name\":\"P\u00e1gina 10\",\"@id\":\"https:\/\/pagina10.com\/web\/#\/schema\/person\/2efc4a090d25b667d3bc796798a3a81b\"},\"headline\":\"Incautan dos toneladas de coca\u00edna en Costa Nari\u00f1ense\",\"datePublished\":\"2023-12-07T03:04:32+00:00\",\"mainEntityOfPage\":{\"@id\":\"https:\/\/pagina10.com\/web\/incautan-dos-toneladas-de-cocaina-en-costa-narinense\/\"},\"wordCount\":185,\"commentCount\":0,\"publisher\":{\"@id\":\"https:\/\/pagina10.com\/web\/#organization\"},\"image\":{\"@id\":\"https:\/\/pagina10.com\/web\/incautan-dos-toneladas-de-cocaina-en-costa-narinense\/#primaryimage\"},\"thumbnailUrl\":\"https:\/\/pagina10.com\/web\/wp-content\/uploads\/2023\/12\/fgvfs.png\",\"articleSection\":[\"Titulares\"],\"inLanguage\":\"es\",\"potentialAction\":[{\"@type\":\"CommentAction\",\"name\":\"Comment\",\"target\":[\"https:\/\/pagina10.com\/web\/incautan-dos-toneladas-de-cocaina-en-costa-narinense\/#respond\"]}]},{\"@type\":\"WebPage\",\"@id\":\"https:\/\/pagina10.com\/web\/incautan-dos-toneladas-de-cocaina-en-costa-narinense\/\",\"url\":\"https:\/\/pagina10.com\/web\/incautan-dos-toneladas-de-cocaina-en-costa-narinense\/\",\"name\":\"Incautan dos toneladas de coca\u00edna en Costa Nari\u00f1ense | P\u00e1gina10\",\"isPartOf\":{\"@id\":\"https:\/\/pagina10.com\/web\/#website\"},\"primaryImageOfPage\":{\"@id\":\"https:\/\/pagina10.com\/web\/incautan-dos-toneladas-de-cocaina-en-costa-narinense\/#primaryimage\"},\"image\":{\"@id\":\"https:\/\/pagina10.com\/web\/incautan-dos-toneladas-de-cocaina-en-costa-narinense\/#primaryimage\"},\"thumbnailUrl\":\"https:\/\/pagina10.com\/web\/wp-content\/uploads\/2023\/12\/fgvfs.png\",\"datePublished\":\"2023-12-07T03:04:32+00:00\",\"breadcrumb\":{\"@id\":\"https:\/\/pagina10.com\/web\/incautan-dos-toneladas-de-cocaina-en-costa-narinense\/#breadcrumb\"},\"inLanguage\":\"es\",\"potentialAction\":[{\"@type\":\"ReadAction\",\"target\":[\"https:\/\/pagina10.com\/web\/incautan-dos-toneladas-de-cocaina-en-costa-narinense\/\"]}]},{\"@type\":\"ImageObject\",\"inLanguage\":\"es\",\"@id\":\"https:\/\/pagina10.com\/web\/incautan-dos-toneladas-de-cocaina-en-costa-narinense\/#primaryimage\",\"url\":\"https:\/\/pagina10.com\/web\/wp-content\/uploads\/2023\/12\/fgvfs.png\",\"contentUrl\":\"https:\/\/pagina10.com\/web\/wp-content\/uploads\/2023\/12\/fgvfs.png\",\"width\":1284,\"height\":845},{\"@type\":\"BreadcrumbList\",\"@id\":\"https:\/\/pagina10.com\/web\/incautan-dos-toneladas-de-cocaina-en-costa-narinense\/#breadcrumb\",\"itemListElement\":[{\"@type\":\"ListItem\",\"position\":1,\"name\":\"Portada\",\"item\":\"https:\/\/pagina10.com\/web\/\"},{\"@type\":\"ListItem\",\"position\":2,\"name\":\"Incautan dos toneladas de coca\u00edna en Costa Nari\u00f1ense\"}]},{\"@type\":\"WebSite\",\"@id\":\"https:\/\/pagina10.com\/web\/#website\",\"url\":\"https:\/\/pagina10.com\/web\/\",\"name\":\"P\u00e1gina10\",\"description\":\"Peri\u00f3dico Regional\",\"publisher\":{\"@id\":\"https:\/\/pagina10.com\/web\/#organization\"},\"alternateName\":\"P\u00e1gina10 Peri\u00f3dico Regional\",\"potentialAction\":[{\"@type\":\"SearchAction\",\"target\":{\"@type\":\"EntryPoint\",\"urlTemplate\":\"https:\/\/pagina10.com\/web\/?s={search_term_string}\"},\"query-input\":{\"@type\":\"PropertyValueSpecification\",\"valueRequired\":true,\"valueName\":\"search_term_string\"}}],\"inLanguage\":\"es\"},{\"@type\":\"Organization\",\"@id\":\"https:\/\/pagina10.com\/web\/#organization\",\"name\":\"P\u00e1gina10\",\"alternateName\":\"P\u00e1gina10 Peri\u00f3dico Regional\",\"url\":\"https:\/\/pagina10.com\/web\/\",\"logo\":{\"@type\":\"ImageObject\",\"inLanguage\":\"es\",\"@id\":\"https:\/\/pagina10.com\/web\/#\/schema\/logo\/image\/\",\"url\":\"https:\/\/pagina10.com\/web\/wp-content\/uploads\/2024\/01\/40-pagina-10-periodico-regional-pasto.jpg\",\"contentUrl\":\"https:\/\/pagina10.com\/web\/wp-content\/uploads\/2024\/01\/40-pagina-10-periodico-regional-pasto.jpg\",\"width\":1280,\"height\":720,\"caption\":\"P\u00e1gina10\"},\"image\":{\"@id\":\"https:\/\/pagina10.com\/web\/#\/schema\/logo\/image\/\"},\"sameAs\":[\"https:\/\/www.facebook.com\/pag10com\",\"https:\/\/x.com\/Pag10com\",\"https:\/\/www.instagram.com\/pagina10col\/\",\"https:\/\/youtube.com\/channel\/pag10\",\"https:\/\/www.tiktok.com\/@p10col\"]},{\"@type\":\"Person\",\"@id\":\"https:\/\/pagina10.com\/web\/#\/schema\/person\/2efc4a090d25b667d3bc796798a3a81b\",\"name\":\"P\u00e1gina 10\",\"description\":\"P\u00e1gina 10 es un peri\u00f3dico regional que nace en Colombia, en el departamento de Nari\u00f1o, con un enfoque global, fundamentado en cuatro pilares esenciales: la libertad, el pluralismo, la inclusi\u00f3n y la independencia. P\u00e1gina 10 hace referencia a Nari\u00f1o como el d\u00e9cimo departamento creado en Colombia, despu\u00e9s de un proceso pol\u00edtico liderado por actores y actrices regionales con el fin de obtener la independencia y autonom\u00eda de nuestros territorios. Con la creaci\u00f3n de P\u00e1gina 10 se pretende abrir un escenario para el dialogo, la reflexi\u00f3n y el debate que se extienda a otras geograf\u00edas de Am\u00e9rica Latina y del planeta, en una apuesta por transformar colectivamente los desaf\u00edos de un mundo contempor\u00e1neo, m\u00e1s all\u00e1 de las fronteras impuestas.\",\"url\":\"https:\/\/pagina10.com\/web\/author\/pdiezadmin\/\"}]}<\/script>\n<!-- \/ Yoast SEO plugin. -->","yoast_head_json":{"title":"Incautan dos toneladas de coca\u00edna en Costa Nari\u00f1ense | P\u00e1gina10","robots":{"index":"index","follow":"follow","max-snippet":"max-snippet:-1","max-image-preview":"max-image-preview:large","max-video-preview":"max-video-preview:-1"},"canonical":"https:\/\/pagina10.com\/web\/incautan-dos-toneladas-de-cocaina-en-costa-narinense\/","og_locale":"es_ES","og_type":"article","og_title":"Incautan dos toneladas de coca\u00edna en Costa Nari\u00f1ense | P\u00e1gina10","og_description":"En medio de un operativo antinarc\u00f3tico en la costa del Pac\u00edfico Nari\u00f1ense, las autoridades detuvieron a tres individuos e incautaron dos toneladas de coca\u00edna en un semisumergible en las aguas de Tumaco, Nari\u00f1o. Los detenidos enfrentan cargos relacionados con narcotr\u00e1fico y la utilizaci\u00f3n de semisumergibles con fines il\u00edcitos. Este episodio evidencia la adaptaci\u00f3n de narcotraficantes [&hellip;]","og_url":"https:\/\/pagina10.com\/web\/incautan-dos-toneladas-de-cocaina-en-costa-narinense\/","og_site_name":"P\u00e1gina10","article_publisher":"https:\/\/www.facebook.com\/pag10com","article_published_time":"2023-12-07T03:04:32+00:00","og_image":[{"width":1024,"height":674,"url":"https:\/\/pagina10.com\/web\/wp-content\/uploads\/2023\/12\/fgvfs-1024x674.png","type":"image\/png"}],"author":"P\u00e1gina 10","twitter_card":"summary_large_image","twitter_creator":"@Pag10com","twitter_site":"@Pag10com","twitter_misc":{"Escrito por":"P\u00e1gina 10","Tiempo de lectura":"1 minuto"},"schema":{"@context":"https:\/\/schema.org","@graph":[{"@type":"Article","@id":"https:\/\/pagina10.com\/web\/incautan-dos-toneladas-de-cocaina-en-costa-narinense\/#article","isPartOf":{"@id":"https:\/\/pagina10.com\/web\/incautan-dos-toneladas-de-cocaina-en-costa-narinense\/"},"author":{"name":"P\u00e1gina 10","@id":"https:\/\/pagina10.com\/web\/#\/schema\/person\/2efc4a090d25b667d3bc796798a3a81b"},"headline":"Incautan dos toneladas de coca\u00edna en Costa Nari\u00f1ense","datePublished":"2023-12-07T03:04:32+00:00","mainEntityOfPage":{"@id":"https:\/\/pagina10.com\/web\/incautan-dos-toneladas-de-cocaina-en-costa-narinense\/"},"wordCount":185,"commentCount":0,"publisher":{"@id":"https:\/\/pagina10.com\/web\/#organization"},"image":{"@id":"https:\/\/pagina10.com\/web\/incautan-dos-toneladas-de-cocaina-en-costa-narinense\/#primaryimage"},"thumbnailUrl":"https:\/\/pagina10.com\/web\/wp-content\/uploads\/2023\/12\/fgvfs.png","articleSection":["Titulares"],"inLanguage":"es","potentialAction":[{"@type":"CommentAction","name":"Comment","target":["https:\/\/pagina10.com\/web\/incautan-dos-toneladas-de-cocaina-en-costa-narinense\/#respond"]}]},{"@type":"WebPage","@id":"https:\/\/pagina10.com\/web\/incautan-dos-toneladas-de-cocaina-en-costa-narinense\/","url":"https:\/\/pagina10.com\/web\/incautan-dos-toneladas-de-cocaina-en-costa-narinense\/","name":"Incautan dos toneladas de coca\u00edna en Costa Nari\u00f1ense | P\u00e1gina10","isPartOf":{"@id":"https:\/\/pagina10.com\/web\/#website"},"primaryImageOfPage":{"@id":"https:\/\/pagina10.com\/web\/incautan-dos-toneladas-de-cocaina-en-costa-narinense\/#primaryimage"},"image":{"@id":"https:\/\/pagina10.com\/web\/incautan-dos-toneladas-de-cocaina-en-costa-narinense\/#primaryimage"},"thumbnailUrl":"https:\/\/pagina10.com\/web\/wp-content\/uploads\/2023\/12\/fgvfs.png","datePublished":"2023-12-07T03:04:32+00:00","breadcrumb":{"@id":"https:\/\/pagina10.com\/web\/incautan-dos-toneladas-de-cocaina-en-costa-narinense\/#breadcrumb"},"inLanguage":"es","potentialAction":[{"@type":"ReadAction","target":["https:\/\/pagina10.com\/web\/incautan-dos-toneladas-de-cocaina-en-costa-narinense\/"]}]},{"@type":"ImageObject","inLanguage":"es","@id":"https:\/\/pagina10.com\/web\/incautan-dos-toneladas-de-cocaina-en-costa-narinense\/#primaryimage","url":"https:\/\/pagina10.com\/web\/wp-content\/uploads\/2023\/12\/fgvfs.png","contentUrl":"https:\/\/pagina10.com\/web\/wp-content\/uploads\/2023\/12\/fgvfs.png","width":1284,"height":845},{"@type":"BreadcrumbList","@id":"https:\/\/pagina10.com\/web\/incautan-dos-toneladas-de-cocaina-en-costa-narinense\/#breadcrumb","itemListElement":[{"@type":"ListItem","position":1,"name":"Portada","item":"https:\/\/pagina10.com\/web\/"},{"@type":"ListItem","position":2,"name":"Incautan dos toneladas de coca\u00edna en Costa Nari\u00f1ense"}]},{"@type":"WebSite","@id":"https:\/\/pagina10.com\/web\/#website","url":"https:\/\/pagina10.com\/web\/","name":"P\u00e1gina10","description":"Peri\u00f3dico Regional","publisher":{"@id":"https:\/\/pagina10.com\/web\/#organization"},"alternateName":"P\u00e1gina10 Peri\u00f3dico Regional","potentialAction":[{"@type":"SearchAction","target":{"@type":"EntryPoint","urlTemplate":"https:\/\/pagina10.com\/web\/?s={search_term_string}"},"query-input":{"@type":"PropertyValueSpecification","valueRequired":true,"valueName":"search_term_string"}}],"inLanguage":"es"},{"@type":"Organization","@id":"https:\/\/pagina10.com\/web\/#organization","name":"P\u00e1gina10","alternateName":"P\u00e1gina10 Peri\u00f3dico Regional","url":"https:\/\/pagina10.com\/web\/","logo":{"@type":"ImageObject","inLanguage":"es","@id":"https:\/\/pagina10.com\/web\/#\/schema\/logo\/image\/","url":"https:\/\/pagina10.com\/web\/wp-content\/uploads\/2024\/01\/40-pagina-10-periodico-regional-pasto.jpg","contentUrl":"https:\/\/pagina10.com\/web\/wp-content\/uploads\/2024\/01\/40-pagina-10-periodico-regional-pasto.jpg","width":1280,"height":720,"caption":"P\u00e1gina10"},"image":{"@id":"https:\/\/pagina10.com\/web\/#\/schema\/logo\/image\/"},"sameAs":["https:\/\/www.facebook.com\/pag10com","https:\/\/x.com\/Pag10com","https:\/\/www.instagram.com\/pagina10col\/","https:\/\/youtube.com\/channel\/pag10","https:\/\/www.tiktok.com\/@p10col"]},{"@type":"Person","@id":"https:\/\/pagina10.com\/web\/#\/schema\/person\/2efc4a090d25b667d3bc796798a3a81b","name":"P\u00e1gina 10","description":"P\u00e1gina 10 es un peri\u00f3dico regional que nace en Colombia, en el departamento de Nari\u00f1o, con un enfoque global, fundamentado en cuatro pilares esenciales: la libertad, el pluralismo, la inclusi\u00f3n y la independencia. P\u00e1gina 10 hace referencia a Nari\u00f1o como el d\u00e9cimo departamento creado en Colombia, despu\u00e9s de un proceso pol\u00edtico liderado por actores y actrices regionales con el fin de obtener la independencia y autonom\u00eda de nuestros territorios. Con la creaci\u00f3n de P\u00e1gina 10 se pretende abrir un escenario para el dialogo, la reflexi\u00f3n y el debate que se extienda a otras geograf\u00edas de Am\u00e9rica Latina y del planeta, en una apuesta por transformar colectivamente los desaf\u00edos de un mundo contempor\u00e1neo, m\u00e1s all\u00e1 de las fronteras impuestas.","url":"https:\/\/pagina10.com\/web\/author\/pdiezadmin\/"}]}},"_links":{"self":[{"href":"https:\/\/pagina10.com\/web\/wp-json\/wp\/v2\/posts\/70422","targetHints":{"allow":["GET"]}}],"collection":[{"href":"https:\/\/pagina10.com\/web\/wp-json\/wp\/v2\/posts"}],"about":[{"href":"https:\/\/pagina10.com\/web\/wp-json\/wp\/v2\/types\/post"}],"author":[{"embeddable":true,"href":"https:\/\/pagina10.com\/web\/wp-json\/wp\/v2\/users\/1"}],"replies":[{"embeddable":true,"href":"https:\/\/pagina10.com\/web\/wp-json\/wp\/v2\/comments?post=70422"}],"version-history":[{"count":1,"href":"https:\/\/pagina10.com\/web\/wp-json\/wp\/v2\/posts\/70422\/revisions"}],"predecessor-version":[{"id":70423,"href":"https:\/\/pagina10.com\/web\/wp-json\/wp\/v2\/posts\/70422\/revisions\/70423"}],"wp:featuredmedia":[{"embeddable":true,"href":"https:\/\/pagina10.com\/web\/wp-json\/wp\/v2\/media\/70424"}],"wp:attachment":[{"href":"https:\/\/pagina10.com\/web\/wp-json\/wp\/v2\/media?parent=70422"}],"wp:term":[{"taxonomy":"category","embeddable":true,"href":"https:\/\/pagina10.com\/web\/wp-json\/wp\/v2\/categories?post=70422"},{"taxonomy":"post_tag","embeddable":true,"href":"https:\/\/pagina10.com\/web\/wp-json\/wp\/v2\/tags?post=70422"}],"curies":[{"name":"wp","href":"https:\/\/api.w.org\/{rel}","templated":true}]}}