{"id":70879202429,"date":"2024-01-25T15:44:59","date_gmt":"2024-01-25T20:44:59","guid":{"rendered":"https:\/\/pagina10.com\/web\/?p=70879202429"},"modified":"2024-01-25T15:52:12","modified_gmt":"2024-01-25T20:52:12","slug":"ministerio-de-salud-cometio-error-geografico-tumaco-queda-en-choco","status":"publish","type":"post","link":"https:\/\/pagina10.com\/web\/ministerio-de-salud-cometio-error-geografico-tumaco-queda-en-choco\/","title":{"rendered":"Ministerio de Salud cometi\u00f3 error geogr\u00e1fico: Tumaco queda en Choc\u00f3"},"content":{"rendered":"<p style=\"text-align: justify;\">Pascual Gaviria, destacado abogado y columnista de El Espectador, <a href=\"https:\/\/x.com\/rabodeajip\/status\/1749819832915107873?s=48&amp;t=TKPcjEGgf8Gya5A6bgBU-Q\">se\u00f1al\u00f3 un grave error cometido al parecer por la sala de prensa del Ministerio de Salud<\/a> Colombiano. El desliz geogr\u00e1fico, que roza lo elemental, consisti\u00f3 en ubicar el municipio de Tumaco en el Choc\u00f3, cuando en realidad pertenece al departamento de Nari\u00f1o.<\/p>\n<p style=\"text-align: justify;\">\u201cEl ministerio de salud no pas\u00f3 la geograf\u00eda de quinto de primaria. Municipio de Tumaco en el Choc\u00f3\u201d, dijo el abogado, a trav\u00e9s de sus redes sociales.<\/p>\n<p style=\"text-align: justify;\">La equivocaci\u00f3n no pas\u00f3 desapercibida en las redes sociales, donde los usuarios expresaron su sorpresa y cr\u00edtica. Ante la ola de comentarios, la entidad opt\u00f3 por borrar el tuit original y rectificar la informaci\u00f3n con un nuevo mensaje, ubicando correctamente a Tumaco como municipio del departamento de Nari\u00f1o.<\/p>\n<p style=\"text-align: justify;\">El error resalt\u00f3 la importancia de la precisi\u00f3n en los comunicados oficiales, especialmente en temas sensibles como la geograf\u00eda, sobre todo en dependencias gubernamentales.<\/p>\n","protected":false},"excerpt":{"rendered":"<p>Pascual Gaviria, destacado abogado y columnista de El Espectador, se\u00f1al\u00f3 un grave error cometido al parecer por la sala de prensa del Ministerio de Salud Colombiano. El desliz geogr\u00e1fico, que roza lo elemental, consisti\u00f3 en ubicar el municipio de Tumaco en el Choc\u00f3, cuando en realidad pertenece al departamento de Nari\u00f1o. \u201cEl ministerio de salud [&hellip;]<\/p>\n","protected":false},"author":1,"featured_media":70879202434,"comment_status":"open","ping_status":"open","sticky":false,"template":"","format":"standard","meta":{"footnotes":""},"categories":[14],"tags":[],"class_list":["post-70879202429","post","type-post","status-publish","format-standard","has-post-thumbnail","hentry","category-narino-actual"],"yoast_head":"<!-- This site is optimized with the Yoast SEO plugin v27.1.1 - https:\/\/yoast.com\/product\/yoast-seo-wordpress\/ -->\n<title>Ministerio de Salud cometi\u00f3 error geogr\u00e1fico: Tumaco queda en Choc\u00f3 | P\u00e1gina10<\/title>\n<meta name=\"robots\" content=\"index, follow, max-snippet:-1, max-image-preview:large, max-video-preview:-1\" \/>\n<link rel=\"canonical\" href=\"https:\/\/pagina10.com\/web\/ministerio-de-salud-cometio-error-geografico-tumaco-queda-en-choco\/\" \/>\n<meta property=\"og:locale\" content=\"es_ES\" \/>\n<meta property=\"og:type\" content=\"article\" \/>\n<meta property=\"og:title\" content=\"Ministerio de Salud cometi\u00f3 error geogr\u00e1fico: Tumaco queda en Choc\u00f3 | P\u00e1gina10\" \/>\n<meta property=\"og:description\" content=\"Pascual Gaviria, destacado abogado y columnista de El Espectador, se\u00f1al\u00f3 un grave error cometido al parecer por la sala de prensa del Ministerio de Salud Colombiano. El desliz geogr\u00e1fico, que roza lo elemental, consisti\u00f3 en ubicar el municipio de Tumaco en el Choc\u00f3, cuando en realidad pertenece al departamento de Nari\u00f1o. \u201cEl ministerio de salud [&hellip;]\" \/>\n<meta property=\"og:url\" content=\"https:\/\/pagina10.com\/web\/ministerio-de-salud-cometio-error-geografico-tumaco-queda-en-choco\/\" \/>\n<meta property=\"og:site_name\" content=\"P\u00e1gina10\" \/>\n<meta property=\"article:publisher\" content=\"https:\/\/www.facebook.com\/pag10com\" \/>\n<meta property=\"article:published_time\" content=\"2024-01-25T20:44:59+00:00\" \/>\n<meta property=\"article:modified_time\" content=\"2024-01-25T20:52:12+00:00\" \/>\n<meta property=\"og:image\" content=\"https:\/\/pagina10.com\/web\/wp-content\/uploads\/2024\/01\/Picture1.jpg\" \/>\n\t<meta property=\"og:image:width\" content=\"1076\" \/>\n\t<meta property=\"og:image:height\" content=\"763\" \/>\n\t<meta property=\"og:image:type\" content=\"image\/jpeg\" \/>\n<meta name=\"author\" content=\"P\u00e1gina 10\" \/>\n<meta name=\"twitter:card\" content=\"summary_large_image\" \/>\n<meta name=\"twitter:creator\" content=\"@Pag10com\" \/>\n<meta name=\"twitter:site\" content=\"@Pag10com\" \/>\n<meta name=\"twitter:label1\" content=\"Escrito por\" \/>\n\t<meta name=\"twitter:data1\" content=\"P\u00e1gina 10\" \/>\n\t<meta name=\"twitter:label2\" content=\"Tiempo de lectura\" \/>\n\t<meta name=\"twitter:data2\" content=\"1 minuto\" \/>\n<script type=\"application\/ld+json\" class=\"yoast-schema-graph\">{\"@context\":\"https:\/\/schema.org\",\"@graph\":[{\"@type\":\"Article\",\"@id\":\"https:\/\/pagina10.com\/web\/ministerio-de-salud-cometio-error-geografico-tumaco-queda-en-choco\/#article\",\"isPartOf\":{\"@id\":\"https:\/\/pagina10.com\/web\/ministerio-de-salud-cometio-error-geografico-tumaco-queda-en-choco\/\"},\"author\":{\"name\":\"P\u00e1gina 10\",\"@id\":\"https:\/\/pagina10.com\/web\/#\/schema\/person\/2efc4a090d25b667d3bc796798a3a81b\"},\"headline\":\"Ministerio de Salud cometi\u00f3 error geogr\u00e1fico: Tumaco queda en Choc\u00f3\",\"datePublished\":\"2024-01-25T20:44:59+00:00\",\"dateModified\":\"2024-01-25T20:52:12+00:00\",\"mainEntityOfPage\":{\"@id\":\"https:\/\/pagina10.com\/web\/ministerio-de-salud-cometio-error-geografico-tumaco-queda-en-choco\/\"},\"wordCount\":172,\"commentCount\":0,\"publisher\":{\"@id\":\"https:\/\/pagina10.com\/web\/#organization\"},\"image\":{\"@id\":\"https:\/\/pagina10.com\/web\/ministerio-de-salud-cometio-error-geografico-tumaco-queda-en-choco\/#primaryimage\"},\"thumbnailUrl\":\"https:\/\/pagina10.com\/web\/wp-content\/uploads\/2024\/01\/Picture1.jpg\",\"articleSection\":[\"Nari\u00f1o Actual\"],\"inLanguage\":\"es\",\"potentialAction\":[{\"@type\":\"CommentAction\",\"name\":\"Comment\",\"target\":[\"https:\/\/pagina10.com\/web\/ministerio-de-salud-cometio-error-geografico-tumaco-queda-en-choco\/#respond\"]}]},{\"@type\":\"WebPage\",\"@id\":\"https:\/\/pagina10.com\/web\/ministerio-de-salud-cometio-error-geografico-tumaco-queda-en-choco\/\",\"url\":\"https:\/\/pagina10.com\/web\/ministerio-de-salud-cometio-error-geografico-tumaco-queda-en-choco\/\",\"name\":\"Ministerio de Salud cometi\u00f3 error geogr\u00e1fico: Tumaco queda en Choc\u00f3 | P\u00e1gina10\",\"isPartOf\":{\"@id\":\"https:\/\/pagina10.com\/web\/#website\"},\"primaryImageOfPage\":{\"@id\":\"https:\/\/pagina10.com\/web\/ministerio-de-salud-cometio-error-geografico-tumaco-queda-en-choco\/#primaryimage\"},\"image\":{\"@id\":\"https:\/\/pagina10.com\/web\/ministerio-de-salud-cometio-error-geografico-tumaco-queda-en-choco\/#primaryimage\"},\"thumbnailUrl\":\"https:\/\/pagina10.com\/web\/wp-content\/uploads\/2024\/01\/Picture1.jpg\",\"datePublished\":\"2024-01-25T20:44:59+00:00\",\"dateModified\":\"2024-01-25T20:52:12+00:00\",\"breadcrumb\":{\"@id\":\"https:\/\/pagina10.com\/web\/ministerio-de-salud-cometio-error-geografico-tumaco-queda-en-choco\/#breadcrumb\"},\"inLanguage\":\"es\",\"potentialAction\":[{\"@type\":\"ReadAction\",\"target\":[\"https:\/\/pagina10.com\/web\/ministerio-de-salud-cometio-error-geografico-tumaco-queda-en-choco\/\"]}]},{\"@type\":\"ImageObject\",\"inLanguage\":\"es\",\"@id\":\"https:\/\/pagina10.com\/web\/ministerio-de-salud-cometio-error-geografico-tumaco-queda-en-choco\/#primaryimage\",\"url\":\"https:\/\/pagina10.com\/web\/wp-content\/uploads\/2024\/01\/Picture1.jpg\",\"contentUrl\":\"https:\/\/pagina10.com\/web\/wp-content\/uploads\/2024\/01\/Picture1.jpg\",\"width\":1076,\"height\":763},{\"@type\":\"BreadcrumbList\",\"@id\":\"https:\/\/pagina10.com\/web\/ministerio-de-salud-cometio-error-geografico-tumaco-queda-en-choco\/#breadcrumb\",\"itemListElement\":[{\"@type\":\"ListItem\",\"position\":1,\"name\":\"Portada\",\"item\":\"https:\/\/pagina10.com\/web\/\"},{\"@type\":\"ListItem\",\"position\":2,\"name\":\"Ministerio de Salud cometi\u00f3 error geogr\u00e1fico: Tumaco queda en Choc\u00f3\"}]},{\"@type\":\"WebSite\",\"@id\":\"https:\/\/pagina10.com\/web\/#website\",\"url\":\"https:\/\/pagina10.com\/web\/\",\"name\":\"P\u00e1gina10\",\"description\":\"Peri\u00f3dico Regional\",\"publisher\":{\"@id\":\"https:\/\/pagina10.com\/web\/#organization\"},\"alternateName\":\"P\u00e1gina10 Peri\u00f3dico Regional\",\"potentialAction\":[{\"@type\":\"SearchAction\",\"target\":{\"@type\":\"EntryPoint\",\"urlTemplate\":\"https:\/\/pagina10.com\/web\/?s={search_term_string}\"},\"query-input\":{\"@type\":\"PropertyValueSpecification\",\"valueRequired\":true,\"valueName\":\"search_term_string\"}}],\"inLanguage\":\"es\"},{\"@type\":\"Organization\",\"@id\":\"https:\/\/pagina10.com\/web\/#organization\",\"name\":\"P\u00e1gina10\",\"alternateName\":\"P\u00e1gina10 Peri\u00f3dico Regional\",\"url\":\"https:\/\/pagina10.com\/web\/\",\"logo\":{\"@type\":\"ImageObject\",\"inLanguage\":\"es\",\"@id\":\"https:\/\/pagina10.com\/web\/#\/schema\/logo\/image\/\",\"url\":\"https:\/\/pagina10.com\/web\/wp-content\/uploads\/2024\/01\/40-pagina-10-periodico-regional-pasto.jpg\",\"contentUrl\":\"https:\/\/pagina10.com\/web\/wp-content\/uploads\/2024\/01\/40-pagina-10-periodico-regional-pasto.jpg\",\"width\":1280,\"height\":720,\"caption\":\"P\u00e1gina10\"},\"image\":{\"@id\":\"https:\/\/pagina10.com\/web\/#\/schema\/logo\/image\/\"},\"sameAs\":[\"https:\/\/www.facebook.com\/pag10com\",\"https:\/\/x.com\/Pag10com\",\"https:\/\/www.instagram.com\/pagina10col\/\",\"https:\/\/youtube.com\/channel\/pag10\",\"https:\/\/www.tiktok.com\/@p10col\"]},{\"@type\":\"Person\",\"@id\":\"https:\/\/pagina10.com\/web\/#\/schema\/person\/2efc4a090d25b667d3bc796798a3a81b\",\"name\":\"P\u00e1gina 10\",\"description\":\"P\u00e1gina 10 es un peri\u00f3dico regional que nace en Colombia, en el departamento de Nari\u00f1o, con un enfoque global, fundamentado en cuatro pilares esenciales: la libertad, el pluralismo, la inclusi\u00f3n y la independencia. P\u00e1gina 10 hace referencia a Nari\u00f1o como el d\u00e9cimo departamento creado en Colombia, despu\u00e9s de un proceso pol\u00edtico liderado por actores y actrices regionales con el fin de obtener la independencia y autonom\u00eda de nuestros territorios. Con la creaci\u00f3n de P\u00e1gina 10 se pretende abrir un escenario para el dialogo, la reflexi\u00f3n y el debate que se extienda a otras geograf\u00edas de Am\u00e9rica Latina y del planeta, en una apuesta por transformar colectivamente los desaf\u00edos de un mundo contempor\u00e1neo, m\u00e1s all\u00e1 de las fronteras impuestas.\",\"url\":\"https:\/\/pagina10.com\/web\/author\/pdiezadmin\/\"}]}<\/script>\n<!-- \/ Yoast SEO plugin. -->","yoast_head_json":{"title":"Ministerio de Salud cometi\u00f3 error geogr\u00e1fico: Tumaco queda en Choc\u00f3 | P\u00e1gina10","robots":{"index":"index","follow":"follow","max-snippet":"max-snippet:-1","max-image-preview":"max-image-preview:large","max-video-preview":"max-video-preview:-1"},"canonical":"https:\/\/pagina10.com\/web\/ministerio-de-salud-cometio-error-geografico-tumaco-queda-en-choco\/","og_locale":"es_ES","og_type":"article","og_title":"Ministerio de Salud cometi\u00f3 error geogr\u00e1fico: Tumaco queda en Choc\u00f3 | P\u00e1gina10","og_description":"Pascual Gaviria, destacado abogado y columnista de El Espectador, se\u00f1al\u00f3 un grave error cometido al parecer por la sala de prensa del Ministerio de Salud Colombiano. El desliz geogr\u00e1fico, que roza lo elemental, consisti\u00f3 en ubicar el municipio de Tumaco en el Choc\u00f3, cuando en realidad pertenece al departamento de Nari\u00f1o. \u201cEl ministerio de salud [&hellip;]","og_url":"https:\/\/pagina10.com\/web\/ministerio-de-salud-cometio-error-geografico-tumaco-queda-en-choco\/","og_site_name":"P\u00e1gina10","article_publisher":"https:\/\/www.facebook.com\/pag10com","article_published_time":"2024-01-25T20:44:59+00:00","article_modified_time":"2024-01-25T20:52:12+00:00","og_image":[{"width":1076,"height":763,"url":"https:\/\/pagina10.com\/web\/wp-content\/uploads\/2024\/01\/Picture1.jpg","type":"image\/jpeg"}],"author":"P\u00e1gina 10","twitter_card":"summary_large_image","twitter_creator":"@Pag10com","twitter_site":"@Pag10com","twitter_misc":{"Escrito por":"P\u00e1gina 10","Tiempo de lectura":"1 minuto"},"schema":{"@context":"https:\/\/schema.org","@graph":[{"@type":"Article","@id":"https:\/\/pagina10.com\/web\/ministerio-de-salud-cometio-error-geografico-tumaco-queda-en-choco\/#article","isPartOf":{"@id":"https:\/\/pagina10.com\/web\/ministerio-de-salud-cometio-error-geografico-tumaco-queda-en-choco\/"},"author":{"name":"P\u00e1gina 10","@id":"https:\/\/pagina10.com\/web\/#\/schema\/person\/2efc4a090d25b667d3bc796798a3a81b"},"headline":"Ministerio de Salud cometi\u00f3 error geogr\u00e1fico: Tumaco queda en Choc\u00f3","datePublished":"2024-01-25T20:44:59+00:00","dateModified":"2024-01-25T20:52:12+00:00","mainEntityOfPage":{"@id":"https:\/\/pagina10.com\/web\/ministerio-de-salud-cometio-error-geografico-tumaco-queda-en-choco\/"},"wordCount":172,"commentCount":0,"publisher":{"@id":"https:\/\/pagina10.com\/web\/#organization"},"image":{"@id":"https:\/\/pagina10.com\/web\/ministerio-de-salud-cometio-error-geografico-tumaco-queda-en-choco\/#primaryimage"},"thumbnailUrl":"https:\/\/pagina10.com\/web\/wp-content\/uploads\/2024\/01\/Picture1.jpg","articleSection":["Nari\u00f1o Actual"],"inLanguage":"es","potentialAction":[{"@type":"CommentAction","name":"Comment","target":["https:\/\/pagina10.com\/web\/ministerio-de-salud-cometio-error-geografico-tumaco-queda-en-choco\/#respond"]}]},{"@type":"WebPage","@id":"https:\/\/pagina10.com\/web\/ministerio-de-salud-cometio-error-geografico-tumaco-queda-en-choco\/","url":"https:\/\/pagina10.com\/web\/ministerio-de-salud-cometio-error-geografico-tumaco-queda-en-choco\/","name":"Ministerio de Salud cometi\u00f3 error geogr\u00e1fico: Tumaco queda en Choc\u00f3 | P\u00e1gina10","isPartOf":{"@id":"https:\/\/pagina10.com\/web\/#website"},"primaryImageOfPage":{"@id":"https:\/\/pagina10.com\/web\/ministerio-de-salud-cometio-error-geografico-tumaco-queda-en-choco\/#primaryimage"},"image":{"@id":"https:\/\/pagina10.com\/web\/ministerio-de-salud-cometio-error-geografico-tumaco-queda-en-choco\/#primaryimage"},"thumbnailUrl":"https:\/\/pagina10.com\/web\/wp-content\/uploads\/2024\/01\/Picture1.jpg","datePublished":"2024-01-25T20:44:59+00:00","dateModified":"2024-01-25T20:52:12+00:00","breadcrumb":{"@id":"https:\/\/pagina10.com\/web\/ministerio-de-salud-cometio-error-geografico-tumaco-queda-en-choco\/#breadcrumb"},"inLanguage":"es","potentialAction":[{"@type":"ReadAction","target":["https:\/\/pagina10.com\/web\/ministerio-de-salud-cometio-error-geografico-tumaco-queda-en-choco\/"]}]},{"@type":"ImageObject","inLanguage":"es","@id":"https:\/\/pagina10.com\/web\/ministerio-de-salud-cometio-error-geografico-tumaco-queda-en-choco\/#primaryimage","url":"https:\/\/pagina10.com\/web\/wp-content\/uploads\/2024\/01\/Picture1.jpg","contentUrl":"https:\/\/pagina10.com\/web\/wp-content\/uploads\/2024\/01\/Picture1.jpg","width":1076,"height":763},{"@type":"BreadcrumbList","@id":"https:\/\/pagina10.com\/web\/ministerio-de-salud-cometio-error-geografico-tumaco-queda-en-choco\/#breadcrumb","itemListElement":[{"@type":"ListItem","position":1,"name":"Portada","item":"https:\/\/pagina10.com\/web\/"},{"@type":"ListItem","position":2,"name":"Ministerio de Salud cometi\u00f3 error geogr\u00e1fico: Tumaco queda en Choc\u00f3"}]},{"@type":"WebSite","@id":"https:\/\/pagina10.com\/web\/#website","url":"https:\/\/pagina10.com\/web\/","name":"P\u00e1gina10","description":"Peri\u00f3dico Regional","publisher":{"@id":"https:\/\/pagina10.com\/web\/#organization"},"alternateName":"P\u00e1gina10 Peri\u00f3dico Regional","potentialAction":[{"@type":"SearchAction","target":{"@type":"EntryPoint","urlTemplate":"https:\/\/pagina10.com\/web\/?s={search_term_string}"},"query-input":{"@type":"PropertyValueSpecification","valueRequired":true,"valueName":"search_term_string"}}],"inLanguage":"es"},{"@type":"Organization","@id":"https:\/\/pagina10.com\/web\/#organization","name":"P\u00e1gina10","alternateName":"P\u00e1gina10 Peri\u00f3dico Regional","url":"https:\/\/pagina10.com\/web\/","logo":{"@type":"ImageObject","inLanguage":"es","@id":"https:\/\/pagina10.com\/web\/#\/schema\/logo\/image\/","url":"https:\/\/pagina10.com\/web\/wp-content\/uploads\/2024\/01\/40-pagina-10-periodico-regional-pasto.jpg","contentUrl":"https:\/\/pagina10.com\/web\/wp-content\/uploads\/2024\/01\/40-pagina-10-periodico-regional-pasto.jpg","width":1280,"height":720,"caption":"P\u00e1gina10"},"image":{"@id":"https:\/\/pagina10.com\/web\/#\/schema\/logo\/image\/"},"sameAs":["https:\/\/www.facebook.com\/pag10com","https:\/\/x.com\/Pag10com","https:\/\/www.instagram.com\/pagina10col\/","https:\/\/youtube.com\/channel\/pag10","https:\/\/www.tiktok.com\/@p10col"]},{"@type":"Person","@id":"https:\/\/pagina10.com\/web\/#\/schema\/person\/2efc4a090d25b667d3bc796798a3a81b","name":"P\u00e1gina 10","description":"P\u00e1gina 10 es un peri\u00f3dico regional que nace en Colombia, en el departamento de Nari\u00f1o, con un enfoque global, fundamentado en cuatro pilares esenciales: la libertad, el pluralismo, la inclusi\u00f3n y la independencia. P\u00e1gina 10 hace referencia a Nari\u00f1o como el d\u00e9cimo departamento creado en Colombia, despu\u00e9s de un proceso pol\u00edtico liderado por actores y actrices regionales con el fin de obtener la independencia y autonom\u00eda de nuestros territorios. Con la creaci\u00f3n de P\u00e1gina 10 se pretende abrir un escenario para el dialogo, la reflexi\u00f3n y el debate que se extienda a otras geograf\u00edas de Am\u00e9rica Latina y del planeta, en una apuesta por transformar colectivamente los desaf\u00edos de un mundo contempor\u00e1neo, m\u00e1s all\u00e1 de las fronteras impuestas.","url":"https:\/\/pagina10.com\/web\/author\/pdiezadmin\/"}]}},"_links":{"self":[{"href":"https:\/\/pagina10.com\/web\/wp-json\/wp\/v2\/posts\/70879202429","targetHints":{"allow":["GET"]}}],"collection":[{"href":"https:\/\/pagina10.com\/web\/wp-json\/wp\/v2\/posts"}],"about":[{"href":"https:\/\/pagina10.com\/web\/wp-json\/wp\/v2\/types\/post"}],"author":[{"embeddable":true,"href":"https:\/\/pagina10.com\/web\/wp-json\/wp\/v2\/users\/1"}],"replies":[{"embeddable":true,"href":"https:\/\/pagina10.com\/web\/wp-json\/wp\/v2\/comments?post=70879202429"}],"version-history":[{"count":3,"href":"https:\/\/pagina10.com\/web\/wp-json\/wp\/v2\/posts\/70879202429\/revisions"}],"predecessor-version":[{"id":70879202433,"href":"https:\/\/pagina10.com\/web\/wp-json\/wp\/v2\/posts\/70879202429\/revisions\/70879202433"}],"wp:featuredmedia":[{"embeddable":true,"href":"https:\/\/pagina10.com\/web\/wp-json\/wp\/v2\/media\/70879202434"}],"wp:attachment":[{"href":"https:\/\/pagina10.com\/web\/wp-json\/wp\/v2\/media?parent=70879202429"}],"wp:term":[{"taxonomy":"category","embeddable":true,"href":"https:\/\/pagina10.com\/web\/wp-json\/wp\/v2\/categories?post=70879202429"},{"taxonomy":"post_tag","embeddable":true,"href":"https:\/\/pagina10.com\/web\/wp-json\/wp\/v2\/tags?post=70879202429"}],"curies":[{"name":"wp","href":"https:\/\/api.w.org\/{rel}","templated":true}]}}