{"id":70879202442,"date":"2024-01-25T22:36:35","date_gmt":"2024-01-26T03:36:35","guid":{"rendered":"https:\/\/pagina10.com\/web\/?p=70879202442"},"modified":"2024-01-25T22:36:35","modified_gmt":"2024-01-26T03:36:35","slug":"conciliadores-en-equidad-apoyan-proceso-de-titulacion-de-tierras-en-tumaco-narino","status":"publish","type":"post","link":"https:\/\/pagina10.com\/web\/conciliadores-en-equidad-apoyan-proceso-de-titulacion-de-tierras-en-tumaco-narino\/","title":{"rendered":"Conciliadores en Equidad apoyan proceso de titulaci\u00f3n de tierras en Tumaco, Nari\u00f1o."},"content":{"rendered":"<p style=\"text-align: justify;\">Los Programas de USAID: Justicia Inclusiva y Nuestra Tierra Pr\u00f3spera unen esfuerzos para impulsar la conciliaci\u00f3n en equidad como estrategia para lograr la titulaci\u00f3n de tierras en el corregimiento de Chilv\u00ed, zona rural del municipio de Tumaco, en el departamento de Nari\u00f1o.<\/p>\n<p style=\"text-align: justify;\">En la b\u00fasqueda constante de mecanismos alternativos para resolver conflictos, el Programa Justicia Inclusiva de USAID, junto al programa Nuestra Tierra Pr\u00f3spera, que tiene como una de sus metas, facilitar la titulaci\u00f3n y restituci\u00f3n de tierras en esta localidad, aunaron fuerzas para apoyar a los conciliadores y conciliadoras en equidad de Tumaco para facilitar el acceso a la justicia, a trav\u00e9s de la titulaci\u00f3n de tierras en las comunidades del corregimiento de Chilv\u00ed, zona rural del municipio de Tumaco.<\/p>\n<p style=\"text-align: justify;\">La conciliaci\u00f3n en Equidad es un recurso de la Caja de Herramientas de M\u00e9todos de Resoluci\u00f3n de Conflictos (MRC), estrategia del Ministerio de Justicia y del Derecho, que sirve para resolver conflictos cotidianos que se presentan entre vecinos o miembros de una misma comunidad, cuya finalidad es la promoci\u00f3n de la convivencia y la construcci\u00f3n de paz. Este enfoque no solo promueve la resoluci\u00f3n pac\u00edfica, sino que tambi\u00e9n establece acuerdos con plenos efectos jur\u00eddicos, transformando la din\u00e1mica comunitaria. Adem\u00e1s, la conciliaci\u00f3n en Equidad es un mecanismo en el que las partes confrontadas resuelven sus diferencias, en ejercicio de la autonom\u00eda de la voluntad por medio de un tercero que facilita el di\u00e1logo y la soluci\u00f3n del conflicto.<\/p>\n<p style=\"text-align: justify;\">Es as\u00ed como Leticia Estacio Riascos, conciliadora en equidad de la Casa de Justicia del municipio de Tumaco con m\u00e1s de 15 a\u00f1os de ejercicio, referente y l\u00edder del programa, menciona que \u201cLas acciones en el territorio han tenido una respuesta significativa, la conciliaci\u00f3n demostr\u00f3 que a las personas les est\u00e1 ayudando mucho en la salida y atenci\u00f3n a los conflictos, por tanto, el voz a voz permite una recomendaci\u00f3n y reconocimiento social\u201d. Asimismo, invita a la comunidad a acudir a los servicios en la Casa de Justicia, Centro de Convivencia, Punto de Atenci\u00f3n de Conciliaci\u00f3n en Equidad (PACE) del municipio de Tumaco. Adem\u00e1s, enfatiza que todas y todos los ciudadanos pueden tener apoyo en casos de conciliaci\u00f3n, con un trabajo en red por parte de la inspectora de polic\u00eda y la comisar\u00eda de familia.<\/p>\n<p style=\"text-align: justify;\">Articulaci\u00f3n con el Programa Nuestra Tierra Pr\u00f3spera<\/p>\n<p style=\"text-align: justify;\">La integraci\u00f3n de los Programas de USAID: Justicia Inclusiva y Nuestra Tierra Pr\u00f3spera radica en la integraci\u00f3n de programas que permite la intervenci\u00f3n de operadores de justicia comunitaria, donde conciliadores en equidad y mediadores comunitarios apoyan la resoluci\u00f3n de conflictos en temas de delimitaci\u00f3n de linderos, terrenos bald\u00edos, asentamientos entre otros.<\/p>\n<p style=\"text-align: justify;\">Seg\u00fan la conciliadora Leticia Estacio Riascos, el proceso inici\u00f3 desde octubre con unas reuniones iniciales de planificaci\u00f3n, posteriormente, se tuvo una intervenci\u00f3n inicial en el corregimiento de Chilv\u00ed, km 28, zona rural del municipio de Tumaco en el mes de diciembre de 2023, donde se atendieron 10 casos aproximadamente. Estos casos, van, por ejemplo, en linderos no delimitados legalmente, en los que solo se tiene la palabra de las partes para definir la delimitaci\u00f3n de los linderos. Es as\u00ed como, este proceso de conciliaci\u00f3n permiti\u00f3 llegar a acuerdos sobre la definici\u00f3n de linderos, y crear un acta de acuerdo de conciliaci\u00f3n que le permita al programa Nuestra Tierra Pr\u00f3spera continuar con el proceso t\u00e9cnico y administrativo de titulaci\u00f3n de estas tierras.<\/p>\n<p style=\"text-align: justify;\">Para ello, las conciliadoras y los conciliadores en equidad se preparan previamente al encuentro, Ligia Mireya Ospina Arboleda, lideresa y trabajadora comunitaria, conciliadora en equidad desde el a\u00f1o 2009 del municipio de Tumaco comenta que \u201cme gusta saber a qu\u00e9 voy, desde la planeaci\u00f3n con el programa Nuestra Tierra Pr\u00f3spera, se analizaron los casos que se iban atender familia por familia, sab\u00edamos a qui\u00e9n nos \u00edbamos a encontrar, todo eso hizo m\u00e1s f\u00e1cil el proceso\u201d. As\u00ed pues, la articulaci\u00f3n y la preparaci\u00f3n previa fue importante para que el equipo pudiera desempe\u00f1ar con \u00e9xito las conciliaciones. De esta manera no solo se resuelve disputas, sino que tambi\u00e9n se conectan las personas de una manera que trascienden las tensiones y contribuye a construir relaciones comunitarias m\u00e1s s\u00f3lidas.<\/p>\n<p style=\"text-align: justify;\">El papel de los conciliadores en equidad<\/p>\n<p style=\"text-align: justify;\">Desde su formaci\u00f3n y el aval que recibieron por parte del Ministerio de Justicia y del Derechos, los conciliadores en equidad han desempe\u00f1ado un papel fundamental, que viene contando con el apoyo del Programa Justicia Inclusiva de USAID. En este proceso espec\u00edfico se atienden directamente los casos, llevando la justicia al territorio, de esta manera facilitan el acceso a la justicia, descongestionan la justicia ordinaria y ahorra tiempo y recursos a la comunidad al no tener que desplazarse hasta el casco urbano de Tumaco. De igual forma, los conciliadores apoyan el inicio de la legalizaci\u00f3n de los predios, lo que es una oportunidad para que la comunidad pueda acceder a programas del Estado relacionados con temas de tierras, entre otros.<\/p>\n<p style=\"text-align: justify;\">Para Carmen Teresa Castillo, mediadora comunitaria, lideresa social, licenciada en educaci\u00f3n, \u201crescatar lo ancestral es esencial, ya que somos un territorio pluri\u00e9tnico, es f\u00e1cil adaptarse a culturas ajenas y se ha perdido lo propio, gracias a la formaci\u00f3n de mediadores comunitarios y conciliadores en equidad, nos hemos instruido en mecanismos que sirven para mejorar la convivencia y el respeto\u201d. En ese sentido, los conciliadores tambi\u00e9n son parte fundamental para incentivar valores desde la parte ancestral por medio de la conciliaci\u00f3n y la mediaci\u00f3n. Finalmente, Carmen Teresa puntualiza que \u201ces importante seguir apoyando a los conciliadores en el territorio para que sean replicadores, asimismo, que volvamos a buscar a los l\u00edderes de nuestros territorios para que nos ayuden a resolver conflictos\u201d.<\/p>\n<p style=\"text-align: justify;\">Por otra parte, abordando temas cruciales como la delimitaci\u00f3n de terrenos bald\u00edos y la legalizaci\u00f3n de asentamientos sin escrituras, los conciliadores han encontrado el camino hacia acuerdos tangibles mediante actas de conciliaci\u00f3n. Este enfoque, centrado en la resoluci\u00f3n temprana de conflictos, ha resultado esencial para construir un entorno de paz en la comunidad. De esta manera Ligia Mireya Ospina Arboleda, comenta que el papel del conciliador \u201cEs muy importante, ya que, en la mayor\u00eda de los casos, son situaciones donde las personas no se ponen de acuerdo porque todos dicen tener derecho, y lo tienen, pero, somos un eje, primero porque somos del pueblo, de la gente y para la gente y eso da confianza y tranquilidad, esto permite que las conciliaciones se puedan realizar, y las personas queden satisfechas con lo que ellos mismos proponen\u201d<\/p>\n<p style=\"text-align: justify;\">Es as\u00ed como ser un conciliador en equidad requiere de amabilidad y respeto. Hacer sentir a la comunidad tranquila y segura es una premisa importante que Ligia Mireya Ospina recalca. Asimismo, aunque los desaf\u00edos persistan, el prop\u00f3sito de la conciliaci\u00f3n es suavizar las asperezas, proporcionando herramientas para una mejor convivencia, en este caso en la comunidad de zona rural de Tumaco. Este proceso, concebido con un enfoque equitativo, se consolida como una herramienta fundamental en este proceso de titulaci\u00f3n, pero reconociendo que en todos los escenarios ayudar\u00e1 a construir una sociedad m\u00e1s justa.<\/p>\n<p style=\"text-align: justify;\">Un proceso que contin\u00faa<\/p>\n<p style=\"text-align: justify;\">La sinergia entre el Programa Justicia Inclusiva y Nuestra Tierra Pr\u00f3spera ha demostrado ser clave en este proceso. Al apoyar la conciliaci\u00f3n en cuestiones como la propiedad de tierras, ambos programas han logrado integrar eficazmente lo comunitario con lo t\u00e9cnico. Desde la resoluci\u00f3n previa de conflictos hasta la asistencia en procesos t\u00e9cnicos, la colaboraci\u00f3n ha permitido que la justicia llegue directamente al territorio.<\/p>\n<p style=\"text-align: justify;\">Por lo anterior, seg\u00fan cuenta Leticia Estacio, en el mes de enero se tienen planteadas otras intervenciones que facilitar\u00e1n llegar a la zona rural para continuar con el proceso de titulaci\u00f3n de tierras. Por su parte Ligia Mireya Ospina comenta que se siente preparada y motivada para continuar con este proceso ya que la satisfacci\u00f3n y gratitud de la comunidad es lo m\u00e1s importante para darle continuidad al proceso.<\/p>\n<p style=\"text-align: justify;\">Resultados<\/p>\n<p style=\"text-align: justify;\">De acuerdo con Ligia Mireya Ospina, \u201clos casos de conciliaci\u00f3n fueron exitosos, lo m\u00e1s gratificante es el agradecimiento de las personas, por medio de este proceso las familias se benefician y lo m\u00e1s importante van a tener una mejor convivencia entre familia\u201d. Por tanto, el proceso no solo empodera a las personas que desconocen algunos procesos, sino que, por ejemplo, puede ser una oportunidad para que las familias puedan solucionar de manera pac\u00edfica situaciones de herencias, deudas, delimitaci\u00f3n de tierras, entre otras situaciones de conflicto.<\/p>\n<p style=\"text-align: justify;\">De los 10 casos que se atendieron en diciembre durante la jornada en el corregimiento de Chilv\u00ed, todos fueron cerrados exitosamente y con acta de conciliaci\u00f3n. De esta forma se garantiza la continuidad del proceso de titulaci\u00f3n. Finalmente, se cumpli\u00f3 con lo planeado y la articulaci\u00f3n de estos programas demostr\u00f3 c\u00f3mo la colaboraci\u00f3n puede transformar comunidades. Se espera que este proceso, se pueda seguir replicando en diferentes zonas rurales del municipio de Tumaco y llegue a m\u00e1s familias y casos, para que por medio de la conciliaci\u00f3n en equidad se logren nuevas titulaci\u00f3n de tierras a trav\u00e9s de la resoluci\u00f3n pac\u00edfica y la convivencia.<\/p>\n<p style=\"text-align: justify;\">Redacci\u00f3n: Fundaci\u00f3n Desarrollo y Paz &#8211; FUNDEPAZ<\/p>\n","protected":false},"excerpt":{"rendered":"<p>Los Programas de USAID: Justicia Inclusiva y Nuestra Tierra Pr\u00f3spera unen esfuerzos para impulsar la conciliaci\u00f3n en equidad como estrategia para lograr la titulaci\u00f3n de tierras en el corregimiento de Chilv\u00ed, zona rural del municipio de Tumaco, en el departamento de Nari\u00f1o. En la b\u00fasqueda constante de mecanismos alternativos para resolver conflictos, el Programa Justicia [&hellip;]<\/p>\n","protected":false},"author":1,"featured_media":70879202443,"comment_status":"open","ping_status":"open","sticky":false,"template":"","format":"standard","meta":{"footnotes":""},"categories":[14],"tags":[],"class_list":["post-70879202442","post","type-post","status-publish","format-standard","has-post-thumbnail","hentry","category-narino-actual"],"yoast_head":"<!-- This site is optimized with the Yoast SEO plugin v27.1.1 - https:\/\/yoast.com\/product\/yoast-seo-wordpress\/ -->\n<title>Conciliadores en Equidad apoyan proceso de titulaci\u00f3n de tierras en Tumaco, Nari\u00f1o. | P\u00e1gina10<\/title>\n<meta name=\"robots\" content=\"index, follow, max-snippet:-1, max-image-preview:large, max-video-preview:-1\" \/>\n<link rel=\"canonical\" href=\"https:\/\/pagina10.com\/web\/conciliadores-en-equidad-apoyan-proceso-de-titulacion-de-tierras-en-tumaco-narino\/\" \/>\n<meta property=\"og:locale\" content=\"es_ES\" \/>\n<meta property=\"og:type\" content=\"article\" \/>\n<meta property=\"og:title\" content=\"Conciliadores en Equidad apoyan proceso de titulaci\u00f3n de tierras en Tumaco, Nari\u00f1o. | P\u00e1gina10\" \/>\n<meta property=\"og:description\" content=\"Los Programas de USAID: Justicia Inclusiva y Nuestra Tierra Pr\u00f3spera unen esfuerzos para impulsar la conciliaci\u00f3n en equidad como estrategia para lograr la titulaci\u00f3n de tierras en el corregimiento de Chilv\u00ed, zona rural del municipio de Tumaco, en el departamento de Nari\u00f1o. En la b\u00fasqueda constante de mecanismos alternativos para resolver conflictos, el Programa Justicia [&hellip;]\" \/>\n<meta property=\"og:url\" content=\"https:\/\/pagina10.com\/web\/conciliadores-en-equidad-apoyan-proceso-de-titulacion-de-tierras-en-tumaco-narino\/\" \/>\n<meta property=\"og:site_name\" content=\"P\u00e1gina10\" \/>\n<meta property=\"article:publisher\" content=\"https:\/\/www.facebook.com\/pag10com\" \/>\n<meta property=\"article:published_time\" content=\"2024-01-26T03:36:35+00:00\" \/>\n<meta property=\"og:image\" content=\"https:\/\/pagina10.com\/web\/wp-content\/uploads\/2024\/01\/WhatsApp-Image-2024-01-25-at-10.34.21-PM.jpeg\" \/>\n\t<meta property=\"og:image:width\" content=\"460\" \/>\n\t<meta property=\"og:image:height\" content=\"348\" \/>\n\t<meta property=\"og:image:type\" content=\"image\/jpeg\" \/>\n<meta name=\"author\" content=\"P\u00e1gina 10\" \/>\n<meta name=\"twitter:card\" content=\"summary_large_image\" \/>\n<meta name=\"twitter:creator\" content=\"@Pag10com\" \/>\n<meta name=\"twitter:site\" content=\"@Pag10com\" \/>\n<meta name=\"twitter:label1\" content=\"Escrito por\" \/>\n\t<meta name=\"twitter:data1\" content=\"P\u00e1gina 10\" \/>\n\t<meta name=\"twitter:label2\" content=\"Tiempo de lectura\" \/>\n\t<meta name=\"twitter:data2\" content=\"8 minutos\" \/>\n<script type=\"application\/ld+json\" class=\"yoast-schema-graph\">{\"@context\":\"https:\/\/schema.org\",\"@graph\":[{\"@type\":\"Article\",\"@id\":\"https:\/\/pagina10.com\/web\/conciliadores-en-equidad-apoyan-proceso-de-titulacion-de-tierras-en-tumaco-narino\/#article\",\"isPartOf\":{\"@id\":\"https:\/\/pagina10.com\/web\/conciliadores-en-equidad-apoyan-proceso-de-titulacion-de-tierras-en-tumaco-narino\/\"},\"author\":{\"name\":\"P\u00e1gina 10\",\"@id\":\"https:\/\/pagina10.com\/web\/#\/schema\/person\/2efc4a090d25b667d3bc796798a3a81b\"},\"headline\":\"Conciliadores en Equidad apoyan proceso de titulaci\u00f3n de tierras en Tumaco, Nari\u00f1o.\",\"datePublished\":\"2024-01-26T03:36:35+00:00\",\"mainEntityOfPage\":{\"@id\":\"https:\/\/pagina10.com\/web\/conciliadores-en-equidad-apoyan-proceso-de-titulacion-de-tierras-en-tumaco-narino\/\"},\"wordCount\":1616,\"commentCount\":0,\"publisher\":{\"@id\":\"https:\/\/pagina10.com\/web\/#organization\"},\"image\":{\"@id\":\"https:\/\/pagina10.com\/web\/conciliadores-en-equidad-apoyan-proceso-de-titulacion-de-tierras-en-tumaco-narino\/#primaryimage\"},\"thumbnailUrl\":\"https:\/\/pagina10.com\/web\/wp-content\/uploads\/2024\/01\/WhatsApp-Image-2024-01-25-at-10.34.21-PM.jpeg\",\"articleSection\":[\"Nari\u00f1o Actual\"],\"inLanguage\":\"es\",\"potentialAction\":[{\"@type\":\"CommentAction\",\"name\":\"Comment\",\"target\":[\"https:\/\/pagina10.com\/web\/conciliadores-en-equidad-apoyan-proceso-de-titulacion-de-tierras-en-tumaco-narino\/#respond\"]}]},{\"@type\":\"WebPage\",\"@id\":\"https:\/\/pagina10.com\/web\/conciliadores-en-equidad-apoyan-proceso-de-titulacion-de-tierras-en-tumaco-narino\/\",\"url\":\"https:\/\/pagina10.com\/web\/conciliadores-en-equidad-apoyan-proceso-de-titulacion-de-tierras-en-tumaco-narino\/\",\"name\":\"Conciliadores en Equidad apoyan proceso de titulaci\u00f3n de tierras en Tumaco, Nari\u00f1o. | P\u00e1gina10\",\"isPartOf\":{\"@id\":\"https:\/\/pagina10.com\/web\/#website\"},\"primaryImageOfPage\":{\"@id\":\"https:\/\/pagina10.com\/web\/conciliadores-en-equidad-apoyan-proceso-de-titulacion-de-tierras-en-tumaco-narino\/#primaryimage\"},\"image\":{\"@id\":\"https:\/\/pagina10.com\/web\/conciliadores-en-equidad-apoyan-proceso-de-titulacion-de-tierras-en-tumaco-narino\/#primaryimage\"},\"thumbnailUrl\":\"https:\/\/pagina10.com\/web\/wp-content\/uploads\/2024\/01\/WhatsApp-Image-2024-01-25-at-10.34.21-PM.jpeg\",\"datePublished\":\"2024-01-26T03:36:35+00:00\",\"breadcrumb\":{\"@id\":\"https:\/\/pagina10.com\/web\/conciliadores-en-equidad-apoyan-proceso-de-titulacion-de-tierras-en-tumaco-narino\/#breadcrumb\"},\"inLanguage\":\"es\",\"potentialAction\":[{\"@type\":\"ReadAction\",\"target\":[\"https:\/\/pagina10.com\/web\/conciliadores-en-equidad-apoyan-proceso-de-titulacion-de-tierras-en-tumaco-narino\/\"]}]},{\"@type\":\"ImageObject\",\"inLanguage\":\"es\",\"@id\":\"https:\/\/pagina10.com\/web\/conciliadores-en-equidad-apoyan-proceso-de-titulacion-de-tierras-en-tumaco-narino\/#primaryimage\",\"url\":\"https:\/\/pagina10.com\/web\/wp-content\/uploads\/2024\/01\/WhatsApp-Image-2024-01-25-at-10.34.21-PM.jpeg\",\"contentUrl\":\"https:\/\/pagina10.com\/web\/wp-content\/uploads\/2024\/01\/WhatsApp-Image-2024-01-25-at-10.34.21-PM.jpeg\",\"width\":460,\"height\":348},{\"@type\":\"BreadcrumbList\",\"@id\":\"https:\/\/pagina10.com\/web\/conciliadores-en-equidad-apoyan-proceso-de-titulacion-de-tierras-en-tumaco-narino\/#breadcrumb\",\"itemListElement\":[{\"@type\":\"ListItem\",\"position\":1,\"name\":\"Portada\",\"item\":\"https:\/\/pagina10.com\/web\/\"},{\"@type\":\"ListItem\",\"position\":2,\"name\":\"Conciliadores en Equidad apoyan proceso de titulaci\u00f3n de tierras en Tumaco, Nari\u00f1o.\"}]},{\"@type\":\"WebSite\",\"@id\":\"https:\/\/pagina10.com\/web\/#website\",\"url\":\"https:\/\/pagina10.com\/web\/\",\"name\":\"P\u00e1gina10\",\"description\":\"Peri\u00f3dico Regional\",\"publisher\":{\"@id\":\"https:\/\/pagina10.com\/web\/#organization\"},\"alternateName\":\"P\u00e1gina10 Peri\u00f3dico Regional\",\"potentialAction\":[{\"@type\":\"SearchAction\",\"target\":{\"@type\":\"EntryPoint\",\"urlTemplate\":\"https:\/\/pagina10.com\/web\/?s={search_term_string}\"},\"query-input\":{\"@type\":\"PropertyValueSpecification\",\"valueRequired\":true,\"valueName\":\"search_term_string\"}}],\"inLanguage\":\"es\"},{\"@type\":\"Organization\",\"@id\":\"https:\/\/pagina10.com\/web\/#organization\",\"name\":\"P\u00e1gina10\",\"alternateName\":\"P\u00e1gina10 Peri\u00f3dico Regional\",\"url\":\"https:\/\/pagina10.com\/web\/\",\"logo\":{\"@type\":\"ImageObject\",\"inLanguage\":\"es\",\"@id\":\"https:\/\/pagina10.com\/web\/#\/schema\/logo\/image\/\",\"url\":\"https:\/\/pagina10.com\/web\/wp-content\/uploads\/2024\/01\/40-pagina-10-periodico-regional-pasto.jpg\",\"contentUrl\":\"https:\/\/pagina10.com\/web\/wp-content\/uploads\/2024\/01\/40-pagina-10-periodico-regional-pasto.jpg\",\"width\":1280,\"height\":720,\"caption\":\"P\u00e1gina10\"},\"image\":{\"@id\":\"https:\/\/pagina10.com\/web\/#\/schema\/logo\/image\/\"},\"sameAs\":[\"https:\/\/www.facebook.com\/pag10com\",\"https:\/\/x.com\/Pag10com\",\"https:\/\/www.instagram.com\/pagina10col\/\",\"https:\/\/youtube.com\/channel\/pag10\",\"https:\/\/www.tiktok.com\/@p10col\"]},{\"@type\":\"Person\",\"@id\":\"https:\/\/pagina10.com\/web\/#\/schema\/person\/2efc4a090d25b667d3bc796798a3a81b\",\"name\":\"P\u00e1gina 10\",\"description\":\"P\u00e1gina 10 es un peri\u00f3dico regional que nace en Colombia, en el departamento de Nari\u00f1o, con un enfoque global, fundamentado en cuatro pilares esenciales: la libertad, el pluralismo, la inclusi\u00f3n y la independencia. P\u00e1gina 10 hace referencia a Nari\u00f1o como el d\u00e9cimo departamento creado en Colombia, despu\u00e9s de un proceso pol\u00edtico liderado por actores y actrices regionales con el fin de obtener la independencia y autonom\u00eda de nuestros territorios. Con la creaci\u00f3n de P\u00e1gina 10 se pretende abrir un escenario para el dialogo, la reflexi\u00f3n y el debate que se extienda a otras geograf\u00edas de Am\u00e9rica Latina y del planeta, en una apuesta por transformar colectivamente los desaf\u00edos de un mundo contempor\u00e1neo, m\u00e1s all\u00e1 de las fronteras impuestas.\",\"url\":\"https:\/\/pagina10.com\/web\/author\/pdiezadmin\/\"}]}<\/script>\n<!-- \/ Yoast SEO plugin. -->","yoast_head_json":{"title":"Conciliadores en Equidad apoyan proceso de titulaci\u00f3n de tierras en Tumaco, Nari\u00f1o. | P\u00e1gina10","robots":{"index":"index","follow":"follow","max-snippet":"max-snippet:-1","max-image-preview":"max-image-preview:large","max-video-preview":"max-video-preview:-1"},"canonical":"https:\/\/pagina10.com\/web\/conciliadores-en-equidad-apoyan-proceso-de-titulacion-de-tierras-en-tumaco-narino\/","og_locale":"es_ES","og_type":"article","og_title":"Conciliadores en Equidad apoyan proceso de titulaci\u00f3n de tierras en Tumaco, Nari\u00f1o. | P\u00e1gina10","og_description":"Los Programas de USAID: Justicia Inclusiva y Nuestra Tierra Pr\u00f3spera unen esfuerzos para impulsar la conciliaci\u00f3n en equidad como estrategia para lograr la titulaci\u00f3n de tierras en el corregimiento de Chilv\u00ed, zona rural del municipio de Tumaco, en el departamento de Nari\u00f1o. En la b\u00fasqueda constante de mecanismos alternativos para resolver conflictos, el Programa Justicia [&hellip;]","og_url":"https:\/\/pagina10.com\/web\/conciliadores-en-equidad-apoyan-proceso-de-titulacion-de-tierras-en-tumaco-narino\/","og_site_name":"P\u00e1gina10","article_publisher":"https:\/\/www.facebook.com\/pag10com","article_published_time":"2024-01-26T03:36:35+00:00","og_image":[{"width":460,"height":348,"url":"https:\/\/pagina10.com\/web\/wp-content\/uploads\/2024\/01\/WhatsApp-Image-2024-01-25-at-10.34.21-PM.jpeg","type":"image\/jpeg"}],"author":"P\u00e1gina 10","twitter_card":"summary_large_image","twitter_creator":"@Pag10com","twitter_site":"@Pag10com","twitter_misc":{"Escrito por":"P\u00e1gina 10","Tiempo de lectura":"8 minutos"},"schema":{"@context":"https:\/\/schema.org","@graph":[{"@type":"Article","@id":"https:\/\/pagina10.com\/web\/conciliadores-en-equidad-apoyan-proceso-de-titulacion-de-tierras-en-tumaco-narino\/#article","isPartOf":{"@id":"https:\/\/pagina10.com\/web\/conciliadores-en-equidad-apoyan-proceso-de-titulacion-de-tierras-en-tumaco-narino\/"},"author":{"name":"P\u00e1gina 10","@id":"https:\/\/pagina10.com\/web\/#\/schema\/person\/2efc4a090d25b667d3bc796798a3a81b"},"headline":"Conciliadores en Equidad apoyan proceso de titulaci\u00f3n de tierras en Tumaco, Nari\u00f1o.","datePublished":"2024-01-26T03:36:35+00:00","mainEntityOfPage":{"@id":"https:\/\/pagina10.com\/web\/conciliadores-en-equidad-apoyan-proceso-de-titulacion-de-tierras-en-tumaco-narino\/"},"wordCount":1616,"commentCount":0,"publisher":{"@id":"https:\/\/pagina10.com\/web\/#organization"},"image":{"@id":"https:\/\/pagina10.com\/web\/conciliadores-en-equidad-apoyan-proceso-de-titulacion-de-tierras-en-tumaco-narino\/#primaryimage"},"thumbnailUrl":"https:\/\/pagina10.com\/web\/wp-content\/uploads\/2024\/01\/WhatsApp-Image-2024-01-25-at-10.34.21-PM.jpeg","articleSection":["Nari\u00f1o Actual"],"inLanguage":"es","potentialAction":[{"@type":"CommentAction","name":"Comment","target":["https:\/\/pagina10.com\/web\/conciliadores-en-equidad-apoyan-proceso-de-titulacion-de-tierras-en-tumaco-narino\/#respond"]}]},{"@type":"WebPage","@id":"https:\/\/pagina10.com\/web\/conciliadores-en-equidad-apoyan-proceso-de-titulacion-de-tierras-en-tumaco-narino\/","url":"https:\/\/pagina10.com\/web\/conciliadores-en-equidad-apoyan-proceso-de-titulacion-de-tierras-en-tumaco-narino\/","name":"Conciliadores en Equidad apoyan proceso de titulaci\u00f3n de tierras en Tumaco, Nari\u00f1o. | P\u00e1gina10","isPartOf":{"@id":"https:\/\/pagina10.com\/web\/#website"},"primaryImageOfPage":{"@id":"https:\/\/pagina10.com\/web\/conciliadores-en-equidad-apoyan-proceso-de-titulacion-de-tierras-en-tumaco-narino\/#primaryimage"},"image":{"@id":"https:\/\/pagina10.com\/web\/conciliadores-en-equidad-apoyan-proceso-de-titulacion-de-tierras-en-tumaco-narino\/#primaryimage"},"thumbnailUrl":"https:\/\/pagina10.com\/web\/wp-content\/uploads\/2024\/01\/WhatsApp-Image-2024-01-25-at-10.34.21-PM.jpeg","datePublished":"2024-01-26T03:36:35+00:00","breadcrumb":{"@id":"https:\/\/pagina10.com\/web\/conciliadores-en-equidad-apoyan-proceso-de-titulacion-de-tierras-en-tumaco-narino\/#breadcrumb"},"inLanguage":"es","potentialAction":[{"@type":"ReadAction","target":["https:\/\/pagina10.com\/web\/conciliadores-en-equidad-apoyan-proceso-de-titulacion-de-tierras-en-tumaco-narino\/"]}]},{"@type":"ImageObject","inLanguage":"es","@id":"https:\/\/pagina10.com\/web\/conciliadores-en-equidad-apoyan-proceso-de-titulacion-de-tierras-en-tumaco-narino\/#primaryimage","url":"https:\/\/pagina10.com\/web\/wp-content\/uploads\/2024\/01\/WhatsApp-Image-2024-01-25-at-10.34.21-PM.jpeg","contentUrl":"https:\/\/pagina10.com\/web\/wp-content\/uploads\/2024\/01\/WhatsApp-Image-2024-01-25-at-10.34.21-PM.jpeg","width":460,"height":348},{"@type":"BreadcrumbList","@id":"https:\/\/pagina10.com\/web\/conciliadores-en-equidad-apoyan-proceso-de-titulacion-de-tierras-en-tumaco-narino\/#breadcrumb","itemListElement":[{"@type":"ListItem","position":1,"name":"Portada","item":"https:\/\/pagina10.com\/web\/"},{"@type":"ListItem","position":2,"name":"Conciliadores en Equidad apoyan proceso de titulaci\u00f3n de tierras en Tumaco, Nari\u00f1o."}]},{"@type":"WebSite","@id":"https:\/\/pagina10.com\/web\/#website","url":"https:\/\/pagina10.com\/web\/","name":"P\u00e1gina10","description":"Peri\u00f3dico Regional","publisher":{"@id":"https:\/\/pagina10.com\/web\/#organization"},"alternateName":"P\u00e1gina10 Peri\u00f3dico Regional","potentialAction":[{"@type":"SearchAction","target":{"@type":"EntryPoint","urlTemplate":"https:\/\/pagina10.com\/web\/?s={search_term_string}"},"query-input":{"@type":"PropertyValueSpecification","valueRequired":true,"valueName":"search_term_string"}}],"inLanguage":"es"},{"@type":"Organization","@id":"https:\/\/pagina10.com\/web\/#organization","name":"P\u00e1gina10","alternateName":"P\u00e1gina10 Peri\u00f3dico Regional","url":"https:\/\/pagina10.com\/web\/","logo":{"@type":"ImageObject","inLanguage":"es","@id":"https:\/\/pagina10.com\/web\/#\/schema\/logo\/image\/","url":"https:\/\/pagina10.com\/web\/wp-content\/uploads\/2024\/01\/40-pagina-10-periodico-regional-pasto.jpg","contentUrl":"https:\/\/pagina10.com\/web\/wp-content\/uploads\/2024\/01\/40-pagina-10-periodico-regional-pasto.jpg","width":1280,"height":720,"caption":"P\u00e1gina10"},"image":{"@id":"https:\/\/pagina10.com\/web\/#\/schema\/logo\/image\/"},"sameAs":["https:\/\/www.facebook.com\/pag10com","https:\/\/x.com\/Pag10com","https:\/\/www.instagram.com\/pagina10col\/","https:\/\/youtube.com\/channel\/pag10","https:\/\/www.tiktok.com\/@p10col"]},{"@type":"Person","@id":"https:\/\/pagina10.com\/web\/#\/schema\/person\/2efc4a090d25b667d3bc796798a3a81b","name":"P\u00e1gina 10","description":"P\u00e1gina 10 es un peri\u00f3dico regional que nace en Colombia, en el departamento de Nari\u00f1o, con un enfoque global, fundamentado en cuatro pilares esenciales: la libertad, el pluralismo, la inclusi\u00f3n y la independencia. P\u00e1gina 10 hace referencia a Nari\u00f1o como el d\u00e9cimo departamento creado en Colombia, despu\u00e9s de un proceso pol\u00edtico liderado por actores y actrices regionales con el fin de obtener la independencia y autonom\u00eda de nuestros territorios. Con la creaci\u00f3n de P\u00e1gina 10 se pretende abrir un escenario para el dialogo, la reflexi\u00f3n y el debate que se extienda a otras geograf\u00edas de Am\u00e9rica Latina y del planeta, en una apuesta por transformar colectivamente los desaf\u00edos de un mundo contempor\u00e1neo, m\u00e1s all\u00e1 de las fronteras impuestas.","url":"https:\/\/pagina10.com\/web\/author\/pdiezadmin\/"}]}},"_links":{"self":[{"href":"https:\/\/pagina10.com\/web\/wp-json\/wp\/v2\/posts\/70879202442","targetHints":{"allow":["GET"]}}],"collection":[{"href":"https:\/\/pagina10.com\/web\/wp-json\/wp\/v2\/posts"}],"about":[{"href":"https:\/\/pagina10.com\/web\/wp-json\/wp\/v2\/types\/post"}],"author":[{"embeddable":true,"href":"https:\/\/pagina10.com\/web\/wp-json\/wp\/v2\/users\/1"}],"replies":[{"embeddable":true,"href":"https:\/\/pagina10.com\/web\/wp-json\/wp\/v2\/comments?post=70879202442"}],"version-history":[{"count":1,"href":"https:\/\/pagina10.com\/web\/wp-json\/wp\/v2\/posts\/70879202442\/revisions"}],"predecessor-version":[{"id":70879202444,"href":"https:\/\/pagina10.com\/web\/wp-json\/wp\/v2\/posts\/70879202442\/revisions\/70879202444"}],"wp:featuredmedia":[{"embeddable":true,"href":"https:\/\/pagina10.com\/web\/wp-json\/wp\/v2\/media\/70879202443"}],"wp:attachment":[{"href":"https:\/\/pagina10.com\/web\/wp-json\/wp\/v2\/media?parent=70879202442"}],"wp:term":[{"taxonomy":"category","embeddable":true,"href":"https:\/\/pagina10.com\/web\/wp-json\/wp\/v2\/categories?post=70879202442"},{"taxonomy":"post_tag","embeddable":true,"href":"https:\/\/pagina10.com\/web\/wp-json\/wp\/v2\/tags?post=70879202442"}],"curies":[{"name":"wp","href":"https:\/\/api.w.org\/{rel}","templated":true}]}}