{"id":70879202445,"date":"2024-01-25T22:41:37","date_gmt":"2024-01-26T03:41:37","guid":{"rendered":"https:\/\/pagina10.com\/web\/?p=70879202445"},"modified":"2024-01-25T22:41:37","modified_gmt":"2024-01-26T03:41:37","slug":"colectivos-de-comunicacion-fortalecen-habilidades-de-periodismo-para-promover-el-acceso-a-la-justicia-en-el-pacifico-narinense","status":"publish","type":"post","link":"https:\/\/pagina10.com\/web\/colectivos-de-comunicacion-fortalecen-habilidades-de-periodismo-para-promover-el-acceso-a-la-justicia-en-el-pacifico-narinense\/","title":{"rendered":"Colectivos de comunicaci\u00f3n fortalecen habilidades de periodismo para promover el acceso a la justicia en el Pac\u00edfico nari\u00f1ense."},"content":{"rendered":"<p style=\"text-align: justify;\">En Tumaco, Nari\u00f1o, j\u00f3venes l\u00edderes y lideresas, integrantes de colectivos de comunicaciones de diferentes municipios de la costa Pac\u00edfica nari\u00f1ense se sumergen en un proceso de capacitaci\u00f3n para fortalecer habilidades period\u00edsticas y contribuir a la promoci\u00f3n del acceso a la justicia.<\/p>\n<p style=\"text-align: justify;\">Fortalecer las capacidades t\u00e9cnicas y narrativas de 20 j\u00f3venes pertenecientes a colectivos de comunicaciones del Pac\u00edfico nari\u00f1ense fue uno de los resultados esperados con la realizaci\u00f3n del proceso de formaci\u00f3n en el que las personas participantes adquirieron el compromiso de ser voceros y transmisores de informaci\u00f3n. As\u00ed mismo, este encuentro tuvo la intenci\u00f3n de promover que, a trav\u00e9s de herramientas de comunicaci\u00f3n, estos j\u00f3venes puedan fomentar cambios en la percepci\u00f3n del acceso a la justicia y brindar informaci\u00f3n sobre sus servicios en la regi\u00f3n. De manera general, esta iniciativa realizada por la Fundaci\u00f3n Desarrollo y Paz \u2013 FUNDEPAZ, con el apoyo del Programa Justicia Inclusiva de USAID, tuvo como fin capacitar a j\u00f3venes sobre el periodismo en clave de justicia.<\/p>\n<p style=\"text-align: justify;\">En la semana del 11 al 16 de diciembre de 2023 j\u00f3venes l\u00edderes y lideresas, integrantes de colectivos de comunicaci\u00f3n se capacitaron en temas de comunicaci\u00f3n y acceso a la justicia local. Foto: Fundaci\u00f3n Desarrollo y Paz<\/p>\n<p style=\"text-align: justify;\">\n<p style=\"text-align: justify;\">Periodismo en clave de justicia<\/p>\n<p style=\"text-align: justify;\">Transmitir la informaci\u00f3n y hacer periodismo es una labor que implica \u00e9tica y compromiso por la comunidad, es as\u00ed como, capacitar a j\u00f3venes de municipios de la costa Pac\u00edfica nari\u00f1ense es uno de los pilares que enmarca la iniciativa de la Fundaci\u00f3n Desarrollo y Paz, en el marco del proyecto \u201cFortalecimiento a colectivos de comunicaci\u00f3n para la co-producci\u00f3n de conocimiento que permita mejorar la confianza de la ciudadan\u00eda en el Estado Social de Derecho y la satisfacci\u00f3n con el acceso a la justicia en el departamento de Nari\u00f1o, a partir de acciones comunicativas y pedag\u00f3gicas\u201d, que se viene implementando con el apoyo del Programa Justicia Inclusiva de USAID.<\/p>\n<p style=\"text-align: justify;\">Un proyecto que inicia con la capacitaci\u00f3n a colectivos de comunicaci\u00f3n en temas relacionados con la justicia local, Justicia Ancestral Afrocolombiana y Justicia Especial Ind\u00edgena, M\u00e9todos de Resoluci\u00f3n de Conflictos, y principalmente en adquirir herramientas para hacer periodismo en clave de justicia, es decir, fortalecer las narrativas y el enfoque de comunicar temas de justicia local. Igualmente, fortalecer capacidades t\u00e9cnicas en cuanto a la redacci\u00f3n de prensa en diferentes g\u00e9neros period\u00edsticos, hacer guiones de radio y narrar la justicia a trav\u00e9s de una fotograf\u00eda.<\/p>\n<p style=\"text-align: justify;\">De otra manera, narrar la justicia local es primordial para garantizar una comunicaci\u00f3n y un conocimiento en las comunidades sobre las formas que existen de acceder a la justicia local o comunitaria, sin necesidad de llegar a instancias y despachos del sistema nacional de justicia. As\u00ed pues, Andr\u00e9s Montenegro, coordinador del proyecto liderado por Fundepaz, comenta que el objetivo de la iniciativa apoyada por el Programa Justicia Inclusiva de USAID \u201cFortalecer las capacidades t\u00e9cnicas y narrativas de los colectivos de comunicaci\u00f3n del Pac\u00edfico nari\u00f1ense, con el fin de promover una cobertura medi\u00e1tica y comunicacional de calidad y fomentar cambios en la percepci\u00f3n y acceso a la justicia en la regi\u00f3n\u201d.<\/p>\n<p style=\"text-align: justify;\">Es de resaltar que la formaci\u00f3n del periodismo en clave de justicia a trav\u00e9s de la radio y la prensa local se hace necesaria en un territorio que ha sido golpeado no solo por el conflicto armado sino por una serie de problemas de origen social. Por tanto, es muy importante resaltar los aportes y el impacto de este proceso de fortalecimiento de capacidades que promueven que las personas participantes, en su mayor\u00eda j\u00f3venes que ya realizan en su cotidianidad labores de comunicaci\u00f3n en sus territorios, tengan mayor conocimiento para comunicar la justicia local desde una mirada propia del territorio, resaltando en el contexto del Pac\u00edfico nari\u00f1ense la confianza en el Estado Social de Derecho y los mecanismos de acceso a la justicia local que tiene la sociedad civil.<\/p>\n<p style=\"text-align: justify;\">Quienes participan<\/p>\n<p style=\"text-align: justify;\">Las personas participantes de las jornadas de fortalecimiento de capacidades son mayoritariamente j\u00f3venes, entre los 15 y 28 a\u00f1os, residentes de los municipios de Barbacoas, Francisco Pizarro, Mag\u00fc\u00ed Pay\u00e1n, y de la zona urbana y rural de Tumaco. Dentro de las organizaciones y liderazgos independientes se encuentran integrantes de la Fundaci\u00f3n Arco\u00edris, Fundaci\u00f3n J\u00f3venes de mi Tierra, Fundaci\u00f3n H\u00e9rcules, J\u00f3venes reporteros comunitarios, Estudiantes de la Universidad Nacional de Colombia sede Tumaco, Semillero del colectivo Agencia de Comunicaciones del Pac\u00edfico ACOP, La Red de Colectivos de Comunicaci\u00f3n Juvenil AREDCOM, Play Tumaco y la Organizaci\u00f3n de Resguardos Ind\u00edgenas del Pueblo Aw\u00e1 del Pac\u00edfico \u2013 ORIPAP.<\/p>\n<p style=\"text-align: justify;\">A lo largo de las jornadas formativas que se realizaron de manera intensiva en 48 horas de formaci\u00f3n, quienes participaron adquirieron conocimientos claves en periodismo, t\u00e9cnicas de comunicaci\u00f3n efectiva y estrategias para abordar temas relacionados con la justicia de manera inclusiva y accesible para la comunidad. Adem\u00e1s, se enfocaron en desarrollar habilidades pr\u00e1cticas para la elaboraci\u00f3n de reportajes, entrevistas y otros formatos period\u00edsticos que sirven como herramientas efectivas para informar y sensibilizar a la poblaci\u00f3n sobre temas de justicia en el contexto del Pac\u00edfico nari\u00f1ense.<\/p>\n<p style=\"text-align: justify;\">Al respecto de la experiencia, Jhon Jairo Taic\u00fas, perteneciente al resguardo ind\u00edgena Kejuambi Feliciana de la organizaci\u00f3n ORIPAP, adscrita al municipio de Tumaco, comenta que \u201cEs un proceso muy bonito aprender frente a estos temas, porque nos lleva a los j\u00f3venes a saber temas de comunicaci\u00f3n y como interactuar frente a una entrevista, adem\u00e1s, conocimos temas sobre la justicia ind\u00edgena y Afro, esperamos que se sigan replicando los espacios para que los j\u00f3venes aprendamos a ser periodistas\u201d.<\/p>\n<p style=\"text-align: justify;\">As\u00ed como Jhon Jairo, en otra intervenci\u00f3n Alejandra Qui\u00f1ones, estudiante de la Universidad Nacional asegur\u00f3 que \u201cCon base a la comunicaci\u00f3n, me pareci\u00f3 muy significativo el proceso, ya que soy estudiante de trabajo social, y creo que estos espacios fortalecen el \u00e1rea de la comunicaci\u00f3n, c\u00f3mo saber llegarle a las personas, c\u00f3mo hablarles y qu\u00e9 lenguaje utilizar\u201d.<\/p>\n<p style=\"text-align: justify;\">Construyendo habilidades para comunicar la justicia<\/p>\n<p style=\"text-align: justify;\">La Fundaci\u00f3n Desarrollo y Paz, con el firme prop\u00f3sito de potenciar las habilidades t\u00e9cnicas de las personas participantes, lider\u00f3 un proceso formativo estructurado en seis m\u00f3dulos intensivos, cada uno con una duraci\u00f3n de 8 horas. Este esfuerzo conjunto se tradujo en una agenda integral que amalgama de manera arm\u00f3nica los componentes te\u00f3ricos y pr\u00e1cticos, delineando un camino formativo democr\u00e1tico y participativo.<\/p>\n<p style=\"text-align: justify;\">Los dos primeros m\u00f3dulos se sumergieron en el \u00e1mbito de la justicia, explorando la din\u00e1mica de la Justicia local y su integraci\u00f3n con los organismos de Justicia Local en el territorio. El tercero llev\u00f3 el enfoque hacia el periodismo como instrumento de justicia, con especial \u00e9nfasis en la perspectiva de g\u00e9nero y de diversidad sexual. A medida que avanzaba el proceso, el cuarto m\u00f3dulo se enfoc\u00f3 en la destreza esencial de la redacci\u00f3n de noticias y art\u00edculos period\u00edsticos, mientras que en el quinto se trabaj\u00f3 en la creaci\u00f3n de programas de radio y relatos orales. Finalmente, el sexto m\u00f3dulo explor\u00f3 la poderosa relaci\u00f3n entre la fotograf\u00eda y la cobertura de temas relacionados con la justicia.<\/p>\n<p style=\"text-align: justify;\">Cada m\u00f3dulo fue dise\u00f1ado para establecer una conexi\u00f3n directa con la justicia local, permitiendo una transici\u00f3n fluida de los conceptos te\u00f3ricos a la aplicaci\u00f3n pr\u00e1ctica en estudios de casos reales. La metodolog\u00eda adoptada foment\u00f3 la participaci\u00f3n activa a trav\u00e9s de ejercicios din\u00e1micos, en los que se generaron ideas y contenidos que sirvieron como base para la redacci\u00f3n de art\u00edculos de prensa, la creaci\u00f3n de programas radiales y la captura de fotograf\u00edas que permitieran transmitir una narrativa enfocada en la justicia.<\/p>\n<p style=\"text-align: justify;\">Este viaje formativo no solo se centr\u00f3 en transmitir conocimientos, sino en cultivar habilidades pr\u00e1cticas y fomentar un enfoque reflexivo y cr\u00edtico. Cada m\u00f3dulo represent\u00f3 una oportunidad para adquirir destrezas t\u00e9cnicas, tambi\u00e9n una oportunidad para transformar esas habilidades en herramientas efectivas que permitir\u00e1n a estos comunicadores y comunicadoras no solo informar, sino tambi\u00e9n inspirar y generar impacto positivo en sus comunidades.<\/p>\n<p style=\"text-align: justify;\">En cuanto a los logros, se destaca la relaci\u00f3n con las realidades del territorio, pues en el proceso se crearon contenidos enfocados a ciertas situaciones que la comunidad enfrenta. Por ejemplo, temas de acceso a la justicia en situaciones de conflicto en las poblaciones rurales y urbanas, conflictos intrafamiliares, discriminaci\u00f3n, vulneraci\u00f3n de derechos de la poblaci\u00f3n LGBTIQ+, entre otros. La intenci\u00f3n es que a trav\u00e9s del conocimiento y de la informaci\u00f3n a trav\u00e9s de medios de comunicaci\u00f3n las personas identifiquen situaciones y herramientas para resolver conflictos que ocurren en sus territorios y comunidades.<\/p>\n<p style=\"text-align: justify;\">Otro logro importante fue la construcci\u00f3n de identidad como colectivo, pues Tejiendo Voces, \u201cCanastiando en el territorio por la justicia\u201d fue el nombre y el eslogan que se defini\u00f3 para el futuro programa de Podcast que se producir\u00e1, tocando temas relacionados a la justicia local desde el contexto del Pac\u00edfico nari\u00f1ense. Como este logro se destacan tambi\u00e9n propuestas de relatos construidos por los j\u00f3venes, quienes gestaron ideas para la creaci\u00f3n de contenidos audiovisuales en estos encuentros, ideas que Fundepaz desarrollar\u00e1 junto a ellos.<\/p>\n<p style=\"text-align: justify;\">De otro modo, Jimena C\u00e1rdenas Alpala, Maestra en Artes visuales de la Universidad de Nari\u00f1o, quien acompa\u00f1\u00f3 el proceso de formaci\u00f3n desde el componente audiovisual y fotogr\u00e1fico, menciona la importancia de crear un espacio formativo enfocado en la justicia por medio de la comunicaci\u00f3n, \u201cLa fotograf\u00eda permite visibilizar los procesos que se vienen construyendo desde los diferentes espacios de comunicaci\u00f3n. De esta manera, nos muestra desde un sentir art\u00edstico el reconocimiento y las din\u00e1micas de los territorios,\u00a0 as\u00ed se fortalecen aptitudes y actitudes de j\u00f3venes que acompa\u00f1an el proceso de las comunicaciones\u201d. De esa forma, la comunicaci\u00f3n entendida como un medio para la construcci\u00f3n de justicia, se convierte en una herramienta esencial para empoderar a las comunidades locales.<\/p>\n<p style=\"text-align: justify;\">Forjando comunicadores y comunicadoras: navegando desaf\u00edos con compromiso y responsabilidad<\/p>\n<p style=\"text-align: justify;\">Ampliar el alcance de la comunicaci\u00f3n implica mucho m\u00e1s que simplemente difundir noticias; es un compromiso con la diversidad y la autenticidad de las voces locales. Durante el proceso de formaci\u00f3n, la premisa central fue cultivar comunicadores y comunicadoras con la capacidad de multiplicar mensajes de justicia que trasciendan y lleguen a diversos rincones del Pac\u00edfico nari\u00f1ense.<\/p>\n<p style=\"text-align: justify;\">Por lo tanto, estos j\u00f3venes provenientes de distintos territorios se convirtieron en portavoces de realidades a menudo invisibilizadas. Su enfoque se orienta hacia el acceso a la justicia desde perspectivas diversas, destacando la importancia de la justicia ancestral en territorios de comunidades afrocolombianas y territorios de pueblos ind\u00edgenas. Este enfoque no solo es un aprendizaje, sino una semilla que debe seguir cultiv\u00e1ndose, forjando voces multiplicadoras que promuevan la diversidad y la inclusi\u00f3n.<\/p>\n<p style=\"text-align: justify;\">Sin embargo, este camino no est\u00e1 exento de desaf\u00edos, pues estos j\u00f3venes comunicadores del Pac\u00edfico nari\u00f1ense se enfrentan a la complejidad de la informaci\u00f3n en temas judiciales, donde la necesidad de traducir conceptos jur\u00eddicos a un lenguaje accesible es primordial. Adem\u00e1s, las din\u00e1micas de conflictividad presentes en la regi\u00f3n plantean obst\u00e1culos para narrar la justicia de manera clara y precisa.<\/p>\n<p style=\"text-align: justify;\">Es as\u00ed como Yalicer Noguera, licenciada en comunicaci\u00f3n y reportera comunitaria del municipio de Francisco Pizarro, cuenta algunos desaf\u00edos a los que se enfrenta: \u201clos retos que enfrento en mi territorio son la falta de informaci\u00f3n, es decir, t\u00fa quieres hablar de un tema en espec\u00edfico, pero necesitas una entrevista para darle m\u00e1s credibilidad al tema, pero esa persona que sabe y conoce de esa tem\u00e1tica no le gusta hablar o dar esa informaci\u00f3n. Por otra parte, creo que otro desaf\u00edo es la ausencia de equipos tecnol\u00f3gicos para construir esa informaci\u00f3n para que sea emitida en un producto audiovisual.\u201d<\/p>\n<p style=\"text-align: justify;\">As\u00ed como Yalicer, algunos de los dem\u00e1s participantes comentaban sobre otros desaf\u00edos como el acceso a la informaci\u00f3n en zonas alejadas y la libertad de comunicarse sin miedo. De esta forma, convertirse en una voz aut\u00e9ntica y representativa de la comunidad es un desaf\u00edo que los j\u00f3venes han asumido con responsabilidad. Durante el proceso de formaci\u00f3n, sus reflexiones resaltaron la importancia de ser emisores de informaci\u00f3n veraz y relevante. Asimismo, reconocieron que esta responsabilidad no solo recae en ellos como individuos, sino que se extiende a la comunidad que representan.<\/p>\n<p style=\"text-align: justify;\">Ser agentes de cambio que buscan impactar positivamente en sus comunidades fue una de las conclusiones de este encuentro. Al asumir el reto de ser comunicadores y comunicadoras locales se convierten en puentes entre la informaci\u00f3n y la comunidad, trabajando incansablemente para superar barreras y construir puentes de entendimiento. La multiplicaci\u00f3n de estas voces no solo fortalece la comunicaci\u00f3n local, sino que tambi\u00e9n contribuye a tejer un entramado de historias que reflejan la riqueza y complejidad del Pac\u00edfico nari\u00f1ense y que acerca la justicia a las personas.<\/p>\n<p style=\"text-align: justify;\">Redacci\u00f3n: Fundaci\u00f3n Desarrollo y Paz \u2013 Coordinador de comunicaciones.<\/p>\n<p style=\"text-align: justify;\">\n","protected":false},"excerpt":{"rendered":"<p>En Tumaco, Nari\u00f1o, j\u00f3venes l\u00edderes y lideresas, integrantes de colectivos de comunicaciones de diferentes municipios de la costa Pac\u00edfica nari\u00f1ense se sumergen en un proceso de capacitaci\u00f3n para fortalecer habilidades period\u00edsticas y contribuir a la promoci\u00f3n del acceso a la justicia. Fortalecer las capacidades t\u00e9cnicas y narrativas de 20 j\u00f3venes pertenecientes a colectivos de comunicaciones [&hellip;]<\/p>\n","protected":false},"author":1,"featured_media":70879202446,"comment_status":"open","ping_status":"open","sticky":false,"template":"","format":"standard","meta":{"footnotes":""},"categories":[14],"tags":[],"class_list":["post-70879202445","post","type-post","status-publish","format-standard","has-post-thumbnail","hentry","category-narino-actual"],"yoast_head":"<!-- This site is optimized with the Yoast SEO plugin v27.1.1 - https:\/\/yoast.com\/product\/yoast-seo-wordpress\/ -->\n<title>Colectivos de comunicaci\u00f3n fortalecen habilidades de periodismo para promover el acceso a la justicia en el Pac\u00edfico nari\u00f1ense. | P\u00e1gina10<\/title>\n<meta name=\"robots\" content=\"index, follow, max-snippet:-1, max-image-preview:large, max-video-preview:-1\" \/>\n<link rel=\"canonical\" href=\"https:\/\/pagina10.com\/web\/colectivos-de-comunicacion-fortalecen-habilidades-de-periodismo-para-promover-el-acceso-a-la-justicia-en-el-pacifico-narinense\/\" \/>\n<meta property=\"og:locale\" content=\"es_ES\" \/>\n<meta property=\"og:type\" content=\"article\" \/>\n<meta property=\"og:title\" content=\"Colectivos de comunicaci\u00f3n fortalecen habilidades de periodismo para promover el acceso a la justicia en el Pac\u00edfico nari\u00f1ense. | P\u00e1gina10\" \/>\n<meta property=\"og:description\" content=\"En Tumaco, Nari\u00f1o, j\u00f3venes l\u00edderes y lideresas, integrantes de colectivos de comunicaciones de diferentes municipios de la costa Pac\u00edfica nari\u00f1ense se sumergen en un proceso de capacitaci\u00f3n para fortalecer habilidades period\u00edsticas y contribuir a la promoci\u00f3n del acceso a la justicia. Fortalecer las capacidades t\u00e9cnicas y narrativas de 20 j\u00f3venes pertenecientes a colectivos de comunicaciones [&hellip;]\" \/>\n<meta property=\"og:url\" content=\"https:\/\/pagina10.com\/web\/colectivos-de-comunicacion-fortalecen-habilidades-de-periodismo-para-promover-el-acceso-a-la-justicia-en-el-pacifico-narinense\/\" \/>\n<meta property=\"og:site_name\" content=\"P\u00e1gina10\" \/>\n<meta property=\"article:publisher\" content=\"https:\/\/www.facebook.com\/pag10com\" \/>\n<meta property=\"article:published_time\" content=\"2024-01-26T03:41:37+00:00\" \/>\n<meta property=\"og:image\" content=\"https:\/\/pagina10.com\/web\/wp-content\/uploads\/2024\/01\/WhatsApp-Image-2024-01-25-at-10.40.28-PM.jpeg\" \/>\n\t<meta property=\"og:image:width\" content=\"706\" \/>\n\t<meta property=\"og:image:height\" content=\"398\" \/>\n\t<meta property=\"og:image:type\" content=\"image\/jpeg\" \/>\n<meta name=\"author\" content=\"P\u00e1gina 10\" \/>\n<meta name=\"twitter:card\" content=\"summary_large_image\" \/>\n<meta name=\"twitter:creator\" content=\"@Pag10com\" \/>\n<meta name=\"twitter:site\" content=\"@Pag10com\" \/>\n<meta name=\"twitter:label1\" content=\"Escrito por\" \/>\n\t<meta name=\"twitter:data1\" content=\"P\u00e1gina 10\" \/>\n\t<meta name=\"twitter:label2\" content=\"Tiempo de lectura\" \/>\n\t<meta name=\"twitter:data2\" content=\"10 minutos\" \/>\n<script type=\"application\/ld+json\" class=\"yoast-schema-graph\">{\"@context\":\"https:\/\/schema.org\",\"@graph\":[{\"@type\":\"Article\",\"@id\":\"https:\/\/pagina10.com\/web\/colectivos-de-comunicacion-fortalecen-habilidades-de-periodismo-para-promover-el-acceso-a-la-justicia-en-el-pacifico-narinense\/#article\",\"isPartOf\":{\"@id\":\"https:\/\/pagina10.com\/web\/colectivos-de-comunicacion-fortalecen-habilidades-de-periodismo-para-promover-el-acceso-a-la-justicia-en-el-pacifico-narinense\/\"},\"author\":{\"name\":\"P\u00e1gina 10\",\"@id\":\"https:\/\/pagina10.com\/web\/#\/schema\/person\/2efc4a090d25b667d3bc796798a3a81b\"},\"headline\":\"Colectivos de comunicaci\u00f3n fortalecen habilidades de periodismo para promover el acceso a la justicia en el Pac\u00edfico nari\u00f1ense.\",\"datePublished\":\"2024-01-26T03:41:37+00:00\",\"mainEntityOfPage\":{\"@id\":\"https:\/\/pagina10.com\/web\/colectivos-de-comunicacion-fortalecen-habilidades-de-periodismo-para-promover-el-acceso-a-la-justicia-en-el-pacifico-narinense\/\"},\"wordCount\":2292,\"commentCount\":0,\"publisher\":{\"@id\":\"https:\/\/pagina10.com\/web\/#organization\"},\"image\":{\"@id\":\"https:\/\/pagina10.com\/web\/colectivos-de-comunicacion-fortalecen-habilidades-de-periodismo-para-promover-el-acceso-a-la-justicia-en-el-pacifico-narinense\/#primaryimage\"},\"thumbnailUrl\":\"https:\/\/pagina10.com\/web\/wp-content\/uploads\/2024\/01\/WhatsApp-Image-2024-01-25-at-10.40.28-PM.jpeg\",\"articleSection\":[\"Nari\u00f1o Actual\"],\"inLanguage\":\"es\",\"potentialAction\":[{\"@type\":\"CommentAction\",\"name\":\"Comment\",\"target\":[\"https:\/\/pagina10.com\/web\/colectivos-de-comunicacion-fortalecen-habilidades-de-periodismo-para-promover-el-acceso-a-la-justicia-en-el-pacifico-narinense\/#respond\"]}]},{\"@type\":\"WebPage\",\"@id\":\"https:\/\/pagina10.com\/web\/colectivos-de-comunicacion-fortalecen-habilidades-de-periodismo-para-promover-el-acceso-a-la-justicia-en-el-pacifico-narinense\/\",\"url\":\"https:\/\/pagina10.com\/web\/colectivos-de-comunicacion-fortalecen-habilidades-de-periodismo-para-promover-el-acceso-a-la-justicia-en-el-pacifico-narinense\/\",\"name\":\"Colectivos de comunicaci\u00f3n fortalecen habilidades de periodismo para promover el acceso a la justicia en el Pac\u00edfico nari\u00f1ense. | P\u00e1gina10\",\"isPartOf\":{\"@id\":\"https:\/\/pagina10.com\/web\/#website\"},\"primaryImageOfPage\":{\"@id\":\"https:\/\/pagina10.com\/web\/colectivos-de-comunicacion-fortalecen-habilidades-de-periodismo-para-promover-el-acceso-a-la-justicia-en-el-pacifico-narinense\/#primaryimage\"},\"image\":{\"@id\":\"https:\/\/pagina10.com\/web\/colectivos-de-comunicacion-fortalecen-habilidades-de-periodismo-para-promover-el-acceso-a-la-justicia-en-el-pacifico-narinense\/#primaryimage\"},\"thumbnailUrl\":\"https:\/\/pagina10.com\/web\/wp-content\/uploads\/2024\/01\/WhatsApp-Image-2024-01-25-at-10.40.28-PM.jpeg\",\"datePublished\":\"2024-01-26T03:41:37+00:00\",\"breadcrumb\":{\"@id\":\"https:\/\/pagina10.com\/web\/colectivos-de-comunicacion-fortalecen-habilidades-de-periodismo-para-promover-el-acceso-a-la-justicia-en-el-pacifico-narinense\/#breadcrumb\"},\"inLanguage\":\"es\",\"potentialAction\":[{\"@type\":\"ReadAction\",\"target\":[\"https:\/\/pagina10.com\/web\/colectivos-de-comunicacion-fortalecen-habilidades-de-periodismo-para-promover-el-acceso-a-la-justicia-en-el-pacifico-narinense\/\"]}]},{\"@type\":\"ImageObject\",\"inLanguage\":\"es\",\"@id\":\"https:\/\/pagina10.com\/web\/colectivos-de-comunicacion-fortalecen-habilidades-de-periodismo-para-promover-el-acceso-a-la-justicia-en-el-pacifico-narinense\/#primaryimage\",\"url\":\"https:\/\/pagina10.com\/web\/wp-content\/uploads\/2024\/01\/WhatsApp-Image-2024-01-25-at-10.40.28-PM.jpeg\",\"contentUrl\":\"https:\/\/pagina10.com\/web\/wp-content\/uploads\/2024\/01\/WhatsApp-Image-2024-01-25-at-10.40.28-PM.jpeg\",\"width\":706,\"height\":398},{\"@type\":\"BreadcrumbList\",\"@id\":\"https:\/\/pagina10.com\/web\/colectivos-de-comunicacion-fortalecen-habilidades-de-periodismo-para-promover-el-acceso-a-la-justicia-en-el-pacifico-narinense\/#breadcrumb\",\"itemListElement\":[{\"@type\":\"ListItem\",\"position\":1,\"name\":\"Portada\",\"item\":\"https:\/\/pagina10.com\/web\/\"},{\"@type\":\"ListItem\",\"position\":2,\"name\":\"Colectivos de comunicaci\u00f3n fortalecen habilidades de periodismo para promover el acceso a la justicia en el Pac\u00edfico nari\u00f1ense.\"}]},{\"@type\":\"WebSite\",\"@id\":\"https:\/\/pagina10.com\/web\/#website\",\"url\":\"https:\/\/pagina10.com\/web\/\",\"name\":\"P\u00e1gina10\",\"description\":\"Peri\u00f3dico Regional\",\"publisher\":{\"@id\":\"https:\/\/pagina10.com\/web\/#organization\"},\"alternateName\":\"P\u00e1gina10 Peri\u00f3dico Regional\",\"potentialAction\":[{\"@type\":\"SearchAction\",\"target\":{\"@type\":\"EntryPoint\",\"urlTemplate\":\"https:\/\/pagina10.com\/web\/?s={search_term_string}\"},\"query-input\":{\"@type\":\"PropertyValueSpecification\",\"valueRequired\":true,\"valueName\":\"search_term_string\"}}],\"inLanguage\":\"es\"},{\"@type\":\"Organization\",\"@id\":\"https:\/\/pagina10.com\/web\/#organization\",\"name\":\"P\u00e1gina10\",\"alternateName\":\"P\u00e1gina10 Peri\u00f3dico Regional\",\"url\":\"https:\/\/pagina10.com\/web\/\",\"logo\":{\"@type\":\"ImageObject\",\"inLanguage\":\"es\",\"@id\":\"https:\/\/pagina10.com\/web\/#\/schema\/logo\/image\/\",\"url\":\"https:\/\/pagina10.com\/web\/wp-content\/uploads\/2024\/01\/40-pagina-10-periodico-regional-pasto.jpg\",\"contentUrl\":\"https:\/\/pagina10.com\/web\/wp-content\/uploads\/2024\/01\/40-pagina-10-periodico-regional-pasto.jpg\",\"width\":1280,\"height\":720,\"caption\":\"P\u00e1gina10\"},\"image\":{\"@id\":\"https:\/\/pagina10.com\/web\/#\/schema\/logo\/image\/\"},\"sameAs\":[\"https:\/\/www.facebook.com\/pag10com\",\"https:\/\/x.com\/Pag10com\",\"https:\/\/www.instagram.com\/pagina10col\/\",\"https:\/\/youtube.com\/channel\/pag10\",\"https:\/\/www.tiktok.com\/@p10col\"]},{\"@type\":\"Person\",\"@id\":\"https:\/\/pagina10.com\/web\/#\/schema\/person\/2efc4a090d25b667d3bc796798a3a81b\",\"name\":\"P\u00e1gina 10\",\"description\":\"P\u00e1gina 10 es un peri\u00f3dico regional que nace en Colombia, en el departamento de Nari\u00f1o, con un enfoque global, fundamentado en cuatro pilares esenciales: la libertad, el pluralismo, la inclusi\u00f3n y la independencia. P\u00e1gina 10 hace referencia a Nari\u00f1o como el d\u00e9cimo departamento creado en Colombia, despu\u00e9s de un proceso pol\u00edtico liderado por actores y actrices regionales con el fin de obtener la independencia y autonom\u00eda de nuestros territorios. Con la creaci\u00f3n de P\u00e1gina 10 se pretende abrir un escenario para el dialogo, la reflexi\u00f3n y el debate que se extienda a otras geograf\u00edas de Am\u00e9rica Latina y del planeta, en una apuesta por transformar colectivamente los desaf\u00edos de un mundo contempor\u00e1neo, m\u00e1s all\u00e1 de las fronteras impuestas.\",\"url\":\"https:\/\/pagina10.com\/web\/author\/pdiezadmin\/\"}]}<\/script>\n<!-- \/ Yoast SEO plugin. -->","yoast_head_json":{"title":"Colectivos de comunicaci\u00f3n fortalecen habilidades de periodismo para promover el acceso a la justicia en el Pac\u00edfico nari\u00f1ense. | P\u00e1gina10","robots":{"index":"index","follow":"follow","max-snippet":"max-snippet:-1","max-image-preview":"max-image-preview:large","max-video-preview":"max-video-preview:-1"},"canonical":"https:\/\/pagina10.com\/web\/colectivos-de-comunicacion-fortalecen-habilidades-de-periodismo-para-promover-el-acceso-a-la-justicia-en-el-pacifico-narinense\/","og_locale":"es_ES","og_type":"article","og_title":"Colectivos de comunicaci\u00f3n fortalecen habilidades de periodismo para promover el acceso a la justicia en el Pac\u00edfico nari\u00f1ense. | P\u00e1gina10","og_description":"En Tumaco, Nari\u00f1o, j\u00f3venes l\u00edderes y lideresas, integrantes de colectivos de comunicaciones de diferentes municipios de la costa Pac\u00edfica nari\u00f1ense se sumergen en un proceso de capacitaci\u00f3n para fortalecer habilidades period\u00edsticas y contribuir a la promoci\u00f3n del acceso a la justicia. Fortalecer las capacidades t\u00e9cnicas y narrativas de 20 j\u00f3venes pertenecientes a colectivos de comunicaciones [&hellip;]","og_url":"https:\/\/pagina10.com\/web\/colectivos-de-comunicacion-fortalecen-habilidades-de-periodismo-para-promover-el-acceso-a-la-justicia-en-el-pacifico-narinense\/","og_site_name":"P\u00e1gina10","article_publisher":"https:\/\/www.facebook.com\/pag10com","article_published_time":"2024-01-26T03:41:37+00:00","og_image":[{"width":706,"height":398,"url":"https:\/\/pagina10.com\/web\/wp-content\/uploads\/2024\/01\/WhatsApp-Image-2024-01-25-at-10.40.28-PM.jpeg","type":"image\/jpeg"}],"author":"P\u00e1gina 10","twitter_card":"summary_large_image","twitter_creator":"@Pag10com","twitter_site":"@Pag10com","twitter_misc":{"Escrito por":"P\u00e1gina 10","Tiempo de lectura":"10 minutos"},"schema":{"@context":"https:\/\/schema.org","@graph":[{"@type":"Article","@id":"https:\/\/pagina10.com\/web\/colectivos-de-comunicacion-fortalecen-habilidades-de-periodismo-para-promover-el-acceso-a-la-justicia-en-el-pacifico-narinense\/#article","isPartOf":{"@id":"https:\/\/pagina10.com\/web\/colectivos-de-comunicacion-fortalecen-habilidades-de-periodismo-para-promover-el-acceso-a-la-justicia-en-el-pacifico-narinense\/"},"author":{"name":"P\u00e1gina 10","@id":"https:\/\/pagina10.com\/web\/#\/schema\/person\/2efc4a090d25b667d3bc796798a3a81b"},"headline":"Colectivos de comunicaci\u00f3n fortalecen habilidades de periodismo para promover el acceso a la justicia en el Pac\u00edfico nari\u00f1ense.","datePublished":"2024-01-26T03:41:37+00:00","mainEntityOfPage":{"@id":"https:\/\/pagina10.com\/web\/colectivos-de-comunicacion-fortalecen-habilidades-de-periodismo-para-promover-el-acceso-a-la-justicia-en-el-pacifico-narinense\/"},"wordCount":2292,"commentCount":0,"publisher":{"@id":"https:\/\/pagina10.com\/web\/#organization"},"image":{"@id":"https:\/\/pagina10.com\/web\/colectivos-de-comunicacion-fortalecen-habilidades-de-periodismo-para-promover-el-acceso-a-la-justicia-en-el-pacifico-narinense\/#primaryimage"},"thumbnailUrl":"https:\/\/pagina10.com\/web\/wp-content\/uploads\/2024\/01\/WhatsApp-Image-2024-01-25-at-10.40.28-PM.jpeg","articleSection":["Nari\u00f1o Actual"],"inLanguage":"es","potentialAction":[{"@type":"CommentAction","name":"Comment","target":["https:\/\/pagina10.com\/web\/colectivos-de-comunicacion-fortalecen-habilidades-de-periodismo-para-promover-el-acceso-a-la-justicia-en-el-pacifico-narinense\/#respond"]}]},{"@type":"WebPage","@id":"https:\/\/pagina10.com\/web\/colectivos-de-comunicacion-fortalecen-habilidades-de-periodismo-para-promover-el-acceso-a-la-justicia-en-el-pacifico-narinense\/","url":"https:\/\/pagina10.com\/web\/colectivos-de-comunicacion-fortalecen-habilidades-de-periodismo-para-promover-el-acceso-a-la-justicia-en-el-pacifico-narinense\/","name":"Colectivos de comunicaci\u00f3n fortalecen habilidades de periodismo para promover el acceso a la justicia en el Pac\u00edfico nari\u00f1ense. | P\u00e1gina10","isPartOf":{"@id":"https:\/\/pagina10.com\/web\/#website"},"primaryImageOfPage":{"@id":"https:\/\/pagina10.com\/web\/colectivos-de-comunicacion-fortalecen-habilidades-de-periodismo-para-promover-el-acceso-a-la-justicia-en-el-pacifico-narinense\/#primaryimage"},"image":{"@id":"https:\/\/pagina10.com\/web\/colectivos-de-comunicacion-fortalecen-habilidades-de-periodismo-para-promover-el-acceso-a-la-justicia-en-el-pacifico-narinense\/#primaryimage"},"thumbnailUrl":"https:\/\/pagina10.com\/web\/wp-content\/uploads\/2024\/01\/WhatsApp-Image-2024-01-25-at-10.40.28-PM.jpeg","datePublished":"2024-01-26T03:41:37+00:00","breadcrumb":{"@id":"https:\/\/pagina10.com\/web\/colectivos-de-comunicacion-fortalecen-habilidades-de-periodismo-para-promover-el-acceso-a-la-justicia-en-el-pacifico-narinense\/#breadcrumb"},"inLanguage":"es","potentialAction":[{"@type":"ReadAction","target":["https:\/\/pagina10.com\/web\/colectivos-de-comunicacion-fortalecen-habilidades-de-periodismo-para-promover-el-acceso-a-la-justicia-en-el-pacifico-narinense\/"]}]},{"@type":"ImageObject","inLanguage":"es","@id":"https:\/\/pagina10.com\/web\/colectivos-de-comunicacion-fortalecen-habilidades-de-periodismo-para-promover-el-acceso-a-la-justicia-en-el-pacifico-narinense\/#primaryimage","url":"https:\/\/pagina10.com\/web\/wp-content\/uploads\/2024\/01\/WhatsApp-Image-2024-01-25-at-10.40.28-PM.jpeg","contentUrl":"https:\/\/pagina10.com\/web\/wp-content\/uploads\/2024\/01\/WhatsApp-Image-2024-01-25-at-10.40.28-PM.jpeg","width":706,"height":398},{"@type":"BreadcrumbList","@id":"https:\/\/pagina10.com\/web\/colectivos-de-comunicacion-fortalecen-habilidades-de-periodismo-para-promover-el-acceso-a-la-justicia-en-el-pacifico-narinense\/#breadcrumb","itemListElement":[{"@type":"ListItem","position":1,"name":"Portada","item":"https:\/\/pagina10.com\/web\/"},{"@type":"ListItem","position":2,"name":"Colectivos de comunicaci\u00f3n fortalecen habilidades de periodismo para promover el acceso a la justicia en el Pac\u00edfico nari\u00f1ense."}]},{"@type":"WebSite","@id":"https:\/\/pagina10.com\/web\/#website","url":"https:\/\/pagina10.com\/web\/","name":"P\u00e1gina10","description":"Peri\u00f3dico Regional","publisher":{"@id":"https:\/\/pagina10.com\/web\/#organization"},"alternateName":"P\u00e1gina10 Peri\u00f3dico Regional","potentialAction":[{"@type":"SearchAction","target":{"@type":"EntryPoint","urlTemplate":"https:\/\/pagina10.com\/web\/?s={search_term_string}"},"query-input":{"@type":"PropertyValueSpecification","valueRequired":true,"valueName":"search_term_string"}}],"inLanguage":"es"},{"@type":"Organization","@id":"https:\/\/pagina10.com\/web\/#organization","name":"P\u00e1gina10","alternateName":"P\u00e1gina10 Peri\u00f3dico Regional","url":"https:\/\/pagina10.com\/web\/","logo":{"@type":"ImageObject","inLanguage":"es","@id":"https:\/\/pagina10.com\/web\/#\/schema\/logo\/image\/","url":"https:\/\/pagina10.com\/web\/wp-content\/uploads\/2024\/01\/40-pagina-10-periodico-regional-pasto.jpg","contentUrl":"https:\/\/pagina10.com\/web\/wp-content\/uploads\/2024\/01\/40-pagina-10-periodico-regional-pasto.jpg","width":1280,"height":720,"caption":"P\u00e1gina10"},"image":{"@id":"https:\/\/pagina10.com\/web\/#\/schema\/logo\/image\/"},"sameAs":["https:\/\/www.facebook.com\/pag10com","https:\/\/x.com\/Pag10com","https:\/\/www.instagram.com\/pagina10col\/","https:\/\/youtube.com\/channel\/pag10","https:\/\/www.tiktok.com\/@p10col"]},{"@type":"Person","@id":"https:\/\/pagina10.com\/web\/#\/schema\/person\/2efc4a090d25b667d3bc796798a3a81b","name":"P\u00e1gina 10","description":"P\u00e1gina 10 es un peri\u00f3dico regional que nace en Colombia, en el departamento de Nari\u00f1o, con un enfoque global, fundamentado en cuatro pilares esenciales: la libertad, el pluralismo, la inclusi\u00f3n y la independencia. P\u00e1gina 10 hace referencia a Nari\u00f1o como el d\u00e9cimo departamento creado en Colombia, despu\u00e9s de un proceso pol\u00edtico liderado por actores y actrices regionales con el fin de obtener la independencia y autonom\u00eda de nuestros territorios. Con la creaci\u00f3n de P\u00e1gina 10 se pretende abrir un escenario para el dialogo, la reflexi\u00f3n y el debate que se extienda a otras geograf\u00edas de Am\u00e9rica Latina y del planeta, en una apuesta por transformar colectivamente los desaf\u00edos de un mundo contempor\u00e1neo, m\u00e1s all\u00e1 de las fronteras impuestas.","url":"https:\/\/pagina10.com\/web\/author\/pdiezadmin\/"}]}},"_links":{"self":[{"href":"https:\/\/pagina10.com\/web\/wp-json\/wp\/v2\/posts\/70879202445","targetHints":{"allow":["GET"]}}],"collection":[{"href":"https:\/\/pagina10.com\/web\/wp-json\/wp\/v2\/posts"}],"about":[{"href":"https:\/\/pagina10.com\/web\/wp-json\/wp\/v2\/types\/post"}],"author":[{"embeddable":true,"href":"https:\/\/pagina10.com\/web\/wp-json\/wp\/v2\/users\/1"}],"replies":[{"embeddable":true,"href":"https:\/\/pagina10.com\/web\/wp-json\/wp\/v2\/comments?post=70879202445"}],"version-history":[{"count":1,"href":"https:\/\/pagina10.com\/web\/wp-json\/wp\/v2\/posts\/70879202445\/revisions"}],"predecessor-version":[{"id":70879202447,"href":"https:\/\/pagina10.com\/web\/wp-json\/wp\/v2\/posts\/70879202445\/revisions\/70879202447"}],"wp:featuredmedia":[{"embeddable":true,"href":"https:\/\/pagina10.com\/web\/wp-json\/wp\/v2\/media\/70879202446"}],"wp:attachment":[{"href":"https:\/\/pagina10.com\/web\/wp-json\/wp\/v2\/media?parent=70879202445"}],"wp:term":[{"taxonomy":"category","embeddable":true,"href":"https:\/\/pagina10.com\/web\/wp-json\/wp\/v2\/categories?post=70879202445"},{"taxonomy":"post_tag","embeddable":true,"href":"https:\/\/pagina10.com\/web\/wp-json\/wp\/v2\/tags?post=70879202445"}],"curies":[{"name":"wp","href":"https:\/\/api.w.org\/{rel}","templated":true}]}}