{"id":70879202448,"date":"2024-01-25T22:43:53","date_gmt":"2024-01-26T03:43:53","guid":{"rendered":"https:\/\/pagina10.com\/web\/?p=70879202448"},"modified":"2024-01-25T22:43:53","modified_gmt":"2024-01-26T03:43:53","slug":"mediadores-escolares-en-accion-transformando-la-convivencia-en-la-i-e-general-santander-del-municipio-de-tumaco-narino","status":"publish","type":"post","link":"https:\/\/pagina10.com\/web\/mediadores-escolares-en-accion-transformando-la-convivencia-en-la-i-e-general-santander-del-municipio-de-tumaco-narino\/","title":{"rendered":"Mediadores escolares en acci\u00f3n: transformando la convivencia en la I.E. General Santander del municipio de Tumaco, Nari\u00f1o"},"content":{"rendered":"<p style=\"text-align: justify;\"><strong><em>El poder de la mediaci\u00f3n escolar como herramienta para construir un ambiente educativo sano ha permitido que, los estudiantes de la Instituci\u00f3n Educativa General Santander del municipio de Tumaco, Nari\u00f1o, mejoren la convivencia y la resoluci\u00f3n de conflictos a trav\u00e9s del di\u00e1logo.<\/em><\/strong><\/p>\n<p style=\"text-align: justify;\"><em>En la Instituci\u00f3n Educativa General Santander, un innovador programa est\u00e1 tomando protagonismo en la formaci\u00f3n integral de sus estudiantes. La implementaci\u00f3n de mediadores escolares ha abierto un camino hacia la resoluci\u00f3n pac\u00edfica de conflictos, promoviendo un ambiente de convivencia positiva que trasciende las aulas de clase. Este enfoque no solo busca resolver conflictos, sino tambi\u00e9n cultivar habilidades de comunicaci\u00f3n y empat\u00eda entre los j\u00f3venes, abriendo el camino para un aprendizaje m\u00e1s significativo.<\/em><\/p>\n<p style=\"text-align: justify;\">En la Instituci\u00f3n Educativa General Santander la figura del mediador escolar se ha convertido en un pilar esencial para la gesti\u00f3n de las relaciones entre estudiantes. Este proceso, que va m\u00e1s all\u00e1 de simplemente solucionar conflictos, se enfoca en dotar a los j\u00f3venes con herramientas que les permitan afrontar desaf\u00edos sociales de manera constructiva. A trav\u00e9s de la mediaci\u00f3n, se fomenta la responsabilidad, el respeto y la comprensi\u00f3n mutua, cimentando las bases para un entorno educativo enriquecedor.<\/p>\n<p style=\"text-align: justify;\"><strong><em>\u00bfQu\u00e9 es la Mediaci\u00f3n Escolar?<\/em><\/strong><\/p>\n<p style=\"text-align: justify;\">La Mediaci\u00f3n Escolar es una estrategia pedag\u00f3gica que busca la resoluci\u00f3n de conflictos escolares, desde un proceso de aprendizaje, a partir de relaciones igualitarias que permitan el reconocimiento de la diferencia y el respeto por el otro. Asimismo, hace parte de la Caja de herramientas de Mecanismo de Resoluci\u00f3n de Conflictos (MRC) del Ministerio de Justicia y del Derecho. Cabe aclarar que este mecanismo permite mediar situaciones de tipo I, que seg\u00fan la ley 1620 de 2013, corresponde a conflictos manejados inadecuadamente y situaciones espor\u00e1dicas que inciden negativamente en el clima escolar, y que en ning\u00fan caso generan da\u00f1os al cuerpo o a la salud.<\/p>\n<p style=\"text-align: justify;\">En palabras de la docente Cruz Mar\u00eda Burbano, <em>\u201cla mediaci\u00f3n escolar ayuda a intervenir en un conflicto entre dos o m\u00e1s estudiantes, donde un tercero evita que el conflicto llegue a la violencia\u201d. <\/em>De esta manera, este mecanismo de resoluci\u00f3n de conflictos ha permitido a la comunidad educativa mejorar las condiciones para docentes y estudiantes, sin dejar de lado a padres de familia y a la comunidad en general.<\/p>\n<p style=\"text-align: justify;\"><strong><em>Formaci\u00f3n de mediadores escolares<\/em><\/strong><\/p>\n<p style=\"text-align: justify;\">La formaci\u00f3n de mediadores escolares en esta instituci\u00f3n educativa cont\u00f3 con el apoyo del Programa Justicia Inclusiva de USAID. Seg\u00fan la docente Cruz Mar\u00eda Burbano, se han intervenido 6 colegios aproximadamente, en donde hacen presencia 6 docentes. Dentro de ese grupo se encuentran rectores, psic\u00f3logas y coordinadores que han tenido 5 talleres en los que se ha implantado la formaci\u00f3n de mediaci\u00f3n escolar.<\/p>\n<p style=\"text-align: justify;\">Posteriormente, los talleres han sido llevados a estudiantes de las instituciones. Puntualmente en la Instituci\u00f3n Educativa General Santander, desde el mes de abril del a\u00f1o 2023, se inici\u00f3 con la formaci\u00f3n a docentes y estudiantes. Para el caso de los estudiantes han sido 4 talleres los que se han realizado. Esto con la finalidad de mejorar el clima escolar, prevenir la escalada de conflictos violentos, reconocer al otro como ser v\u00e1lido y cambiar la percepci\u00f3n del conflicto como algo que se debe evitar.<\/p>\n<p style=\"text-align: justify;\"><strong><em>Experiencias en la I.E. General Santander<\/em><\/strong><\/p>\n<p style=\"text-align: justify;\">La Instituci\u00f3n Educativa General Santander est\u00e1 ubicada en el barrio Panam\u00e1, en el municipio de Tumaco, Nari\u00f1o. Esta instituci\u00f3n ha tenido inconvenientes por las din\u00e1micas de violencia del sector, es por eso que la formaci\u00f3n de docentes y estudiantes de la instituci\u00f3n ha permitido que se trabaje en torno a la resoluci\u00f3n de conflictos, mejorando los indicadores de disciplina y comportamiento de los estudiantes.<\/p>\n<p style=\"text-align: justify;\">La docente Cruz Mar\u00eda Burbano, que ha liderado desde hace muchos a\u00f1os el proceso de mediaci\u00f3n escolar, comenta que en los \u00faltimos a\u00f1os con el apoyo del Programa Justicia Inclusiva se han logrado buenos resultados para la instituci\u00f3n. Ella asegura que han sido ganadores de un concurso de mediaci\u00f3n escolar en el municipio de Tumaco, por tener actividades de mediaci\u00f3n escolar que son ejemplo para otras instituciones. Asimismo, puntualiza que \u201c<em>lo m\u00e1s valioso es la disminuci\u00f3n de \u00edndices de violencia, ya que la instituci\u00f3n queda cerca varios barrios donde converge la violencia\u201d. Cruz <\/em>enfatiza sobre que trabajar en la prevenci\u00f3n de la violencia es una bandera importante que permite la mediaci\u00f3n. Adem\u00e1s, se trabaja en la inclusi\u00f3n y en que en cada aula de clase los mediadores escolares potencialicen su papel en la resoluci\u00f3n de conflictos.<\/p>\n<p style=\"text-align: justify;\">Por otro lado, en di\u00e1logos con la docente de ciencias naturales, Mariana Cort\u00e9s Portocarrero, ella destaca la eficacia del programa de mediadores escolares: &#8220;<em>hemos observado una disminuci\u00f3n significativa en conflictos que anteriormente podr\u00edan haber escalado. Los mediadores no solo ofrecen soluciones, sino que tambi\u00e9n fomentan un di\u00e1logo abierto y constructivo\u201d;<\/em> se\u00f1ala la docente, resaltando la importancia de la iniciativa en la formaci\u00f3n integral de los estudiantes. Sumado a lo anterior, acota que la formaci\u00f3n de docentes y estudiantes ha sido una experiencia que motiva para seguir implementando el proceso durante el nuevo a\u00f1o escolar 2024.<\/p>\n<p style=\"text-align: justify;\">Es as\u00ed como, algunos estudiantes que recibieron la formaci\u00f3n hacen afirmaciones como esta: <em>&#8220;al principio, no estaba segura de c\u00f3mo abordar las situaciones dif\u00edciles, pero ahora siento que puedo ayudar a mis compa\u00f1eros a encontrar soluciones. Me gusta ayudar a solucionar los conflictos de mis compa\u00f1eros\u201d<\/em>. Por otra parte, la docente Cruz Mar\u00eda comenta que algunos estudiantes han representado a la instituci\u00f3n en otros espacios, por ejemplo, en la Casa de la memoria de Tumaco, en donde los mismos estudiantes se apropian de los conceptos de la mediaci\u00f3n escolar, realizan dramatizados y diferentes actividades que deben seguir replic\u00e1ndose.<\/p>\n<p style=\"text-align: justify;\"><strong><em>Impacto en la comunidad educativa<\/em><\/strong><\/p>\n<p style=\"text-align: justify;\">La presencia de mediadores escolares ha dejado una huella en la din\u00e1mica diaria de la instituci\u00f3n. Desde la reducci\u00f3n de incidentes conflictivos hasta la promoci\u00f3n de un clima de respeto, la comunidad educativa experimenta un cambio positivo. Los estudiantes, al asumir roles activos como mediadores, desarrollan habilidades de liderazgo y resoluci\u00f3n de problemas que trascienden su vida acad\u00e9mica, prepar\u00e1ndolos para enfrentar los desaf\u00edos del territorio.<\/p>\n<p style=\"text-align: justify;\">La docente Mariana Cort\u00e9s Portocarrero menciona que \u201c<em>Hay un impacto positivo, por ejemplo, est\u00e1 el caso de dos estudiantes de grado octavo, el cambio en el comportamiento ha sido notorio, ellos ahora colaboran, est\u00e1n pendientes, se siente un cambio\u201d. As\u00ed mismo, <\/em>puntualiza que al inicio hab\u00eda un conflicto sobre por qu\u00e9 los estudiantes que eran m\u00e1s conflictivos van a ser mediadores, pero se demostr\u00f3 que el cambio fue positivo en su comportamiento y se gener\u00f3 un liderazgo en la resoluci\u00f3n de conflictos.<\/p>\n<p style=\"text-align: justify;\">De forma general, el impacto en la comunidad educativa se evidencia en la disminuci\u00f3n de peleas, a la salida del colegio pues no se generan conflictos, tambi\u00e9n se evidencia en la percepci\u00f3n de cambios positivos, puntualiza la docente Cruz Mar\u00eda Burbano. Por otro lado, menciona que la exigencia de los estudiantes y la presentaci\u00f3n escolar han mejorado. Por su parte, los padres de familia han sido muy receptivos con el proceso, y cada vez son m\u00e1s lo que quieren que sus hijos hagan parte de la mediaci\u00f3n escolar.<\/p>\n<p style=\"text-align: justify;\"><strong><em>Visi\u00f3n a futuro<\/em><\/strong><\/p>\n<p style=\"text-align: justify;\">El impacto positivo de los mediadores escolares en la I.E. General Santander se proyecta hacia el futuro. El programa busca estimular en los estudiantes el ser ciudadanos conscientes y emp\u00e1ticos. Al promover una cultura de mediaci\u00f3n, la instituci\u00f3n sienta las bases para la continuidad en generaci\u00f3n futuras.<\/p>\n<p style=\"text-align: justify;\">La docente Cruz Mar\u00eda cuenta que \u201c<em>Esperamos que contin\u00fae, ya que se capacitaron otros profesores, se han motivado en el proceso, los padres de familia tambi\u00e9n agradecen porque es algo que impacta en los hogares, y la misi\u00f3n es realizar actividades que logre cero violencias en la instituci\u00f3n\u201d. <\/em>Como la profesora Cruz Mar\u00eda, los dem\u00e1s docentes que hacen parte del proceso apuestan por la mediaci\u00f3n escolar como una herramienta de empoderamiento, creando una comunidad educativa y una sociedad m\u00e1s unida, m\u00e1s respetuosa y m\u00e1s pac\u00edfica.<\/p>\n<p style=\"text-align: justify;\"><em>Redacci\u00f3n: Fundaci\u00f3n Desarrollo y Paz \u2013 \u00a0FUNDEPAZ<\/em><\/p>\n","protected":false},"excerpt":{"rendered":"<p>El poder de la mediaci\u00f3n escolar como herramienta para construir un ambiente educativo sano ha permitido que, los estudiantes de la Instituci\u00f3n Educativa General Santander del municipio de Tumaco, Nari\u00f1o, mejoren la convivencia y la resoluci\u00f3n de conflictos a trav\u00e9s del di\u00e1logo. En la Instituci\u00f3n Educativa General Santander, un innovador programa est\u00e1 tomando protagonismo en [&hellip;]<\/p>\n","protected":false},"author":1,"featured_media":70879202449,"comment_status":"open","ping_status":"open","sticky":false,"template":"","format":"standard","meta":{"footnotes":""},"categories":[14],"tags":[],"class_list":["post-70879202448","post","type-post","status-publish","format-standard","has-post-thumbnail","hentry","category-narino-actual"],"yoast_head":"<!-- This site is optimized with the Yoast SEO plugin v27.1.1 - https:\/\/yoast.com\/product\/yoast-seo-wordpress\/ -->\n<title>Mediadores escolares en acci\u00f3n: transformando la convivencia en la I.E. General Santander del municipio de Tumaco, Nari\u00f1o | P\u00e1gina10<\/title>\n<meta name=\"robots\" content=\"index, follow, max-snippet:-1, max-image-preview:large, max-video-preview:-1\" \/>\n<link rel=\"canonical\" href=\"https:\/\/pagina10.com\/web\/mediadores-escolares-en-accion-transformando-la-convivencia-en-la-i-e-general-santander-del-municipio-de-tumaco-narino\/\" \/>\n<meta property=\"og:locale\" content=\"es_ES\" \/>\n<meta property=\"og:type\" content=\"article\" \/>\n<meta property=\"og:title\" content=\"Mediadores escolares en acci\u00f3n: transformando la convivencia en la I.E. General Santander del municipio de Tumaco, Nari\u00f1o | P\u00e1gina10\" \/>\n<meta property=\"og:description\" content=\"El poder de la mediaci\u00f3n escolar como herramienta para construir un ambiente educativo sano ha permitido que, los estudiantes de la Instituci\u00f3n Educativa General Santander del municipio de Tumaco, Nari\u00f1o, mejoren la convivencia y la resoluci\u00f3n de conflictos a trav\u00e9s del di\u00e1logo. En la Instituci\u00f3n Educativa General Santander, un innovador programa est\u00e1 tomando protagonismo en [&hellip;]\" \/>\n<meta property=\"og:url\" content=\"https:\/\/pagina10.com\/web\/mediadores-escolares-en-accion-transformando-la-convivencia-en-la-i-e-general-santander-del-municipio-de-tumaco-narino\/\" \/>\n<meta property=\"og:site_name\" content=\"P\u00e1gina10\" \/>\n<meta property=\"article:publisher\" content=\"https:\/\/www.facebook.com\/pag10com\" \/>\n<meta property=\"article:published_time\" content=\"2024-01-26T03:43:53+00:00\" \/>\n<meta property=\"og:image\" content=\"https:\/\/pagina10.com\/web\/wp-content\/uploads\/2024\/01\/WhatsApp-Image-2024-01-25-at-4.04.28-PM.jpeg\" \/>\n\t<meta property=\"og:image:width\" content=\"1600\" \/>\n\t<meta property=\"og:image:height\" content=\"1200\" \/>\n\t<meta property=\"og:image:type\" content=\"image\/jpeg\" \/>\n<meta name=\"author\" content=\"P\u00e1gina 10\" \/>\n<meta name=\"twitter:card\" content=\"summary_large_image\" \/>\n<meta name=\"twitter:creator\" content=\"@Pag10com\" \/>\n<meta name=\"twitter:site\" content=\"@Pag10com\" \/>\n<meta name=\"twitter:label1\" content=\"Escrito por\" \/>\n\t<meta name=\"twitter:data1\" content=\"P\u00e1gina 10\" \/>\n\t<meta name=\"twitter:label2\" content=\"Tiempo de lectura\" \/>\n\t<meta name=\"twitter:data2\" content=\"7 minutos\" \/>\n<script type=\"application\/ld+json\" class=\"yoast-schema-graph\">{\"@context\":\"https:\/\/schema.org\",\"@graph\":[{\"@type\":\"Article\",\"@id\":\"https:\/\/pagina10.com\/web\/mediadores-escolares-en-accion-transformando-la-convivencia-en-la-i-e-general-santander-del-municipio-de-tumaco-narino\/#article\",\"isPartOf\":{\"@id\":\"https:\/\/pagina10.com\/web\/mediadores-escolares-en-accion-transformando-la-convivencia-en-la-i-e-general-santander-del-municipio-de-tumaco-narino\/\"},\"author\":{\"name\":\"P\u00e1gina 10\",\"@id\":\"https:\/\/pagina10.com\/web\/#\/schema\/person\/2efc4a090d25b667d3bc796798a3a81b\"},\"headline\":\"Mediadores escolares en acci\u00f3n: transformando la convivencia en la I.E. General Santander del municipio de Tumaco, Nari\u00f1o\",\"datePublished\":\"2024-01-26T03:43:53+00:00\",\"mainEntityOfPage\":{\"@id\":\"https:\/\/pagina10.com\/web\/mediadores-escolares-en-accion-transformando-la-convivencia-en-la-i-e-general-santander-del-municipio-de-tumaco-narino\/\"},\"wordCount\":1444,\"commentCount\":0,\"publisher\":{\"@id\":\"https:\/\/pagina10.com\/web\/#organization\"},\"image\":{\"@id\":\"https:\/\/pagina10.com\/web\/mediadores-escolares-en-accion-transformando-la-convivencia-en-la-i-e-general-santander-del-municipio-de-tumaco-narino\/#primaryimage\"},\"thumbnailUrl\":\"https:\/\/pagina10.com\/web\/wp-content\/uploads\/2024\/01\/WhatsApp-Image-2024-01-25-at-4.04.28-PM.jpeg\",\"articleSection\":[\"Nari\u00f1o Actual\"],\"inLanguage\":\"es\",\"potentialAction\":[{\"@type\":\"CommentAction\",\"name\":\"Comment\",\"target\":[\"https:\/\/pagina10.com\/web\/mediadores-escolares-en-accion-transformando-la-convivencia-en-la-i-e-general-santander-del-municipio-de-tumaco-narino\/#respond\"]}]},{\"@type\":\"WebPage\",\"@id\":\"https:\/\/pagina10.com\/web\/mediadores-escolares-en-accion-transformando-la-convivencia-en-la-i-e-general-santander-del-municipio-de-tumaco-narino\/\",\"url\":\"https:\/\/pagina10.com\/web\/mediadores-escolares-en-accion-transformando-la-convivencia-en-la-i-e-general-santander-del-municipio-de-tumaco-narino\/\",\"name\":\"Mediadores escolares en acci\u00f3n: transformando la convivencia en la I.E. General Santander del municipio de Tumaco, Nari\u00f1o | P\u00e1gina10\",\"isPartOf\":{\"@id\":\"https:\/\/pagina10.com\/web\/#website\"},\"primaryImageOfPage\":{\"@id\":\"https:\/\/pagina10.com\/web\/mediadores-escolares-en-accion-transformando-la-convivencia-en-la-i-e-general-santander-del-municipio-de-tumaco-narino\/#primaryimage\"},\"image\":{\"@id\":\"https:\/\/pagina10.com\/web\/mediadores-escolares-en-accion-transformando-la-convivencia-en-la-i-e-general-santander-del-municipio-de-tumaco-narino\/#primaryimage\"},\"thumbnailUrl\":\"https:\/\/pagina10.com\/web\/wp-content\/uploads\/2024\/01\/WhatsApp-Image-2024-01-25-at-4.04.28-PM.jpeg\",\"datePublished\":\"2024-01-26T03:43:53+00:00\",\"breadcrumb\":{\"@id\":\"https:\/\/pagina10.com\/web\/mediadores-escolares-en-accion-transformando-la-convivencia-en-la-i-e-general-santander-del-municipio-de-tumaco-narino\/#breadcrumb\"},\"inLanguage\":\"es\",\"potentialAction\":[{\"@type\":\"ReadAction\",\"target\":[\"https:\/\/pagina10.com\/web\/mediadores-escolares-en-accion-transformando-la-convivencia-en-la-i-e-general-santander-del-municipio-de-tumaco-narino\/\"]}]},{\"@type\":\"ImageObject\",\"inLanguage\":\"es\",\"@id\":\"https:\/\/pagina10.com\/web\/mediadores-escolares-en-accion-transformando-la-convivencia-en-la-i-e-general-santander-del-municipio-de-tumaco-narino\/#primaryimage\",\"url\":\"https:\/\/pagina10.com\/web\/wp-content\/uploads\/2024\/01\/WhatsApp-Image-2024-01-25-at-4.04.28-PM.jpeg\",\"contentUrl\":\"https:\/\/pagina10.com\/web\/wp-content\/uploads\/2024\/01\/WhatsApp-Image-2024-01-25-at-4.04.28-PM.jpeg\",\"width\":1600,\"height\":1200},{\"@type\":\"BreadcrumbList\",\"@id\":\"https:\/\/pagina10.com\/web\/mediadores-escolares-en-accion-transformando-la-convivencia-en-la-i-e-general-santander-del-municipio-de-tumaco-narino\/#breadcrumb\",\"itemListElement\":[{\"@type\":\"ListItem\",\"position\":1,\"name\":\"Portada\",\"item\":\"https:\/\/pagina10.com\/web\/\"},{\"@type\":\"ListItem\",\"position\":2,\"name\":\"Mediadores escolares en acci\u00f3n: transformando la convivencia en la I.E. General Santander del municipio de Tumaco, Nari\u00f1o\"}]},{\"@type\":\"WebSite\",\"@id\":\"https:\/\/pagina10.com\/web\/#website\",\"url\":\"https:\/\/pagina10.com\/web\/\",\"name\":\"P\u00e1gina10\",\"description\":\"Peri\u00f3dico Regional\",\"publisher\":{\"@id\":\"https:\/\/pagina10.com\/web\/#organization\"},\"alternateName\":\"P\u00e1gina10 Peri\u00f3dico Regional\",\"potentialAction\":[{\"@type\":\"SearchAction\",\"target\":{\"@type\":\"EntryPoint\",\"urlTemplate\":\"https:\/\/pagina10.com\/web\/?s={search_term_string}\"},\"query-input\":{\"@type\":\"PropertyValueSpecification\",\"valueRequired\":true,\"valueName\":\"search_term_string\"}}],\"inLanguage\":\"es\"},{\"@type\":\"Organization\",\"@id\":\"https:\/\/pagina10.com\/web\/#organization\",\"name\":\"P\u00e1gina10\",\"alternateName\":\"P\u00e1gina10 Peri\u00f3dico Regional\",\"url\":\"https:\/\/pagina10.com\/web\/\",\"logo\":{\"@type\":\"ImageObject\",\"inLanguage\":\"es\",\"@id\":\"https:\/\/pagina10.com\/web\/#\/schema\/logo\/image\/\",\"url\":\"https:\/\/pagina10.com\/web\/wp-content\/uploads\/2024\/01\/40-pagina-10-periodico-regional-pasto.jpg\",\"contentUrl\":\"https:\/\/pagina10.com\/web\/wp-content\/uploads\/2024\/01\/40-pagina-10-periodico-regional-pasto.jpg\",\"width\":1280,\"height\":720,\"caption\":\"P\u00e1gina10\"},\"image\":{\"@id\":\"https:\/\/pagina10.com\/web\/#\/schema\/logo\/image\/\"},\"sameAs\":[\"https:\/\/www.facebook.com\/pag10com\",\"https:\/\/x.com\/Pag10com\",\"https:\/\/www.instagram.com\/pagina10col\/\",\"https:\/\/youtube.com\/channel\/pag10\",\"https:\/\/www.tiktok.com\/@p10col\"]},{\"@type\":\"Person\",\"@id\":\"https:\/\/pagina10.com\/web\/#\/schema\/person\/2efc4a090d25b667d3bc796798a3a81b\",\"name\":\"P\u00e1gina 10\",\"description\":\"P\u00e1gina 10 es un peri\u00f3dico regional que nace en Colombia, en el departamento de Nari\u00f1o, con un enfoque global, fundamentado en cuatro pilares esenciales: la libertad, el pluralismo, la inclusi\u00f3n y la independencia. P\u00e1gina 10 hace referencia a Nari\u00f1o como el d\u00e9cimo departamento creado en Colombia, despu\u00e9s de un proceso pol\u00edtico liderado por actores y actrices regionales con el fin de obtener la independencia y autonom\u00eda de nuestros territorios. Con la creaci\u00f3n de P\u00e1gina 10 se pretende abrir un escenario para el dialogo, la reflexi\u00f3n y el debate que se extienda a otras geograf\u00edas de Am\u00e9rica Latina y del planeta, en una apuesta por transformar colectivamente los desaf\u00edos de un mundo contempor\u00e1neo, m\u00e1s all\u00e1 de las fronteras impuestas.\",\"url\":\"https:\/\/pagina10.com\/web\/author\/pdiezadmin\/\"}]}<\/script>\n<!-- \/ Yoast SEO plugin. -->","yoast_head_json":{"title":"Mediadores escolares en acci\u00f3n: transformando la convivencia en la I.E. General Santander del municipio de Tumaco, Nari\u00f1o | P\u00e1gina10","robots":{"index":"index","follow":"follow","max-snippet":"max-snippet:-1","max-image-preview":"max-image-preview:large","max-video-preview":"max-video-preview:-1"},"canonical":"https:\/\/pagina10.com\/web\/mediadores-escolares-en-accion-transformando-la-convivencia-en-la-i-e-general-santander-del-municipio-de-tumaco-narino\/","og_locale":"es_ES","og_type":"article","og_title":"Mediadores escolares en acci\u00f3n: transformando la convivencia en la I.E. General Santander del municipio de Tumaco, Nari\u00f1o | P\u00e1gina10","og_description":"El poder de la mediaci\u00f3n escolar como herramienta para construir un ambiente educativo sano ha permitido que, los estudiantes de la Instituci\u00f3n Educativa General Santander del municipio de Tumaco, Nari\u00f1o, mejoren la convivencia y la resoluci\u00f3n de conflictos a trav\u00e9s del di\u00e1logo. En la Instituci\u00f3n Educativa General Santander, un innovador programa est\u00e1 tomando protagonismo en [&hellip;]","og_url":"https:\/\/pagina10.com\/web\/mediadores-escolares-en-accion-transformando-la-convivencia-en-la-i-e-general-santander-del-municipio-de-tumaco-narino\/","og_site_name":"P\u00e1gina10","article_publisher":"https:\/\/www.facebook.com\/pag10com","article_published_time":"2024-01-26T03:43:53+00:00","og_image":[{"width":1600,"height":1200,"url":"https:\/\/pagina10.com\/web\/wp-content\/uploads\/2024\/01\/WhatsApp-Image-2024-01-25-at-4.04.28-PM.jpeg","type":"image\/jpeg"}],"author":"P\u00e1gina 10","twitter_card":"summary_large_image","twitter_creator":"@Pag10com","twitter_site":"@Pag10com","twitter_misc":{"Escrito por":"P\u00e1gina 10","Tiempo de lectura":"7 minutos"},"schema":{"@context":"https:\/\/schema.org","@graph":[{"@type":"Article","@id":"https:\/\/pagina10.com\/web\/mediadores-escolares-en-accion-transformando-la-convivencia-en-la-i-e-general-santander-del-municipio-de-tumaco-narino\/#article","isPartOf":{"@id":"https:\/\/pagina10.com\/web\/mediadores-escolares-en-accion-transformando-la-convivencia-en-la-i-e-general-santander-del-municipio-de-tumaco-narino\/"},"author":{"name":"P\u00e1gina 10","@id":"https:\/\/pagina10.com\/web\/#\/schema\/person\/2efc4a090d25b667d3bc796798a3a81b"},"headline":"Mediadores escolares en acci\u00f3n: transformando la convivencia en la I.E. General Santander del municipio de Tumaco, Nari\u00f1o","datePublished":"2024-01-26T03:43:53+00:00","mainEntityOfPage":{"@id":"https:\/\/pagina10.com\/web\/mediadores-escolares-en-accion-transformando-la-convivencia-en-la-i-e-general-santander-del-municipio-de-tumaco-narino\/"},"wordCount":1444,"commentCount":0,"publisher":{"@id":"https:\/\/pagina10.com\/web\/#organization"},"image":{"@id":"https:\/\/pagina10.com\/web\/mediadores-escolares-en-accion-transformando-la-convivencia-en-la-i-e-general-santander-del-municipio-de-tumaco-narino\/#primaryimage"},"thumbnailUrl":"https:\/\/pagina10.com\/web\/wp-content\/uploads\/2024\/01\/WhatsApp-Image-2024-01-25-at-4.04.28-PM.jpeg","articleSection":["Nari\u00f1o Actual"],"inLanguage":"es","potentialAction":[{"@type":"CommentAction","name":"Comment","target":["https:\/\/pagina10.com\/web\/mediadores-escolares-en-accion-transformando-la-convivencia-en-la-i-e-general-santander-del-municipio-de-tumaco-narino\/#respond"]}]},{"@type":"WebPage","@id":"https:\/\/pagina10.com\/web\/mediadores-escolares-en-accion-transformando-la-convivencia-en-la-i-e-general-santander-del-municipio-de-tumaco-narino\/","url":"https:\/\/pagina10.com\/web\/mediadores-escolares-en-accion-transformando-la-convivencia-en-la-i-e-general-santander-del-municipio-de-tumaco-narino\/","name":"Mediadores escolares en acci\u00f3n: transformando la convivencia en la I.E. General Santander del municipio de Tumaco, Nari\u00f1o | P\u00e1gina10","isPartOf":{"@id":"https:\/\/pagina10.com\/web\/#website"},"primaryImageOfPage":{"@id":"https:\/\/pagina10.com\/web\/mediadores-escolares-en-accion-transformando-la-convivencia-en-la-i-e-general-santander-del-municipio-de-tumaco-narino\/#primaryimage"},"image":{"@id":"https:\/\/pagina10.com\/web\/mediadores-escolares-en-accion-transformando-la-convivencia-en-la-i-e-general-santander-del-municipio-de-tumaco-narino\/#primaryimage"},"thumbnailUrl":"https:\/\/pagina10.com\/web\/wp-content\/uploads\/2024\/01\/WhatsApp-Image-2024-01-25-at-4.04.28-PM.jpeg","datePublished":"2024-01-26T03:43:53+00:00","breadcrumb":{"@id":"https:\/\/pagina10.com\/web\/mediadores-escolares-en-accion-transformando-la-convivencia-en-la-i-e-general-santander-del-municipio-de-tumaco-narino\/#breadcrumb"},"inLanguage":"es","potentialAction":[{"@type":"ReadAction","target":["https:\/\/pagina10.com\/web\/mediadores-escolares-en-accion-transformando-la-convivencia-en-la-i-e-general-santander-del-municipio-de-tumaco-narino\/"]}]},{"@type":"ImageObject","inLanguage":"es","@id":"https:\/\/pagina10.com\/web\/mediadores-escolares-en-accion-transformando-la-convivencia-en-la-i-e-general-santander-del-municipio-de-tumaco-narino\/#primaryimage","url":"https:\/\/pagina10.com\/web\/wp-content\/uploads\/2024\/01\/WhatsApp-Image-2024-01-25-at-4.04.28-PM.jpeg","contentUrl":"https:\/\/pagina10.com\/web\/wp-content\/uploads\/2024\/01\/WhatsApp-Image-2024-01-25-at-4.04.28-PM.jpeg","width":1600,"height":1200},{"@type":"BreadcrumbList","@id":"https:\/\/pagina10.com\/web\/mediadores-escolares-en-accion-transformando-la-convivencia-en-la-i-e-general-santander-del-municipio-de-tumaco-narino\/#breadcrumb","itemListElement":[{"@type":"ListItem","position":1,"name":"Portada","item":"https:\/\/pagina10.com\/web\/"},{"@type":"ListItem","position":2,"name":"Mediadores escolares en acci\u00f3n: transformando la convivencia en la I.E. General Santander del municipio de Tumaco, Nari\u00f1o"}]},{"@type":"WebSite","@id":"https:\/\/pagina10.com\/web\/#website","url":"https:\/\/pagina10.com\/web\/","name":"P\u00e1gina10","description":"Peri\u00f3dico Regional","publisher":{"@id":"https:\/\/pagina10.com\/web\/#organization"},"alternateName":"P\u00e1gina10 Peri\u00f3dico Regional","potentialAction":[{"@type":"SearchAction","target":{"@type":"EntryPoint","urlTemplate":"https:\/\/pagina10.com\/web\/?s={search_term_string}"},"query-input":{"@type":"PropertyValueSpecification","valueRequired":true,"valueName":"search_term_string"}}],"inLanguage":"es"},{"@type":"Organization","@id":"https:\/\/pagina10.com\/web\/#organization","name":"P\u00e1gina10","alternateName":"P\u00e1gina10 Peri\u00f3dico Regional","url":"https:\/\/pagina10.com\/web\/","logo":{"@type":"ImageObject","inLanguage":"es","@id":"https:\/\/pagina10.com\/web\/#\/schema\/logo\/image\/","url":"https:\/\/pagina10.com\/web\/wp-content\/uploads\/2024\/01\/40-pagina-10-periodico-regional-pasto.jpg","contentUrl":"https:\/\/pagina10.com\/web\/wp-content\/uploads\/2024\/01\/40-pagina-10-periodico-regional-pasto.jpg","width":1280,"height":720,"caption":"P\u00e1gina10"},"image":{"@id":"https:\/\/pagina10.com\/web\/#\/schema\/logo\/image\/"},"sameAs":["https:\/\/www.facebook.com\/pag10com","https:\/\/x.com\/Pag10com","https:\/\/www.instagram.com\/pagina10col\/","https:\/\/youtube.com\/channel\/pag10","https:\/\/www.tiktok.com\/@p10col"]},{"@type":"Person","@id":"https:\/\/pagina10.com\/web\/#\/schema\/person\/2efc4a090d25b667d3bc796798a3a81b","name":"P\u00e1gina 10","description":"P\u00e1gina 10 es un peri\u00f3dico regional que nace en Colombia, en el departamento de Nari\u00f1o, con un enfoque global, fundamentado en cuatro pilares esenciales: la libertad, el pluralismo, la inclusi\u00f3n y la independencia. P\u00e1gina 10 hace referencia a Nari\u00f1o como el d\u00e9cimo departamento creado en Colombia, despu\u00e9s de un proceso pol\u00edtico liderado por actores y actrices regionales con el fin de obtener la independencia y autonom\u00eda de nuestros territorios. Con la creaci\u00f3n de P\u00e1gina 10 se pretende abrir un escenario para el dialogo, la reflexi\u00f3n y el debate que se extienda a otras geograf\u00edas de Am\u00e9rica Latina y del planeta, en una apuesta por transformar colectivamente los desaf\u00edos de un mundo contempor\u00e1neo, m\u00e1s all\u00e1 de las fronteras impuestas.","url":"https:\/\/pagina10.com\/web\/author\/pdiezadmin\/"}]}},"_links":{"self":[{"href":"https:\/\/pagina10.com\/web\/wp-json\/wp\/v2\/posts\/70879202448","targetHints":{"allow":["GET"]}}],"collection":[{"href":"https:\/\/pagina10.com\/web\/wp-json\/wp\/v2\/posts"}],"about":[{"href":"https:\/\/pagina10.com\/web\/wp-json\/wp\/v2\/types\/post"}],"author":[{"embeddable":true,"href":"https:\/\/pagina10.com\/web\/wp-json\/wp\/v2\/users\/1"}],"replies":[{"embeddable":true,"href":"https:\/\/pagina10.com\/web\/wp-json\/wp\/v2\/comments?post=70879202448"}],"version-history":[{"count":1,"href":"https:\/\/pagina10.com\/web\/wp-json\/wp\/v2\/posts\/70879202448\/revisions"}],"predecessor-version":[{"id":70879202450,"href":"https:\/\/pagina10.com\/web\/wp-json\/wp\/v2\/posts\/70879202448\/revisions\/70879202450"}],"wp:featuredmedia":[{"embeddable":true,"href":"https:\/\/pagina10.com\/web\/wp-json\/wp\/v2\/media\/70879202449"}],"wp:attachment":[{"href":"https:\/\/pagina10.com\/web\/wp-json\/wp\/v2\/media?parent=70879202448"}],"wp:term":[{"taxonomy":"category","embeddable":true,"href":"https:\/\/pagina10.com\/web\/wp-json\/wp\/v2\/categories?post=70879202448"},{"taxonomy":"post_tag","embeddable":true,"href":"https:\/\/pagina10.com\/web\/wp-json\/wp\/v2\/tags?post=70879202448"}],"curies":[{"name":"wp","href":"https:\/\/api.w.org\/{rel}","templated":true}]}}