{"id":70879202454,"date":"2024-01-26T12:57:29","date_gmt":"2024-01-26T17:57:29","guid":{"rendered":"https:\/\/pagina10.com\/web\/?p=70879202454"},"modified":"2024-01-26T12:58:32","modified_gmt":"2024-01-26T17:58:32","slug":"capturaron-a-lider-de-las-disidencias-de-ivan-mordisco-en-narino","status":"publish","type":"post","link":"https:\/\/pagina10.com\/web\/capturaron-a-lider-de-las-disidencias-de-ivan-mordisco-en-narino\/","title":{"rendered":"Capturaron a l\u00edder de las disidencias de Iv\u00e1n Mordisco en Nari\u00f1o"},"content":{"rendered":"<p style=\"text-align: justify;\">En medio de un operativo militar en el municipio de Olaya Herrera (Nari\u00f1o), fue capturado en alias Tato, l\u00edder de la estructura 30 del autodenominado Estado Mayor Central de las disidencias de las FARC, lideradas por Iv\u00e1n Mordisco. Este grupo criminal ha estado involucrado en diversas actividades delictivas, como homicidios, reclutamiento de menores y extorsiones.<\/p>\n<p style=\"text-align: justify;\">El arresto se logr\u00f3 por informaci\u00f3n de inteligencia militar, que permiti\u00f3 ubicar a esta estructura criminal que operaba en las veredas El Cedro, Barro Caliente, La Uni\u00f3n y Las Mar\u00edas. Alias Tato dirig\u00eda la estructura Rafael Aguilera, donde habr\u00eda coordinado homicidios selectivos, reclutamiento forzado de menores y cobro de extorsiones en el casco urbano de los municipios de Olaya Herrera y La Tola.<\/p>\n<p style=\"text-align: justify;\">Seg\u00fan el Ej\u00e9rcito, las capturas representan una p\u00e9rdida significativa para esta estructura criminal, debilitando su capacidad para realizar actividades delictivas en el litoral Pac\u00edfico nari\u00f1ense, incluyendo labores financieras, coordinaci\u00f3n de acciones terroristas y reclutamiento para la estructura armada. Los detenidos fueron puestos a disposici\u00f3n de la Fiscal\u00eda General de la Naci\u00f3n para enfrentar cargos por fabricaci\u00f3n, tr\u00e1fico y porte de armas de fuego de uso privativo de las Fuerzas Militares.<\/p>\n<p><img fetchpriority=\"high\" decoding=\"async\" class=\"aligncenter size-large wp-image-70879202456\" src=\"https:\/\/pagina10.com\/web\/wp-content\/uploads\/2024\/01\/IMG-20240126-WA0022-1024x768.jpg\" alt=\"\" width=\"800\" height=\"600\" srcset=\"https:\/\/pagina10.com\/web\/wp-content\/uploads\/2024\/01\/IMG-20240126-WA0022-1024x768.jpg 1024w, https:\/\/pagina10.com\/web\/wp-content\/uploads\/2024\/01\/IMG-20240126-WA0022-300x225.jpg 300w, https:\/\/pagina10.com\/web\/wp-content\/uploads\/2024\/01\/IMG-20240126-WA0022-768x576.jpg 768w, https:\/\/pagina10.com\/web\/wp-content\/uploads\/2024\/01\/IMG-20240126-WA0022-600x450.jpg 600w, https:\/\/pagina10.com\/web\/wp-content\/uploads\/2024\/01\/IMG-20240126-WA0022-750x563.jpg 750w, https:\/\/pagina10.com\/web\/wp-content\/uploads\/2024\/01\/IMG-20240126-WA0022-1140x855.jpg 1140w, https:\/\/pagina10.com\/web\/wp-content\/uploads\/2024\/01\/IMG-20240126-WA0022.jpg 1280w\" sizes=\"(max-width: 800px) 100vw, 800px\" \/><\/p>\n","protected":false},"excerpt":{"rendered":"<p>En medio de un operativo militar en el municipio de Olaya Herrera (Nari\u00f1o), fue capturado en alias Tato, l\u00edder de la estructura 30 del autodenominado Estado Mayor Central de las disidencias de las FARC, lideradas por Iv\u00e1n Mordisco. Este grupo criminal ha estado involucrado en diversas actividades delictivas, como homicidios, reclutamiento de menores y extorsiones. [&hellip;]<\/p>\n","protected":false},"author":1,"featured_media":70879202455,"comment_status":"open","ping_status":"open","sticky":false,"template":"","format":"standard","meta":{"footnotes":""},"categories":[14],"tags":[],"class_list":["post-70879202454","post","type-post","status-publish","format-standard","has-post-thumbnail","hentry","category-narino-actual"],"yoast_head":"<!-- This site is optimized with the Yoast SEO plugin v27.1.1 - https:\/\/yoast.com\/product\/yoast-seo-wordpress\/ -->\n<title>Capturaron a l\u00edder de las disidencias de Iv\u00e1n Mordisco en Nari\u00f1o | P\u00e1gina10<\/title>\n<meta name=\"robots\" content=\"index, follow, max-snippet:-1, max-image-preview:large, max-video-preview:-1\" \/>\n<link rel=\"canonical\" href=\"https:\/\/pagina10.com\/web\/capturaron-a-lider-de-las-disidencias-de-ivan-mordisco-en-narino\/\" \/>\n<meta property=\"og:locale\" content=\"es_ES\" \/>\n<meta property=\"og:type\" content=\"article\" \/>\n<meta property=\"og:title\" content=\"Capturaron a l\u00edder de las disidencias de Iv\u00e1n Mordisco en Nari\u00f1o | P\u00e1gina10\" \/>\n<meta property=\"og:description\" content=\"En medio de un operativo militar en el municipio de Olaya Herrera (Nari\u00f1o), fue capturado en alias Tato, l\u00edder de la estructura 30 del autodenominado Estado Mayor Central de las disidencias de las FARC, lideradas por Iv\u00e1n Mordisco. Este grupo criminal ha estado involucrado en diversas actividades delictivas, como homicidios, reclutamiento de menores y extorsiones. [&hellip;]\" \/>\n<meta property=\"og:url\" content=\"https:\/\/pagina10.com\/web\/capturaron-a-lider-de-las-disidencias-de-ivan-mordisco-en-narino\/\" \/>\n<meta property=\"og:site_name\" content=\"P\u00e1gina10\" \/>\n<meta property=\"article:publisher\" content=\"https:\/\/www.facebook.com\/pag10com\" \/>\n<meta property=\"article:published_time\" content=\"2024-01-26T17:57:29+00:00\" \/>\n<meta property=\"article:modified_time\" content=\"2024-01-26T17:58:32+00:00\" \/>\n<meta property=\"og:image\" content=\"https:\/\/pagina10.com\/web\/wp-content\/uploads\/2024\/01\/IMG-20240126-WA0023.jpg\" \/>\n\t<meta property=\"og:image:width\" content=\"1044\" \/>\n\t<meta property=\"og:image:height\" content=\"586\" \/>\n\t<meta property=\"og:image:type\" content=\"image\/jpeg\" \/>\n<meta name=\"author\" content=\"P\u00e1gina 10\" \/>\n<meta name=\"twitter:card\" content=\"summary_large_image\" \/>\n<meta name=\"twitter:creator\" content=\"@Pag10com\" \/>\n<meta name=\"twitter:site\" content=\"@Pag10com\" \/>\n<meta name=\"twitter:label1\" content=\"Escrito por\" \/>\n\t<meta name=\"twitter:data1\" content=\"P\u00e1gina 10\" \/>\n\t<meta name=\"twitter:label2\" content=\"Tiempo de lectura\" \/>\n\t<meta name=\"twitter:data2\" content=\"2 minutos\" \/>\n<script type=\"application\/ld+json\" class=\"yoast-schema-graph\">{\"@context\":\"https:\/\/schema.org\",\"@graph\":[{\"@type\":\"Article\",\"@id\":\"https:\/\/pagina10.com\/web\/capturaron-a-lider-de-las-disidencias-de-ivan-mordisco-en-narino\/#article\",\"isPartOf\":{\"@id\":\"https:\/\/pagina10.com\/web\/capturaron-a-lider-de-las-disidencias-de-ivan-mordisco-en-narino\/\"},\"author\":{\"name\":\"P\u00e1gina 10\",\"@id\":\"https:\/\/pagina10.com\/web\/#\/schema\/person\/2efc4a090d25b667d3bc796798a3a81b\"},\"headline\":\"Capturaron a l\u00edder de las disidencias de Iv\u00e1n Mordisco en Nari\u00f1o\",\"datePublished\":\"2024-01-26T17:57:29+00:00\",\"dateModified\":\"2024-01-26T17:58:32+00:00\",\"mainEntityOfPage\":{\"@id\":\"https:\/\/pagina10.com\/web\/capturaron-a-lider-de-las-disidencias-de-ivan-mordisco-en-narino\/\"},\"wordCount\":220,\"commentCount\":0,\"publisher\":{\"@id\":\"https:\/\/pagina10.com\/web\/#organization\"},\"image\":{\"@id\":\"https:\/\/pagina10.com\/web\/capturaron-a-lider-de-las-disidencias-de-ivan-mordisco-en-narino\/#primaryimage\"},\"thumbnailUrl\":\"https:\/\/pagina10.com\/web\/wp-content\/uploads\/2024\/01\/IMG-20240126-WA0023.jpg\",\"articleSection\":[\"Nari\u00f1o Actual\"],\"inLanguage\":\"es\",\"potentialAction\":[{\"@type\":\"CommentAction\",\"name\":\"Comment\",\"target\":[\"https:\/\/pagina10.com\/web\/capturaron-a-lider-de-las-disidencias-de-ivan-mordisco-en-narino\/#respond\"]}]},{\"@type\":\"WebPage\",\"@id\":\"https:\/\/pagina10.com\/web\/capturaron-a-lider-de-las-disidencias-de-ivan-mordisco-en-narino\/\",\"url\":\"https:\/\/pagina10.com\/web\/capturaron-a-lider-de-las-disidencias-de-ivan-mordisco-en-narino\/\",\"name\":\"Capturaron a l\u00edder de las disidencias de Iv\u00e1n Mordisco en Nari\u00f1o | P\u00e1gina10\",\"isPartOf\":{\"@id\":\"https:\/\/pagina10.com\/web\/#website\"},\"primaryImageOfPage\":{\"@id\":\"https:\/\/pagina10.com\/web\/capturaron-a-lider-de-las-disidencias-de-ivan-mordisco-en-narino\/#primaryimage\"},\"image\":{\"@id\":\"https:\/\/pagina10.com\/web\/capturaron-a-lider-de-las-disidencias-de-ivan-mordisco-en-narino\/#primaryimage\"},\"thumbnailUrl\":\"https:\/\/pagina10.com\/web\/wp-content\/uploads\/2024\/01\/IMG-20240126-WA0023.jpg\",\"datePublished\":\"2024-01-26T17:57:29+00:00\",\"dateModified\":\"2024-01-26T17:58:32+00:00\",\"breadcrumb\":{\"@id\":\"https:\/\/pagina10.com\/web\/capturaron-a-lider-de-las-disidencias-de-ivan-mordisco-en-narino\/#breadcrumb\"},\"inLanguage\":\"es\",\"potentialAction\":[{\"@type\":\"ReadAction\",\"target\":[\"https:\/\/pagina10.com\/web\/capturaron-a-lider-de-las-disidencias-de-ivan-mordisco-en-narino\/\"]}]},{\"@type\":\"ImageObject\",\"inLanguage\":\"es\",\"@id\":\"https:\/\/pagina10.com\/web\/capturaron-a-lider-de-las-disidencias-de-ivan-mordisco-en-narino\/#primaryimage\",\"url\":\"https:\/\/pagina10.com\/web\/wp-content\/uploads\/2024\/01\/IMG-20240126-WA0023.jpg\",\"contentUrl\":\"https:\/\/pagina10.com\/web\/wp-content\/uploads\/2024\/01\/IMG-20240126-WA0023.jpg\",\"width\":1044,\"height\":586},{\"@type\":\"BreadcrumbList\",\"@id\":\"https:\/\/pagina10.com\/web\/capturaron-a-lider-de-las-disidencias-de-ivan-mordisco-en-narino\/#breadcrumb\",\"itemListElement\":[{\"@type\":\"ListItem\",\"position\":1,\"name\":\"Portada\",\"item\":\"https:\/\/pagina10.com\/web\/\"},{\"@type\":\"ListItem\",\"position\":2,\"name\":\"Capturaron a l\u00edder de las disidencias de Iv\u00e1n Mordisco en Nari\u00f1o\"}]},{\"@type\":\"WebSite\",\"@id\":\"https:\/\/pagina10.com\/web\/#website\",\"url\":\"https:\/\/pagina10.com\/web\/\",\"name\":\"P\u00e1gina10\",\"description\":\"Peri\u00f3dico Regional\",\"publisher\":{\"@id\":\"https:\/\/pagina10.com\/web\/#organization\"},\"alternateName\":\"P\u00e1gina10 Peri\u00f3dico Regional\",\"potentialAction\":[{\"@type\":\"SearchAction\",\"target\":{\"@type\":\"EntryPoint\",\"urlTemplate\":\"https:\/\/pagina10.com\/web\/?s={search_term_string}\"},\"query-input\":{\"@type\":\"PropertyValueSpecification\",\"valueRequired\":true,\"valueName\":\"search_term_string\"}}],\"inLanguage\":\"es\"},{\"@type\":\"Organization\",\"@id\":\"https:\/\/pagina10.com\/web\/#organization\",\"name\":\"P\u00e1gina10\",\"alternateName\":\"P\u00e1gina10 Peri\u00f3dico Regional\",\"url\":\"https:\/\/pagina10.com\/web\/\",\"logo\":{\"@type\":\"ImageObject\",\"inLanguage\":\"es\",\"@id\":\"https:\/\/pagina10.com\/web\/#\/schema\/logo\/image\/\",\"url\":\"https:\/\/pagina10.com\/web\/wp-content\/uploads\/2024\/01\/40-pagina-10-periodico-regional-pasto.jpg\",\"contentUrl\":\"https:\/\/pagina10.com\/web\/wp-content\/uploads\/2024\/01\/40-pagina-10-periodico-regional-pasto.jpg\",\"width\":1280,\"height\":720,\"caption\":\"P\u00e1gina10\"},\"image\":{\"@id\":\"https:\/\/pagina10.com\/web\/#\/schema\/logo\/image\/\"},\"sameAs\":[\"https:\/\/www.facebook.com\/pag10com\",\"https:\/\/x.com\/Pag10com\",\"https:\/\/www.instagram.com\/pagina10col\/\",\"https:\/\/youtube.com\/channel\/pag10\",\"https:\/\/www.tiktok.com\/@p10col\"]},{\"@type\":\"Person\",\"@id\":\"https:\/\/pagina10.com\/web\/#\/schema\/person\/2efc4a090d25b667d3bc796798a3a81b\",\"name\":\"P\u00e1gina 10\",\"description\":\"P\u00e1gina 10 es un peri\u00f3dico regional que nace en Colombia, en el departamento de Nari\u00f1o, con un enfoque global, fundamentado en cuatro pilares esenciales: la libertad, el pluralismo, la inclusi\u00f3n y la independencia. P\u00e1gina 10 hace referencia a Nari\u00f1o como el d\u00e9cimo departamento creado en Colombia, despu\u00e9s de un proceso pol\u00edtico liderado por actores y actrices regionales con el fin de obtener la independencia y autonom\u00eda de nuestros territorios. Con la creaci\u00f3n de P\u00e1gina 10 se pretende abrir un escenario para el dialogo, la reflexi\u00f3n y el debate que se extienda a otras geograf\u00edas de Am\u00e9rica Latina y del planeta, en una apuesta por transformar colectivamente los desaf\u00edos de un mundo contempor\u00e1neo, m\u00e1s all\u00e1 de las fronteras impuestas.\",\"url\":\"https:\/\/pagina10.com\/web\/author\/pdiezadmin\/\"}]}<\/script>\n<!-- \/ Yoast SEO plugin. -->","yoast_head_json":{"title":"Capturaron a l\u00edder de las disidencias de Iv\u00e1n Mordisco en Nari\u00f1o | P\u00e1gina10","robots":{"index":"index","follow":"follow","max-snippet":"max-snippet:-1","max-image-preview":"max-image-preview:large","max-video-preview":"max-video-preview:-1"},"canonical":"https:\/\/pagina10.com\/web\/capturaron-a-lider-de-las-disidencias-de-ivan-mordisco-en-narino\/","og_locale":"es_ES","og_type":"article","og_title":"Capturaron a l\u00edder de las disidencias de Iv\u00e1n Mordisco en Nari\u00f1o | P\u00e1gina10","og_description":"En medio de un operativo militar en el municipio de Olaya Herrera (Nari\u00f1o), fue capturado en alias Tato, l\u00edder de la estructura 30 del autodenominado Estado Mayor Central de las disidencias de las FARC, lideradas por Iv\u00e1n Mordisco. Este grupo criminal ha estado involucrado en diversas actividades delictivas, como homicidios, reclutamiento de menores y extorsiones. [&hellip;]","og_url":"https:\/\/pagina10.com\/web\/capturaron-a-lider-de-las-disidencias-de-ivan-mordisco-en-narino\/","og_site_name":"P\u00e1gina10","article_publisher":"https:\/\/www.facebook.com\/pag10com","article_published_time":"2024-01-26T17:57:29+00:00","article_modified_time":"2024-01-26T17:58:32+00:00","og_image":[{"width":1044,"height":586,"url":"https:\/\/pagina10.com\/web\/wp-content\/uploads\/2024\/01\/IMG-20240126-WA0023.jpg","type":"image\/jpeg"}],"author":"P\u00e1gina 10","twitter_card":"summary_large_image","twitter_creator":"@Pag10com","twitter_site":"@Pag10com","twitter_misc":{"Escrito por":"P\u00e1gina 10","Tiempo de lectura":"2 minutos"},"schema":{"@context":"https:\/\/schema.org","@graph":[{"@type":"Article","@id":"https:\/\/pagina10.com\/web\/capturaron-a-lider-de-las-disidencias-de-ivan-mordisco-en-narino\/#article","isPartOf":{"@id":"https:\/\/pagina10.com\/web\/capturaron-a-lider-de-las-disidencias-de-ivan-mordisco-en-narino\/"},"author":{"name":"P\u00e1gina 10","@id":"https:\/\/pagina10.com\/web\/#\/schema\/person\/2efc4a090d25b667d3bc796798a3a81b"},"headline":"Capturaron a l\u00edder de las disidencias de Iv\u00e1n Mordisco en Nari\u00f1o","datePublished":"2024-01-26T17:57:29+00:00","dateModified":"2024-01-26T17:58:32+00:00","mainEntityOfPage":{"@id":"https:\/\/pagina10.com\/web\/capturaron-a-lider-de-las-disidencias-de-ivan-mordisco-en-narino\/"},"wordCount":220,"commentCount":0,"publisher":{"@id":"https:\/\/pagina10.com\/web\/#organization"},"image":{"@id":"https:\/\/pagina10.com\/web\/capturaron-a-lider-de-las-disidencias-de-ivan-mordisco-en-narino\/#primaryimage"},"thumbnailUrl":"https:\/\/pagina10.com\/web\/wp-content\/uploads\/2024\/01\/IMG-20240126-WA0023.jpg","articleSection":["Nari\u00f1o Actual"],"inLanguage":"es","potentialAction":[{"@type":"CommentAction","name":"Comment","target":["https:\/\/pagina10.com\/web\/capturaron-a-lider-de-las-disidencias-de-ivan-mordisco-en-narino\/#respond"]}]},{"@type":"WebPage","@id":"https:\/\/pagina10.com\/web\/capturaron-a-lider-de-las-disidencias-de-ivan-mordisco-en-narino\/","url":"https:\/\/pagina10.com\/web\/capturaron-a-lider-de-las-disidencias-de-ivan-mordisco-en-narino\/","name":"Capturaron a l\u00edder de las disidencias de Iv\u00e1n Mordisco en Nari\u00f1o | P\u00e1gina10","isPartOf":{"@id":"https:\/\/pagina10.com\/web\/#website"},"primaryImageOfPage":{"@id":"https:\/\/pagina10.com\/web\/capturaron-a-lider-de-las-disidencias-de-ivan-mordisco-en-narino\/#primaryimage"},"image":{"@id":"https:\/\/pagina10.com\/web\/capturaron-a-lider-de-las-disidencias-de-ivan-mordisco-en-narino\/#primaryimage"},"thumbnailUrl":"https:\/\/pagina10.com\/web\/wp-content\/uploads\/2024\/01\/IMG-20240126-WA0023.jpg","datePublished":"2024-01-26T17:57:29+00:00","dateModified":"2024-01-26T17:58:32+00:00","breadcrumb":{"@id":"https:\/\/pagina10.com\/web\/capturaron-a-lider-de-las-disidencias-de-ivan-mordisco-en-narino\/#breadcrumb"},"inLanguage":"es","potentialAction":[{"@type":"ReadAction","target":["https:\/\/pagina10.com\/web\/capturaron-a-lider-de-las-disidencias-de-ivan-mordisco-en-narino\/"]}]},{"@type":"ImageObject","inLanguage":"es","@id":"https:\/\/pagina10.com\/web\/capturaron-a-lider-de-las-disidencias-de-ivan-mordisco-en-narino\/#primaryimage","url":"https:\/\/pagina10.com\/web\/wp-content\/uploads\/2024\/01\/IMG-20240126-WA0023.jpg","contentUrl":"https:\/\/pagina10.com\/web\/wp-content\/uploads\/2024\/01\/IMG-20240126-WA0023.jpg","width":1044,"height":586},{"@type":"BreadcrumbList","@id":"https:\/\/pagina10.com\/web\/capturaron-a-lider-de-las-disidencias-de-ivan-mordisco-en-narino\/#breadcrumb","itemListElement":[{"@type":"ListItem","position":1,"name":"Portada","item":"https:\/\/pagina10.com\/web\/"},{"@type":"ListItem","position":2,"name":"Capturaron a l\u00edder de las disidencias de Iv\u00e1n Mordisco en Nari\u00f1o"}]},{"@type":"WebSite","@id":"https:\/\/pagina10.com\/web\/#website","url":"https:\/\/pagina10.com\/web\/","name":"P\u00e1gina10","description":"Peri\u00f3dico Regional","publisher":{"@id":"https:\/\/pagina10.com\/web\/#organization"},"alternateName":"P\u00e1gina10 Peri\u00f3dico Regional","potentialAction":[{"@type":"SearchAction","target":{"@type":"EntryPoint","urlTemplate":"https:\/\/pagina10.com\/web\/?s={search_term_string}"},"query-input":{"@type":"PropertyValueSpecification","valueRequired":true,"valueName":"search_term_string"}}],"inLanguage":"es"},{"@type":"Organization","@id":"https:\/\/pagina10.com\/web\/#organization","name":"P\u00e1gina10","alternateName":"P\u00e1gina10 Peri\u00f3dico Regional","url":"https:\/\/pagina10.com\/web\/","logo":{"@type":"ImageObject","inLanguage":"es","@id":"https:\/\/pagina10.com\/web\/#\/schema\/logo\/image\/","url":"https:\/\/pagina10.com\/web\/wp-content\/uploads\/2024\/01\/40-pagina-10-periodico-regional-pasto.jpg","contentUrl":"https:\/\/pagina10.com\/web\/wp-content\/uploads\/2024\/01\/40-pagina-10-periodico-regional-pasto.jpg","width":1280,"height":720,"caption":"P\u00e1gina10"},"image":{"@id":"https:\/\/pagina10.com\/web\/#\/schema\/logo\/image\/"},"sameAs":["https:\/\/www.facebook.com\/pag10com","https:\/\/x.com\/Pag10com","https:\/\/www.instagram.com\/pagina10col\/","https:\/\/youtube.com\/channel\/pag10","https:\/\/www.tiktok.com\/@p10col"]},{"@type":"Person","@id":"https:\/\/pagina10.com\/web\/#\/schema\/person\/2efc4a090d25b667d3bc796798a3a81b","name":"P\u00e1gina 10","description":"P\u00e1gina 10 es un peri\u00f3dico regional que nace en Colombia, en el departamento de Nari\u00f1o, con un enfoque global, fundamentado en cuatro pilares esenciales: la libertad, el pluralismo, la inclusi\u00f3n y la independencia. P\u00e1gina 10 hace referencia a Nari\u00f1o como el d\u00e9cimo departamento creado en Colombia, despu\u00e9s de un proceso pol\u00edtico liderado por actores y actrices regionales con el fin de obtener la independencia y autonom\u00eda de nuestros territorios. Con la creaci\u00f3n de P\u00e1gina 10 se pretende abrir un escenario para el dialogo, la reflexi\u00f3n y el debate que se extienda a otras geograf\u00edas de Am\u00e9rica Latina y del planeta, en una apuesta por transformar colectivamente los desaf\u00edos de un mundo contempor\u00e1neo, m\u00e1s all\u00e1 de las fronteras impuestas.","url":"https:\/\/pagina10.com\/web\/author\/pdiezadmin\/"}]}},"_links":{"self":[{"href":"https:\/\/pagina10.com\/web\/wp-json\/wp\/v2\/posts\/70879202454","targetHints":{"allow":["GET"]}}],"collection":[{"href":"https:\/\/pagina10.com\/web\/wp-json\/wp\/v2\/posts"}],"about":[{"href":"https:\/\/pagina10.com\/web\/wp-json\/wp\/v2\/types\/post"}],"author":[{"embeddable":true,"href":"https:\/\/pagina10.com\/web\/wp-json\/wp\/v2\/users\/1"}],"replies":[{"embeddable":true,"href":"https:\/\/pagina10.com\/web\/wp-json\/wp\/v2\/comments?post=70879202454"}],"version-history":[{"count":1,"href":"https:\/\/pagina10.com\/web\/wp-json\/wp\/v2\/posts\/70879202454\/revisions"}],"predecessor-version":[{"id":70879202457,"href":"https:\/\/pagina10.com\/web\/wp-json\/wp\/v2\/posts\/70879202454\/revisions\/70879202457"}],"wp:featuredmedia":[{"embeddable":true,"href":"https:\/\/pagina10.com\/web\/wp-json\/wp\/v2\/media\/70879202455"}],"wp:attachment":[{"href":"https:\/\/pagina10.com\/web\/wp-json\/wp\/v2\/media?parent=70879202454"}],"wp:term":[{"taxonomy":"category","embeddable":true,"href":"https:\/\/pagina10.com\/web\/wp-json\/wp\/v2\/categories?post=70879202454"},{"taxonomy":"post_tag","embeddable":true,"href":"https:\/\/pagina10.com\/web\/wp-json\/wp\/v2\/tags?post=70879202454"}],"curies":[{"name":"wp","href":"https:\/\/api.w.org\/{rel}","templated":true}]}}