{"id":70879202462,"date":"2024-01-26T17:47:26","date_gmt":"2024-01-26T22:47:26","guid":{"rendered":"https:\/\/pagina10.com\/web\/?p=70879202462"},"modified":"2024-01-26T17:47:26","modified_gmt":"2024-01-26T22:47:26","slug":"despues-de-5-anos-en-su-cargo-presidencia-pidio-renuncia-de-ana-ordonez-responsable-de-la-defensa-de-colombia","status":"publish","type":"post","link":"https:\/\/pagina10.com\/web\/despues-de-5-anos-en-su-cargo-presidencia-pidio-renuncia-de-ana-ordonez-responsable-de-la-defensa-de-colombia\/","title":{"rendered":"Despu\u00e9s de 5 a\u00f1os en su cargo, Presidencia pidi\u00f3 renuncia de Ana Ord\u00f3\u00f1ez, responsable de la defensa de Colombia"},"content":{"rendered":"<p style=\"text-align: justify;\">Ana Mar\u00eda Ord\u00f3\u00f1ez Puentes present\u00f3 su renuncia como directora de Defensa Jur\u00eddica Internacional de la Agencia de Defensa Jur\u00eddica del Estado (ANDJE) colombiano, luego de una destacada trayectoria desde 2017, en la que lider\u00f3 un equipo de abogados expertos en la defensa de Colombia contra pleitos millonarios de inversionistas extranjeros.<\/p>\n<p style=\"text-align: justify;\">La noticia de su salida fue conocida a trav\u00e9s de su carta de renuncia, solicitada directamente por la Presidencia, el documento destac\u00f3 un ahorro de 15 billones de pesos y la recuperaci\u00f3n de m\u00e1s de 20 mil millones en costos de defensa. La partida de Ord\u00f3\u00f1ez se produce en medio de tensiones internas en la ANDJE y plantea interrogantes sobre quien ocupar\u00e1 la Agencia, adem\u00e1s de la orientaci\u00f3n que tomar\u00e1 en los pr\u00f3ximos a\u00f1os.<\/p>\n<p style=\"text-align: justify;\">Seg\u00fan Ana Mar\u00eda Ord\u00f3\u00f1ez, fue forzada a dejar su cargo, cerrando as\u00ed un ciclo que abarc\u00f3 los gobiernos de Luis Guillermo V\u00e9lez, Iv\u00e1n Duque y el inicio del mandato de Gustavo Petro. Este cambio en la direcci\u00f3n se da en un momento cr\u00edtico, ya que Colombia enfrenta casos de arbitraje internacional significativos, como el de Sea Search Armada, que podr\u00eda resultar en un pago de 40 billones de pesos.<\/p>\n","protected":false},"excerpt":{"rendered":"<p>Ana Mar\u00eda Ord\u00f3\u00f1ez Puentes present\u00f3 su renuncia como directora de Defensa Jur\u00eddica Internacional de la Agencia de Defensa Jur\u00eddica del Estado (ANDJE) colombiano, luego de una destacada trayectoria desde 2017, en la que lider\u00f3 un equipo de abogados expertos en la defensa de Colombia contra pleitos millonarios de inversionistas extranjeros. La noticia de su salida [&hellip;]<\/p>\n","protected":false},"author":1,"featured_media":70879202464,"comment_status":"open","ping_status":"open","sticky":false,"template":"","format":"standard","meta":{"footnotes":""},"categories":[94],"tags":[],"class_list":["post-70879202462","post","type-post","status-publish","format-standard","has-post-thumbnail","hentry","category-nacional-global-2"],"yoast_head":"<!-- This site is optimized with the Yoast SEO plugin v27.1.1 - https:\/\/yoast.com\/product\/yoast-seo-wordpress\/ -->\n<title>Despu\u00e9s de 5 a\u00f1os en su cargo, Presidencia pidi\u00f3 renuncia de Ana Ord\u00f3\u00f1ez, responsable de la defensa de Colombia | P\u00e1gina10<\/title>\n<meta name=\"robots\" content=\"index, follow, max-snippet:-1, max-image-preview:large, max-video-preview:-1\" \/>\n<link rel=\"canonical\" href=\"https:\/\/pagina10.com\/web\/despues-de-5-anos-en-su-cargo-presidencia-pidio-renuncia-de-ana-ordonez-responsable-de-la-defensa-de-colombia\/\" \/>\n<meta property=\"og:locale\" content=\"es_ES\" \/>\n<meta property=\"og:type\" content=\"article\" \/>\n<meta property=\"og:title\" content=\"Despu\u00e9s de 5 a\u00f1os en su cargo, Presidencia pidi\u00f3 renuncia de Ana Ord\u00f3\u00f1ez, responsable de la defensa de Colombia | P\u00e1gina10\" \/>\n<meta property=\"og:description\" content=\"Ana Mar\u00eda Ord\u00f3\u00f1ez Puentes present\u00f3 su renuncia como directora de Defensa Jur\u00eddica Internacional de la Agencia de Defensa Jur\u00eddica del Estado (ANDJE) colombiano, luego de una destacada trayectoria desde 2017, en la que lider\u00f3 un equipo de abogados expertos en la defensa de Colombia contra pleitos millonarios de inversionistas extranjeros. La noticia de su salida [&hellip;]\" \/>\n<meta property=\"og:url\" content=\"https:\/\/pagina10.com\/web\/despues-de-5-anos-en-su-cargo-presidencia-pidio-renuncia-de-ana-ordonez-responsable-de-la-defensa-de-colombia\/\" \/>\n<meta property=\"og:site_name\" content=\"P\u00e1gina10\" \/>\n<meta property=\"article:publisher\" content=\"https:\/\/www.facebook.com\/pag10com\" \/>\n<meta property=\"article:published_time\" content=\"2024-01-26T22:47:26+00:00\" \/>\n<meta property=\"og:image\" content=\"https:\/\/pagina10.com\/web\/wp-content\/uploads\/2024\/01\/fdreffr-1024x607.png\" \/>\n\t<meta property=\"og:image:width\" content=\"1024\" \/>\n\t<meta property=\"og:image:height\" content=\"607\" \/>\n\t<meta property=\"og:image:type\" content=\"image\/png\" \/>\n<meta name=\"author\" content=\"P\u00e1gina 10\" \/>\n<meta name=\"twitter:card\" content=\"summary_large_image\" \/>\n<meta name=\"twitter:creator\" content=\"@Pag10com\" \/>\n<meta name=\"twitter:site\" content=\"@Pag10com\" \/>\n<meta name=\"twitter:label1\" content=\"Escrito por\" \/>\n\t<meta name=\"twitter:data1\" content=\"P\u00e1gina 10\" \/>\n\t<meta name=\"twitter:label2\" content=\"Tiempo de lectura\" \/>\n\t<meta name=\"twitter:data2\" content=\"2 minutos\" \/>\n<script type=\"application\/ld+json\" class=\"yoast-schema-graph\">{\"@context\":\"https:\/\/schema.org\",\"@graph\":[{\"@type\":\"Article\",\"@id\":\"https:\/\/pagina10.com\/web\/despues-de-5-anos-en-su-cargo-presidencia-pidio-renuncia-de-ana-ordonez-responsable-de-la-defensa-de-colombia\/#article\",\"isPartOf\":{\"@id\":\"https:\/\/pagina10.com\/web\/despues-de-5-anos-en-su-cargo-presidencia-pidio-renuncia-de-ana-ordonez-responsable-de-la-defensa-de-colombia\/\"},\"author\":{\"name\":\"P\u00e1gina 10\",\"@id\":\"https:\/\/pagina10.com\/web\/#\/schema\/person\/2efc4a090d25b667d3bc796798a3a81b\"},\"headline\":\"Despu\u00e9s de 5 a\u00f1os en su cargo, Presidencia pidi\u00f3 renuncia de Ana Ord\u00f3\u00f1ez, responsable de la defensa de Colombia\",\"datePublished\":\"2024-01-26T22:47:26+00:00\",\"mainEntityOfPage\":{\"@id\":\"https:\/\/pagina10.com\/web\/despues-de-5-anos-en-su-cargo-presidencia-pidio-renuncia-de-ana-ordonez-responsable-de-la-defensa-de-colombia\/\"},\"wordCount\":230,\"commentCount\":0,\"publisher\":{\"@id\":\"https:\/\/pagina10.com\/web\/#organization\"},\"image\":{\"@id\":\"https:\/\/pagina10.com\/web\/despues-de-5-anos-en-su-cargo-presidencia-pidio-renuncia-de-ana-ordonez-responsable-de-la-defensa-de-colombia\/#primaryimage\"},\"thumbnailUrl\":\"https:\/\/pagina10.com\/web\/wp-content\/uploads\/2024\/01\/fdreffr.png\",\"articleSection\":[\"Nacional\"],\"inLanguage\":\"es\",\"potentialAction\":[{\"@type\":\"CommentAction\",\"name\":\"Comment\",\"target\":[\"https:\/\/pagina10.com\/web\/despues-de-5-anos-en-su-cargo-presidencia-pidio-renuncia-de-ana-ordonez-responsable-de-la-defensa-de-colombia\/#respond\"]}]},{\"@type\":\"WebPage\",\"@id\":\"https:\/\/pagina10.com\/web\/despues-de-5-anos-en-su-cargo-presidencia-pidio-renuncia-de-ana-ordonez-responsable-de-la-defensa-de-colombia\/\",\"url\":\"https:\/\/pagina10.com\/web\/despues-de-5-anos-en-su-cargo-presidencia-pidio-renuncia-de-ana-ordonez-responsable-de-la-defensa-de-colombia\/\",\"name\":\"Despu\u00e9s de 5 a\u00f1os en su cargo, Presidencia pidi\u00f3 renuncia de Ana Ord\u00f3\u00f1ez, responsable de la defensa de Colombia | P\u00e1gina10\",\"isPartOf\":{\"@id\":\"https:\/\/pagina10.com\/web\/#website\"},\"primaryImageOfPage\":{\"@id\":\"https:\/\/pagina10.com\/web\/despues-de-5-anos-en-su-cargo-presidencia-pidio-renuncia-de-ana-ordonez-responsable-de-la-defensa-de-colombia\/#primaryimage\"},\"image\":{\"@id\":\"https:\/\/pagina10.com\/web\/despues-de-5-anos-en-su-cargo-presidencia-pidio-renuncia-de-ana-ordonez-responsable-de-la-defensa-de-colombia\/#primaryimage\"},\"thumbnailUrl\":\"https:\/\/pagina10.com\/web\/wp-content\/uploads\/2024\/01\/fdreffr.png\",\"datePublished\":\"2024-01-26T22:47:26+00:00\",\"breadcrumb\":{\"@id\":\"https:\/\/pagina10.com\/web\/despues-de-5-anos-en-su-cargo-presidencia-pidio-renuncia-de-ana-ordonez-responsable-de-la-defensa-de-colombia\/#breadcrumb\"},\"inLanguage\":\"es\",\"potentialAction\":[{\"@type\":\"ReadAction\",\"target\":[\"https:\/\/pagina10.com\/web\/despues-de-5-anos-en-su-cargo-presidencia-pidio-renuncia-de-ana-ordonez-responsable-de-la-defensa-de-colombia\/\"]}]},{\"@type\":\"ImageObject\",\"inLanguage\":\"es\",\"@id\":\"https:\/\/pagina10.com\/web\/despues-de-5-anos-en-su-cargo-presidencia-pidio-renuncia-de-ana-ordonez-responsable-de-la-defensa-de-colombia\/#primaryimage\",\"url\":\"https:\/\/pagina10.com\/web\/wp-content\/uploads\/2024\/01\/fdreffr.png\",\"contentUrl\":\"https:\/\/pagina10.com\/web\/wp-content\/uploads\/2024\/01\/fdreffr.png\",\"width\":1897,\"height\":1125},{\"@type\":\"BreadcrumbList\",\"@id\":\"https:\/\/pagina10.com\/web\/despues-de-5-anos-en-su-cargo-presidencia-pidio-renuncia-de-ana-ordonez-responsable-de-la-defensa-de-colombia\/#breadcrumb\",\"itemListElement\":[{\"@type\":\"ListItem\",\"position\":1,\"name\":\"Portada\",\"item\":\"https:\/\/pagina10.com\/web\/\"},{\"@type\":\"ListItem\",\"position\":2,\"name\":\"Despu\u00e9s de 5 a\u00f1os en su cargo, Presidencia pidi\u00f3 renuncia de Ana Ord\u00f3\u00f1ez, responsable de la defensa de Colombia\"}]},{\"@type\":\"WebSite\",\"@id\":\"https:\/\/pagina10.com\/web\/#website\",\"url\":\"https:\/\/pagina10.com\/web\/\",\"name\":\"P\u00e1gina10\",\"description\":\"Peri\u00f3dico Regional\",\"publisher\":{\"@id\":\"https:\/\/pagina10.com\/web\/#organization\"},\"alternateName\":\"P\u00e1gina10 Peri\u00f3dico Regional\",\"potentialAction\":[{\"@type\":\"SearchAction\",\"target\":{\"@type\":\"EntryPoint\",\"urlTemplate\":\"https:\/\/pagina10.com\/web\/?s={search_term_string}\"},\"query-input\":{\"@type\":\"PropertyValueSpecification\",\"valueRequired\":true,\"valueName\":\"search_term_string\"}}],\"inLanguage\":\"es\"},{\"@type\":\"Organization\",\"@id\":\"https:\/\/pagina10.com\/web\/#organization\",\"name\":\"P\u00e1gina10\",\"alternateName\":\"P\u00e1gina10 Peri\u00f3dico Regional\",\"url\":\"https:\/\/pagina10.com\/web\/\",\"logo\":{\"@type\":\"ImageObject\",\"inLanguage\":\"es\",\"@id\":\"https:\/\/pagina10.com\/web\/#\/schema\/logo\/image\/\",\"url\":\"https:\/\/pagina10.com\/web\/wp-content\/uploads\/2024\/01\/40-pagina-10-periodico-regional-pasto.jpg\",\"contentUrl\":\"https:\/\/pagina10.com\/web\/wp-content\/uploads\/2024\/01\/40-pagina-10-periodico-regional-pasto.jpg\",\"width\":1280,\"height\":720,\"caption\":\"P\u00e1gina10\"},\"image\":{\"@id\":\"https:\/\/pagina10.com\/web\/#\/schema\/logo\/image\/\"},\"sameAs\":[\"https:\/\/www.facebook.com\/pag10com\",\"https:\/\/x.com\/Pag10com\",\"https:\/\/www.instagram.com\/pagina10col\/\",\"https:\/\/youtube.com\/channel\/pag10\",\"https:\/\/www.tiktok.com\/@p10col\"]},{\"@type\":\"Person\",\"@id\":\"https:\/\/pagina10.com\/web\/#\/schema\/person\/2efc4a090d25b667d3bc796798a3a81b\",\"name\":\"P\u00e1gina 10\",\"description\":\"P\u00e1gina 10 es un peri\u00f3dico regional que nace en Colombia, en el departamento de Nari\u00f1o, con un enfoque global, fundamentado en cuatro pilares esenciales: la libertad, el pluralismo, la inclusi\u00f3n y la independencia. P\u00e1gina 10 hace referencia a Nari\u00f1o como el d\u00e9cimo departamento creado en Colombia, despu\u00e9s de un proceso pol\u00edtico liderado por actores y actrices regionales con el fin de obtener la independencia y autonom\u00eda de nuestros territorios. Con la creaci\u00f3n de P\u00e1gina 10 se pretende abrir un escenario para el dialogo, la reflexi\u00f3n y el debate que se extienda a otras geograf\u00edas de Am\u00e9rica Latina y del planeta, en una apuesta por transformar colectivamente los desaf\u00edos de un mundo contempor\u00e1neo, m\u00e1s all\u00e1 de las fronteras impuestas.\",\"url\":\"https:\/\/pagina10.com\/web\/author\/pdiezadmin\/\"}]}<\/script>\n<!-- \/ Yoast SEO plugin. -->","yoast_head_json":{"title":"Despu\u00e9s de 5 a\u00f1os en su cargo, Presidencia pidi\u00f3 renuncia de Ana Ord\u00f3\u00f1ez, responsable de la defensa de Colombia | P\u00e1gina10","robots":{"index":"index","follow":"follow","max-snippet":"max-snippet:-1","max-image-preview":"max-image-preview:large","max-video-preview":"max-video-preview:-1"},"canonical":"https:\/\/pagina10.com\/web\/despues-de-5-anos-en-su-cargo-presidencia-pidio-renuncia-de-ana-ordonez-responsable-de-la-defensa-de-colombia\/","og_locale":"es_ES","og_type":"article","og_title":"Despu\u00e9s de 5 a\u00f1os en su cargo, Presidencia pidi\u00f3 renuncia de Ana Ord\u00f3\u00f1ez, responsable de la defensa de Colombia | P\u00e1gina10","og_description":"Ana Mar\u00eda Ord\u00f3\u00f1ez Puentes present\u00f3 su renuncia como directora de Defensa Jur\u00eddica Internacional de la Agencia de Defensa Jur\u00eddica del Estado (ANDJE) colombiano, luego de una destacada trayectoria desde 2017, en la que lider\u00f3 un equipo de abogados expertos en la defensa de Colombia contra pleitos millonarios de inversionistas extranjeros. La noticia de su salida [&hellip;]","og_url":"https:\/\/pagina10.com\/web\/despues-de-5-anos-en-su-cargo-presidencia-pidio-renuncia-de-ana-ordonez-responsable-de-la-defensa-de-colombia\/","og_site_name":"P\u00e1gina10","article_publisher":"https:\/\/www.facebook.com\/pag10com","article_published_time":"2024-01-26T22:47:26+00:00","og_image":[{"width":1024,"height":607,"url":"https:\/\/pagina10.com\/web\/wp-content\/uploads\/2024\/01\/fdreffr-1024x607.png","type":"image\/png"}],"author":"P\u00e1gina 10","twitter_card":"summary_large_image","twitter_creator":"@Pag10com","twitter_site":"@Pag10com","twitter_misc":{"Escrito por":"P\u00e1gina 10","Tiempo de lectura":"2 minutos"},"schema":{"@context":"https:\/\/schema.org","@graph":[{"@type":"Article","@id":"https:\/\/pagina10.com\/web\/despues-de-5-anos-en-su-cargo-presidencia-pidio-renuncia-de-ana-ordonez-responsable-de-la-defensa-de-colombia\/#article","isPartOf":{"@id":"https:\/\/pagina10.com\/web\/despues-de-5-anos-en-su-cargo-presidencia-pidio-renuncia-de-ana-ordonez-responsable-de-la-defensa-de-colombia\/"},"author":{"name":"P\u00e1gina 10","@id":"https:\/\/pagina10.com\/web\/#\/schema\/person\/2efc4a090d25b667d3bc796798a3a81b"},"headline":"Despu\u00e9s de 5 a\u00f1os en su cargo, Presidencia pidi\u00f3 renuncia de Ana Ord\u00f3\u00f1ez, responsable de la defensa de Colombia","datePublished":"2024-01-26T22:47:26+00:00","mainEntityOfPage":{"@id":"https:\/\/pagina10.com\/web\/despues-de-5-anos-en-su-cargo-presidencia-pidio-renuncia-de-ana-ordonez-responsable-de-la-defensa-de-colombia\/"},"wordCount":230,"commentCount":0,"publisher":{"@id":"https:\/\/pagina10.com\/web\/#organization"},"image":{"@id":"https:\/\/pagina10.com\/web\/despues-de-5-anos-en-su-cargo-presidencia-pidio-renuncia-de-ana-ordonez-responsable-de-la-defensa-de-colombia\/#primaryimage"},"thumbnailUrl":"https:\/\/pagina10.com\/web\/wp-content\/uploads\/2024\/01\/fdreffr.png","articleSection":["Nacional"],"inLanguage":"es","potentialAction":[{"@type":"CommentAction","name":"Comment","target":["https:\/\/pagina10.com\/web\/despues-de-5-anos-en-su-cargo-presidencia-pidio-renuncia-de-ana-ordonez-responsable-de-la-defensa-de-colombia\/#respond"]}]},{"@type":"WebPage","@id":"https:\/\/pagina10.com\/web\/despues-de-5-anos-en-su-cargo-presidencia-pidio-renuncia-de-ana-ordonez-responsable-de-la-defensa-de-colombia\/","url":"https:\/\/pagina10.com\/web\/despues-de-5-anos-en-su-cargo-presidencia-pidio-renuncia-de-ana-ordonez-responsable-de-la-defensa-de-colombia\/","name":"Despu\u00e9s de 5 a\u00f1os en su cargo, Presidencia pidi\u00f3 renuncia de Ana Ord\u00f3\u00f1ez, responsable de la defensa de Colombia | P\u00e1gina10","isPartOf":{"@id":"https:\/\/pagina10.com\/web\/#website"},"primaryImageOfPage":{"@id":"https:\/\/pagina10.com\/web\/despues-de-5-anos-en-su-cargo-presidencia-pidio-renuncia-de-ana-ordonez-responsable-de-la-defensa-de-colombia\/#primaryimage"},"image":{"@id":"https:\/\/pagina10.com\/web\/despues-de-5-anos-en-su-cargo-presidencia-pidio-renuncia-de-ana-ordonez-responsable-de-la-defensa-de-colombia\/#primaryimage"},"thumbnailUrl":"https:\/\/pagina10.com\/web\/wp-content\/uploads\/2024\/01\/fdreffr.png","datePublished":"2024-01-26T22:47:26+00:00","breadcrumb":{"@id":"https:\/\/pagina10.com\/web\/despues-de-5-anos-en-su-cargo-presidencia-pidio-renuncia-de-ana-ordonez-responsable-de-la-defensa-de-colombia\/#breadcrumb"},"inLanguage":"es","potentialAction":[{"@type":"ReadAction","target":["https:\/\/pagina10.com\/web\/despues-de-5-anos-en-su-cargo-presidencia-pidio-renuncia-de-ana-ordonez-responsable-de-la-defensa-de-colombia\/"]}]},{"@type":"ImageObject","inLanguage":"es","@id":"https:\/\/pagina10.com\/web\/despues-de-5-anos-en-su-cargo-presidencia-pidio-renuncia-de-ana-ordonez-responsable-de-la-defensa-de-colombia\/#primaryimage","url":"https:\/\/pagina10.com\/web\/wp-content\/uploads\/2024\/01\/fdreffr.png","contentUrl":"https:\/\/pagina10.com\/web\/wp-content\/uploads\/2024\/01\/fdreffr.png","width":1897,"height":1125},{"@type":"BreadcrumbList","@id":"https:\/\/pagina10.com\/web\/despues-de-5-anos-en-su-cargo-presidencia-pidio-renuncia-de-ana-ordonez-responsable-de-la-defensa-de-colombia\/#breadcrumb","itemListElement":[{"@type":"ListItem","position":1,"name":"Portada","item":"https:\/\/pagina10.com\/web\/"},{"@type":"ListItem","position":2,"name":"Despu\u00e9s de 5 a\u00f1os en su cargo, Presidencia pidi\u00f3 renuncia de Ana Ord\u00f3\u00f1ez, responsable de la defensa de Colombia"}]},{"@type":"WebSite","@id":"https:\/\/pagina10.com\/web\/#website","url":"https:\/\/pagina10.com\/web\/","name":"P\u00e1gina10","description":"Peri\u00f3dico Regional","publisher":{"@id":"https:\/\/pagina10.com\/web\/#organization"},"alternateName":"P\u00e1gina10 Peri\u00f3dico Regional","potentialAction":[{"@type":"SearchAction","target":{"@type":"EntryPoint","urlTemplate":"https:\/\/pagina10.com\/web\/?s={search_term_string}"},"query-input":{"@type":"PropertyValueSpecification","valueRequired":true,"valueName":"search_term_string"}}],"inLanguage":"es"},{"@type":"Organization","@id":"https:\/\/pagina10.com\/web\/#organization","name":"P\u00e1gina10","alternateName":"P\u00e1gina10 Peri\u00f3dico Regional","url":"https:\/\/pagina10.com\/web\/","logo":{"@type":"ImageObject","inLanguage":"es","@id":"https:\/\/pagina10.com\/web\/#\/schema\/logo\/image\/","url":"https:\/\/pagina10.com\/web\/wp-content\/uploads\/2024\/01\/40-pagina-10-periodico-regional-pasto.jpg","contentUrl":"https:\/\/pagina10.com\/web\/wp-content\/uploads\/2024\/01\/40-pagina-10-periodico-regional-pasto.jpg","width":1280,"height":720,"caption":"P\u00e1gina10"},"image":{"@id":"https:\/\/pagina10.com\/web\/#\/schema\/logo\/image\/"},"sameAs":["https:\/\/www.facebook.com\/pag10com","https:\/\/x.com\/Pag10com","https:\/\/www.instagram.com\/pagina10col\/","https:\/\/youtube.com\/channel\/pag10","https:\/\/www.tiktok.com\/@p10col"]},{"@type":"Person","@id":"https:\/\/pagina10.com\/web\/#\/schema\/person\/2efc4a090d25b667d3bc796798a3a81b","name":"P\u00e1gina 10","description":"P\u00e1gina 10 es un peri\u00f3dico regional que nace en Colombia, en el departamento de Nari\u00f1o, con un enfoque global, fundamentado en cuatro pilares esenciales: la libertad, el pluralismo, la inclusi\u00f3n y la independencia. P\u00e1gina 10 hace referencia a Nari\u00f1o como el d\u00e9cimo departamento creado en Colombia, despu\u00e9s de un proceso pol\u00edtico liderado por actores y actrices regionales con el fin de obtener la independencia y autonom\u00eda de nuestros territorios. Con la creaci\u00f3n de P\u00e1gina 10 se pretende abrir un escenario para el dialogo, la reflexi\u00f3n y el debate que se extienda a otras geograf\u00edas de Am\u00e9rica Latina y del planeta, en una apuesta por transformar colectivamente los desaf\u00edos de un mundo contempor\u00e1neo, m\u00e1s all\u00e1 de las fronteras impuestas.","url":"https:\/\/pagina10.com\/web\/author\/pdiezadmin\/"}]}},"_links":{"self":[{"href":"https:\/\/pagina10.com\/web\/wp-json\/wp\/v2\/posts\/70879202462","targetHints":{"allow":["GET"]}}],"collection":[{"href":"https:\/\/pagina10.com\/web\/wp-json\/wp\/v2\/posts"}],"about":[{"href":"https:\/\/pagina10.com\/web\/wp-json\/wp\/v2\/types\/post"}],"author":[{"embeddable":true,"href":"https:\/\/pagina10.com\/web\/wp-json\/wp\/v2\/users\/1"}],"replies":[{"embeddable":true,"href":"https:\/\/pagina10.com\/web\/wp-json\/wp\/v2\/comments?post=70879202462"}],"version-history":[{"count":1,"href":"https:\/\/pagina10.com\/web\/wp-json\/wp\/v2\/posts\/70879202462\/revisions"}],"predecessor-version":[{"id":70879202463,"href":"https:\/\/pagina10.com\/web\/wp-json\/wp\/v2\/posts\/70879202462\/revisions\/70879202463"}],"wp:featuredmedia":[{"embeddable":true,"href":"https:\/\/pagina10.com\/web\/wp-json\/wp\/v2\/media\/70879202464"}],"wp:attachment":[{"href":"https:\/\/pagina10.com\/web\/wp-json\/wp\/v2\/media?parent=70879202462"}],"wp:term":[{"taxonomy":"category","embeddable":true,"href":"https:\/\/pagina10.com\/web\/wp-json\/wp\/v2\/categories?post=70879202462"},{"taxonomy":"post_tag","embeddable":true,"href":"https:\/\/pagina10.com\/web\/wp-json\/wp\/v2\/tags?post=70879202462"}],"curies":[{"name":"wp","href":"https:\/\/api.w.org\/{rel}","templated":true}]}}