{"id":70879202469,"date":"2024-01-26T22:01:23","date_gmt":"2024-01-27T03:01:23","guid":{"rendered":"https:\/\/pagina10.com\/web\/?p=70879202469"},"modified":"2024-01-26T22:01:23","modified_gmt":"2024-01-27T03:01:23","slug":"la-acumulacion-de-basura-en-barrios-de-pasto-es-un-desafio-ambiental","status":"publish","type":"post","link":"https:\/\/pagina10.com\/web\/la-acumulacion-de-basura-en-barrios-de-pasto-es-un-desafio-ambiental\/","title":{"rendered":"La acumulaci\u00f3n de basura en barrios de Pasto es un desaf\u00edo ambiental"},"content":{"rendered":"<p style=\"text-align: justify;\">En numerosos barrios de la ciudad de Pasto, la acumulaci\u00f3n descontrolada de basura se ha convertido en una problem\u00e1tica creciente que compromete la calidad de vida de sus habitantes. La falta de conciencia ciudadana ante el adecuado manejo de residuos ha generado focos de contaminaci\u00f3n, malos olores y un deterioro del entorno urbano, por esta raz\u00f3n, urge la implementaci\u00f3n de estrategias educativas y acciones concretas que eviten esta situaci\u00f3n.<\/p>\n<p style=\"text-align: justify;\">Entidades responsables de recolecci\u00f3n de basuras hacen un llamando a la acci\u00f3n para las comunidades en pro de revertir este preocupante escenario, que se repite diariamente en las calles y parques de la ciudad, y as\u00ed construir un entorno m\u00e1s limpio. La ausencia de programas educativos y campa\u00f1as de sensibilizaci\u00f3n ha contribuido al desinter\u00e9s ciudadano, resultando en la proliferaci\u00f3n de desechos que no solo afectan la est\u00e9tica de los lugares, sino que tambi\u00e9n ponen en riesgo la salud p\u00fablica.<\/p>\n<p style=\"text-align: justify;\">A pesar de contar con contenedores para la disposici\u00f3n de residuos, los ciudadanos no respetan los l\u00edmites establecidos, dejando la basura en la v\u00eda p\u00fablica o andenes cercanos en horarios no establecidos, generando malos olores y focos de infecci\u00f3n. Es necesario que la ciudadan\u00eda adopte una actitud m\u00e1s diligente y responsable, cumpliendo con las normativas y respetando los horarios establecidos para la disposici\u00f3n de residuos.<\/p>\n","protected":false},"excerpt":{"rendered":"<p>En numerosos barrios de la ciudad de Pasto, la acumulaci\u00f3n descontrolada de basura se ha convertido en una problem\u00e1tica creciente que compromete la calidad de vida de sus habitantes. La falta de conciencia ciudadana ante el adecuado manejo de residuos ha generado focos de contaminaci\u00f3n, malos olores y un deterioro del entorno urbano, por esta [&hellip;]<\/p>\n","protected":false},"author":1,"featured_media":70879202470,"comment_status":"open","ping_status":"open","sticky":false,"template":"","format":"standard","meta":{"footnotes":""},"categories":[14],"tags":[],"class_list":["post-70879202469","post","type-post","status-publish","format-standard","has-post-thumbnail","hentry","category-narino-actual"],"yoast_head":"<!-- This site is optimized with the Yoast SEO plugin v27.1.1 - https:\/\/yoast.com\/product\/yoast-seo-wordpress\/ -->\n<title>La acumulaci\u00f3n de basura en barrios de Pasto es un desaf\u00edo ambiental | P\u00e1gina10<\/title>\n<meta name=\"robots\" content=\"index, follow, max-snippet:-1, max-image-preview:large, max-video-preview:-1\" \/>\n<link rel=\"canonical\" href=\"https:\/\/pagina10.com\/web\/la-acumulacion-de-basura-en-barrios-de-pasto-es-un-desafio-ambiental\/\" \/>\n<meta property=\"og:locale\" content=\"es_ES\" \/>\n<meta property=\"og:type\" content=\"article\" \/>\n<meta property=\"og:title\" content=\"La acumulaci\u00f3n de basura en barrios de Pasto es un desaf\u00edo ambiental | P\u00e1gina10\" \/>\n<meta property=\"og:description\" content=\"En numerosos barrios de la ciudad de Pasto, la acumulaci\u00f3n descontrolada de basura se ha convertido en una problem\u00e1tica creciente que compromete la calidad de vida de sus habitantes. La falta de conciencia ciudadana ante el adecuado manejo de residuos ha generado focos de contaminaci\u00f3n, malos olores y un deterioro del entorno urbano, por esta [&hellip;]\" \/>\n<meta property=\"og:url\" content=\"https:\/\/pagina10.com\/web\/la-acumulacion-de-basura-en-barrios-de-pasto-es-un-desafio-ambiental\/\" \/>\n<meta property=\"og:site_name\" content=\"P\u00e1gina10\" \/>\n<meta property=\"article:publisher\" content=\"https:\/\/www.facebook.com\/pag10com\" \/>\n<meta property=\"article:published_time\" content=\"2024-01-27T03:01:23+00:00\" \/>\n<meta property=\"og:image\" content=\"https:\/\/pagina10.com\/web\/wp-content\/uploads\/2024\/01\/fbvf-1024x684.png\" \/>\n\t<meta property=\"og:image:width\" content=\"1024\" \/>\n\t<meta property=\"og:image:height\" content=\"684\" \/>\n\t<meta property=\"og:image:type\" content=\"image\/png\" \/>\n<meta name=\"author\" content=\"P\u00e1gina 10\" \/>\n<meta name=\"twitter:card\" content=\"summary_large_image\" \/>\n<meta name=\"twitter:creator\" content=\"@Pag10com\" \/>\n<meta name=\"twitter:site\" content=\"@Pag10com\" \/>\n<meta name=\"twitter:label1\" content=\"Escrito por\" \/>\n\t<meta name=\"twitter:data1\" content=\"P\u00e1gina 10\" \/>\n\t<meta name=\"twitter:label2\" content=\"Tiempo de lectura\" \/>\n\t<meta name=\"twitter:data2\" content=\"2 minutos\" \/>\n<script type=\"application\/ld+json\" class=\"yoast-schema-graph\">{\"@context\":\"https:\/\/schema.org\",\"@graph\":[{\"@type\":\"Article\",\"@id\":\"https:\/\/pagina10.com\/web\/la-acumulacion-de-basura-en-barrios-de-pasto-es-un-desafio-ambiental\/#article\",\"isPartOf\":{\"@id\":\"https:\/\/pagina10.com\/web\/la-acumulacion-de-basura-en-barrios-de-pasto-es-un-desafio-ambiental\/\"},\"author\":{\"name\":\"P\u00e1gina 10\",\"@id\":\"https:\/\/pagina10.com\/web\/#\/schema\/person\/2efc4a090d25b667d3bc796798a3a81b\"},\"headline\":\"La acumulaci\u00f3n de basura en barrios de Pasto es un desaf\u00edo ambiental\",\"datePublished\":\"2024-01-27T03:01:23+00:00\",\"mainEntityOfPage\":{\"@id\":\"https:\/\/pagina10.com\/web\/la-acumulacion-de-basura-en-barrios-de-pasto-es-un-desafio-ambiental\/\"},\"wordCount\":251,\"commentCount\":0,\"publisher\":{\"@id\":\"https:\/\/pagina10.com\/web\/#organization\"},\"image\":{\"@id\":\"https:\/\/pagina10.com\/web\/la-acumulacion-de-basura-en-barrios-de-pasto-es-un-desafio-ambiental\/#primaryimage\"},\"thumbnailUrl\":\"https:\/\/pagina10.com\/web\/wp-content\/uploads\/2024\/01\/fbvf.png\",\"articleSection\":[\"Nari\u00f1o Actual\"],\"inLanguage\":\"es\",\"potentialAction\":[{\"@type\":\"CommentAction\",\"name\":\"Comment\",\"target\":[\"https:\/\/pagina10.com\/web\/la-acumulacion-de-basura-en-barrios-de-pasto-es-un-desafio-ambiental\/#respond\"]}]},{\"@type\":\"WebPage\",\"@id\":\"https:\/\/pagina10.com\/web\/la-acumulacion-de-basura-en-barrios-de-pasto-es-un-desafio-ambiental\/\",\"url\":\"https:\/\/pagina10.com\/web\/la-acumulacion-de-basura-en-barrios-de-pasto-es-un-desafio-ambiental\/\",\"name\":\"La acumulaci\u00f3n de basura en barrios de Pasto es un desaf\u00edo ambiental | P\u00e1gina10\",\"isPartOf\":{\"@id\":\"https:\/\/pagina10.com\/web\/#website\"},\"primaryImageOfPage\":{\"@id\":\"https:\/\/pagina10.com\/web\/la-acumulacion-de-basura-en-barrios-de-pasto-es-un-desafio-ambiental\/#primaryimage\"},\"image\":{\"@id\":\"https:\/\/pagina10.com\/web\/la-acumulacion-de-basura-en-barrios-de-pasto-es-un-desafio-ambiental\/#primaryimage\"},\"thumbnailUrl\":\"https:\/\/pagina10.com\/web\/wp-content\/uploads\/2024\/01\/fbvf.png\",\"datePublished\":\"2024-01-27T03:01:23+00:00\",\"breadcrumb\":{\"@id\":\"https:\/\/pagina10.com\/web\/la-acumulacion-de-basura-en-barrios-de-pasto-es-un-desafio-ambiental\/#breadcrumb\"},\"inLanguage\":\"es\",\"potentialAction\":[{\"@type\":\"ReadAction\",\"target\":[\"https:\/\/pagina10.com\/web\/la-acumulacion-de-basura-en-barrios-de-pasto-es-un-desafio-ambiental\/\"]}]},{\"@type\":\"ImageObject\",\"inLanguage\":\"es\",\"@id\":\"https:\/\/pagina10.com\/web\/la-acumulacion-de-basura-en-barrios-de-pasto-es-un-desafio-ambiental\/#primaryimage\",\"url\":\"https:\/\/pagina10.com\/web\/wp-content\/uploads\/2024\/01\/fbvf.png\",\"contentUrl\":\"https:\/\/pagina10.com\/web\/wp-content\/uploads\/2024\/01\/fbvf.png\",\"width\":1865,\"height\":1245},{\"@type\":\"BreadcrumbList\",\"@id\":\"https:\/\/pagina10.com\/web\/la-acumulacion-de-basura-en-barrios-de-pasto-es-un-desafio-ambiental\/#breadcrumb\",\"itemListElement\":[{\"@type\":\"ListItem\",\"position\":1,\"name\":\"Portada\",\"item\":\"https:\/\/pagina10.com\/web\/\"},{\"@type\":\"ListItem\",\"position\":2,\"name\":\"La acumulaci\u00f3n de basura en barrios de Pasto es un desaf\u00edo ambiental\"}]},{\"@type\":\"WebSite\",\"@id\":\"https:\/\/pagina10.com\/web\/#website\",\"url\":\"https:\/\/pagina10.com\/web\/\",\"name\":\"P\u00e1gina10\",\"description\":\"Peri\u00f3dico Regional\",\"publisher\":{\"@id\":\"https:\/\/pagina10.com\/web\/#organization\"},\"alternateName\":\"P\u00e1gina10 Peri\u00f3dico Regional\",\"potentialAction\":[{\"@type\":\"SearchAction\",\"target\":{\"@type\":\"EntryPoint\",\"urlTemplate\":\"https:\/\/pagina10.com\/web\/?s={search_term_string}\"},\"query-input\":{\"@type\":\"PropertyValueSpecification\",\"valueRequired\":true,\"valueName\":\"search_term_string\"}}],\"inLanguage\":\"es\"},{\"@type\":\"Organization\",\"@id\":\"https:\/\/pagina10.com\/web\/#organization\",\"name\":\"P\u00e1gina10\",\"alternateName\":\"P\u00e1gina10 Peri\u00f3dico Regional\",\"url\":\"https:\/\/pagina10.com\/web\/\",\"logo\":{\"@type\":\"ImageObject\",\"inLanguage\":\"es\",\"@id\":\"https:\/\/pagina10.com\/web\/#\/schema\/logo\/image\/\",\"url\":\"https:\/\/pagina10.com\/web\/wp-content\/uploads\/2024\/01\/40-pagina-10-periodico-regional-pasto.jpg\",\"contentUrl\":\"https:\/\/pagina10.com\/web\/wp-content\/uploads\/2024\/01\/40-pagina-10-periodico-regional-pasto.jpg\",\"width\":1280,\"height\":720,\"caption\":\"P\u00e1gina10\"},\"image\":{\"@id\":\"https:\/\/pagina10.com\/web\/#\/schema\/logo\/image\/\"},\"sameAs\":[\"https:\/\/www.facebook.com\/pag10com\",\"https:\/\/x.com\/Pag10com\",\"https:\/\/www.instagram.com\/pagina10col\/\",\"https:\/\/youtube.com\/channel\/pag10\",\"https:\/\/www.tiktok.com\/@p10col\"]},{\"@type\":\"Person\",\"@id\":\"https:\/\/pagina10.com\/web\/#\/schema\/person\/2efc4a090d25b667d3bc796798a3a81b\",\"name\":\"P\u00e1gina 10\",\"description\":\"P\u00e1gina 10 es un peri\u00f3dico regional que nace en Colombia, en el departamento de Nari\u00f1o, con un enfoque global, fundamentado en cuatro pilares esenciales: la libertad, el pluralismo, la inclusi\u00f3n y la independencia. P\u00e1gina 10 hace referencia a Nari\u00f1o como el d\u00e9cimo departamento creado en Colombia, despu\u00e9s de un proceso pol\u00edtico liderado por actores y actrices regionales con el fin de obtener la independencia y autonom\u00eda de nuestros territorios. Con la creaci\u00f3n de P\u00e1gina 10 se pretende abrir un escenario para el dialogo, la reflexi\u00f3n y el debate que se extienda a otras geograf\u00edas de Am\u00e9rica Latina y del planeta, en una apuesta por transformar colectivamente los desaf\u00edos de un mundo contempor\u00e1neo, m\u00e1s all\u00e1 de las fronteras impuestas.\",\"url\":\"https:\/\/pagina10.com\/web\/author\/pdiezadmin\/\"}]}<\/script>\n<!-- \/ Yoast SEO plugin. -->","yoast_head_json":{"title":"La acumulaci\u00f3n de basura en barrios de Pasto es un desaf\u00edo ambiental | P\u00e1gina10","robots":{"index":"index","follow":"follow","max-snippet":"max-snippet:-1","max-image-preview":"max-image-preview:large","max-video-preview":"max-video-preview:-1"},"canonical":"https:\/\/pagina10.com\/web\/la-acumulacion-de-basura-en-barrios-de-pasto-es-un-desafio-ambiental\/","og_locale":"es_ES","og_type":"article","og_title":"La acumulaci\u00f3n de basura en barrios de Pasto es un desaf\u00edo ambiental | P\u00e1gina10","og_description":"En numerosos barrios de la ciudad de Pasto, la acumulaci\u00f3n descontrolada de basura se ha convertido en una problem\u00e1tica creciente que compromete la calidad de vida de sus habitantes. La falta de conciencia ciudadana ante el adecuado manejo de residuos ha generado focos de contaminaci\u00f3n, malos olores y un deterioro del entorno urbano, por esta [&hellip;]","og_url":"https:\/\/pagina10.com\/web\/la-acumulacion-de-basura-en-barrios-de-pasto-es-un-desafio-ambiental\/","og_site_name":"P\u00e1gina10","article_publisher":"https:\/\/www.facebook.com\/pag10com","article_published_time":"2024-01-27T03:01:23+00:00","og_image":[{"width":1024,"height":684,"url":"https:\/\/pagina10.com\/web\/wp-content\/uploads\/2024\/01\/fbvf-1024x684.png","type":"image\/png"}],"author":"P\u00e1gina 10","twitter_card":"summary_large_image","twitter_creator":"@Pag10com","twitter_site":"@Pag10com","twitter_misc":{"Escrito por":"P\u00e1gina 10","Tiempo de lectura":"2 minutos"},"schema":{"@context":"https:\/\/schema.org","@graph":[{"@type":"Article","@id":"https:\/\/pagina10.com\/web\/la-acumulacion-de-basura-en-barrios-de-pasto-es-un-desafio-ambiental\/#article","isPartOf":{"@id":"https:\/\/pagina10.com\/web\/la-acumulacion-de-basura-en-barrios-de-pasto-es-un-desafio-ambiental\/"},"author":{"name":"P\u00e1gina 10","@id":"https:\/\/pagina10.com\/web\/#\/schema\/person\/2efc4a090d25b667d3bc796798a3a81b"},"headline":"La acumulaci\u00f3n de basura en barrios de Pasto es un desaf\u00edo ambiental","datePublished":"2024-01-27T03:01:23+00:00","mainEntityOfPage":{"@id":"https:\/\/pagina10.com\/web\/la-acumulacion-de-basura-en-barrios-de-pasto-es-un-desafio-ambiental\/"},"wordCount":251,"commentCount":0,"publisher":{"@id":"https:\/\/pagina10.com\/web\/#organization"},"image":{"@id":"https:\/\/pagina10.com\/web\/la-acumulacion-de-basura-en-barrios-de-pasto-es-un-desafio-ambiental\/#primaryimage"},"thumbnailUrl":"https:\/\/pagina10.com\/web\/wp-content\/uploads\/2024\/01\/fbvf.png","articleSection":["Nari\u00f1o Actual"],"inLanguage":"es","potentialAction":[{"@type":"CommentAction","name":"Comment","target":["https:\/\/pagina10.com\/web\/la-acumulacion-de-basura-en-barrios-de-pasto-es-un-desafio-ambiental\/#respond"]}]},{"@type":"WebPage","@id":"https:\/\/pagina10.com\/web\/la-acumulacion-de-basura-en-barrios-de-pasto-es-un-desafio-ambiental\/","url":"https:\/\/pagina10.com\/web\/la-acumulacion-de-basura-en-barrios-de-pasto-es-un-desafio-ambiental\/","name":"La acumulaci\u00f3n de basura en barrios de Pasto es un desaf\u00edo ambiental | P\u00e1gina10","isPartOf":{"@id":"https:\/\/pagina10.com\/web\/#website"},"primaryImageOfPage":{"@id":"https:\/\/pagina10.com\/web\/la-acumulacion-de-basura-en-barrios-de-pasto-es-un-desafio-ambiental\/#primaryimage"},"image":{"@id":"https:\/\/pagina10.com\/web\/la-acumulacion-de-basura-en-barrios-de-pasto-es-un-desafio-ambiental\/#primaryimage"},"thumbnailUrl":"https:\/\/pagina10.com\/web\/wp-content\/uploads\/2024\/01\/fbvf.png","datePublished":"2024-01-27T03:01:23+00:00","breadcrumb":{"@id":"https:\/\/pagina10.com\/web\/la-acumulacion-de-basura-en-barrios-de-pasto-es-un-desafio-ambiental\/#breadcrumb"},"inLanguage":"es","potentialAction":[{"@type":"ReadAction","target":["https:\/\/pagina10.com\/web\/la-acumulacion-de-basura-en-barrios-de-pasto-es-un-desafio-ambiental\/"]}]},{"@type":"ImageObject","inLanguage":"es","@id":"https:\/\/pagina10.com\/web\/la-acumulacion-de-basura-en-barrios-de-pasto-es-un-desafio-ambiental\/#primaryimage","url":"https:\/\/pagina10.com\/web\/wp-content\/uploads\/2024\/01\/fbvf.png","contentUrl":"https:\/\/pagina10.com\/web\/wp-content\/uploads\/2024\/01\/fbvf.png","width":1865,"height":1245},{"@type":"BreadcrumbList","@id":"https:\/\/pagina10.com\/web\/la-acumulacion-de-basura-en-barrios-de-pasto-es-un-desafio-ambiental\/#breadcrumb","itemListElement":[{"@type":"ListItem","position":1,"name":"Portada","item":"https:\/\/pagina10.com\/web\/"},{"@type":"ListItem","position":2,"name":"La acumulaci\u00f3n de basura en barrios de Pasto es un desaf\u00edo ambiental"}]},{"@type":"WebSite","@id":"https:\/\/pagina10.com\/web\/#website","url":"https:\/\/pagina10.com\/web\/","name":"P\u00e1gina10","description":"Peri\u00f3dico Regional","publisher":{"@id":"https:\/\/pagina10.com\/web\/#organization"},"alternateName":"P\u00e1gina10 Peri\u00f3dico Regional","potentialAction":[{"@type":"SearchAction","target":{"@type":"EntryPoint","urlTemplate":"https:\/\/pagina10.com\/web\/?s={search_term_string}"},"query-input":{"@type":"PropertyValueSpecification","valueRequired":true,"valueName":"search_term_string"}}],"inLanguage":"es"},{"@type":"Organization","@id":"https:\/\/pagina10.com\/web\/#organization","name":"P\u00e1gina10","alternateName":"P\u00e1gina10 Peri\u00f3dico Regional","url":"https:\/\/pagina10.com\/web\/","logo":{"@type":"ImageObject","inLanguage":"es","@id":"https:\/\/pagina10.com\/web\/#\/schema\/logo\/image\/","url":"https:\/\/pagina10.com\/web\/wp-content\/uploads\/2024\/01\/40-pagina-10-periodico-regional-pasto.jpg","contentUrl":"https:\/\/pagina10.com\/web\/wp-content\/uploads\/2024\/01\/40-pagina-10-periodico-regional-pasto.jpg","width":1280,"height":720,"caption":"P\u00e1gina10"},"image":{"@id":"https:\/\/pagina10.com\/web\/#\/schema\/logo\/image\/"},"sameAs":["https:\/\/www.facebook.com\/pag10com","https:\/\/x.com\/Pag10com","https:\/\/www.instagram.com\/pagina10col\/","https:\/\/youtube.com\/channel\/pag10","https:\/\/www.tiktok.com\/@p10col"]},{"@type":"Person","@id":"https:\/\/pagina10.com\/web\/#\/schema\/person\/2efc4a090d25b667d3bc796798a3a81b","name":"P\u00e1gina 10","description":"P\u00e1gina 10 es un peri\u00f3dico regional que nace en Colombia, en el departamento de Nari\u00f1o, con un enfoque global, fundamentado en cuatro pilares esenciales: la libertad, el pluralismo, la inclusi\u00f3n y la independencia. P\u00e1gina 10 hace referencia a Nari\u00f1o como el d\u00e9cimo departamento creado en Colombia, despu\u00e9s de un proceso pol\u00edtico liderado por actores y actrices regionales con el fin de obtener la independencia y autonom\u00eda de nuestros territorios. Con la creaci\u00f3n de P\u00e1gina 10 se pretende abrir un escenario para el dialogo, la reflexi\u00f3n y el debate que se extienda a otras geograf\u00edas de Am\u00e9rica Latina y del planeta, en una apuesta por transformar colectivamente los desaf\u00edos de un mundo contempor\u00e1neo, m\u00e1s all\u00e1 de las fronteras impuestas.","url":"https:\/\/pagina10.com\/web\/author\/pdiezadmin\/"}]}},"_links":{"self":[{"href":"https:\/\/pagina10.com\/web\/wp-json\/wp\/v2\/posts\/70879202469","targetHints":{"allow":["GET"]}}],"collection":[{"href":"https:\/\/pagina10.com\/web\/wp-json\/wp\/v2\/posts"}],"about":[{"href":"https:\/\/pagina10.com\/web\/wp-json\/wp\/v2\/types\/post"}],"author":[{"embeddable":true,"href":"https:\/\/pagina10.com\/web\/wp-json\/wp\/v2\/users\/1"}],"replies":[{"embeddable":true,"href":"https:\/\/pagina10.com\/web\/wp-json\/wp\/v2\/comments?post=70879202469"}],"version-history":[{"count":1,"href":"https:\/\/pagina10.com\/web\/wp-json\/wp\/v2\/posts\/70879202469\/revisions"}],"predecessor-version":[{"id":70879202471,"href":"https:\/\/pagina10.com\/web\/wp-json\/wp\/v2\/posts\/70879202469\/revisions\/70879202471"}],"wp:featuredmedia":[{"embeddable":true,"href":"https:\/\/pagina10.com\/web\/wp-json\/wp\/v2\/media\/70879202470"}],"wp:attachment":[{"href":"https:\/\/pagina10.com\/web\/wp-json\/wp\/v2\/media?parent=70879202469"}],"wp:term":[{"taxonomy":"category","embeddable":true,"href":"https:\/\/pagina10.com\/web\/wp-json\/wp\/v2\/categories?post=70879202469"},{"taxonomy":"post_tag","embeddable":true,"href":"https:\/\/pagina10.com\/web\/wp-json\/wp\/v2\/tags?post=70879202469"}],"curies":[{"name":"wp","href":"https:\/\/api.w.org\/{rel}","templated":true}]}}