{"id":70879202478,"date":"2024-01-27T14:11:56","date_gmt":"2024-01-27T19:11:56","guid":{"rendered":"https:\/\/pagina10.com\/web\/?p=70879202478"},"modified":"2024-01-27T14:16:26","modified_gmt":"2024-01-27T19:16:26","slug":"jhon-rojas-es-el-nuevo-presidente-nacional-del-partido-de-la-paz","status":"publish","type":"post","link":"https:\/\/pagina10.com\/web\/jhon-rojas-es-el-nuevo-presidente-nacional-del-partido-de-la-paz\/","title":{"rendered":"Jhon Rojas es el nuevo presidente nacional del Partido La Fuerza de la Paz\u00a0"},"content":{"rendered":"<p style=\"text-align: justify;\">Durante una reuni\u00f3n de la directiva nacional del Partido La Fuerza de la Paz, que cont\u00f3 con el respaldo de representantes de 25 departamentos de Colombia, el exgobernador de Nari\u00f1o, Jhon Alexander Rojas Cabrera, asumi\u00f3 la presidencia nacional del partido.<\/p>\n<p style=\"text-align: justify;\">El abogado egresado de la Universidad Libre de Cali, con postgrados en Direcci\u00f3n y Gesti\u00f3n de Servicios de Salud en Espa\u00f1a, expres\u00f3 su compromiso con la colectividad que fue fundada por el expresidente del congreso y embajador Roy Barreras. &#8220;La Fuerza de la Paz es un partido de gobierno. Estamos seguros de que lo que le conviene a Colombia es que al gobierno del Petro le vaya bien&#8221;, dijo Rojas en sus primeras declaraciones como presidente.<\/p>\n<p style=\"text-align: justify;\">El nuevo l\u00edder del partido traz\u00f3 las directrices de su gesti\u00f3n, destacando la necesidad de avanzar hacia la justicia social, ambiental y la paz, adem\u00e1s, hizo \u00e9nfasis en la importancia de la seguridad para lograr la paz. Rojas expres\u00f3 la convicci\u00f3n del partido para conformar un frente amplio y listas abiertas de coalici\u00f3n con partidos progresistas y de centro, destacando la representatividad del partido en candidaturas a las C\u00e1maras, al Senado y la presentaci\u00f3n de un candidato propio en la pr\u00f3xima consulta presidencial.<\/p>\n","protected":false},"excerpt":{"rendered":"<p>Durante una reuni\u00f3n de la directiva nacional del Partido La Fuerza de la Paz, que cont\u00f3 con el respaldo de representantes de 25 departamentos de Colombia, el exgobernador de Nari\u00f1o, Jhon Alexander Rojas Cabrera, asumi\u00f3 la presidencia nacional del partido. El abogado egresado de la Universidad Libre de Cali, con postgrados en Direcci\u00f3n y Gesti\u00f3n [&hellip;]<\/p>\n","protected":false},"author":1,"featured_media":70879202480,"comment_status":"open","ping_status":"open","sticky":false,"template":"","format":"standard","meta":{"footnotes":""},"categories":[14],"tags":[],"class_list":["post-70879202478","post","type-post","status-publish","format-standard","has-post-thumbnail","hentry","category-narino-actual"],"yoast_head":"<!-- This site is optimized with the Yoast SEO plugin v27.1.1 - https:\/\/yoast.com\/product\/yoast-seo-wordpress\/ -->\n<title>Jhon Rojas es el nuevo presidente nacional del Partido La Fuerza de la Paz\u00a0 | P\u00e1gina10<\/title>\n<meta name=\"robots\" content=\"index, follow, max-snippet:-1, max-image-preview:large, max-video-preview:-1\" \/>\n<link rel=\"canonical\" href=\"https:\/\/pagina10.com\/web\/jhon-rojas-es-el-nuevo-presidente-nacional-del-partido-de-la-paz\/\" \/>\n<meta property=\"og:locale\" content=\"es_ES\" \/>\n<meta property=\"og:type\" content=\"article\" \/>\n<meta property=\"og:title\" content=\"Jhon Rojas es el nuevo presidente nacional del Partido La Fuerza de la Paz\u00a0 | P\u00e1gina10\" \/>\n<meta property=\"og:description\" content=\"Durante una reuni\u00f3n de la directiva nacional del Partido La Fuerza de la Paz, que cont\u00f3 con el respaldo de representantes de 25 departamentos de Colombia, el exgobernador de Nari\u00f1o, Jhon Alexander Rojas Cabrera, asumi\u00f3 la presidencia nacional del partido. El abogado egresado de la Universidad Libre de Cali, con postgrados en Direcci\u00f3n y Gesti\u00f3n [&hellip;]\" \/>\n<meta property=\"og:url\" content=\"https:\/\/pagina10.com\/web\/jhon-rojas-es-el-nuevo-presidente-nacional-del-partido-de-la-paz\/\" \/>\n<meta property=\"og:site_name\" content=\"P\u00e1gina10\" \/>\n<meta property=\"article:publisher\" content=\"https:\/\/www.facebook.com\/pag10com\" \/>\n<meta property=\"article:published_time\" content=\"2024-01-27T19:11:56+00:00\" \/>\n<meta property=\"article:modified_time\" content=\"2024-01-27T19:16:26+00:00\" \/>\n<meta property=\"og:image\" content=\"https:\/\/pagina10.com\/web\/wp-content\/uploads\/2024\/01\/20240127_141110.jpg\" \/>\n\t<meta property=\"og:image:width\" content=\"1266\" \/>\n\t<meta property=\"og:image:height\" content=\"843\" \/>\n\t<meta property=\"og:image:type\" content=\"image\/jpeg\" \/>\n<meta name=\"author\" content=\"P\u00e1gina 10\" \/>\n<meta name=\"twitter:card\" content=\"summary_large_image\" \/>\n<meta name=\"twitter:creator\" content=\"@Pag10com\" \/>\n<meta name=\"twitter:site\" content=\"@Pag10com\" \/>\n<meta name=\"twitter:label1\" content=\"Escrito por\" \/>\n\t<meta name=\"twitter:data1\" content=\"P\u00e1gina 10\" \/>\n\t<meta name=\"twitter:label2\" content=\"Tiempo de lectura\" \/>\n\t<meta name=\"twitter:data2\" content=\"2 minutos\" \/>\n<script type=\"application\/ld+json\" class=\"yoast-schema-graph\">{\"@context\":\"https:\/\/schema.org\",\"@graph\":[{\"@type\":\"Article\",\"@id\":\"https:\/\/pagina10.com\/web\/jhon-rojas-es-el-nuevo-presidente-nacional-del-partido-de-la-paz\/#article\",\"isPartOf\":{\"@id\":\"https:\/\/pagina10.com\/web\/jhon-rojas-es-el-nuevo-presidente-nacional-del-partido-de-la-paz\/\"},\"author\":{\"name\":\"P\u00e1gina 10\",\"@id\":\"https:\/\/pagina10.com\/web\/#\/schema\/person\/2efc4a090d25b667d3bc796798a3a81b\"},\"headline\":\"Jhon Rojas es el nuevo presidente nacional del Partido La Fuerza de la Paz\u00a0\",\"datePublished\":\"2024-01-27T19:11:56+00:00\",\"dateModified\":\"2024-01-27T19:16:26+00:00\",\"mainEntityOfPage\":{\"@id\":\"https:\/\/pagina10.com\/web\/jhon-rojas-es-el-nuevo-presidente-nacional-del-partido-de-la-paz\/\"},\"wordCount\":225,\"commentCount\":0,\"publisher\":{\"@id\":\"https:\/\/pagina10.com\/web\/#organization\"},\"image\":{\"@id\":\"https:\/\/pagina10.com\/web\/jhon-rojas-es-el-nuevo-presidente-nacional-del-partido-de-la-paz\/#primaryimage\"},\"thumbnailUrl\":\"https:\/\/pagina10.com\/web\/wp-content\/uploads\/2024\/01\/20240127_141110.jpg\",\"articleSection\":[\"Nari\u00f1o Actual\"],\"inLanguage\":\"es\",\"potentialAction\":[{\"@type\":\"CommentAction\",\"name\":\"Comment\",\"target\":[\"https:\/\/pagina10.com\/web\/jhon-rojas-es-el-nuevo-presidente-nacional-del-partido-de-la-paz\/#respond\"]}]},{\"@type\":\"WebPage\",\"@id\":\"https:\/\/pagina10.com\/web\/jhon-rojas-es-el-nuevo-presidente-nacional-del-partido-de-la-paz\/\",\"url\":\"https:\/\/pagina10.com\/web\/jhon-rojas-es-el-nuevo-presidente-nacional-del-partido-de-la-paz\/\",\"name\":\"Jhon Rojas es el nuevo presidente nacional del Partido La Fuerza de la Paz\u00a0 | P\u00e1gina10\",\"isPartOf\":{\"@id\":\"https:\/\/pagina10.com\/web\/#website\"},\"primaryImageOfPage\":{\"@id\":\"https:\/\/pagina10.com\/web\/jhon-rojas-es-el-nuevo-presidente-nacional-del-partido-de-la-paz\/#primaryimage\"},\"image\":{\"@id\":\"https:\/\/pagina10.com\/web\/jhon-rojas-es-el-nuevo-presidente-nacional-del-partido-de-la-paz\/#primaryimage\"},\"thumbnailUrl\":\"https:\/\/pagina10.com\/web\/wp-content\/uploads\/2024\/01\/20240127_141110.jpg\",\"datePublished\":\"2024-01-27T19:11:56+00:00\",\"dateModified\":\"2024-01-27T19:16:26+00:00\",\"breadcrumb\":{\"@id\":\"https:\/\/pagina10.com\/web\/jhon-rojas-es-el-nuevo-presidente-nacional-del-partido-de-la-paz\/#breadcrumb\"},\"inLanguage\":\"es\",\"potentialAction\":[{\"@type\":\"ReadAction\",\"target\":[\"https:\/\/pagina10.com\/web\/jhon-rojas-es-el-nuevo-presidente-nacional-del-partido-de-la-paz\/\"]}]},{\"@type\":\"ImageObject\",\"inLanguage\":\"es\",\"@id\":\"https:\/\/pagina10.com\/web\/jhon-rojas-es-el-nuevo-presidente-nacional-del-partido-de-la-paz\/#primaryimage\",\"url\":\"https:\/\/pagina10.com\/web\/wp-content\/uploads\/2024\/01\/20240127_141110.jpg\",\"contentUrl\":\"https:\/\/pagina10.com\/web\/wp-content\/uploads\/2024\/01\/20240127_141110.jpg\",\"width\":1266,\"height\":843},{\"@type\":\"BreadcrumbList\",\"@id\":\"https:\/\/pagina10.com\/web\/jhon-rojas-es-el-nuevo-presidente-nacional-del-partido-de-la-paz\/#breadcrumb\",\"itemListElement\":[{\"@type\":\"ListItem\",\"position\":1,\"name\":\"Portada\",\"item\":\"https:\/\/pagina10.com\/web\/\"},{\"@type\":\"ListItem\",\"position\":2,\"name\":\"Jhon Rojas es el nuevo presidente nacional del Partido La Fuerza de la Paz\u00a0\"}]},{\"@type\":\"WebSite\",\"@id\":\"https:\/\/pagina10.com\/web\/#website\",\"url\":\"https:\/\/pagina10.com\/web\/\",\"name\":\"P\u00e1gina10\",\"description\":\"Peri\u00f3dico Regional\",\"publisher\":{\"@id\":\"https:\/\/pagina10.com\/web\/#organization\"},\"alternateName\":\"P\u00e1gina10 Peri\u00f3dico Regional\",\"potentialAction\":[{\"@type\":\"SearchAction\",\"target\":{\"@type\":\"EntryPoint\",\"urlTemplate\":\"https:\/\/pagina10.com\/web\/?s={search_term_string}\"},\"query-input\":{\"@type\":\"PropertyValueSpecification\",\"valueRequired\":true,\"valueName\":\"search_term_string\"}}],\"inLanguage\":\"es\"},{\"@type\":\"Organization\",\"@id\":\"https:\/\/pagina10.com\/web\/#organization\",\"name\":\"P\u00e1gina10\",\"alternateName\":\"P\u00e1gina10 Peri\u00f3dico Regional\",\"url\":\"https:\/\/pagina10.com\/web\/\",\"logo\":{\"@type\":\"ImageObject\",\"inLanguage\":\"es\",\"@id\":\"https:\/\/pagina10.com\/web\/#\/schema\/logo\/image\/\",\"url\":\"https:\/\/pagina10.com\/web\/wp-content\/uploads\/2024\/01\/40-pagina-10-periodico-regional-pasto.jpg\",\"contentUrl\":\"https:\/\/pagina10.com\/web\/wp-content\/uploads\/2024\/01\/40-pagina-10-periodico-regional-pasto.jpg\",\"width\":1280,\"height\":720,\"caption\":\"P\u00e1gina10\"},\"image\":{\"@id\":\"https:\/\/pagina10.com\/web\/#\/schema\/logo\/image\/\"},\"sameAs\":[\"https:\/\/www.facebook.com\/pag10com\",\"https:\/\/x.com\/Pag10com\",\"https:\/\/www.instagram.com\/pagina10col\/\",\"https:\/\/youtube.com\/channel\/pag10\",\"https:\/\/www.tiktok.com\/@p10col\"]},{\"@type\":\"Person\",\"@id\":\"https:\/\/pagina10.com\/web\/#\/schema\/person\/2efc4a090d25b667d3bc796798a3a81b\",\"name\":\"P\u00e1gina 10\",\"description\":\"P\u00e1gina 10 es un peri\u00f3dico regional que nace en Colombia, en el departamento de Nari\u00f1o, con un enfoque global, fundamentado en cuatro pilares esenciales: la libertad, el pluralismo, la inclusi\u00f3n y la independencia. P\u00e1gina 10 hace referencia a Nari\u00f1o como el d\u00e9cimo departamento creado en Colombia, despu\u00e9s de un proceso pol\u00edtico liderado por actores y actrices regionales con el fin de obtener la independencia y autonom\u00eda de nuestros territorios. Con la creaci\u00f3n de P\u00e1gina 10 se pretende abrir un escenario para el dialogo, la reflexi\u00f3n y el debate que se extienda a otras geograf\u00edas de Am\u00e9rica Latina y del planeta, en una apuesta por transformar colectivamente los desaf\u00edos de un mundo contempor\u00e1neo, m\u00e1s all\u00e1 de las fronteras impuestas.\",\"url\":\"https:\/\/pagina10.com\/web\/author\/pdiezadmin\/\"}]}<\/script>\n<!-- \/ Yoast SEO plugin. -->","yoast_head_json":{"title":"Jhon Rojas es el nuevo presidente nacional del Partido La Fuerza de la Paz\u00a0 | P\u00e1gina10","robots":{"index":"index","follow":"follow","max-snippet":"max-snippet:-1","max-image-preview":"max-image-preview:large","max-video-preview":"max-video-preview:-1"},"canonical":"https:\/\/pagina10.com\/web\/jhon-rojas-es-el-nuevo-presidente-nacional-del-partido-de-la-paz\/","og_locale":"es_ES","og_type":"article","og_title":"Jhon Rojas es el nuevo presidente nacional del Partido La Fuerza de la Paz\u00a0 | P\u00e1gina10","og_description":"Durante una reuni\u00f3n de la directiva nacional del Partido La Fuerza de la Paz, que cont\u00f3 con el respaldo de representantes de 25 departamentos de Colombia, el exgobernador de Nari\u00f1o, Jhon Alexander Rojas Cabrera, asumi\u00f3 la presidencia nacional del partido. El abogado egresado de la Universidad Libre de Cali, con postgrados en Direcci\u00f3n y Gesti\u00f3n [&hellip;]","og_url":"https:\/\/pagina10.com\/web\/jhon-rojas-es-el-nuevo-presidente-nacional-del-partido-de-la-paz\/","og_site_name":"P\u00e1gina10","article_publisher":"https:\/\/www.facebook.com\/pag10com","article_published_time":"2024-01-27T19:11:56+00:00","article_modified_time":"2024-01-27T19:16:26+00:00","og_image":[{"width":1266,"height":843,"url":"https:\/\/pagina10.com\/web\/wp-content\/uploads\/2024\/01\/20240127_141110.jpg","type":"image\/jpeg"}],"author":"P\u00e1gina 10","twitter_card":"summary_large_image","twitter_creator":"@Pag10com","twitter_site":"@Pag10com","twitter_misc":{"Escrito por":"P\u00e1gina 10","Tiempo de lectura":"2 minutos"},"schema":{"@context":"https:\/\/schema.org","@graph":[{"@type":"Article","@id":"https:\/\/pagina10.com\/web\/jhon-rojas-es-el-nuevo-presidente-nacional-del-partido-de-la-paz\/#article","isPartOf":{"@id":"https:\/\/pagina10.com\/web\/jhon-rojas-es-el-nuevo-presidente-nacional-del-partido-de-la-paz\/"},"author":{"name":"P\u00e1gina 10","@id":"https:\/\/pagina10.com\/web\/#\/schema\/person\/2efc4a090d25b667d3bc796798a3a81b"},"headline":"Jhon Rojas es el nuevo presidente nacional del Partido La Fuerza de la Paz\u00a0","datePublished":"2024-01-27T19:11:56+00:00","dateModified":"2024-01-27T19:16:26+00:00","mainEntityOfPage":{"@id":"https:\/\/pagina10.com\/web\/jhon-rojas-es-el-nuevo-presidente-nacional-del-partido-de-la-paz\/"},"wordCount":225,"commentCount":0,"publisher":{"@id":"https:\/\/pagina10.com\/web\/#organization"},"image":{"@id":"https:\/\/pagina10.com\/web\/jhon-rojas-es-el-nuevo-presidente-nacional-del-partido-de-la-paz\/#primaryimage"},"thumbnailUrl":"https:\/\/pagina10.com\/web\/wp-content\/uploads\/2024\/01\/20240127_141110.jpg","articleSection":["Nari\u00f1o Actual"],"inLanguage":"es","potentialAction":[{"@type":"CommentAction","name":"Comment","target":["https:\/\/pagina10.com\/web\/jhon-rojas-es-el-nuevo-presidente-nacional-del-partido-de-la-paz\/#respond"]}]},{"@type":"WebPage","@id":"https:\/\/pagina10.com\/web\/jhon-rojas-es-el-nuevo-presidente-nacional-del-partido-de-la-paz\/","url":"https:\/\/pagina10.com\/web\/jhon-rojas-es-el-nuevo-presidente-nacional-del-partido-de-la-paz\/","name":"Jhon Rojas es el nuevo presidente nacional del Partido La Fuerza de la Paz\u00a0 | P\u00e1gina10","isPartOf":{"@id":"https:\/\/pagina10.com\/web\/#website"},"primaryImageOfPage":{"@id":"https:\/\/pagina10.com\/web\/jhon-rojas-es-el-nuevo-presidente-nacional-del-partido-de-la-paz\/#primaryimage"},"image":{"@id":"https:\/\/pagina10.com\/web\/jhon-rojas-es-el-nuevo-presidente-nacional-del-partido-de-la-paz\/#primaryimage"},"thumbnailUrl":"https:\/\/pagina10.com\/web\/wp-content\/uploads\/2024\/01\/20240127_141110.jpg","datePublished":"2024-01-27T19:11:56+00:00","dateModified":"2024-01-27T19:16:26+00:00","breadcrumb":{"@id":"https:\/\/pagina10.com\/web\/jhon-rojas-es-el-nuevo-presidente-nacional-del-partido-de-la-paz\/#breadcrumb"},"inLanguage":"es","potentialAction":[{"@type":"ReadAction","target":["https:\/\/pagina10.com\/web\/jhon-rojas-es-el-nuevo-presidente-nacional-del-partido-de-la-paz\/"]}]},{"@type":"ImageObject","inLanguage":"es","@id":"https:\/\/pagina10.com\/web\/jhon-rojas-es-el-nuevo-presidente-nacional-del-partido-de-la-paz\/#primaryimage","url":"https:\/\/pagina10.com\/web\/wp-content\/uploads\/2024\/01\/20240127_141110.jpg","contentUrl":"https:\/\/pagina10.com\/web\/wp-content\/uploads\/2024\/01\/20240127_141110.jpg","width":1266,"height":843},{"@type":"BreadcrumbList","@id":"https:\/\/pagina10.com\/web\/jhon-rojas-es-el-nuevo-presidente-nacional-del-partido-de-la-paz\/#breadcrumb","itemListElement":[{"@type":"ListItem","position":1,"name":"Portada","item":"https:\/\/pagina10.com\/web\/"},{"@type":"ListItem","position":2,"name":"Jhon Rojas es el nuevo presidente nacional del Partido La Fuerza de la Paz\u00a0"}]},{"@type":"WebSite","@id":"https:\/\/pagina10.com\/web\/#website","url":"https:\/\/pagina10.com\/web\/","name":"P\u00e1gina10","description":"Peri\u00f3dico Regional","publisher":{"@id":"https:\/\/pagina10.com\/web\/#organization"},"alternateName":"P\u00e1gina10 Peri\u00f3dico Regional","potentialAction":[{"@type":"SearchAction","target":{"@type":"EntryPoint","urlTemplate":"https:\/\/pagina10.com\/web\/?s={search_term_string}"},"query-input":{"@type":"PropertyValueSpecification","valueRequired":true,"valueName":"search_term_string"}}],"inLanguage":"es"},{"@type":"Organization","@id":"https:\/\/pagina10.com\/web\/#organization","name":"P\u00e1gina10","alternateName":"P\u00e1gina10 Peri\u00f3dico Regional","url":"https:\/\/pagina10.com\/web\/","logo":{"@type":"ImageObject","inLanguage":"es","@id":"https:\/\/pagina10.com\/web\/#\/schema\/logo\/image\/","url":"https:\/\/pagina10.com\/web\/wp-content\/uploads\/2024\/01\/40-pagina-10-periodico-regional-pasto.jpg","contentUrl":"https:\/\/pagina10.com\/web\/wp-content\/uploads\/2024\/01\/40-pagina-10-periodico-regional-pasto.jpg","width":1280,"height":720,"caption":"P\u00e1gina10"},"image":{"@id":"https:\/\/pagina10.com\/web\/#\/schema\/logo\/image\/"},"sameAs":["https:\/\/www.facebook.com\/pag10com","https:\/\/x.com\/Pag10com","https:\/\/www.instagram.com\/pagina10col\/","https:\/\/youtube.com\/channel\/pag10","https:\/\/www.tiktok.com\/@p10col"]},{"@type":"Person","@id":"https:\/\/pagina10.com\/web\/#\/schema\/person\/2efc4a090d25b667d3bc796798a3a81b","name":"P\u00e1gina 10","description":"P\u00e1gina 10 es un peri\u00f3dico regional que nace en Colombia, en el departamento de Nari\u00f1o, con un enfoque global, fundamentado en cuatro pilares esenciales: la libertad, el pluralismo, la inclusi\u00f3n y la independencia. P\u00e1gina 10 hace referencia a Nari\u00f1o como el d\u00e9cimo departamento creado en Colombia, despu\u00e9s de un proceso pol\u00edtico liderado por actores y actrices regionales con el fin de obtener la independencia y autonom\u00eda de nuestros territorios. Con la creaci\u00f3n de P\u00e1gina 10 se pretende abrir un escenario para el dialogo, la reflexi\u00f3n y el debate que se extienda a otras geograf\u00edas de Am\u00e9rica Latina y del planeta, en una apuesta por transformar colectivamente los desaf\u00edos de un mundo contempor\u00e1neo, m\u00e1s all\u00e1 de las fronteras impuestas.","url":"https:\/\/pagina10.com\/web\/author\/pdiezadmin\/"}]}},"_links":{"self":[{"href":"https:\/\/pagina10.com\/web\/wp-json\/wp\/v2\/posts\/70879202478","targetHints":{"allow":["GET"]}}],"collection":[{"href":"https:\/\/pagina10.com\/web\/wp-json\/wp\/v2\/posts"}],"about":[{"href":"https:\/\/pagina10.com\/web\/wp-json\/wp\/v2\/types\/post"}],"author":[{"embeddable":true,"href":"https:\/\/pagina10.com\/web\/wp-json\/wp\/v2\/users\/1"}],"replies":[{"embeddable":true,"href":"https:\/\/pagina10.com\/web\/wp-json\/wp\/v2\/comments?post=70879202478"}],"version-history":[{"count":3,"href":"https:\/\/pagina10.com\/web\/wp-json\/wp\/v2\/posts\/70879202478\/revisions"}],"predecessor-version":[{"id":70879202482,"href":"https:\/\/pagina10.com\/web\/wp-json\/wp\/v2\/posts\/70879202478\/revisions\/70879202482"}],"wp:featuredmedia":[{"embeddable":true,"href":"https:\/\/pagina10.com\/web\/wp-json\/wp\/v2\/media\/70879202480"}],"wp:attachment":[{"href":"https:\/\/pagina10.com\/web\/wp-json\/wp\/v2\/media?parent=70879202478"}],"wp:term":[{"taxonomy":"category","embeddable":true,"href":"https:\/\/pagina10.com\/web\/wp-json\/wp\/v2\/categories?post=70879202478"},{"taxonomy":"post_tag","embeddable":true,"href":"https:\/\/pagina10.com\/web\/wp-json\/wp\/v2\/tags?post=70879202478"}],"curies":[{"name":"wp","href":"https:\/\/api.w.org\/{rel}","templated":true}]}}