{"id":70879202504,"date":"2024-01-29T09:29:46","date_gmt":"2024-01-29T14:29:46","guid":{"rendered":"https:\/\/pagina10.com\/web\/?p=70879202504"},"modified":"2024-01-29T09:29:46","modified_gmt":"2024-01-29T14:29:46","slug":"se-declaro-desastre-nacional-en-colombia-por-incendios-y-fenomeno-de-el-nino","status":"publish","type":"post","link":"https:\/\/pagina10.com\/web\/se-declaro-desastre-nacional-en-colombia-por-incendios-y-fenomeno-de-el-nino\/","title":{"rendered":"Se declar\u00f3 \u2018Desastre Nacional\u2019 en Colombia por Incendios y fen\u00f3meno de El Ni\u00f1o"},"content":{"rendered":"<p style=\"text-align: justify;\">El Gobierno declar\u00f3 &#8220;situaci\u00f3n de desastre nacional&#8221; en Colombia a causa de la intensificaci\u00f3n de incendios forestales y la presencia del fen\u00f3meno El Ni\u00f1o. La medida pretende movilizar recursos para hacer frente a la emergencia que afecta a 954 municipios, 582 de ellos en alerta roja, 25 en alerta naranja y 113 en alerta amarilla.<\/p>\n<p style=\"text-align: justify;\">La crisis medio ambiental involucra sequ\u00eda e incendios causando estragos en 5 departamentos y 32 municipios, con 323 incendios forestales, 6 sequ\u00edas y 2 heladas, afectando a m\u00e1s de 44,954 personas. La medida permitir\u00e1 aplicar medidas extraordinarias para mitigar los impactos, incluyendo disposiciones excepcionales en contrataci\u00f3n estatal y control fiscal e incluso solicitar ayuda internacional si la capacidad interna resulta insuficiente.<\/p>\n<p style=\"text-align: justify;\">Luego de la declaratoria, el siguiente paso es la elaboraci\u00f3n del Plan de Acci\u00f3n Espec\u00edfico para gestionar la situaci\u00f3n de desastre, por ello, entidades p\u00fablicas deber\u00e1n designar funcionarios de alto nivel para supervisar su implementaci\u00f3n. Se espera que la situaci\u00f3n mejore en la regi\u00f3n andina y caribe\u00f1a, mientras se prepara para la posible intensificaci\u00f3n de la emergencia en la Amazonia y el litoral pac\u00edfico.<\/p>\n","protected":false},"excerpt":{"rendered":"<p>El Gobierno declar\u00f3 &#8220;situaci\u00f3n de desastre nacional&#8221; en Colombia a causa de la intensificaci\u00f3n de incendios forestales y la presencia del fen\u00f3meno El Ni\u00f1o. La medida pretende movilizar recursos para hacer frente a la emergencia que afecta a 954 municipios, 582 de ellos en alerta roja, 25 en alerta naranja y 113 en alerta amarilla. [&hellip;]<\/p>\n","protected":false},"author":1,"featured_media":70879202505,"comment_status":"open","ping_status":"open","sticky":false,"template":"","format":"standard","meta":{"footnotes":""},"categories":[94],"tags":[],"class_list":["post-70879202504","post","type-post","status-publish","format-standard","has-post-thumbnail","hentry","category-nacional-global-2"],"yoast_head":"<!-- This site is optimized with the Yoast SEO plugin v27.1.1 - https:\/\/yoast.com\/product\/yoast-seo-wordpress\/ -->\n<title>Se declar\u00f3 \u2018Desastre Nacional\u2019 en Colombia por Incendios y fen\u00f3meno de El Ni\u00f1o | P\u00e1gina10<\/title>\n<meta name=\"robots\" content=\"index, follow, max-snippet:-1, max-image-preview:large, max-video-preview:-1\" \/>\n<link rel=\"canonical\" href=\"https:\/\/pagina10.com\/web\/se-declaro-desastre-nacional-en-colombia-por-incendios-y-fenomeno-de-el-nino\/\" \/>\n<meta property=\"og:locale\" content=\"es_ES\" \/>\n<meta property=\"og:type\" content=\"article\" \/>\n<meta property=\"og:title\" content=\"Se declar\u00f3 \u2018Desastre Nacional\u2019 en Colombia por Incendios y fen\u00f3meno de El Ni\u00f1o | P\u00e1gina10\" \/>\n<meta property=\"og:description\" content=\"El Gobierno declar\u00f3 &#8220;situaci\u00f3n de desastre nacional&#8221; en Colombia a causa de la intensificaci\u00f3n de incendios forestales y la presencia del fen\u00f3meno El Ni\u00f1o. La medida pretende movilizar recursos para hacer frente a la emergencia que afecta a 954 municipios, 582 de ellos en alerta roja, 25 en alerta naranja y 113 en alerta amarilla. [&hellip;]\" \/>\n<meta property=\"og:url\" content=\"https:\/\/pagina10.com\/web\/se-declaro-desastre-nacional-en-colombia-por-incendios-y-fenomeno-de-el-nino\/\" \/>\n<meta property=\"og:site_name\" content=\"P\u00e1gina10\" \/>\n<meta property=\"article:publisher\" content=\"https:\/\/www.facebook.com\/pag10com\" \/>\n<meta property=\"article:published_time\" content=\"2024-01-29T14:29:46+00:00\" \/>\n<meta property=\"og:image\" content=\"https:\/\/pagina10.com\/web\/wp-content\/uploads\/2024\/01\/65b1209c166f3.jpeg\" \/>\n\t<meta property=\"og:image:width\" content=\"1200\" \/>\n\t<meta property=\"og:image:height\" content=\"720\" \/>\n\t<meta property=\"og:image:type\" content=\"image\/jpeg\" \/>\n<meta name=\"author\" content=\"P\u00e1gina 10\" \/>\n<meta name=\"twitter:card\" content=\"summary_large_image\" \/>\n<meta name=\"twitter:creator\" content=\"@Pag10com\" \/>\n<meta name=\"twitter:site\" content=\"@Pag10com\" \/>\n<meta name=\"twitter:label1\" content=\"Escrito por\" \/>\n\t<meta name=\"twitter:data1\" content=\"P\u00e1gina 10\" \/>\n\t<meta name=\"twitter:label2\" content=\"Tiempo de lectura\" \/>\n\t<meta name=\"twitter:data2\" content=\"2 minutos\" \/>\n<script type=\"application\/ld+json\" class=\"yoast-schema-graph\">{\"@context\":\"https:\/\/schema.org\",\"@graph\":[{\"@type\":\"Article\",\"@id\":\"https:\/\/pagina10.com\/web\/se-declaro-desastre-nacional-en-colombia-por-incendios-y-fenomeno-de-el-nino\/#article\",\"isPartOf\":{\"@id\":\"https:\/\/pagina10.com\/web\/se-declaro-desastre-nacional-en-colombia-por-incendios-y-fenomeno-de-el-nino\/\"},\"author\":{\"name\":\"P\u00e1gina 10\",\"@id\":\"https:\/\/pagina10.com\/web\/#\/schema\/person\/2efc4a090d25b667d3bc796798a3a81b\"},\"headline\":\"Se declar\u00f3 \u2018Desastre Nacional\u2019 en Colombia por Incendios y fen\u00f3meno de El Ni\u00f1o\",\"datePublished\":\"2024-01-29T14:29:46+00:00\",\"mainEntityOfPage\":{\"@id\":\"https:\/\/pagina10.com\/web\/se-declaro-desastre-nacional-en-colombia-por-incendios-y-fenomeno-de-el-nino\/\"},\"wordCount\":205,\"commentCount\":0,\"publisher\":{\"@id\":\"https:\/\/pagina10.com\/web\/#organization\"},\"image\":{\"@id\":\"https:\/\/pagina10.com\/web\/se-declaro-desastre-nacional-en-colombia-por-incendios-y-fenomeno-de-el-nino\/#primaryimage\"},\"thumbnailUrl\":\"https:\/\/pagina10.com\/web\/wp-content\/uploads\/2024\/01\/65b1209c166f3.jpeg\",\"articleSection\":[\"Nacional\"],\"inLanguage\":\"es\",\"potentialAction\":[{\"@type\":\"CommentAction\",\"name\":\"Comment\",\"target\":[\"https:\/\/pagina10.com\/web\/se-declaro-desastre-nacional-en-colombia-por-incendios-y-fenomeno-de-el-nino\/#respond\"]}]},{\"@type\":\"WebPage\",\"@id\":\"https:\/\/pagina10.com\/web\/se-declaro-desastre-nacional-en-colombia-por-incendios-y-fenomeno-de-el-nino\/\",\"url\":\"https:\/\/pagina10.com\/web\/se-declaro-desastre-nacional-en-colombia-por-incendios-y-fenomeno-de-el-nino\/\",\"name\":\"Se declar\u00f3 \u2018Desastre Nacional\u2019 en Colombia por Incendios y fen\u00f3meno de El Ni\u00f1o | P\u00e1gina10\",\"isPartOf\":{\"@id\":\"https:\/\/pagina10.com\/web\/#website\"},\"primaryImageOfPage\":{\"@id\":\"https:\/\/pagina10.com\/web\/se-declaro-desastre-nacional-en-colombia-por-incendios-y-fenomeno-de-el-nino\/#primaryimage\"},\"image\":{\"@id\":\"https:\/\/pagina10.com\/web\/se-declaro-desastre-nacional-en-colombia-por-incendios-y-fenomeno-de-el-nino\/#primaryimage\"},\"thumbnailUrl\":\"https:\/\/pagina10.com\/web\/wp-content\/uploads\/2024\/01\/65b1209c166f3.jpeg\",\"datePublished\":\"2024-01-29T14:29:46+00:00\",\"breadcrumb\":{\"@id\":\"https:\/\/pagina10.com\/web\/se-declaro-desastre-nacional-en-colombia-por-incendios-y-fenomeno-de-el-nino\/#breadcrumb\"},\"inLanguage\":\"es\",\"potentialAction\":[{\"@type\":\"ReadAction\",\"target\":[\"https:\/\/pagina10.com\/web\/se-declaro-desastre-nacional-en-colombia-por-incendios-y-fenomeno-de-el-nino\/\"]}]},{\"@type\":\"ImageObject\",\"inLanguage\":\"es\",\"@id\":\"https:\/\/pagina10.com\/web\/se-declaro-desastre-nacional-en-colombia-por-incendios-y-fenomeno-de-el-nino\/#primaryimage\",\"url\":\"https:\/\/pagina10.com\/web\/wp-content\/uploads\/2024\/01\/65b1209c166f3.jpeg\",\"contentUrl\":\"https:\/\/pagina10.com\/web\/wp-content\/uploads\/2024\/01\/65b1209c166f3.jpeg\",\"width\":1200,\"height\":720},{\"@type\":\"BreadcrumbList\",\"@id\":\"https:\/\/pagina10.com\/web\/se-declaro-desastre-nacional-en-colombia-por-incendios-y-fenomeno-de-el-nino\/#breadcrumb\",\"itemListElement\":[{\"@type\":\"ListItem\",\"position\":1,\"name\":\"Portada\",\"item\":\"https:\/\/pagina10.com\/web\/\"},{\"@type\":\"ListItem\",\"position\":2,\"name\":\"Se declar\u00f3 \u2018Desastre Nacional\u2019 en Colombia por Incendios y fen\u00f3meno de El Ni\u00f1o\"}]},{\"@type\":\"WebSite\",\"@id\":\"https:\/\/pagina10.com\/web\/#website\",\"url\":\"https:\/\/pagina10.com\/web\/\",\"name\":\"P\u00e1gina10\",\"description\":\"Peri\u00f3dico Regional\",\"publisher\":{\"@id\":\"https:\/\/pagina10.com\/web\/#organization\"},\"alternateName\":\"P\u00e1gina10 Peri\u00f3dico Regional\",\"potentialAction\":[{\"@type\":\"SearchAction\",\"target\":{\"@type\":\"EntryPoint\",\"urlTemplate\":\"https:\/\/pagina10.com\/web\/?s={search_term_string}\"},\"query-input\":{\"@type\":\"PropertyValueSpecification\",\"valueRequired\":true,\"valueName\":\"search_term_string\"}}],\"inLanguage\":\"es\"},{\"@type\":\"Organization\",\"@id\":\"https:\/\/pagina10.com\/web\/#organization\",\"name\":\"P\u00e1gina10\",\"alternateName\":\"P\u00e1gina10 Peri\u00f3dico Regional\",\"url\":\"https:\/\/pagina10.com\/web\/\",\"logo\":{\"@type\":\"ImageObject\",\"inLanguage\":\"es\",\"@id\":\"https:\/\/pagina10.com\/web\/#\/schema\/logo\/image\/\",\"url\":\"https:\/\/pagina10.com\/web\/wp-content\/uploads\/2024\/01\/40-pagina-10-periodico-regional-pasto.jpg\",\"contentUrl\":\"https:\/\/pagina10.com\/web\/wp-content\/uploads\/2024\/01\/40-pagina-10-periodico-regional-pasto.jpg\",\"width\":1280,\"height\":720,\"caption\":\"P\u00e1gina10\"},\"image\":{\"@id\":\"https:\/\/pagina10.com\/web\/#\/schema\/logo\/image\/\"},\"sameAs\":[\"https:\/\/www.facebook.com\/pag10com\",\"https:\/\/x.com\/Pag10com\",\"https:\/\/www.instagram.com\/pagina10col\/\",\"https:\/\/youtube.com\/channel\/pag10\",\"https:\/\/www.tiktok.com\/@p10col\"]},{\"@type\":\"Person\",\"@id\":\"https:\/\/pagina10.com\/web\/#\/schema\/person\/2efc4a090d25b667d3bc796798a3a81b\",\"name\":\"P\u00e1gina 10\",\"description\":\"P\u00e1gina 10 es un peri\u00f3dico regional que nace en Colombia, en el departamento de Nari\u00f1o, con un enfoque global, fundamentado en cuatro pilares esenciales: la libertad, el pluralismo, la inclusi\u00f3n y la independencia. P\u00e1gina 10 hace referencia a Nari\u00f1o como el d\u00e9cimo departamento creado en Colombia, despu\u00e9s de un proceso pol\u00edtico liderado por actores y actrices regionales con el fin de obtener la independencia y autonom\u00eda de nuestros territorios. Con la creaci\u00f3n de P\u00e1gina 10 se pretende abrir un escenario para el dialogo, la reflexi\u00f3n y el debate que se extienda a otras geograf\u00edas de Am\u00e9rica Latina y del planeta, en una apuesta por transformar colectivamente los desaf\u00edos de un mundo contempor\u00e1neo, m\u00e1s all\u00e1 de las fronteras impuestas.\",\"url\":\"https:\/\/pagina10.com\/web\/author\/pdiezadmin\/\"}]}<\/script>\n<!-- \/ Yoast SEO plugin. -->","yoast_head_json":{"title":"Se declar\u00f3 \u2018Desastre Nacional\u2019 en Colombia por Incendios y fen\u00f3meno de El Ni\u00f1o | P\u00e1gina10","robots":{"index":"index","follow":"follow","max-snippet":"max-snippet:-1","max-image-preview":"max-image-preview:large","max-video-preview":"max-video-preview:-1"},"canonical":"https:\/\/pagina10.com\/web\/se-declaro-desastre-nacional-en-colombia-por-incendios-y-fenomeno-de-el-nino\/","og_locale":"es_ES","og_type":"article","og_title":"Se declar\u00f3 \u2018Desastre Nacional\u2019 en Colombia por Incendios y fen\u00f3meno de El Ni\u00f1o | P\u00e1gina10","og_description":"El Gobierno declar\u00f3 &#8220;situaci\u00f3n de desastre nacional&#8221; en Colombia a causa de la intensificaci\u00f3n de incendios forestales y la presencia del fen\u00f3meno El Ni\u00f1o. La medida pretende movilizar recursos para hacer frente a la emergencia que afecta a 954 municipios, 582 de ellos en alerta roja, 25 en alerta naranja y 113 en alerta amarilla. [&hellip;]","og_url":"https:\/\/pagina10.com\/web\/se-declaro-desastre-nacional-en-colombia-por-incendios-y-fenomeno-de-el-nino\/","og_site_name":"P\u00e1gina10","article_publisher":"https:\/\/www.facebook.com\/pag10com","article_published_time":"2024-01-29T14:29:46+00:00","og_image":[{"width":1200,"height":720,"url":"https:\/\/pagina10.com\/web\/wp-content\/uploads\/2024\/01\/65b1209c166f3.jpeg","type":"image\/jpeg"}],"author":"P\u00e1gina 10","twitter_card":"summary_large_image","twitter_creator":"@Pag10com","twitter_site":"@Pag10com","twitter_misc":{"Escrito por":"P\u00e1gina 10","Tiempo de lectura":"2 minutos"},"schema":{"@context":"https:\/\/schema.org","@graph":[{"@type":"Article","@id":"https:\/\/pagina10.com\/web\/se-declaro-desastre-nacional-en-colombia-por-incendios-y-fenomeno-de-el-nino\/#article","isPartOf":{"@id":"https:\/\/pagina10.com\/web\/se-declaro-desastre-nacional-en-colombia-por-incendios-y-fenomeno-de-el-nino\/"},"author":{"name":"P\u00e1gina 10","@id":"https:\/\/pagina10.com\/web\/#\/schema\/person\/2efc4a090d25b667d3bc796798a3a81b"},"headline":"Se declar\u00f3 \u2018Desastre Nacional\u2019 en Colombia por Incendios y fen\u00f3meno de El Ni\u00f1o","datePublished":"2024-01-29T14:29:46+00:00","mainEntityOfPage":{"@id":"https:\/\/pagina10.com\/web\/se-declaro-desastre-nacional-en-colombia-por-incendios-y-fenomeno-de-el-nino\/"},"wordCount":205,"commentCount":0,"publisher":{"@id":"https:\/\/pagina10.com\/web\/#organization"},"image":{"@id":"https:\/\/pagina10.com\/web\/se-declaro-desastre-nacional-en-colombia-por-incendios-y-fenomeno-de-el-nino\/#primaryimage"},"thumbnailUrl":"https:\/\/pagina10.com\/web\/wp-content\/uploads\/2024\/01\/65b1209c166f3.jpeg","articleSection":["Nacional"],"inLanguage":"es","potentialAction":[{"@type":"CommentAction","name":"Comment","target":["https:\/\/pagina10.com\/web\/se-declaro-desastre-nacional-en-colombia-por-incendios-y-fenomeno-de-el-nino\/#respond"]}]},{"@type":"WebPage","@id":"https:\/\/pagina10.com\/web\/se-declaro-desastre-nacional-en-colombia-por-incendios-y-fenomeno-de-el-nino\/","url":"https:\/\/pagina10.com\/web\/se-declaro-desastre-nacional-en-colombia-por-incendios-y-fenomeno-de-el-nino\/","name":"Se declar\u00f3 \u2018Desastre Nacional\u2019 en Colombia por Incendios y fen\u00f3meno de El Ni\u00f1o | P\u00e1gina10","isPartOf":{"@id":"https:\/\/pagina10.com\/web\/#website"},"primaryImageOfPage":{"@id":"https:\/\/pagina10.com\/web\/se-declaro-desastre-nacional-en-colombia-por-incendios-y-fenomeno-de-el-nino\/#primaryimage"},"image":{"@id":"https:\/\/pagina10.com\/web\/se-declaro-desastre-nacional-en-colombia-por-incendios-y-fenomeno-de-el-nino\/#primaryimage"},"thumbnailUrl":"https:\/\/pagina10.com\/web\/wp-content\/uploads\/2024\/01\/65b1209c166f3.jpeg","datePublished":"2024-01-29T14:29:46+00:00","breadcrumb":{"@id":"https:\/\/pagina10.com\/web\/se-declaro-desastre-nacional-en-colombia-por-incendios-y-fenomeno-de-el-nino\/#breadcrumb"},"inLanguage":"es","potentialAction":[{"@type":"ReadAction","target":["https:\/\/pagina10.com\/web\/se-declaro-desastre-nacional-en-colombia-por-incendios-y-fenomeno-de-el-nino\/"]}]},{"@type":"ImageObject","inLanguage":"es","@id":"https:\/\/pagina10.com\/web\/se-declaro-desastre-nacional-en-colombia-por-incendios-y-fenomeno-de-el-nino\/#primaryimage","url":"https:\/\/pagina10.com\/web\/wp-content\/uploads\/2024\/01\/65b1209c166f3.jpeg","contentUrl":"https:\/\/pagina10.com\/web\/wp-content\/uploads\/2024\/01\/65b1209c166f3.jpeg","width":1200,"height":720},{"@type":"BreadcrumbList","@id":"https:\/\/pagina10.com\/web\/se-declaro-desastre-nacional-en-colombia-por-incendios-y-fenomeno-de-el-nino\/#breadcrumb","itemListElement":[{"@type":"ListItem","position":1,"name":"Portada","item":"https:\/\/pagina10.com\/web\/"},{"@type":"ListItem","position":2,"name":"Se declar\u00f3 \u2018Desastre Nacional\u2019 en Colombia por Incendios y fen\u00f3meno de El Ni\u00f1o"}]},{"@type":"WebSite","@id":"https:\/\/pagina10.com\/web\/#website","url":"https:\/\/pagina10.com\/web\/","name":"P\u00e1gina10","description":"Peri\u00f3dico Regional","publisher":{"@id":"https:\/\/pagina10.com\/web\/#organization"},"alternateName":"P\u00e1gina10 Peri\u00f3dico Regional","potentialAction":[{"@type":"SearchAction","target":{"@type":"EntryPoint","urlTemplate":"https:\/\/pagina10.com\/web\/?s={search_term_string}"},"query-input":{"@type":"PropertyValueSpecification","valueRequired":true,"valueName":"search_term_string"}}],"inLanguage":"es"},{"@type":"Organization","@id":"https:\/\/pagina10.com\/web\/#organization","name":"P\u00e1gina10","alternateName":"P\u00e1gina10 Peri\u00f3dico Regional","url":"https:\/\/pagina10.com\/web\/","logo":{"@type":"ImageObject","inLanguage":"es","@id":"https:\/\/pagina10.com\/web\/#\/schema\/logo\/image\/","url":"https:\/\/pagina10.com\/web\/wp-content\/uploads\/2024\/01\/40-pagina-10-periodico-regional-pasto.jpg","contentUrl":"https:\/\/pagina10.com\/web\/wp-content\/uploads\/2024\/01\/40-pagina-10-periodico-regional-pasto.jpg","width":1280,"height":720,"caption":"P\u00e1gina10"},"image":{"@id":"https:\/\/pagina10.com\/web\/#\/schema\/logo\/image\/"},"sameAs":["https:\/\/www.facebook.com\/pag10com","https:\/\/x.com\/Pag10com","https:\/\/www.instagram.com\/pagina10col\/","https:\/\/youtube.com\/channel\/pag10","https:\/\/www.tiktok.com\/@p10col"]},{"@type":"Person","@id":"https:\/\/pagina10.com\/web\/#\/schema\/person\/2efc4a090d25b667d3bc796798a3a81b","name":"P\u00e1gina 10","description":"P\u00e1gina 10 es un peri\u00f3dico regional que nace en Colombia, en el departamento de Nari\u00f1o, con un enfoque global, fundamentado en cuatro pilares esenciales: la libertad, el pluralismo, la inclusi\u00f3n y la independencia. P\u00e1gina 10 hace referencia a Nari\u00f1o como el d\u00e9cimo departamento creado en Colombia, despu\u00e9s de un proceso pol\u00edtico liderado por actores y actrices regionales con el fin de obtener la independencia y autonom\u00eda de nuestros territorios. Con la creaci\u00f3n de P\u00e1gina 10 se pretende abrir un escenario para el dialogo, la reflexi\u00f3n y el debate que se extienda a otras geograf\u00edas de Am\u00e9rica Latina y del planeta, en una apuesta por transformar colectivamente los desaf\u00edos de un mundo contempor\u00e1neo, m\u00e1s all\u00e1 de las fronteras impuestas.","url":"https:\/\/pagina10.com\/web\/author\/pdiezadmin\/"}]}},"_links":{"self":[{"href":"https:\/\/pagina10.com\/web\/wp-json\/wp\/v2\/posts\/70879202504","targetHints":{"allow":["GET"]}}],"collection":[{"href":"https:\/\/pagina10.com\/web\/wp-json\/wp\/v2\/posts"}],"about":[{"href":"https:\/\/pagina10.com\/web\/wp-json\/wp\/v2\/types\/post"}],"author":[{"embeddable":true,"href":"https:\/\/pagina10.com\/web\/wp-json\/wp\/v2\/users\/1"}],"replies":[{"embeddable":true,"href":"https:\/\/pagina10.com\/web\/wp-json\/wp\/v2\/comments?post=70879202504"}],"version-history":[{"count":1,"href":"https:\/\/pagina10.com\/web\/wp-json\/wp\/v2\/posts\/70879202504\/revisions"}],"predecessor-version":[{"id":70879202506,"href":"https:\/\/pagina10.com\/web\/wp-json\/wp\/v2\/posts\/70879202504\/revisions\/70879202506"}],"wp:featuredmedia":[{"embeddable":true,"href":"https:\/\/pagina10.com\/web\/wp-json\/wp\/v2\/media\/70879202505"}],"wp:attachment":[{"href":"https:\/\/pagina10.com\/web\/wp-json\/wp\/v2\/media?parent=70879202504"}],"wp:term":[{"taxonomy":"category","embeddable":true,"href":"https:\/\/pagina10.com\/web\/wp-json\/wp\/v2\/categories?post=70879202504"},{"taxonomy":"post_tag","embeddable":true,"href":"https:\/\/pagina10.com\/web\/wp-json\/wp\/v2\/tags?post=70879202504"}],"curies":[{"name":"wp","href":"https:\/\/api.w.org\/{rel}","templated":true}]}}