{"id":70879202544,"date":"2024-01-29T20:47:16","date_gmt":"2024-01-30T01:47:16","guid":{"rendered":"https:\/\/pagina10.com\/web\/?p=70879202544"},"modified":"2024-01-29T21:41:06","modified_gmt":"2024-01-30T02:41:06","slug":"ataque-armado-en-magui-payan-narino-deja-dos-soldados-muertos-y-dos-heridos","status":"publish","type":"post","link":"https:\/\/pagina10.com\/web\/ataque-armado-en-magui-payan-narino-deja-dos-soldados-muertos-y-dos-heridos\/","title":{"rendered":"Ataque armado en Mag\u00fc\u00ed Pay\u00e1n (Nari\u00f1o) deja dos soldados muertos y dos heridos"},"content":{"rendered":"<p style=\"text-align: justify;\">En el municipio de Mag\u00fc\u00ed Pay\u00e1n, Nari\u00f1o, dos soldados profesionales perdieron la vida en un enfrentamiento entre el Ej\u00e9rcito Nacional y la estructura \u2018Alan Rodriguez\u2019. Las v\u00edctimas mortales fueron identificadas como Frolien Vargas Morales y Jaimes Burgos Durango, integrantes de las tropas de la Fuerza de Tarea Conjunta H\u00e9rcules; mientras que los uniformados heridos son Mauricio Andr\u00e9s Saltar\u00edn Romero y Dager Hern\u00e1ndez, quienes se encuentran fuera de peligro, recibiendo atenci\u00f3n m\u00e9dica.<\/p>\n<p style=\"text-align: justify;\">La operaci\u00f3n militar result\u00f3 en bajas humanas y en la recuperaci\u00f3n de dos menores de edad, miembros de la misma estructura criminal, adicionalmente, se decomis\u00f3 arsenal que incluye tres armas largas, 15 proveedores de fusil, un rev\u00f3lver, una pistola, dos chalecos multiprop\u00f3sitos, un proveedor de pistola y municiones sueltas. Ante estos hechos, el Ministerio de Defensa se\u00f1al\u00f3 que la situaci\u00f3n se notific\u00f3 al Mecanismo de Veedur\u00eda Monitoreo y Verificaci\u00f3n (MVMV), <strong>por ser una violaci\u00f3n del cese al fuego pactado con el grupo armado.<\/strong><\/p>\n<p style=\"text-align: justify;\">Este tr\u00e1gico episodio destaca la complejidad de la situaci\u00f3n en la regi\u00f3n, donde las fuerzas de seguridad luchan contra grupos armados ilegales, poniendo de evidencia la importancia de mantener la vigilancia y el monitoreo constante que garantice el cumplimiento de acuerdos y proteger la vida de los ciudadanos.<\/p>\n","protected":false},"excerpt":{"rendered":"<p>En el municipio de Mag\u00fc\u00ed Pay\u00e1n, Nari\u00f1o, dos soldados profesionales perdieron la vida en un enfrentamiento entre el Ej\u00e9rcito Nacional y la estructura \u2018Alan Rodriguez\u2019. Las v\u00edctimas mortales fueron identificadas como Frolien Vargas Morales y Jaimes Burgos Durango, integrantes de las tropas de la Fuerza de Tarea Conjunta H\u00e9rcules; mientras que los uniformados heridos son [&hellip;]<\/p>\n","protected":false},"author":1,"featured_media":70879202545,"comment_status":"open","ping_status":"open","sticky":false,"template":"","format":"standard","meta":{"footnotes":""},"categories":[14],"tags":[],"class_list":["post-70879202544","post","type-post","status-publish","format-standard","has-post-thumbnail","hentry","category-narino-actual"],"yoast_head":"<!-- This site is optimized with the Yoast SEO plugin v27.1.1 - https:\/\/yoast.com\/product\/yoast-seo-wordpress\/ -->\n<title>Ataque armado en Mag\u00fc\u00ed Pay\u00e1n (Nari\u00f1o) deja dos soldados muertos y dos heridos | P\u00e1gina10<\/title>\n<meta name=\"robots\" content=\"index, follow, max-snippet:-1, max-image-preview:large, max-video-preview:-1\" \/>\n<link rel=\"canonical\" href=\"https:\/\/pagina10.com\/web\/ataque-armado-en-magui-payan-narino-deja-dos-soldados-muertos-y-dos-heridos\/\" \/>\n<meta property=\"og:locale\" content=\"es_ES\" \/>\n<meta property=\"og:type\" content=\"article\" \/>\n<meta property=\"og:title\" content=\"Ataque armado en Mag\u00fc\u00ed Pay\u00e1n (Nari\u00f1o) deja dos soldados muertos y dos heridos | P\u00e1gina10\" \/>\n<meta property=\"og:description\" content=\"En el municipio de Mag\u00fc\u00ed Pay\u00e1n, Nari\u00f1o, dos soldados profesionales perdieron la vida en un enfrentamiento entre el Ej\u00e9rcito Nacional y la estructura \u2018Alan Rodriguez\u2019. Las v\u00edctimas mortales fueron identificadas como Frolien Vargas Morales y Jaimes Burgos Durango, integrantes de las tropas de la Fuerza de Tarea Conjunta H\u00e9rcules; mientras que los uniformados heridos son [&hellip;]\" \/>\n<meta property=\"og:url\" content=\"https:\/\/pagina10.com\/web\/ataque-armado-en-magui-payan-narino-deja-dos-soldados-muertos-y-dos-heridos\/\" \/>\n<meta property=\"og:site_name\" content=\"P\u00e1gina10\" \/>\n<meta property=\"article:publisher\" content=\"https:\/\/www.facebook.com\/pag10com\" \/>\n<meta property=\"article:published_time\" content=\"2024-01-30T01:47:16+00:00\" \/>\n<meta property=\"article:modified_time\" content=\"2024-01-30T02:41:06+00:00\" \/>\n<meta property=\"og:image\" content=\"https:\/\/pagina10.com\/web\/wp-content\/uploads\/2024\/01\/MAGUI-PAYAN.jpg\" \/>\n\t<meta property=\"og:image:width\" content=\"960\" \/>\n\t<meta property=\"og:image:height\" content=\"638\" \/>\n\t<meta property=\"og:image:type\" content=\"image\/jpeg\" \/>\n<meta name=\"author\" content=\"P\u00e1gina 10\" \/>\n<meta name=\"twitter:card\" content=\"summary_large_image\" \/>\n<meta name=\"twitter:creator\" content=\"@Pag10com\" \/>\n<meta name=\"twitter:site\" content=\"@Pag10com\" \/>\n<meta name=\"twitter:label1\" content=\"Escrito por\" \/>\n\t<meta name=\"twitter:data1\" content=\"P\u00e1gina 10\" \/>\n\t<meta name=\"twitter:label2\" content=\"Tiempo de lectura\" \/>\n\t<meta name=\"twitter:data2\" content=\"2 minutos\" \/>\n<script type=\"application\/ld+json\" class=\"yoast-schema-graph\">{\"@context\":\"https:\/\/schema.org\",\"@graph\":[{\"@type\":\"Article\",\"@id\":\"https:\/\/pagina10.com\/web\/ataque-armado-en-magui-payan-narino-deja-dos-soldados-muertos-y-dos-heridos\/#article\",\"isPartOf\":{\"@id\":\"https:\/\/pagina10.com\/web\/ataque-armado-en-magui-payan-narino-deja-dos-soldados-muertos-y-dos-heridos\/\"},\"author\":{\"name\":\"P\u00e1gina 10\",\"@id\":\"https:\/\/pagina10.com\/web\/#\/schema\/person\/2efc4a090d25b667d3bc796798a3a81b\"},\"headline\":\"Ataque armado en Mag\u00fc\u00ed Pay\u00e1n (Nari\u00f1o) deja dos soldados muertos y dos heridos\",\"datePublished\":\"2024-01-30T01:47:16+00:00\",\"dateModified\":\"2024-01-30T02:41:06+00:00\",\"mainEntityOfPage\":{\"@id\":\"https:\/\/pagina10.com\/web\/ataque-armado-en-magui-payan-narino-deja-dos-soldados-muertos-y-dos-heridos\/\"},\"wordCount\":238,\"commentCount\":0,\"publisher\":{\"@id\":\"https:\/\/pagina10.com\/web\/#organization\"},\"image\":{\"@id\":\"https:\/\/pagina10.com\/web\/ataque-armado-en-magui-payan-narino-deja-dos-soldados-muertos-y-dos-heridos\/#primaryimage\"},\"thumbnailUrl\":\"https:\/\/pagina10.com\/web\/wp-content\/uploads\/2024\/01\/MAGUI-PAYAN.jpg\",\"articleSection\":[\"Nari\u00f1o Actual\"],\"inLanguage\":\"es\",\"potentialAction\":[{\"@type\":\"CommentAction\",\"name\":\"Comment\",\"target\":[\"https:\/\/pagina10.com\/web\/ataque-armado-en-magui-payan-narino-deja-dos-soldados-muertos-y-dos-heridos\/#respond\"]}]},{\"@type\":\"WebPage\",\"@id\":\"https:\/\/pagina10.com\/web\/ataque-armado-en-magui-payan-narino-deja-dos-soldados-muertos-y-dos-heridos\/\",\"url\":\"https:\/\/pagina10.com\/web\/ataque-armado-en-magui-payan-narino-deja-dos-soldados-muertos-y-dos-heridos\/\",\"name\":\"Ataque armado en Mag\u00fc\u00ed Pay\u00e1n (Nari\u00f1o) deja dos soldados muertos y dos heridos | P\u00e1gina10\",\"isPartOf\":{\"@id\":\"https:\/\/pagina10.com\/web\/#website\"},\"primaryImageOfPage\":{\"@id\":\"https:\/\/pagina10.com\/web\/ataque-armado-en-magui-payan-narino-deja-dos-soldados-muertos-y-dos-heridos\/#primaryimage\"},\"image\":{\"@id\":\"https:\/\/pagina10.com\/web\/ataque-armado-en-magui-payan-narino-deja-dos-soldados-muertos-y-dos-heridos\/#primaryimage\"},\"thumbnailUrl\":\"https:\/\/pagina10.com\/web\/wp-content\/uploads\/2024\/01\/MAGUI-PAYAN.jpg\",\"datePublished\":\"2024-01-30T01:47:16+00:00\",\"dateModified\":\"2024-01-30T02:41:06+00:00\",\"breadcrumb\":{\"@id\":\"https:\/\/pagina10.com\/web\/ataque-armado-en-magui-payan-narino-deja-dos-soldados-muertos-y-dos-heridos\/#breadcrumb\"},\"inLanguage\":\"es\",\"potentialAction\":[{\"@type\":\"ReadAction\",\"target\":[\"https:\/\/pagina10.com\/web\/ataque-armado-en-magui-payan-narino-deja-dos-soldados-muertos-y-dos-heridos\/\"]}]},{\"@type\":\"ImageObject\",\"inLanguage\":\"es\",\"@id\":\"https:\/\/pagina10.com\/web\/ataque-armado-en-magui-payan-narino-deja-dos-soldados-muertos-y-dos-heridos\/#primaryimage\",\"url\":\"https:\/\/pagina10.com\/web\/wp-content\/uploads\/2024\/01\/MAGUI-PAYAN.jpg\",\"contentUrl\":\"https:\/\/pagina10.com\/web\/wp-content\/uploads\/2024\/01\/MAGUI-PAYAN.jpg\",\"width\":960,\"height\":638},{\"@type\":\"BreadcrumbList\",\"@id\":\"https:\/\/pagina10.com\/web\/ataque-armado-en-magui-payan-narino-deja-dos-soldados-muertos-y-dos-heridos\/#breadcrumb\",\"itemListElement\":[{\"@type\":\"ListItem\",\"position\":1,\"name\":\"Portada\",\"item\":\"https:\/\/pagina10.com\/web\/\"},{\"@type\":\"ListItem\",\"position\":2,\"name\":\"Ataque armado en Mag\u00fc\u00ed Pay\u00e1n (Nari\u00f1o) deja dos soldados muertos y dos heridos\"}]},{\"@type\":\"WebSite\",\"@id\":\"https:\/\/pagina10.com\/web\/#website\",\"url\":\"https:\/\/pagina10.com\/web\/\",\"name\":\"P\u00e1gina10\",\"description\":\"Peri\u00f3dico Regional\",\"publisher\":{\"@id\":\"https:\/\/pagina10.com\/web\/#organization\"},\"alternateName\":\"P\u00e1gina10 Peri\u00f3dico Regional\",\"potentialAction\":[{\"@type\":\"SearchAction\",\"target\":{\"@type\":\"EntryPoint\",\"urlTemplate\":\"https:\/\/pagina10.com\/web\/?s={search_term_string}\"},\"query-input\":{\"@type\":\"PropertyValueSpecification\",\"valueRequired\":true,\"valueName\":\"search_term_string\"}}],\"inLanguage\":\"es\"},{\"@type\":\"Organization\",\"@id\":\"https:\/\/pagina10.com\/web\/#organization\",\"name\":\"P\u00e1gina10\",\"alternateName\":\"P\u00e1gina10 Peri\u00f3dico Regional\",\"url\":\"https:\/\/pagina10.com\/web\/\",\"logo\":{\"@type\":\"ImageObject\",\"inLanguage\":\"es\",\"@id\":\"https:\/\/pagina10.com\/web\/#\/schema\/logo\/image\/\",\"url\":\"https:\/\/pagina10.com\/web\/wp-content\/uploads\/2024\/01\/40-pagina-10-periodico-regional-pasto.jpg\",\"contentUrl\":\"https:\/\/pagina10.com\/web\/wp-content\/uploads\/2024\/01\/40-pagina-10-periodico-regional-pasto.jpg\",\"width\":1280,\"height\":720,\"caption\":\"P\u00e1gina10\"},\"image\":{\"@id\":\"https:\/\/pagina10.com\/web\/#\/schema\/logo\/image\/\"},\"sameAs\":[\"https:\/\/www.facebook.com\/pag10com\",\"https:\/\/x.com\/Pag10com\",\"https:\/\/www.instagram.com\/pagina10col\/\",\"https:\/\/youtube.com\/channel\/pag10\",\"https:\/\/www.tiktok.com\/@p10col\"]},{\"@type\":\"Person\",\"@id\":\"https:\/\/pagina10.com\/web\/#\/schema\/person\/2efc4a090d25b667d3bc796798a3a81b\",\"name\":\"P\u00e1gina 10\",\"description\":\"P\u00e1gina 10 es un peri\u00f3dico regional que nace en Colombia, en el departamento de Nari\u00f1o, con un enfoque global, fundamentado en cuatro pilares esenciales: la libertad, el pluralismo, la inclusi\u00f3n y la independencia. P\u00e1gina 10 hace referencia a Nari\u00f1o como el d\u00e9cimo departamento creado en Colombia, despu\u00e9s de un proceso pol\u00edtico liderado por actores y actrices regionales con el fin de obtener la independencia y autonom\u00eda de nuestros territorios. Con la creaci\u00f3n de P\u00e1gina 10 se pretende abrir un escenario para el dialogo, la reflexi\u00f3n y el debate que se extienda a otras geograf\u00edas de Am\u00e9rica Latina y del planeta, en una apuesta por transformar colectivamente los desaf\u00edos de un mundo contempor\u00e1neo, m\u00e1s all\u00e1 de las fronteras impuestas.\",\"url\":\"https:\/\/pagina10.com\/web\/author\/pdiezadmin\/\"}]}<\/script>\n<!-- \/ Yoast SEO plugin. -->","yoast_head_json":{"title":"Ataque armado en Mag\u00fc\u00ed Pay\u00e1n (Nari\u00f1o) deja dos soldados muertos y dos heridos | P\u00e1gina10","robots":{"index":"index","follow":"follow","max-snippet":"max-snippet:-1","max-image-preview":"max-image-preview:large","max-video-preview":"max-video-preview:-1"},"canonical":"https:\/\/pagina10.com\/web\/ataque-armado-en-magui-payan-narino-deja-dos-soldados-muertos-y-dos-heridos\/","og_locale":"es_ES","og_type":"article","og_title":"Ataque armado en Mag\u00fc\u00ed Pay\u00e1n (Nari\u00f1o) deja dos soldados muertos y dos heridos | P\u00e1gina10","og_description":"En el municipio de Mag\u00fc\u00ed Pay\u00e1n, Nari\u00f1o, dos soldados profesionales perdieron la vida en un enfrentamiento entre el Ej\u00e9rcito Nacional y la estructura \u2018Alan Rodriguez\u2019. Las v\u00edctimas mortales fueron identificadas como Frolien Vargas Morales y Jaimes Burgos Durango, integrantes de las tropas de la Fuerza de Tarea Conjunta H\u00e9rcules; mientras que los uniformados heridos son [&hellip;]","og_url":"https:\/\/pagina10.com\/web\/ataque-armado-en-magui-payan-narino-deja-dos-soldados-muertos-y-dos-heridos\/","og_site_name":"P\u00e1gina10","article_publisher":"https:\/\/www.facebook.com\/pag10com","article_published_time":"2024-01-30T01:47:16+00:00","article_modified_time":"2024-01-30T02:41:06+00:00","og_image":[{"width":960,"height":638,"url":"https:\/\/pagina10.com\/web\/wp-content\/uploads\/2024\/01\/MAGUI-PAYAN.jpg","type":"image\/jpeg"}],"author":"P\u00e1gina 10","twitter_card":"summary_large_image","twitter_creator":"@Pag10com","twitter_site":"@Pag10com","twitter_misc":{"Escrito por":"P\u00e1gina 10","Tiempo de lectura":"2 minutos"},"schema":{"@context":"https:\/\/schema.org","@graph":[{"@type":"Article","@id":"https:\/\/pagina10.com\/web\/ataque-armado-en-magui-payan-narino-deja-dos-soldados-muertos-y-dos-heridos\/#article","isPartOf":{"@id":"https:\/\/pagina10.com\/web\/ataque-armado-en-magui-payan-narino-deja-dos-soldados-muertos-y-dos-heridos\/"},"author":{"name":"P\u00e1gina 10","@id":"https:\/\/pagina10.com\/web\/#\/schema\/person\/2efc4a090d25b667d3bc796798a3a81b"},"headline":"Ataque armado en Mag\u00fc\u00ed Pay\u00e1n (Nari\u00f1o) deja dos soldados muertos y dos heridos","datePublished":"2024-01-30T01:47:16+00:00","dateModified":"2024-01-30T02:41:06+00:00","mainEntityOfPage":{"@id":"https:\/\/pagina10.com\/web\/ataque-armado-en-magui-payan-narino-deja-dos-soldados-muertos-y-dos-heridos\/"},"wordCount":238,"commentCount":0,"publisher":{"@id":"https:\/\/pagina10.com\/web\/#organization"},"image":{"@id":"https:\/\/pagina10.com\/web\/ataque-armado-en-magui-payan-narino-deja-dos-soldados-muertos-y-dos-heridos\/#primaryimage"},"thumbnailUrl":"https:\/\/pagina10.com\/web\/wp-content\/uploads\/2024\/01\/MAGUI-PAYAN.jpg","articleSection":["Nari\u00f1o Actual"],"inLanguage":"es","potentialAction":[{"@type":"CommentAction","name":"Comment","target":["https:\/\/pagina10.com\/web\/ataque-armado-en-magui-payan-narino-deja-dos-soldados-muertos-y-dos-heridos\/#respond"]}]},{"@type":"WebPage","@id":"https:\/\/pagina10.com\/web\/ataque-armado-en-magui-payan-narino-deja-dos-soldados-muertos-y-dos-heridos\/","url":"https:\/\/pagina10.com\/web\/ataque-armado-en-magui-payan-narino-deja-dos-soldados-muertos-y-dos-heridos\/","name":"Ataque armado en Mag\u00fc\u00ed Pay\u00e1n (Nari\u00f1o) deja dos soldados muertos y dos heridos | P\u00e1gina10","isPartOf":{"@id":"https:\/\/pagina10.com\/web\/#website"},"primaryImageOfPage":{"@id":"https:\/\/pagina10.com\/web\/ataque-armado-en-magui-payan-narino-deja-dos-soldados-muertos-y-dos-heridos\/#primaryimage"},"image":{"@id":"https:\/\/pagina10.com\/web\/ataque-armado-en-magui-payan-narino-deja-dos-soldados-muertos-y-dos-heridos\/#primaryimage"},"thumbnailUrl":"https:\/\/pagina10.com\/web\/wp-content\/uploads\/2024\/01\/MAGUI-PAYAN.jpg","datePublished":"2024-01-30T01:47:16+00:00","dateModified":"2024-01-30T02:41:06+00:00","breadcrumb":{"@id":"https:\/\/pagina10.com\/web\/ataque-armado-en-magui-payan-narino-deja-dos-soldados-muertos-y-dos-heridos\/#breadcrumb"},"inLanguage":"es","potentialAction":[{"@type":"ReadAction","target":["https:\/\/pagina10.com\/web\/ataque-armado-en-magui-payan-narino-deja-dos-soldados-muertos-y-dos-heridos\/"]}]},{"@type":"ImageObject","inLanguage":"es","@id":"https:\/\/pagina10.com\/web\/ataque-armado-en-magui-payan-narino-deja-dos-soldados-muertos-y-dos-heridos\/#primaryimage","url":"https:\/\/pagina10.com\/web\/wp-content\/uploads\/2024\/01\/MAGUI-PAYAN.jpg","contentUrl":"https:\/\/pagina10.com\/web\/wp-content\/uploads\/2024\/01\/MAGUI-PAYAN.jpg","width":960,"height":638},{"@type":"BreadcrumbList","@id":"https:\/\/pagina10.com\/web\/ataque-armado-en-magui-payan-narino-deja-dos-soldados-muertos-y-dos-heridos\/#breadcrumb","itemListElement":[{"@type":"ListItem","position":1,"name":"Portada","item":"https:\/\/pagina10.com\/web\/"},{"@type":"ListItem","position":2,"name":"Ataque armado en Mag\u00fc\u00ed Pay\u00e1n (Nari\u00f1o) deja dos soldados muertos y dos heridos"}]},{"@type":"WebSite","@id":"https:\/\/pagina10.com\/web\/#website","url":"https:\/\/pagina10.com\/web\/","name":"P\u00e1gina10","description":"Peri\u00f3dico Regional","publisher":{"@id":"https:\/\/pagina10.com\/web\/#organization"},"alternateName":"P\u00e1gina10 Peri\u00f3dico Regional","potentialAction":[{"@type":"SearchAction","target":{"@type":"EntryPoint","urlTemplate":"https:\/\/pagina10.com\/web\/?s={search_term_string}"},"query-input":{"@type":"PropertyValueSpecification","valueRequired":true,"valueName":"search_term_string"}}],"inLanguage":"es"},{"@type":"Organization","@id":"https:\/\/pagina10.com\/web\/#organization","name":"P\u00e1gina10","alternateName":"P\u00e1gina10 Peri\u00f3dico Regional","url":"https:\/\/pagina10.com\/web\/","logo":{"@type":"ImageObject","inLanguage":"es","@id":"https:\/\/pagina10.com\/web\/#\/schema\/logo\/image\/","url":"https:\/\/pagina10.com\/web\/wp-content\/uploads\/2024\/01\/40-pagina-10-periodico-regional-pasto.jpg","contentUrl":"https:\/\/pagina10.com\/web\/wp-content\/uploads\/2024\/01\/40-pagina-10-periodico-regional-pasto.jpg","width":1280,"height":720,"caption":"P\u00e1gina10"},"image":{"@id":"https:\/\/pagina10.com\/web\/#\/schema\/logo\/image\/"},"sameAs":["https:\/\/www.facebook.com\/pag10com","https:\/\/x.com\/Pag10com","https:\/\/www.instagram.com\/pagina10col\/","https:\/\/youtube.com\/channel\/pag10","https:\/\/www.tiktok.com\/@p10col"]},{"@type":"Person","@id":"https:\/\/pagina10.com\/web\/#\/schema\/person\/2efc4a090d25b667d3bc796798a3a81b","name":"P\u00e1gina 10","description":"P\u00e1gina 10 es un peri\u00f3dico regional que nace en Colombia, en el departamento de Nari\u00f1o, con un enfoque global, fundamentado en cuatro pilares esenciales: la libertad, el pluralismo, la inclusi\u00f3n y la independencia. P\u00e1gina 10 hace referencia a Nari\u00f1o como el d\u00e9cimo departamento creado en Colombia, despu\u00e9s de un proceso pol\u00edtico liderado por actores y actrices regionales con el fin de obtener la independencia y autonom\u00eda de nuestros territorios. Con la creaci\u00f3n de P\u00e1gina 10 se pretende abrir un escenario para el dialogo, la reflexi\u00f3n y el debate que se extienda a otras geograf\u00edas de Am\u00e9rica Latina y del planeta, en una apuesta por transformar colectivamente los desaf\u00edos de un mundo contempor\u00e1neo, m\u00e1s all\u00e1 de las fronteras impuestas.","url":"https:\/\/pagina10.com\/web\/author\/pdiezadmin\/"}]}},"_links":{"self":[{"href":"https:\/\/pagina10.com\/web\/wp-json\/wp\/v2\/posts\/70879202544","targetHints":{"allow":["GET"]}}],"collection":[{"href":"https:\/\/pagina10.com\/web\/wp-json\/wp\/v2\/posts"}],"about":[{"href":"https:\/\/pagina10.com\/web\/wp-json\/wp\/v2\/types\/post"}],"author":[{"embeddable":true,"href":"https:\/\/pagina10.com\/web\/wp-json\/wp\/v2\/users\/1"}],"replies":[{"embeddable":true,"href":"https:\/\/pagina10.com\/web\/wp-json\/wp\/v2\/comments?post=70879202544"}],"version-history":[{"count":1,"href":"https:\/\/pagina10.com\/web\/wp-json\/wp\/v2\/posts\/70879202544\/revisions"}],"predecessor-version":[{"id":70879202546,"href":"https:\/\/pagina10.com\/web\/wp-json\/wp\/v2\/posts\/70879202544\/revisions\/70879202546"}],"wp:featuredmedia":[{"embeddable":true,"href":"https:\/\/pagina10.com\/web\/wp-json\/wp\/v2\/media\/70879202545"}],"wp:attachment":[{"href":"https:\/\/pagina10.com\/web\/wp-json\/wp\/v2\/media?parent=70879202544"}],"wp:term":[{"taxonomy":"category","embeddable":true,"href":"https:\/\/pagina10.com\/web\/wp-json\/wp\/v2\/categories?post=70879202544"},{"taxonomy":"post_tag","embeddable":true,"href":"https:\/\/pagina10.com\/web\/wp-json\/wp\/v2\/tags?post=70879202544"}],"curies":[{"name":"wp","href":"https:\/\/api.w.org\/{rel}","templated":true}]}}