{"id":70879202566,"date":"2024-01-29T22:44:50","date_gmt":"2024-01-30T03:44:50","guid":{"rendered":"https:\/\/pagina10.com\/web\/?p=70879202566"},"modified":"2024-01-29T22:45:12","modified_gmt":"2024-01-30T03:45:12","slug":"metodo-de-elaboracion-de-la-panela-se-libro-de-ser-patentada","status":"publish","type":"post","link":"https:\/\/pagina10.com\/web\/metodo-de-elaboracion-de-la-panela-se-libro-de-ser-patentada\/","title":{"rendered":"M\u00e9todo de Elaboraci\u00f3n de la panela se libr\u00f3 de ser patentado"},"content":{"rendered":"<p style=\"text-align: justify;\">La Superintendencia de Industria y Comercio (SIC) respald\u00f3 la oposici\u00f3n de Fedepanela, Federaci\u00f3n Nacional de Productores de Panela, que ped\u00eda denegar la solicitud de patente del ingeniero Jorge Enrique Gonz\u00e1lez Ulloa, qui\u00e9n buscaba patentar el m\u00e9todo de elaboraci\u00f3n de los productores de panela en Colombia.<\/p>\n<p style=\"text-align: justify;\">\u201cExcelentes noticias para el gremio panelero la @sicsuper acepta oposici\u00f3n de Fedepanela y niega patente para la elaboraci\u00f3n de panela\u201d, inform\u00f3 Federacion Nacional de Productores de Panela (Fedepanela), a trav\u00e9s de sus redes sociales y acompa\u00f1ada de un comunicado oficial.<\/p>\n<p style=\"text-align: justify;\">La victoria representa la defensa de los m\u00e9todos ancestrales empleados por los paneleros del pa\u00eds. La SIC revel\u00f3 que las pruebas presentadas por Fedepanela demostraron que el m\u00e9todo propuesto por Gonz\u00e1lez Ulloa no es patentable, ya que se basa en procedimientos sumamente comunes utilizados para la elaboraci\u00f3n de mieles y panelas pulverizadas o granuladas en varias regiones de Colombia.<\/p>\n<p style=\"text-align: justify;\">Fedepanela celebr\u00f3 la decisi\u00f3n como una victoria significativa, pues la producci\u00f3n de panela es fundamental para el sustento de 350,000 familias campesinas, el 12% de la poblaci\u00f3n rural econ\u00f3micamente activa en Colombia.<\/p>\n<p style=\"text-align: justify;\">En ese mismo sentido, FEDEPANELA hizo \u201cun llamado a los productores paneleros para seguir fortaleciendo nuestra Federaci\u00f3n y continuar trabajando conjuntamente en la defensa de sus intereses y en la modernizaci\u00f3n y competitividad de la cadena productiva de la panela\u201d, as\u00ed fue anunciado en comunicado de prensa oficial.<\/p>\n","protected":false},"excerpt":{"rendered":"<p>La Superintendencia de Industria y Comercio (SIC) respald\u00f3 la oposici\u00f3n de Fedepanela, Federaci\u00f3n Nacional de Productores de Panela, que ped\u00eda denegar la solicitud de patente del ingeniero Jorge Enrique Gonz\u00e1lez Ulloa, qui\u00e9n buscaba patentar el m\u00e9todo de elaboraci\u00f3n de los productores de panela en Colombia. \u201cExcelentes noticias para el gremio panelero la @sicsuper acepta oposici\u00f3n [&hellip;]<\/p>\n","protected":false},"author":1,"featured_media":70879202567,"comment_status":"open","ping_status":"open","sticky":false,"template":"","format":"standard","meta":{"footnotes":""},"categories":[84],"tags":[],"class_list":["post-70879202566","post","type-post","status-publish","format-standard","has-post-thumbnail","hentry","category-global-2"],"yoast_head":"<!-- This site is optimized with the Yoast SEO plugin v27.1.1 - https:\/\/yoast.com\/product\/yoast-seo-wordpress\/ -->\n<title>M\u00e9todo de Elaboraci\u00f3n de la panela se libr\u00f3 de ser patentado | P\u00e1gina10<\/title>\n<meta name=\"robots\" content=\"index, follow, max-snippet:-1, max-image-preview:large, max-video-preview:-1\" \/>\n<link rel=\"canonical\" href=\"https:\/\/pagina10.com\/web\/metodo-de-elaboracion-de-la-panela-se-libro-de-ser-patentada\/\" \/>\n<meta property=\"og:locale\" content=\"es_ES\" \/>\n<meta property=\"og:type\" content=\"article\" \/>\n<meta property=\"og:title\" content=\"M\u00e9todo de Elaboraci\u00f3n de la panela se libr\u00f3 de ser patentado | P\u00e1gina10\" \/>\n<meta property=\"og:description\" content=\"La Superintendencia de Industria y Comercio (SIC) respald\u00f3 la oposici\u00f3n de Fedepanela, Federaci\u00f3n Nacional de Productores de Panela, que ped\u00eda denegar la solicitud de patente del ingeniero Jorge Enrique Gonz\u00e1lez Ulloa, qui\u00e9n buscaba patentar el m\u00e9todo de elaboraci\u00f3n de los productores de panela en Colombia. \u201cExcelentes noticias para el gremio panelero la @sicsuper acepta oposici\u00f3n [&hellip;]\" \/>\n<meta property=\"og:url\" content=\"https:\/\/pagina10.com\/web\/metodo-de-elaboracion-de-la-panela-se-libro-de-ser-patentada\/\" \/>\n<meta property=\"og:site_name\" content=\"P\u00e1gina10\" \/>\n<meta property=\"article:publisher\" content=\"https:\/\/www.facebook.com\/pag10com\" \/>\n<meta property=\"article:published_time\" content=\"2024-01-30T03:44:50+00:00\" \/>\n<meta property=\"article:modified_time\" content=\"2024-01-30T03:45:12+00:00\" \/>\n<meta property=\"og:image\" content=\"https:\/\/pagina10.com\/web\/wp-content\/uploads\/2024\/01\/panela.jpg\" \/>\n\t<meta property=\"og:image:width\" content=\"600\" \/>\n\t<meta property=\"og:image:height\" content=\"429\" \/>\n\t<meta property=\"og:image:type\" content=\"image\/jpeg\" \/>\n<meta name=\"author\" content=\"P\u00e1gina 10\" \/>\n<meta name=\"twitter:card\" content=\"summary_large_image\" \/>\n<meta name=\"twitter:creator\" content=\"@Pag10com\" \/>\n<meta name=\"twitter:site\" content=\"@Pag10com\" \/>\n<meta name=\"twitter:label1\" content=\"Escrito por\" \/>\n\t<meta name=\"twitter:data1\" content=\"P\u00e1gina 10\" \/>\n\t<meta name=\"twitter:label2\" content=\"Tiempo de lectura\" \/>\n\t<meta name=\"twitter:data2\" content=\"2 minutos\" \/>\n<script type=\"application\/ld+json\" class=\"yoast-schema-graph\">{\"@context\":\"https:\/\/schema.org\",\"@graph\":[{\"@type\":\"Article\",\"@id\":\"https:\/\/pagina10.com\/web\/metodo-de-elaboracion-de-la-panela-se-libro-de-ser-patentada\/#article\",\"isPartOf\":{\"@id\":\"https:\/\/pagina10.com\/web\/metodo-de-elaboracion-de-la-panela-se-libro-de-ser-patentada\/\"},\"author\":{\"name\":\"P\u00e1gina 10\",\"@id\":\"https:\/\/pagina10.com\/web\/#\/schema\/person\/2efc4a090d25b667d3bc796798a3a81b\"},\"headline\":\"M\u00e9todo de Elaboraci\u00f3n de la panela se libr\u00f3 de ser patentado\",\"datePublished\":\"2024-01-30T03:44:50+00:00\",\"dateModified\":\"2024-01-30T03:45:12+00:00\",\"mainEntityOfPage\":{\"@id\":\"https:\/\/pagina10.com\/web\/metodo-de-elaboracion-de-la-panela-se-libro-de-ser-patentada\/\"},\"wordCount\":257,\"commentCount\":0,\"publisher\":{\"@id\":\"https:\/\/pagina10.com\/web\/#organization\"},\"image\":{\"@id\":\"https:\/\/pagina10.com\/web\/metodo-de-elaboracion-de-la-panela-se-libro-de-ser-patentada\/#primaryimage\"},\"thumbnailUrl\":\"https:\/\/pagina10.com\/web\/wp-content\/uploads\/2024\/01\/panela.jpg\",\"articleSection\":[\"Global\"],\"inLanguage\":\"es\",\"potentialAction\":[{\"@type\":\"CommentAction\",\"name\":\"Comment\",\"target\":[\"https:\/\/pagina10.com\/web\/metodo-de-elaboracion-de-la-panela-se-libro-de-ser-patentada\/#respond\"]}]},{\"@type\":\"WebPage\",\"@id\":\"https:\/\/pagina10.com\/web\/metodo-de-elaboracion-de-la-panela-se-libro-de-ser-patentada\/\",\"url\":\"https:\/\/pagina10.com\/web\/metodo-de-elaboracion-de-la-panela-se-libro-de-ser-patentada\/\",\"name\":\"M\u00e9todo de Elaboraci\u00f3n de la panela se libr\u00f3 de ser patentado | P\u00e1gina10\",\"isPartOf\":{\"@id\":\"https:\/\/pagina10.com\/web\/#website\"},\"primaryImageOfPage\":{\"@id\":\"https:\/\/pagina10.com\/web\/metodo-de-elaboracion-de-la-panela-se-libro-de-ser-patentada\/#primaryimage\"},\"image\":{\"@id\":\"https:\/\/pagina10.com\/web\/metodo-de-elaboracion-de-la-panela-se-libro-de-ser-patentada\/#primaryimage\"},\"thumbnailUrl\":\"https:\/\/pagina10.com\/web\/wp-content\/uploads\/2024\/01\/panela.jpg\",\"datePublished\":\"2024-01-30T03:44:50+00:00\",\"dateModified\":\"2024-01-30T03:45:12+00:00\",\"breadcrumb\":{\"@id\":\"https:\/\/pagina10.com\/web\/metodo-de-elaboracion-de-la-panela-se-libro-de-ser-patentada\/#breadcrumb\"},\"inLanguage\":\"es\",\"potentialAction\":[{\"@type\":\"ReadAction\",\"target\":[\"https:\/\/pagina10.com\/web\/metodo-de-elaboracion-de-la-panela-se-libro-de-ser-patentada\/\"]}]},{\"@type\":\"ImageObject\",\"inLanguage\":\"es\",\"@id\":\"https:\/\/pagina10.com\/web\/metodo-de-elaboracion-de-la-panela-se-libro-de-ser-patentada\/#primaryimage\",\"url\":\"https:\/\/pagina10.com\/web\/wp-content\/uploads\/2024\/01\/panela.jpg\",\"contentUrl\":\"https:\/\/pagina10.com\/web\/wp-content\/uploads\/2024\/01\/panela.jpg\",\"width\":600,\"height\":429},{\"@type\":\"BreadcrumbList\",\"@id\":\"https:\/\/pagina10.com\/web\/metodo-de-elaboracion-de-la-panela-se-libro-de-ser-patentada\/#breadcrumb\",\"itemListElement\":[{\"@type\":\"ListItem\",\"position\":1,\"name\":\"Portada\",\"item\":\"https:\/\/pagina10.com\/web\/\"},{\"@type\":\"ListItem\",\"position\":2,\"name\":\"M\u00e9todo de Elaboraci\u00f3n de la panela se libr\u00f3 de ser patentado\"}]},{\"@type\":\"WebSite\",\"@id\":\"https:\/\/pagina10.com\/web\/#website\",\"url\":\"https:\/\/pagina10.com\/web\/\",\"name\":\"P\u00e1gina10\",\"description\":\"Peri\u00f3dico Regional\",\"publisher\":{\"@id\":\"https:\/\/pagina10.com\/web\/#organization\"},\"alternateName\":\"P\u00e1gina10 Peri\u00f3dico Regional\",\"potentialAction\":[{\"@type\":\"SearchAction\",\"target\":{\"@type\":\"EntryPoint\",\"urlTemplate\":\"https:\/\/pagina10.com\/web\/?s={search_term_string}\"},\"query-input\":{\"@type\":\"PropertyValueSpecification\",\"valueRequired\":true,\"valueName\":\"search_term_string\"}}],\"inLanguage\":\"es\"},{\"@type\":\"Organization\",\"@id\":\"https:\/\/pagina10.com\/web\/#organization\",\"name\":\"P\u00e1gina10\",\"alternateName\":\"P\u00e1gina10 Peri\u00f3dico Regional\",\"url\":\"https:\/\/pagina10.com\/web\/\",\"logo\":{\"@type\":\"ImageObject\",\"inLanguage\":\"es\",\"@id\":\"https:\/\/pagina10.com\/web\/#\/schema\/logo\/image\/\",\"url\":\"https:\/\/pagina10.com\/web\/wp-content\/uploads\/2024\/01\/40-pagina-10-periodico-regional-pasto.jpg\",\"contentUrl\":\"https:\/\/pagina10.com\/web\/wp-content\/uploads\/2024\/01\/40-pagina-10-periodico-regional-pasto.jpg\",\"width\":1280,\"height\":720,\"caption\":\"P\u00e1gina10\"},\"image\":{\"@id\":\"https:\/\/pagina10.com\/web\/#\/schema\/logo\/image\/\"},\"sameAs\":[\"https:\/\/www.facebook.com\/pag10com\",\"https:\/\/x.com\/Pag10com\",\"https:\/\/www.instagram.com\/pagina10col\/\",\"https:\/\/youtube.com\/channel\/pag10\",\"https:\/\/www.tiktok.com\/@p10col\"]},{\"@type\":\"Person\",\"@id\":\"https:\/\/pagina10.com\/web\/#\/schema\/person\/2efc4a090d25b667d3bc796798a3a81b\",\"name\":\"P\u00e1gina 10\",\"description\":\"P\u00e1gina 10 es un peri\u00f3dico regional que nace en Colombia, en el departamento de Nari\u00f1o, con un enfoque global, fundamentado en cuatro pilares esenciales: la libertad, el pluralismo, la inclusi\u00f3n y la independencia. P\u00e1gina 10 hace referencia a Nari\u00f1o como el d\u00e9cimo departamento creado en Colombia, despu\u00e9s de un proceso pol\u00edtico liderado por actores y actrices regionales con el fin de obtener la independencia y autonom\u00eda de nuestros territorios. Con la creaci\u00f3n de P\u00e1gina 10 se pretende abrir un escenario para el dialogo, la reflexi\u00f3n y el debate que se extienda a otras geograf\u00edas de Am\u00e9rica Latina y del planeta, en una apuesta por transformar colectivamente los desaf\u00edos de un mundo contempor\u00e1neo, m\u00e1s all\u00e1 de las fronteras impuestas.\",\"url\":\"https:\/\/pagina10.com\/web\/author\/pdiezadmin\/\"}]}<\/script>\n<!-- \/ Yoast SEO plugin. -->","yoast_head_json":{"title":"M\u00e9todo de Elaboraci\u00f3n de la panela se libr\u00f3 de ser patentado | P\u00e1gina10","robots":{"index":"index","follow":"follow","max-snippet":"max-snippet:-1","max-image-preview":"max-image-preview:large","max-video-preview":"max-video-preview:-1"},"canonical":"https:\/\/pagina10.com\/web\/metodo-de-elaboracion-de-la-panela-se-libro-de-ser-patentada\/","og_locale":"es_ES","og_type":"article","og_title":"M\u00e9todo de Elaboraci\u00f3n de la panela se libr\u00f3 de ser patentado | P\u00e1gina10","og_description":"La Superintendencia de Industria y Comercio (SIC) respald\u00f3 la oposici\u00f3n de Fedepanela, Federaci\u00f3n Nacional de Productores de Panela, que ped\u00eda denegar la solicitud de patente del ingeniero Jorge Enrique Gonz\u00e1lez Ulloa, qui\u00e9n buscaba patentar el m\u00e9todo de elaboraci\u00f3n de los productores de panela en Colombia. \u201cExcelentes noticias para el gremio panelero la @sicsuper acepta oposici\u00f3n [&hellip;]","og_url":"https:\/\/pagina10.com\/web\/metodo-de-elaboracion-de-la-panela-se-libro-de-ser-patentada\/","og_site_name":"P\u00e1gina10","article_publisher":"https:\/\/www.facebook.com\/pag10com","article_published_time":"2024-01-30T03:44:50+00:00","article_modified_time":"2024-01-30T03:45:12+00:00","og_image":[{"width":600,"height":429,"url":"https:\/\/pagina10.com\/web\/wp-content\/uploads\/2024\/01\/panela.jpg","type":"image\/jpeg"}],"author":"P\u00e1gina 10","twitter_card":"summary_large_image","twitter_creator":"@Pag10com","twitter_site":"@Pag10com","twitter_misc":{"Escrito por":"P\u00e1gina 10","Tiempo de lectura":"2 minutos"},"schema":{"@context":"https:\/\/schema.org","@graph":[{"@type":"Article","@id":"https:\/\/pagina10.com\/web\/metodo-de-elaboracion-de-la-panela-se-libro-de-ser-patentada\/#article","isPartOf":{"@id":"https:\/\/pagina10.com\/web\/metodo-de-elaboracion-de-la-panela-se-libro-de-ser-patentada\/"},"author":{"name":"P\u00e1gina 10","@id":"https:\/\/pagina10.com\/web\/#\/schema\/person\/2efc4a090d25b667d3bc796798a3a81b"},"headline":"M\u00e9todo de Elaboraci\u00f3n de la panela se libr\u00f3 de ser patentado","datePublished":"2024-01-30T03:44:50+00:00","dateModified":"2024-01-30T03:45:12+00:00","mainEntityOfPage":{"@id":"https:\/\/pagina10.com\/web\/metodo-de-elaboracion-de-la-panela-se-libro-de-ser-patentada\/"},"wordCount":257,"commentCount":0,"publisher":{"@id":"https:\/\/pagina10.com\/web\/#organization"},"image":{"@id":"https:\/\/pagina10.com\/web\/metodo-de-elaboracion-de-la-panela-se-libro-de-ser-patentada\/#primaryimage"},"thumbnailUrl":"https:\/\/pagina10.com\/web\/wp-content\/uploads\/2024\/01\/panela.jpg","articleSection":["Global"],"inLanguage":"es","potentialAction":[{"@type":"CommentAction","name":"Comment","target":["https:\/\/pagina10.com\/web\/metodo-de-elaboracion-de-la-panela-se-libro-de-ser-patentada\/#respond"]}]},{"@type":"WebPage","@id":"https:\/\/pagina10.com\/web\/metodo-de-elaboracion-de-la-panela-se-libro-de-ser-patentada\/","url":"https:\/\/pagina10.com\/web\/metodo-de-elaboracion-de-la-panela-se-libro-de-ser-patentada\/","name":"M\u00e9todo de Elaboraci\u00f3n de la panela se libr\u00f3 de ser patentado | P\u00e1gina10","isPartOf":{"@id":"https:\/\/pagina10.com\/web\/#website"},"primaryImageOfPage":{"@id":"https:\/\/pagina10.com\/web\/metodo-de-elaboracion-de-la-panela-se-libro-de-ser-patentada\/#primaryimage"},"image":{"@id":"https:\/\/pagina10.com\/web\/metodo-de-elaboracion-de-la-panela-se-libro-de-ser-patentada\/#primaryimage"},"thumbnailUrl":"https:\/\/pagina10.com\/web\/wp-content\/uploads\/2024\/01\/panela.jpg","datePublished":"2024-01-30T03:44:50+00:00","dateModified":"2024-01-30T03:45:12+00:00","breadcrumb":{"@id":"https:\/\/pagina10.com\/web\/metodo-de-elaboracion-de-la-panela-se-libro-de-ser-patentada\/#breadcrumb"},"inLanguage":"es","potentialAction":[{"@type":"ReadAction","target":["https:\/\/pagina10.com\/web\/metodo-de-elaboracion-de-la-panela-se-libro-de-ser-patentada\/"]}]},{"@type":"ImageObject","inLanguage":"es","@id":"https:\/\/pagina10.com\/web\/metodo-de-elaboracion-de-la-panela-se-libro-de-ser-patentada\/#primaryimage","url":"https:\/\/pagina10.com\/web\/wp-content\/uploads\/2024\/01\/panela.jpg","contentUrl":"https:\/\/pagina10.com\/web\/wp-content\/uploads\/2024\/01\/panela.jpg","width":600,"height":429},{"@type":"BreadcrumbList","@id":"https:\/\/pagina10.com\/web\/metodo-de-elaboracion-de-la-panela-se-libro-de-ser-patentada\/#breadcrumb","itemListElement":[{"@type":"ListItem","position":1,"name":"Portada","item":"https:\/\/pagina10.com\/web\/"},{"@type":"ListItem","position":2,"name":"M\u00e9todo de Elaboraci\u00f3n de la panela se libr\u00f3 de ser patentado"}]},{"@type":"WebSite","@id":"https:\/\/pagina10.com\/web\/#website","url":"https:\/\/pagina10.com\/web\/","name":"P\u00e1gina10","description":"Peri\u00f3dico Regional","publisher":{"@id":"https:\/\/pagina10.com\/web\/#organization"},"alternateName":"P\u00e1gina10 Peri\u00f3dico Regional","potentialAction":[{"@type":"SearchAction","target":{"@type":"EntryPoint","urlTemplate":"https:\/\/pagina10.com\/web\/?s={search_term_string}"},"query-input":{"@type":"PropertyValueSpecification","valueRequired":true,"valueName":"search_term_string"}}],"inLanguage":"es"},{"@type":"Organization","@id":"https:\/\/pagina10.com\/web\/#organization","name":"P\u00e1gina10","alternateName":"P\u00e1gina10 Peri\u00f3dico Regional","url":"https:\/\/pagina10.com\/web\/","logo":{"@type":"ImageObject","inLanguage":"es","@id":"https:\/\/pagina10.com\/web\/#\/schema\/logo\/image\/","url":"https:\/\/pagina10.com\/web\/wp-content\/uploads\/2024\/01\/40-pagina-10-periodico-regional-pasto.jpg","contentUrl":"https:\/\/pagina10.com\/web\/wp-content\/uploads\/2024\/01\/40-pagina-10-periodico-regional-pasto.jpg","width":1280,"height":720,"caption":"P\u00e1gina10"},"image":{"@id":"https:\/\/pagina10.com\/web\/#\/schema\/logo\/image\/"},"sameAs":["https:\/\/www.facebook.com\/pag10com","https:\/\/x.com\/Pag10com","https:\/\/www.instagram.com\/pagina10col\/","https:\/\/youtube.com\/channel\/pag10","https:\/\/www.tiktok.com\/@p10col"]},{"@type":"Person","@id":"https:\/\/pagina10.com\/web\/#\/schema\/person\/2efc4a090d25b667d3bc796798a3a81b","name":"P\u00e1gina 10","description":"P\u00e1gina 10 es un peri\u00f3dico regional que nace en Colombia, en el departamento de Nari\u00f1o, con un enfoque global, fundamentado en cuatro pilares esenciales: la libertad, el pluralismo, la inclusi\u00f3n y la independencia. P\u00e1gina 10 hace referencia a Nari\u00f1o como el d\u00e9cimo departamento creado en Colombia, despu\u00e9s de un proceso pol\u00edtico liderado por actores y actrices regionales con el fin de obtener la independencia y autonom\u00eda de nuestros territorios. Con la creaci\u00f3n de P\u00e1gina 10 se pretende abrir un escenario para el dialogo, la reflexi\u00f3n y el debate que se extienda a otras geograf\u00edas de Am\u00e9rica Latina y del planeta, en una apuesta por transformar colectivamente los desaf\u00edos de un mundo contempor\u00e1neo, m\u00e1s all\u00e1 de las fronteras impuestas.","url":"https:\/\/pagina10.com\/web\/author\/pdiezadmin\/"}]}},"_links":{"self":[{"href":"https:\/\/pagina10.com\/web\/wp-json\/wp\/v2\/posts\/70879202566","targetHints":{"allow":["GET"]}}],"collection":[{"href":"https:\/\/pagina10.com\/web\/wp-json\/wp\/v2\/posts"}],"about":[{"href":"https:\/\/pagina10.com\/web\/wp-json\/wp\/v2\/types\/post"}],"author":[{"embeddable":true,"href":"https:\/\/pagina10.com\/web\/wp-json\/wp\/v2\/users\/1"}],"replies":[{"embeddable":true,"href":"https:\/\/pagina10.com\/web\/wp-json\/wp\/v2\/comments?post=70879202566"}],"version-history":[{"count":2,"href":"https:\/\/pagina10.com\/web\/wp-json\/wp\/v2\/posts\/70879202566\/revisions"}],"predecessor-version":[{"id":70879202569,"href":"https:\/\/pagina10.com\/web\/wp-json\/wp\/v2\/posts\/70879202566\/revisions\/70879202569"}],"wp:featuredmedia":[{"embeddable":true,"href":"https:\/\/pagina10.com\/web\/wp-json\/wp\/v2\/media\/70879202567"}],"wp:attachment":[{"href":"https:\/\/pagina10.com\/web\/wp-json\/wp\/v2\/media?parent=70879202566"}],"wp:term":[{"taxonomy":"category","embeddable":true,"href":"https:\/\/pagina10.com\/web\/wp-json\/wp\/v2\/categories?post=70879202566"},{"taxonomy":"post_tag","embeddable":true,"href":"https:\/\/pagina10.com\/web\/wp-json\/wp\/v2\/tags?post=70879202566"}],"curies":[{"name":"wp","href":"https:\/\/api.w.org\/{rel}","templated":true}]}}