{"id":70879202619,"date":"2024-01-30T06:48:16","date_gmt":"2024-01-30T11:48:16","guid":{"rendered":"https:\/\/pagina10.com\/web\/?p=70879202619"},"modified":"2024-01-30T06:48:16","modified_gmt":"2024-01-30T11:48:16","slug":"nuevo-presidente-y-vicepresidenta-de-la-junta-directiva-de-camara-de-comercio-de-pasto","status":"publish","type":"post","link":"https:\/\/pagina10.com\/web\/nuevo-presidente-y-vicepresidenta-de-la-junta-directiva-de-camara-de-comercio-de-pasto\/","title":{"rendered":"Nuevo presidente y vicepresidenta de la Junta Directiva de C\u00e1mara de Comercio de Pasto."},"content":{"rendered":"<p style=\"text-align: justify;\">En instalaciones de la C\u00e1mara de Comercio de Pasto, este 29 de enero, durante la primera sesi\u00f3n ordinaria del a\u00f1o 2024, la Junta Directiva de la entidad cameral, en un ejercicio democr\u00e1tico, participativo y de conformidad con las disposiciones legales y estatutarias, llev\u00f3 a cabo el proceso de postulaci\u00f3n y elecci\u00f3n, siendo elegidos de manera un\u00e1nime el Dr. Gabriel Santiago Moreno Chaves, delegado del Gobierno Nacional y la empresaria Viviana Andrea Enr\u00edquez Cabrera, elegida por los empresarios, como Presidente y Vicepresidente respectivamente a partir de la fecha y hasta el pr\u00f3ximo 31 de diciembre de la presenta anualidad.<\/p>\n","protected":false},"excerpt":{"rendered":"<p>En instalaciones de la C\u00e1mara de Comercio de Pasto, este 29 de enero, durante la primera sesi\u00f3n ordinaria del a\u00f1o 2024, la Junta Directiva de la entidad cameral, en un ejercicio democr\u00e1tico, participativo y de conformidad con las disposiciones legales y estatutarias, llev\u00f3 a cabo el proceso de postulaci\u00f3n y elecci\u00f3n, siendo elegidos de manera [&hellip;]<\/p>\n","protected":false},"author":1,"featured_media":70879202620,"comment_status":"open","ping_status":"open","sticky":false,"template":"","format":"standard","meta":{"footnotes":""},"categories":[14],"tags":[],"class_list":["post-70879202619","post","type-post","status-publish","format-standard","has-post-thumbnail","hentry","category-narino-actual"],"yoast_head":"<!-- This site is optimized with the Yoast SEO plugin v27.1.1 - https:\/\/yoast.com\/product\/yoast-seo-wordpress\/ -->\n<title>Nuevo presidente y vicepresidenta de la Junta Directiva de C\u00e1mara de Comercio de Pasto. | P\u00e1gina10<\/title>\n<meta name=\"robots\" content=\"index, follow, max-snippet:-1, max-image-preview:large, max-video-preview:-1\" \/>\n<link rel=\"canonical\" href=\"https:\/\/pagina10.com\/web\/nuevo-presidente-y-vicepresidenta-de-la-junta-directiva-de-camara-de-comercio-de-pasto\/\" \/>\n<meta property=\"og:locale\" content=\"es_ES\" \/>\n<meta property=\"og:type\" content=\"article\" \/>\n<meta property=\"og:title\" content=\"Nuevo presidente y vicepresidenta de la Junta Directiva de C\u00e1mara de Comercio de Pasto. | P\u00e1gina10\" \/>\n<meta property=\"og:description\" content=\"En instalaciones de la C\u00e1mara de Comercio de Pasto, este 29 de enero, durante la primera sesi\u00f3n ordinaria del a\u00f1o 2024, la Junta Directiva de la entidad cameral, en un ejercicio democr\u00e1tico, participativo y de conformidad con las disposiciones legales y estatutarias, llev\u00f3 a cabo el proceso de postulaci\u00f3n y elecci\u00f3n, siendo elegidos de manera [&hellip;]\" \/>\n<meta property=\"og:url\" content=\"https:\/\/pagina10.com\/web\/nuevo-presidente-y-vicepresidenta-de-la-junta-directiva-de-camara-de-comercio-de-pasto\/\" \/>\n<meta property=\"og:site_name\" content=\"P\u00e1gina10\" \/>\n<meta property=\"article:publisher\" content=\"https:\/\/www.facebook.com\/pag10com\" \/>\n<meta property=\"article:published_time\" content=\"2024-01-30T11:48:16+00:00\" \/>\n<meta property=\"og:image\" content=\"https:\/\/pagina10.com\/web\/wp-content\/uploads\/2024\/01\/WhatsApp-Image-2024-01-30-at-6.47.44-AM.jpeg\" \/>\n\t<meta property=\"og:image:width\" content=\"744\" \/>\n\t<meta property=\"og:image:height\" content=\"359\" \/>\n\t<meta property=\"og:image:type\" content=\"image\/jpeg\" \/>\n<meta name=\"author\" content=\"P\u00e1gina 10\" \/>\n<meta name=\"twitter:card\" content=\"summary_large_image\" \/>\n<meta name=\"twitter:creator\" content=\"@Pag10com\" \/>\n<meta name=\"twitter:site\" content=\"@Pag10com\" \/>\n<meta name=\"twitter:label1\" content=\"Escrito por\" \/>\n\t<meta name=\"twitter:data1\" content=\"P\u00e1gina 10\" \/>\n\t<meta name=\"twitter:label2\" content=\"Tiempo de lectura\" \/>\n\t<meta name=\"twitter:data2\" content=\"1 minuto\" \/>\n<script type=\"application\/ld+json\" class=\"yoast-schema-graph\">{\"@context\":\"https:\/\/schema.org\",\"@graph\":[{\"@type\":\"Article\",\"@id\":\"https:\/\/pagina10.com\/web\/nuevo-presidente-y-vicepresidenta-de-la-junta-directiva-de-camara-de-comercio-de-pasto\/#article\",\"isPartOf\":{\"@id\":\"https:\/\/pagina10.com\/web\/nuevo-presidente-y-vicepresidenta-de-la-junta-directiva-de-camara-de-comercio-de-pasto\/\"},\"author\":{\"name\":\"P\u00e1gina 10\",\"@id\":\"https:\/\/pagina10.com\/web\/#\/schema\/person\/2efc4a090d25b667d3bc796798a3a81b\"},\"headline\":\"Nuevo presidente y vicepresidenta de la Junta Directiva de C\u00e1mara de Comercio de Pasto.\",\"datePublished\":\"2024-01-30T11:48:16+00:00\",\"mainEntityOfPage\":{\"@id\":\"https:\/\/pagina10.com\/web\/nuevo-presidente-y-vicepresidenta-de-la-junta-directiva-de-camara-de-comercio-de-pasto\/\"},\"wordCount\":119,\"commentCount\":0,\"publisher\":{\"@id\":\"https:\/\/pagina10.com\/web\/#organization\"},\"image\":{\"@id\":\"https:\/\/pagina10.com\/web\/nuevo-presidente-y-vicepresidenta-de-la-junta-directiva-de-camara-de-comercio-de-pasto\/#primaryimage\"},\"thumbnailUrl\":\"https:\/\/pagina10.com\/web\/wp-content\/uploads\/2024\/01\/WhatsApp-Image-2024-01-30-at-6.47.44-AM.jpeg\",\"articleSection\":[\"Nari\u00f1o Actual\"],\"inLanguage\":\"es\",\"potentialAction\":[{\"@type\":\"CommentAction\",\"name\":\"Comment\",\"target\":[\"https:\/\/pagina10.com\/web\/nuevo-presidente-y-vicepresidenta-de-la-junta-directiva-de-camara-de-comercio-de-pasto\/#respond\"]}]},{\"@type\":\"WebPage\",\"@id\":\"https:\/\/pagina10.com\/web\/nuevo-presidente-y-vicepresidenta-de-la-junta-directiva-de-camara-de-comercio-de-pasto\/\",\"url\":\"https:\/\/pagina10.com\/web\/nuevo-presidente-y-vicepresidenta-de-la-junta-directiva-de-camara-de-comercio-de-pasto\/\",\"name\":\"Nuevo presidente y vicepresidenta de la Junta Directiva de C\u00e1mara de Comercio de Pasto. | P\u00e1gina10\",\"isPartOf\":{\"@id\":\"https:\/\/pagina10.com\/web\/#website\"},\"primaryImageOfPage\":{\"@id\":\"https:\/\/pagina10.com\/web\/nuevo-presidente-y-vicepresidenta-de-la-junta-directiva-de-camara-de-comercio-de-pasto\/#primaryimage\"},\"image\":{\"@id\":\"https:\/\/pagina10.com\/web\/nuevo-presidente-y-vicepresidenta-de-la-junta-directiva-de-camara-de-comercio-de-pasto\/#primaryimage\"},\"thumbnailUrl\":\"https:\/\/pagina10.com\/web\/wp-content\/uploads\/2024\/01\/WhatsApp-Image-2024-01-30-at-6.47.44-AM.jpeg\",\"datePublished\":\"2024-01-30T11:48:16+00:00\",\"breadcrumb\":{\"@id\":\"https:\/\/pagina10.com\/web\/nuevo-presidente-y-vicepresidenta-de-la-junta-directiva-de-camara-de-comercio-de-pasto\/#breadcrumb\"},\"inLanguage\":\"es\",\"potentialAction\":[{\"@type\":\"ReadAction\",\"target\":[\"https:\/\/pagina10.com\/web\/nuevo-presidente-y-vicepresidenta-de-la-junta-directiva-de-camara-de-comercio-de-pasto\/\"]}]},{\"@type\":\"ImageObject\",\"inLanguage\":\"es\",\"@id\":\"https:\/\/pagina10.com\/web\/nuevo-presidente-y-vicepresidenta-de-la-junta-directiva-de-camara-de-comercio-de-pasto\/#primaryimage\",\"url\":\"https:\/\/pagina10.com\/web\/wp-content\/uploads\/2024\/01\/WhatsApp-Image-2024-01-30-at-6.47.44-AM.jpeg\",\"contentUrl\":\"https:\/\/pagina10.com\/web\/wp-content\/uploads\/2024\/01\/WhatsApp-Image-2024-01-30-at-6.47.44-AM.jpeg\",\"width\":744,\"height\":359},{\"@type\":\"BreadcrumbList\",\"@id\":\"https:\/\/pagina10.com\/web\/nuevo-presidente-y-vicepresidenta-de-la-junta-directiva-de-camara-de-comercio-de-pasto\/#breadcrumb\",\"itemListElement\":[{\"@type\":\"ListItem\",\"position\":1,\"name\":\"Portada\",\"item\":\"https:\/\/pagina10.com\/web\/\"},{\"@type\":\"ListItem\",\"position\":2,\"name\":\"Nuevo presidente y vicepresidenta de la Junta Directiva de C\u00e1mara de Comercio de Pasto.\"}]},{\"@type\":\"WebSite\",\"@id\":\"https:\/\/pagina10.com\/web\/#website\",\"url\":\"https:\/\/pagina10.com\/web\/\",\"name\":\"P\u00e1gina10\",\"description\":\"Peri\u00f3dico Regional\",\"publisher\":{\"@id\":\"https:\/\/pagina10.com\/web\/#organization\"},\"alternateName\":\"P\u00e1gina10 Peri\u00f3dico Regional\",\"potentialAction\":[{\"@type\":\"SearchAction\",\"target\":{\"@type\":\"EntryPoint\",\"urlTemplate\":\"https:\/\/pagina10.com\/web\/?s={search_term_string}\"},\"query-input\":{\"@type\":\"PropertyValueSpecification\",\"valueRequired\":true,\"valueName\":\"search_term_string\"}}],\"inLanguage\":\"es\"},{\"@type\":\"Organization\",\"@id\":\"https:\/\/pagina10.com\/web\/#organization\",\"name\":\"P\u00e1gina10\",\"alternateName\":\"P\u00e1gina10 Peri\u00f3dico Regional\",\"url\":\"https:\/\/pagina10.com\/web\/\",\"logo\":{\"@type\":\"ImageObject\",\"inLanguage\":\"es\",\"@id\":\"https:\/\/pagina10.com\/web\/#\/schema\/logo\/image\/\",\"url\":\"https:\/\/pagina10.com\/web\/wp-content\/uploads\/2024\/01\/40-pagina-10-periodico-regional-pasto.jpg\",\"contentUrl\":\"https:\/\/pagina10.com\/web\/wp-content\/uploads\/2024\/01\/40-pagina-10-periodico-regional-pasto.jpg\",\"width\":1280,\"height\":720,\"caption\":\"P\u00e1gina10\"},\"image\":{\"@id\":\"https:\/\/pagina10.com\/web\/#\/schema\/logo\/image\/\"},\"sameAs\":[\"https:\/\/www.facebook.com\/pag10com\",\"https:\/\/x.com\/Pag10com\",\"https:\/\/www.instagram.com\/pagina10col\/\",\"https:\/\/youtube.com\/channel\/pag10\",\"https:\/\/www.tiktok.com\/@p10col\"]},{\"@type\":\"Person\",\"@id\":\"https:\/\/pagina10.com\/web\/#\/schema\/person\/2efc4a090d25b667d3bc796798a3a81b\",\"name\":\"P\u00e1gina 10\",\"description\":\"P\u00e1gina 10 es un peri\u00f3dico regional que nace en Colombia, en el departamento de Nari\u00f1o, con un enfoque global, fundamentado en cuatro pilares esenciales: la libertad, el pluralismo, la inclusi\u00f3n y la independencia. P\u00e1gina 10 hace referencia a Nari\u00f1o como el d\u00e9cimo departamento creado en Colombia, despu\u00e9s de un proceso pol\u00edtico liderado por actores y actrices regionales con el fin de obtener la independencia y autonom\u00eda de nuestros territorios. Con la creaci\u00f3n de P\u00e1gina 10 se pretende abrir un escenario para el dialogo, la reflexi\u00f3n y el debate que se extienda a otras geograf\u00edas de Am\u00e9rica Latina y del planeta, en una apuesta por transformar colectivamente los desaf\u00edos de un mundo contempor\u00e1neo, m\u00e1s all\u00e1 de las fronteras impuestas.\",\"url\":\"https:\/\/pagina10.com\/web\/author\/pdiezadmin\/\"}]}<\/script>\n<!-- \/ Yoast SEO plugin. -->","yoast_head_json":{"title":"Nuevo presidente y vicepresidenta de la Junta Directiva de C\u00e1mara de Comercio de Pasto. | P\u00e1gina10","robots":{"index":"index","follow":"follow","max-snippet":"max-snippet:-1","max-image-preview":"max-image-preview:large","max-video-preview":"max-video-preview:-1"},"canonical":"https:\/\/pagina10.com\/web\/nuevo-presidente-y-vicepresidenta-de-la-junta-directiva-de-camara-de-comercio-de-pasto\/","og_locale":"es_ES","og_type":"article","og_title":"Nuevo presidente y vicepresidenta de la Junta Directiva de C\u00e1mara de Comercio de Pasto. | P\u00e1gina10","og_description":"En instalaciones de la C\u00e1mara de Comercio de Pasto, este 29 de enero, durante la primera sesi\u00f3n ordinaria del a\u00f1o 2024, la Junta Directiva de la entidad cameral, en un ejercicio democr\u00e1tico, participativo y de conformidad con las disposiciones legales y estatutarias, llev\u00f3 a cabo el proceso de postulaci\u00f3n y elecci\u00f3n, siendo elegidos de manera [&hellip;]","og_url":"https:\/\/pagina10.com\/web\/nuevo-presidente-y-vicepresidenta-de-la-junta-directiva-de-camara-de-comercio-de-pasto\/","og_site_name":"P\u00e1gina10","article_publisher":"https:\/\/www.facebook.com\/pag10com","article_published_time":"2024-01-30T11:48:16+00:00","og_image":[{"width":744,"height":359,"url":"https:\/\/pagina10.com\/web\/wp-content\/uploads\/2024\/01\/WhatsApp-Image-2024-01-30-at-6.47.44-AM.jpeg","type":"image\/jpeg"}],"author":"P\u00e1gina 10","twitter_card":"summary_large_image","twitter_creator":"@Pag10com","twitter_site":"@Pag10com","twitter_misc":{"Escrito por":"P\u00e1gina 10","Tiempo de lectura":"1 minuto"},"schema":{"@context":"https:\/\/schema.org","@graph":[{"@type":"Article","@id":"https:\/\/pagina10.com\/web\/nuevo-presidente-y-vicepresidenta-de-la-junta-directiva-de-camara-de-comercio-de-pasto\/#article","isPartOf":{"@id":"https:\/\/pagina10.com\/web\/nuevo-presidente-y-vicepresidenta-de-la-junta-directiva-de-camara-de-comercio-de-pasto\/"},"author":{"name":"P\u00e1gina 10","@id":"https:\/\/pagina10.com\/web\/#\/schema\/person\/2efc4a090d25b667d3bc796798a3a81b"},"headline":"Nuevo presidente y vicepresidenta de la Junta Directiva de C\u00e1mara de Comercio de Pasto.","datePublished":"2024-01-30T11:48:16+00:00","mainEntityOfPage":{"@id":"https:\/\/pagina10.com\/web\/nuevo-presidente-y-vicepresidenta-de-la-junta-directiva-de-camara-de-comercio-de-pasto\/"},"wordCount":119,"commentCount":0,"publisher":{"@id":"https:\/\/pagina10.com\/web\/#organization"},"image":{"@id":"https:\/\/pagina10.com\/web\/nuevo-presidente-y-vicepresidenta-de-la-junta-directiva-de-camara-de-comercio-de-pasto\/#primaryimage"},"thumbnailUrl":"https:\/\/pagina10.com\/web\/wp-content\/uploads\/2024\/01\/WhatsApp-Image-2024-01-30-at-6.47.44-AM.jpeg","articleSection":["Nari\u00f1o Actual"],"inLanguage":"es","potentialAction":[{"@type":"CommentAction","name":"Comment","target":["https:\/\/pagina10.com\/web\/nuevo-presidente-y-vicepresidenta-de-la-junta-directiva-de-camara-de-comercio-de-pasto\/#respond"]}]},{"@type":"WebPage","@id":"https:\/\/pagina10.com\/web\/nuevo-presidente-y-vicepresidenta-de-la-junta-directiva-de-camara-de-comercio-de-pasto\/","url":"https:\/\/pagina10.com\/web\/nuevo-presidente-y-vicepresidenta-de-la-junta-directiva-de-camara-de-comercio-de-pasto\/","name":"Nuevo presidente y vicepresidenta de la Junta Directiva de C\u00e1mara de Comercio de Pasto. | P\u00e1gina10","isPartOf":{"@id":"https:\/\/pagina10.com\/web\/#website"},"primaryImageOfPage":{"@id":"https:\/\/pagina10.com\/web\/nuevo-presidente-y-vicepresidenta-de-la-junta-directiva-de-camara-de-comercio-de-pasto\/#primaryimage"},"image":{"@id":"https:\/\/pagina10.com\/web\/nuevo-presidente-y-vicepresidenta-de-la-junta-directiva-de-camara-de-comercio-de-pasto\/#primaryimage"},"thumbnailUrl":"https:\/\/pagina10.com\/web\/wp-content\/uploads\/2024\/01\/WhatsApp-Image-2024-01-30-at-6.47.44-AM.jpeg","datePublished":"2024-01-30T11:48:16+00:00","breadcrumb":{"@id":"https:\/\/pagina10.com\/web\/nuevo-presidente-y-vicepresidenta-de-la-junta-directiva-de-camara-de-comercio-de-pasto\/#breadcrumb"},"inLanguage":"es","potentialAction":[{"@type":"ReadAction","target":["https:\/\/pagina10.com\/web\/nuevo-presidente-y-vicepresidenta-de-la-junta-directiva-de-camara-de-comercio-de-pasto\/"]}]},{"@type":"ImageObject","inLanguage":"es","@id":"https:\/\/pagina10.com\/web\/nuevo-presidente-y-vicepresidenta-de-la-junta-directiva-de-camara-de-comercio-de-pasto\/#primaryimage","url":"https:\/\/pagina10.com\/web\/wp-content\/uploads\/2024\/01\/WhatsApp-Image-2024-01-30-at-6.47.44-AM.jpeg","contentUrl":"https:\/\/pagina10.com\/web\/wp-content\/uploads\/2024\/01\/WhatsApp-Image-2024-01-30-at-6.47.44-AM.jpeg","width":744,"height":359},{"@type":"BreadcrumbList","@id":"https:\/\/pagina10.com\/web\/nuevo-presidente-y-vicepresidenta-de-la-junta-directiva-de-camara-de-comercio-de-pasto\/#breadcrumb","itemListElement":[{"@type":"ListItem","position":1,"name":"Portada","item":"https:\/\/pagina10.com\/web\/"},{"@type":"ListItem","position":2,"name":"Nuevo presidente y vicepresidenta de la Junta Directiva de C\u00e1mara de Comercio de Pasto."}]},{"@type":"WebSite","@id":"https:\/\/pagina10.com\/web\/#website","url":"https:\/\/pagina10.com\/web\/","name":"P\u00e1gina10","description":"Peri\u00f3dico Regional","publisher":{"@id":"https:\/\/pagina10.com\/web\/#organization"},"alternateName":"P\u00e1gina10 Peri\u00f3dico Regional","potentialAction":[{"@type":"SearchAction","target":{"@type":"EntryPoint","urlTemplate":"https:\/\/pagina10.com\/web\/?s={search_term_string}"},"query-input":{"@type":"PropertyValueSpecification","valueRequired":true,"valueName":"search_term_string"}}],"inLanguage":"es"},{"@type":"Organization","@id":"https:\/\/pagina10.com\/web\/#organization","name":"P\u00e1gina10","alternateName":"P\u00e1gina10 Peri\u00f3dico Regional","url":"https:\/\/pagina10.com\/web\/","logo":{"@type":"ImageObject","inLanguage":"es","@id":"https:\/\/pagina10.com\/web\/#\/schema\/logo\/image\/","url":"https:\/\/pagina10.com\/web\/wp-content\/uploads\/2024\/01\/40-pagina-10-periodico-regional-pasto.jpg","contentUrl":"https:\/\/pagina10.com\/web\/wp-content\/uploads\/2024\/01\/40-pagina-10-periodico-regional-pasto.jpg","width":1280,"height":720,"caption":"P\u00e1gina10"},"image":{"@id":"https:\/\/pagina10.com\/web\/#\/schema\/logo\/image\/"},"sameAs":["https:\/\/www.facebook.com\/pag10com","https:\/\/x.com\/Pag10com","https:\/\/www.instagram.com\/pagina10col\/","https:\/\/youtube.com\/channel\/pag10","https:\/\/www.tiktok.com\/@p10col"]},{"@type":"Person","@id":"https:\/\/pagina10.com\/web\/#\/schema\/person\/2efc4a090d25b667d3bc796798a3a81b","name":"P\u00e1gina 10","description":"P\u00e1gina 10 es un peri\u00f3dico regional que nace en Colombia, en el departamento de Nari\u00f1o, con un enfoque global, fundamentado en cuatro pilares esenciales: la libertad, el pluralismo, la inclusi\u00f3n y la independencia. P\u00e1gina 10 hace referencia a Nari\u00f1o como el d\u00e9cimo departamento creado en Colombia, despu\u00e9s de un proceso pol\u00edtico liderado por actores y actrices regionales con el fin de obtener la independencia y autonom\u00eda de nuestros territorios. Con la creaci\u00f3n de P\u00e1gina 10 se pretende abrir un escenario para el dialogo, la reflexi\u00f3n y el debate que se extienda a otras geograf\u00edas de Am\u00e9rica Latina y del planeta, en una apuesta por transformar colectivamente los desaf\u00edos de un mundo contempor\u00e1neo, m\u00e1s all\u00e1 de las fronteras impuestas.","url":"https:\/\/pagina10.com\/web\/author\/pdiezadmin\/"}]}},"_links":{"self":[{"href":"https:\/\/pagina10.com\/web\/wp-json\/wp\/v2\/posts\/70879202619","targetHints":{"allow":["GET"]}}],"collection":[{"href":"https:\/\/pagina10.com\/web\/wp-json\/wp\/v2\/posts"}],"about":[{"href":"https:\/\/pagina10.com\/web\/wp-json\/wp\/v2\/types\/post"}],"author":[{"embeddable":true,"href":"https:\/\/pagina10.com\/web\/wp-json\/wp\/v2\/users\/1"}],"replies":[{"embeddable":true,"href":"https:\/\/pagina10.com\/web\/wp-json\/wp\/v2\/comments?post=70879202619"}],"version-history":[{"count":1,"href":"https:\/\/pagina10.com\/web\/wp-json\/wp\/v2\/posts\/70879202619\/revisions"}],"predecessor-version":[{"id":70879202621,"href":"https:\/\/pagina10.com\/web\/wp-json\/wp\/v2\/posts\/70879202619\/revisions\/70879202621"}],"wp:featuredmedia":[{"embeddable":true,"href":"https:\/\/pagina10.com\/web\/wp-json\/wp\/v2\/media\/70879202620"}],"wp:attachment":[{"href":"https:\/\/pagina10.com\/web\/wp-json\/wp\/v2\/media?parent=70879202619"}],"wp:term":[{"taxonomy":"category","embeddable":true,"href":"https:\/\/pagina10.com\/web\/wp-json\/wp\/v2\/categories?post=70879202619"},{"taxonomy":"post_tag","embeddable":true,"href":"https:\/\/pagina10.com\/web\/wp-json\/wp\/v2\/tags?post=70879202619"}],"curies":[{"name":"wp","href":"https:\/\/api.w.org\/{rel}","templated":true}]}}