{"id":70879202688,"date":"2024-02-01T16:35:48","date_gmt":"2024-02-01T21:35:48","guid":{"rendered":"https:\/\/pagina10.com\/web\/?p=70879202688"},"modified":"2024-02-01T16:35:48","modified_gmt":"2024-02-01T21:35:48","slug":"petro-pidio-renuncia-del-director-de-planeacion-nacional-tras-fuertes-desacuerdos","status":"publish","type":"post","link":"https:\/\/pagina10.com\/web\/petro-pidio-renuncia-del-director-de-planeacion-nacional-tras-fuertes-desacuerdos\/","title":{"rendered":"Petro pidi\u00f3 renuncia del director de Planeaci\u00f3n Nacional tras fuertes desacuerdos"},"content":{"rendered":"<p style=\"text-align: justify;\">Seg\u00fan confirm\u00f3 La Silla Vacia, el director del Departamento de Planeaci\u00f3n Nacional, Jorge Iv\u00e1n Gonz\u00e1lez, presentar\u00e1 su renuncia, luego de presentar algunas diferencias con el presidente Gustavo Petro. Las tensiones se desbordaron durante una reuni\u00f3n privada el mi\u00e9rcoles pasado, donde el mandatario solicit\u00f3 la renuncia de Gonz\u00e1lez, quien ya hab\u00eda recibido numerosas cr\u00edticas del presidente en relaci\u00f3n con su gesti\u00f3n y elecci\u00f3n de su equipo de trabajo, funcionarios vinculados con el expresidente Iv\u00e1n Duque y el exalcalde Enrique Pe\u00f1alosa.<\/p>\n<p style=\"text-align: justify;\">Gonz\u00e1lez, reconocido por cuestionar las opiniones del presidente, toma la decisi\u00f3n de renunciar en respuesta a la solicitud expresa de Petro, quien ha expresado su intenci\u00f3n de renovar caras en instituciones clave para el Gobierno, incluyendo Planeaci\u00f3n Nacional. Entre los posibles sucesores de Gonz\u00e1lez est\u00e1n: Daniel Rojas, actual director de la SAE, Laura Sarabia, directora de Prosperidad Social, y la ministra de Ambiente, Susana Muhamad.<\/p>\n<p style=\"text-align: justify;\">Esta salida representa una p\u00e9rdida significativa en el equipo de gobierno y evidencia las tensiones en la administraci\u00f3n actual, que ha sido enf\u00e1tica en sus cr\u00edticas a altos funcionarios que no comparten su visi\u00f3n pol\u00edtica. La renuncia de Gonz\u00e1lez se suma a las recientes decisiones de Petro de replantear su gabinete, generando incertidumbre sobre la estabilidad pol\u00edtica en el pa\u00eds.<\/p>\n","protected":false},"excerpt":{"rendered":"<p>Seg\u00fan confirm\u00f3 La Silla Vacia, el director del Departamento de Planeaci\u00f3n Nacional, Jorge Iv\u00e1n Gonz\u00e1lez, presentar\u00e1 su renuncia, luego de presentar algunas diferencias con el presidente Gustavo Petro. Las tensiones se desbordaron durante una reuni\u00f3n privada el mi\u00e9rcoles pasado, donde el mandatario solicit\u00f3 la renuncia de Gonz\u00e1lez, quien ya hab\u00eda recibido numerosas cr\u00edticas del presidente [&hellip;]<\/p>\n","protected":false},"author":1,"featured_media":70879202691,"comment_status":"open","ping_status":"open","sticky":false,"template":"","format":"standard","meta":{"footnotes":""},"categories":[94],"tags":[],"class_list":["post-70879202688","post","type-post","status-publish","format-standard","has-post-thumbnail","hentry","category-nacional-global-2"],"yoast_head":"<!-- This site is optimized with the Yoast SEO plugin v27.1.1 - https:\/\/yoast.com\/product\/yoast-seo-wordpress\/ -->\n<title>Petro pidi\u00f3 renuncia del director de Planeaci\u00f3n Nacional tras fuertes desacuerdos | P\u00e1gina10<\/title>\n<meta name=\"robots\" content=\"index, follow, max-snippet:-1, max-image-preview:large, max-video-preview:-1\" \/>\n<link rel=\"canonical\" href=\"https:\/\/pagina10.com\/web\/petro-pidio-renuncia-del-director-de-planeacion-nacional-tras-fuertes-desacuerdos\/\" \/>\n<meta property=\"og:locale\" content=\"es_ES\" \/>\n<meta property=\"og:type\" content=\"article\" \/>\n<meta property=\"og:title\" content=\"Petro pidi\u00f3 renuncia del director de Planeaci\u00f3n Nacional tras fuertes desacuerdos | P\u00e1gina10\" \/>\n<meta property=\"og:description\" content=\"Seg\u00fan confirm\u00f3 La Silla Vacia, el director del Departamento de Planeaci\u00f3n Nacional, Jorge Iv\u00e1n Gonz\u00e1lez, presentar\u00e1 su renuncia, luego de presentar algunas diferencias con el presidente Gustavo Petro. Las tensiones se desbordaron durante una reuni\u00f3n privada el mi\u00e9rcoles pasado, donde el mandatario solicit\u00f3 la renuncia de Gonz\u00e1lez, quien ya hab\u00eda recibido numerosas cr\u00edticas del presidente [&hellip;]\" \/>\n<meta property=\"og:url\" content=\"https:\/\/pagina10.com\/web\/petro-pidio-renuncia-del-director-de-planeacion-nacional-tras-fuertes-desacuerdos\/\" \/>\n<meta property=\"og:site_name\" content=\"P\u00e1gina10\" \/>\n<meta property=\"article:publisher\" content=\"https:\/\/www.facebook.com\/pag10com\" \/>\n<meta property=\"article:published_time\" content=\"2024-02-01T21:35:48+00:00\" \/>\n<meta property=\"og:image\" content=\"https:\/\/pagina10.com\/web\/wp-content\/uploads\/2024\/02\/ghet-1024x633.png\" \/>\n\t<meta property=\"og:image:width\" content=\"1024\" \/>\n\t<meta property=\"og:image:height\" content=\"633\" \/>\n\t<meta property=\"og:image:type\" content=\"image\/png\" \/>\n<meta name=\"author\" content=\"P\u00e1gina 10\" \/>\n<meta name=\"twitter:card\" content=\"summary_large_image\" \/>\n<meta name=\"twitter:creator\" content=\"@Pag10com\" \/>\n<meta name=\"twitter:site\" content=\"@Pag10com\" \/>\n<meta name=\"twitter:label1\" content=\"Escrito por\" \/>\n\t<meta name=\"twitter:data1\" content=\"P\u00e1gina 10\" \/>\n\t<meta name=\"twitter:label2\" content=\"Tiempo de lectura\" \/>\n\t<meta name=\"twitter:data2\" content=\"2 minutos\" \/>\n<script type=\"application\/ld+json\" class=\"yoast-schema-graph\">{\"@context\":\"https:\/\/schema.org\",\"@graph\":[{\"@type\":\"Article\",\"@id\":\"https:\/\/pagina10.com\/web\/petro-pidio-renuncia-del-director-de-planeacion-nacional-tras-fuertes-desacuerdos\/#article\",\"isPartOf\":{\"@id\":\"https:\/\/pagina10.com\/web\/petro-pidio-renuncia-del-director-de-planeacion-nacional-tras-fuertes-desacuerdos\/\"},\"author\":{\"name\":\"P\u00e1gina 10\",\"@id\":\"https:\/\/pagina10.com\/web\/#\/schema\/person\/2efc4a090d25b667d3bc796798a3a81b\"},\"headline\":\"Petro pidi\u00f3 renuncia del director de Planeaci\u00f3n Nacional tras fuertes desacuerdos\",\"datePublished\":\"2024-02-01T21:35:48+00:00\",\"mainEntityOfPage\":{\"@id\":\"https:\/\/pagina10.com\/web\/petro-pidio-renuncia-del-director-de-planeacion-nacional-tras-fuertes-desacuerdos\/\"},\"wordCount\":245,\"commentCount\":0,\"publisher\":{\"@id\":\"https:\/\/pagina10.com\/web\/#organization\"},\"image\":{\"@id\":\"https:\/\/pagina10.com\/web\/petro-pidio-renuncia-del-director-de-planeacion-nacional-tras-fuertes-desacuerdos\/#primaryimage\"},\"thumbnailUrl\":\"https:\/\/pagina10.com\/web\/wp-content\/uploads\/2024\/02\/ghet.png\",\"articleSection\":[\"Nacional\"],\"inLanguage\":\"es\",\"potentialAction\":[{\"@type\":\"CommentAction\",\"name\":\"Comment\",\"target\":[\"https:\/\/pagina10.com\/web\/petro-pidio-renuncia-del-director-de-planeacion-nacional-tras-fuertes-desacuerdos\/#respond\"]}]},{\"@type\":\"WebPage\",\"@id\":\"https:\/\/pagina10.com\/web\/petro-pidio-renuncia-del-director-de-planeacion-nacional-tras-fuertes-desacuerdos\/\",\"url\":\"https:\/\/pagina10.com\/web\/petro-pidio-renuncia-del-director-de-planeacion-nacional-tras-fuertes-desacuerdos\/\",\"name\":\"Petro pidi\u00f3 renuncia del director de Planeaci\u00f3n Nacional tras fuertes desacuerdos | P\u00e1gina10\",\"isPartOf\":{\"@id\":\"https:\/\/pagina10.com\/web\/#website\"},\"primaryImageOfPage\":{\"@id\":\"https:\/\/pagina10.com\/web\/petro-pidio-renuncia-del-director-de-planeacion-nacional-tras-fuertes-desacuerdos\/#primaryimage\"},\"image\":{\"@id\":\"https:\/\/pagina10.com\/web\/petro-pidio-renuncia-del-director-de-planeacion-nacional-tras-fuertes-desacuerdos\/#primaryimage\"},\"thumbnailUrl\":\"https:\/\/pagina10.com\/web\/wp-content\/uploads\/2024\/02\/ghet.png\",\"datePublished\":\"2024-02-01T21:35:48+00:00\",\"breadcrumb\":{\"@id\":\"https:\/\/pagina10.com\/web\/petro-pidio-renuncia-del-director-de-planeacion-nacional-tras-fuertes-desacuerdos\/#breadcrumb\"},\"inLanguage\":\"es\",\"potentialAction\":[{\"@type\":\"ReadAction\",\"target\":[\"https:\/\/pagina10.com\/web\/petro-pidio-renuncia-del-director-de-planeacion-nacional-tras-fuertes-desacuerdos\/\"]}]},{\"@type\":\"ImageObject\",\"inLanguage\":\"es\",\"@id\":\"https:\/\/pagina10.com\/web\/petro-pidio-renuncia-del-director-de-planeacion-nacional-tras-fuertes-desacuerdos\/#primaryimage\",\"url\":\"https:\/\/pagina10.com\/web\/wp-content\/uploads\/2024\/02\/ghet.png\",\"contentUrl\":\"https:\/\/pagina10.com\/web\/wp-content\/uploads\/2024\/02\/ghet.png\",\"width\":1820,\"height\":1125},{\"@type\":\"BreadcrumbList\",\"@id\":\"https:\/\/pagina10.com\/web\/petro-pidio-renuncia-del-director-de-planeacion-nacional-tras-fuertes-desacuerdos\/#breadcrumb\",\"itemListElement\":[{\"@type\":\"ListItem\",\"position\":1,\"name\":\"Portada\",\"item\":\"https:\/\/pagina10.com\/web\/\"},{\"@type\":\"ListItem\",\"position\":2,\"name\":\"Petro pidi\u00f3 renuncia del director de Planeaci\u00f3n Nacional tras fuertes desacuerdos\"}]},{\"@type\":\"WebSite\",\"@id\":\"https:\/\/pagina10.com\/web\/#website\",\"url\":\"https:\/\/pagina10.com\/web\/\",\"name\":\"P\u00e1gina10\",\"description\":\"Peri\u00f3dico Regional\",\"publisher\":{\"@id\":\"https:\/\/pagina10.com\/web\/#organization\"},\"alternateName\":\"P\u00e1gina10 Peri\u00f3dico Regional\",\"potentialAction\":[{\"@type\":\"SearchAction\",\"target\":{\"@type\":\"EntryPoint\",\"urlTemplate\":\"https:\/\/pagina10.com\/web\/?s={search_term_string}\"},\"query-input\":{\"@type\":\"PropertyValueSpecification\",\"valueRequired\":true,\"valueName\":\"search_term_string\"}}],\"inLanguage\":\"es\"},{\"@type\":\"Organization\",\"@id\":\"https:\/\/pagina10.com\/web\/#organization\",\"name\":\"P\u00e1gina10\",\"alternateName\":\"P\u00e1gina10 Peri\u00f3dico Regional\",\"url\":\"https:\/\/pagina10.com\/web\/\",\"logo\":{\"@type\":\"ImageObject\",\"inLanguage\":\"es\",\"@id\":\"https:\/\/pagina10.com\/web\/#\/schema\/logo\/image\/\",\"url\":\"https:\/\/pagina10.com\/web\/wp-content\/uploads\/2024\/01\/40-pagina-10-periodico-regional-pasto.jpg\",\"contentUrl\":\"https:\/\/pagina10.com\/web\/wp-content\/uploads\/2024\/01\/40-pagina-10-periodico-regional-pasto.jpg\",\"width\":1280,\"height\":720,\"caption\":\"P\u00e1gina10\"},\"image\":{\"@id\":\"https:\/\/pagina10.com\/web\/#\/schema\/logo\/image\/\"},\"sameAs\":[\"https:\/\/www.facebook.com\/pag10com\",\"https:\/\/x.com\/Pag10com\",\"https:\/\/www.instagram.com\/pagina10col\/\",\"https:\/\/youtube.com\/channel\/pag10\",\"https:\/\/www.tiktok.com\/@p10col\"]},{\"@type\":\"Person\",\"@id\":\"https:\/\/pagina10.com\/web\/#\/schema\/person\/2efc4a090d25b667d3bc796798a3a81b\",\"name\":\"P\u00e1gina 10\",\"description\":\"P\u00e1gina 10 es un peri\u00f3dico regional que nace en Colombia, en el departamento de Nari\u00f1o, con un enfoque global, fundamentado en cuatro pilares esenciales: la libertad, el pluralismo, la inclusi\u00f3n y la independencia. P\u00e1gina 10 hace referencia a Nari\u00f1o como el d\u00e9cimo departamento creado en Colombia, despu\u00e9s de un proceso pol\u00edtico liderado por actores y actrices regionales con el fin de obtener la independencia y autonom\u00eda de nuestros territorios. Con la creaci\u00f3n de P\u00e1gina 10 se pretende abrir un escenario para el dialogo, la reflexi\u00f3n y el debate que se extienda a otras geograf\u00edas de Am\u00e9rica Latina y del planeta, en una apuesta por transformar colectivamente los desaf\u00edos de un mundo contempor\u00e1neo, m\u00e1s all\u00e1 de las fronteras impuestas.\",\"url\":\"https:\/\/pagina10.com\/web\/author\/pdiezadmin\/\"}]}<\/script>\n<!-- \/ Yoast SEO plugin. -->","yoast_head_json":{"title":"Petro pidi\u00f3 renuncia del director de Planeaci\u00f3n Nacional tras fuertes desacuerdos | P\u00e1gina10","robots":{"index":"index","follow":"follow","max-snippet":"max-snippet:-1","max-image-preview":"max-image-preview:large","max-video-preview":"max-video-preview:-1"},"canonical":"https:\/\/pagina10.com\/web\/petro-pidio-renuncia-del-director-de-planeacion-nacional-tras-fuertes-desacuerdos\/","og_locale":"es_ES","og_type":"article","og_title":"Petro pidi\u00f3 renuncia del director de Planeaci\u00f3n Nacional tras fuertes desacuerdos | P\u00e1gina10","og_description":"Seg\u00fan confirm\u00f3 La Silla Vacia, el director del Departamento de Planeaci\u00f3n Nacional, Jorge Iv\u00e1n Gonz\u00e1lez, presentar\u00e1 su renuncia, luego de presentar algunas diferencias con el presidente Gustavo Petro. Las tensiones se desbordaron durante una reuni\u00f3n privada el mi\u00e9rcoles pasado, donde el mandatario solicit\u00f3 la renuncia de Gonz\u00e1lez, quien ya hab\u00eda recibido numerosas cr\u00edticas del presidente [&hellip;]","og_url":"https:\/\/pagina10.com\/web\/petro-pidio-renuncia-del-director-de-planeacion-nacional-tras-fuertes-desacuerdos\/","og_site_name":"P\u00e1gina10","article_publisher":"https:\/\/www.facebook.com\/pag10com","article_published_time":"2024-02-01T21:35:48+00:00","og_image":[{"width":1024,"height":633,"url":"https:\/\/pagina10.com\/web\/wp-content\/uploads\/2024\/02\/ghet-1024x633.png","type":"image\/png"}],"author":"P\u00e1gina 10","twitter_card":"summary_large_image","twitter_creator":"@Pag10com","twitter_site":"@Pag10com","twitter_misc":{"Escrito por":"P\u00e1gina 10","Tiempo de lectura":"2 minutos"},"schema":{"@context":"https:\/\/schema.org","@graph":[{"@type":"Article","@id":"https:\/\/pagina10.com\/web\/petro-pidio-renuncia-del-director-de-planeacion-nacional-tras-fuertes-desacuerdos\/#article","isPartOf":{"@id":"https:\/\/pagina10.com\/web\/petro-pidio-renuncia-del-director-de-planeacion-nacional-tras-fuertes-desacuerdos\/"},"author":{"name":"P\u00e1gina 10","@id":"https:\/\/pagina10.com\/web\/#\/schema\/person\/2efc4a090d25b667d3bc796798a3a81b"},"headline":"Petro pidi\u00f3 renuncia del director de Planeaci\u00f3n Nacional tras fuertes desacuerdos","datePublished":"2024-02-01T21:35:48+00:00","mainEntityOfPage":{"@id":"https:\/\/pagina10.com\/web\/petro-pidio-renuncia-del-director-de-planeacion-nacional-tras-fuertes-desacuerdos\/"},"wordCount":245,"commentCount":0,"publisher":{"@id":"https:\/\/pagina10.com\/web\/#organization"},"image":{"@id":"https:\/\/pagina10.com\/web\/petro-pidio-renuncia-del-director-de-planeacion-nacional-tras-fuertes-desacuerdos\/#primaryimage"},"thumbnailUrl":"https:\/\/pagina10.com\/web\/wp-content\/uploads\/2024\/02\/ghet.png","articleSection":["Nacional"],"inLanguage":"es","potentialAction":[{"@type":"CommentAction","name":"Comment","target":["https:\/\/pagina10.com\/web\/petro-pidio-renuncia-del-director-de-planeacion-nacional-tras-fuertes-desacuerdos\/#respond"]}]},{"@type":"WebPage","@id":"https:\/\/pagina10.com\/web\/petro-pidio-renuncia-del-director-de-planeacion-nacional-tras-fuertes-desacuerdos\/","url":"https:\/\/pagina10.com\/web\/petro-pidio-renuncia-del-director-de-planeacion-nacional-tras-fuertes-desacuerdos\/","name":"Petro pidi\u00f3 renuncia del director de Planeaci\u00f3n Nacional tras fuertes desacuerdos | P\u00e1gina10","isPartOf":{"@id":"https:\/\/pagina10.com\/web\/#website"},"primaryImageOfPage":{"@id":"https:\/\/pagina10.com\/web\/petro-pidio-renuncia-del-director-de-planeacion-nacional-tras-fuertes-desacuerdos\/#primaryimage"},"image":{"@id":"https:\/\/pagina10.com\/web\/petro-pidio-renuncia-del-director-de-planeacion-nacional-tras-fuertes-desacuerdos\/#primaryimage"},"thumbnailUrl":"https:\/\/pagina10.com\/web\/wp-content\/uploads\/2024\/02\/ghet.png","datePublished":"2024-02-01T21:35:48+00:00","breadcrumb":{"@id":"https:\/\/pagina10.com\/web\/petro-pidio-renuncia-del-director-de-planeacion-nacional-tras-fuertes-desacuerdos\/#breadcrumb"},"inLanguage":"es","potentialAction":[{"@type":"ReadAction","target":["https:\/\/pagina10.com\/web\/petro-pidio-renuncia-del-director-de-planeacion-nacional-tras-fuertes-desacuerdos\/"]}]},{"@type":"ImageObject","inLanguage":"es","@id":"https:\/\/pagina10.com\/web\/petro-pidio-renuncia-del-director-de-planeacion-nacional-tras-fuertes-desacuerdos\/#primaryimage","url":"https:\/\/pagina10.com\/web\/wp-content\/uploads\/2024\/02\/ghet.png","contentUrl":"https:\/\/pagina10.com\/web\/wp-content\/uploads\/2024\/02\/ghet.png","width":1820,"height":1125},{"@type":"BreadcrumbList","@id":"https:\/\/pagina10.com\/web\/petro-pidio-renuncia-del-director-de-planeacion-nacional-tras-fuertes-desacuerdos\/#breadcrumb","itemListElement":[{"@type":"ListItem","position":1,"name":"Portada","item":"https:\/\/pagina10.com\/web\/"},{"@type":"ListItem","position":2,"name":"Petro pidi\u00f3 renuncia del director de Planeaci\u00f3n Nacional tras fuertes desacuerdos"}]},{"@type":"WebSite","@id":"https:\/\/pagina10.com\/web\/#website","url":"https:\/\/pagina10.com\/web\/","name":"P\u00e1gina10","description":"Peri\u00f3dico Regional","publisher":{"@id":"https:\/\/pagina10.com\/web\/#organization"},"alternateName":"P\u00e1gina10 Peri\u00f3dico Regional","potentialAction":[{"@type":"SearchAction","target":{"@type":"EntryPoint","urlTemplate":"https:\/\/pagina10.com\/web\/?s={search_term_string}"},"query-input":{"@type":"PropertyValueSpecification","valueRequired":true,"valueName":"search_term_string"}}],"inLanguage":"es"},{"@type":"Organization","@id":"https:\/\/pagina10.com\/web\/#organization","name":"P\u00e1gina10","alternateName":"P\u00e1gina10 Peri\u00f3dico Regional","url":"https:\/\/pagina10.com\/web\/","logo":{"@type":"ImageObject","inLanguage":"es","@id":"https:\/\/pagina10.com\/web\/#\/schema\/logo\/image\/","url":"https:\/\/pagina10.com\/web\/wp-content\/uploads\/2024\/01\/40-pagina-10-periodico-regional-pasto.jpg","contentUrl":"https:\/\/pagina10.com\/web\/wp-content\/uploads\/2024\/01\/40-pagina-10-periodico-regional-pasto.jpg","width":1280,"height":720,"caption":"P\u00e1gina10"},"image":{"@id":"https:\/\/pagina10.com\/web\/#\/schema\/logo\/image\/"},"sameAs":["https:\/\/www.facebook.com\/pag10com","https:\/\/x.com\/Pag10com","https:\/\/www.instagram.com\/pagina10col\/","https:\/\/youtube.com\/channel\/pag10","https:\/\/www.tiktok.com\/@p10col"]},{"@type":"Person","@id":"https:\/\/pagina10.com\/web\/#\/schema\/person\/2efc4a090d25b667d3bc796798a3a81b","name":"P\u00e1gina 10","description":"P\u00e1gina 10 es un peri\u00f3dico regional que nace en Colombia, en el departamento de Nari\u00f1o, con un enfoque global, fundamentado en cuatro pilares esenciales: la libertad, el pluralismo, la inclusi\u00f3n y la independencia. P\u00e1gina 10 hace referencia a Nari\u00f1o como el d\u00e9cimo departamento creado en Colombia, despu\u00e9s de un proceso pol\u00edtico liderado por actores y actrices regionales con el fin de obtener la independencia y autonom\u00eda de nuestros territorios. Con la creaci\u00f3n de P\u00e1gina 10 se pretende abrir un escenario para el dialogo, la reflexi\u00f3n y el debate que se extienda a otras geograf\u00edas de Am\u00e9rica Latina y del planeta, en una apuesta por transformar colectivamente los desaf\u00edos de un mundo contempor\u00e1neo, m\u00e1s all\u00e1 de las fronteras impuestas.","url":"https:\/\/pagina10.com\/web\/author\/pdiezadmin\/"}]}},"_links":{"self":[{"href":"https:\/\/pagina10.com\/web\/wp-json\/wp\/v2\/posts\/70879202688","targetHints":{"allow":["GET"]}}],"collection":[{"href":"https:\/\/pagina10.com\/web\/wp-json\/wp\/v2\/posts"}],"about":[{"href":"https:\/\/pagina10.com\/web\/wp-json\/wp\/v2\/types\/post"}],"author":[{"embeddable":true,"href":"https:\/\/pagina10.com\/web\/wp-json\/wp\/v2\/users\/1"}],"replies":[{"embeddable":true,"href":"https:\/\/pagina10.com\/web\/wp-json\/wp\/v2\/comments?post=70879202688"}],"version-history":[{"count":1,"href":"https:\/\/pagina10.com\/web\/wp-json\/wp\/v2\/posts\/70879202688\/revisions"}],"predecessor-version":[{"id":70879202690,"href":"https:\/\/pagina10.com\/web\/wp-json\/wp\/v2\/posts\/70879202688\/revisions\/70879202690"}],"wp:featuredmedia":[{"embeddable":true,"href":"https:\/\/pagina10.com\/web\/wp-json\/wp\/v2\/media\/70879202691"}],"wp:attachment":[{"href":"https:\/\/pagina10.com\/web\/wp-json\/wp\/v2\/media?parent=70879202688"}],"wp:term":[{"taxonomy":"category","embeddable":true,"href":"https:\/\/pagina10.com\/web\/wp-json\/wp\/v2\/categories?post=70879202688"},{"taxonomy":"post_tag","embeddable":true,"href":"https:\/\/pagina10.com\/web\/wp-json\/wp\/v2\/tags?post=70879202688"}],"curies":[{"name":"wp","href":"https:\/\/api.w.org\/{rel}","templated":true}]}}