{"id":70879202692,"date":"2024-02-01T16:35:30","date_gmt":"2024-02-01T21:35:30","guid":{"rendered":"https:\/\/pagina10.com\/web\/?p=70879202692"},"modified":"2024-02-01T16:35:30","modified_gmt":"2024-02-01T21:35:30","slug":"gustavo-petro-fue-nominado-al-premio-nobel-de-paz-2024","status":"publish","type":"post","link":"https:\/\/pagina10.com\/web\/gustavo-petro-fue-nominado-al-premio-nobel-de-paz-2024\/","title":{"rendered":"Gustavo Petro fue nominado al Premio Nobel de Paz 2024"},"content":{"rendered":"<p style=\"text-align: justify;\">Por &#8220;su trabajo por la paz&#8221; el presidente de Colombia, Gustavo Petro, fue nominado por Rasmus Hansson, diputado del partido Verde en el Parlamento noruego, al Premio Nobel de Paz 2024. A trav\u00e9s de su cuenta de X, el mandatario expres\u00f3 su agradecimiento por la nominaci\u00f3n y reafirm\u00f3 su compromiso con la construcci\u00f3n de la paz en Colombia.<\/p>\n<p style=\"text-align: justify;\">Rasmus Hansson destac\u00f3 la labor de mandatario colombiano en la promoci\u00f3n de una pol\u00edtica de paz integral. Seg\u00fan el parlamentario, Petro ha demostrado que el di\u00e1logo con los actores armados puede ser un medio efectivo para resolver conflictos y reducir la violencia, adicionalmente, recalc\u00f3 la visi\u00f3n inclusiva del presidente, destacando su apoyo a negociaciones que involucren a mujeres, j\u00f3venes, ind\u00edgenas y grupos marginados.<\/p>\n<p style=\"text-align: justify;\">La noticia de la nominaci\u00f3n ha generado diversas reacciones en redes sociales. Laura Sarabia, directora de Prosperidad Social y cercana colaboradora del presidente, elogi\u00f3 la nominaci\u00f3n: &#8220;muy merecida&#8221;. Sin embargo, sectores de la oposici\u00f3n, como la senadora Mar\u00eda Fernanda Cabal, expres\u00f3 sus cr\u00edticas, cuestionando las cifras en materia de seguridad que ha presentado el Pa\u00eds en su mandato.<\/p>\n","protected":false},"excerpt":{"rendered":"<p>Por &#8220;su trabajo por la paz&#8221; el presidente de Colombia, Gustavo Petro, fue nominado por Rasmus Hansson, diputado del partido Verde en el Parlamento noruego, al Premio Nobel de Paz 2024. A trav\u00e9s de su cuenta de X, el mandatario expres\u00f3 su agradecimiento por la nominaci\u00f3n y reafirm\u00f3 su compromiso con la construcci\u00f3n de la [&hellip;]<\/p>\n","protected":false},"author":1,"featured_media":70879202693,"comment_status":"open","ping_status":"open","sticky":false,"template":"","format":"standard","meta":{"footnotes":""},"categories":[94],"tags":[],"class_list":["post-70879202692","post","type-post","status-publish","format-standard","has-post-thumbnail","hentry","category-nacional-global-2"],"yoast_head":"<!-- This site is optimized with the Yoast SEO plugin v27.1.1 - https:\/\/yoast.com\/product\/yoast-seo-wordpress\/ -->\n<title>Gustavo Petro fue nominado al Premio Nobel de Paz 2024 | P\u00e1gina10<\/title>\n<meta name=\"robots\" content=\"index, follow, max-snippet:-1, max-image-preview:large, max-video-preview:-1\" \/>\n<link rel=\"canonical\" href=\"https:\/\/pagina10.com\/web\/gustavo-petro-fue-nominado-al-premio-nobel-de-paz-2024\/\" \/>\n<meta property=\"og:locale\" content=\"es_ES\" \/>\n<meta property=\"og:type\" content=\"article\" \/>\n<meta property=\"og:title\" content=\"Gustavo Petro fue nominado al Premio Nobel de Paz 2024 | P\u00e1gina10\" \/>\n<meta property=\"og:description\" content=\"Por &#8220;su trabajo por la paz&#8221; el presidente de Colombia, Gustavo Petro, fue nominado por Rasmus Hansson, diputado del partido Verde en el Parlamento noruego, al Premio Nobel de Paz 2024. A trav\u00e9s de su cuenta de X, el mandatario expres\u00f3 su agradecimiento por la nominaci\u00f3n y reafirm\u00f3 su compromiso con la construcci\u00f3n de la [&hellip;]\" \/>\n<meta property=\"og:url\" content=\"https:\/\/pagina10.com\/web\/gustavo-petro-fue-nominado-al-premio-nobel-de-paz-2024\/\" \/>\n<meta property=\"og:site_name\" content=\"P\u00e1gina10\" \/>\n<meta property=\"article:publisher\" content=\"https:\/\/www.facebook.com\/pag10com\" \/>\n<meta property=\"article:published_time\" content=\"2024-02-01T21:35:30+00:00\" \/>\n<meta property=\"og:image\" content=\"https:\/\/pagina10.com\/web\/wp-content\/uploads\/2024\/02\/240201-Presidente-Gustavo-Petro-es-nominado-al-premio-Nobel-de-Paz-1280.jpg\" \/>\n\t<meta property=\"og:image:width\" content=\"1280\" \/>\n\t<meta property=\"og:image:height\" content=\"720\" \/>\n\t<meta property=\"og:image:type\" content=\"image\/jpeg\" \/>\n<meta name=\"author\" content=\"P\u00e1gina 10\" \/>\n<meta name=\"twitter:card\" content=\"summary_large_image\" \/>\n<meta name=\"twitter:creator\" content=\"@Pag10com\" \/>\n<meta name=\"twitter:site\" content=\"@Pag10com\" \/>\n<meta name=\"twitter:label1\" content=\"Escrito por\" \/>\n\t<meta name=\"twitter:data1\" content=\"P\u00e1gina 10\" \/>\n\t<meta name=\"twitter:label2\" content=\"Tiempo de lectura\" \/>\n\t<meta name=\"twitter:data2\" content=\"1 minuto\" \/>\n<script type=\"application\/ld+json\" class=\"yoast-schema-graph\">{\"@context\":\"https:\/\/schema.org\",\"@graph\":[{\"@type\":\"Article\",\"@id\":\"https:\/\/pagina10.com\/web\/gustavo-petro-fue-nominado-al-premio-nobel-de-paz-2024\/#article\",\"isPartOf\":{\"@id\":\"https:\/\/pagina10.com\/web\/gustavo-petro-fue-nominado-al-premio-nobel-de-paz-2024\/\"},\"author\":{\"name\":\"P\u00e1gina 10\",\"@id\":\"https:\/\/pagina10.com\/web\/#\/schema\/person\/2efc4a090d25b667d3bc796798a3a81b\"},\"headline\":\"Gustavo Petro fue nominado al Premio Nobel de Paz 2024\",\"datePublished\":\"2024-02-01T21:35:30+00:00\",\"mainEntityOfPage\":{\"@id\":\"https:\/\/pagina10.com\/web\/gustavo-petro-fue-nominado-al-premio-nobel-de-paz-2024\/\"},\"wordCount\":203,\"commentCount\":0,\"publisher\":{\"@id\":\"https:\/\/pagina10.com\/web\/#organization\"},\"image\":{\"@id\":\"https:\/\/pagina10.com\/web\/gustavo-petro-fue-nominado-al-premio-nobel-de-paz-2024\/#primaryimage\"},\"thumbnailUrl\":\"https:\/\/pagina10.com\/web\/wp-content\/uploads\/2024\/02\/240201-Presidente-Gustavo-Petro-es-nominado-al-premio-Nobel-de-Paz-1280.jpg\",\"articleSection\":[\"Nacional\"],\"inLanguage\":\"es\",\"potentialAction\":[{\"@type\":\"CommentAction\",\"name\":\"Comment\",\"target\":[\"https:\/\/pagina10.com\/web\/gustavo-petro-fue-nominado-al-premio-nobel-de-paz-2024\/#respond\"]}]},{\"@type\":\"WebPage\",\"@id\":\"https:\/\/pagina10.com\/web\/gustavo-petro-fue-nominado-al-premio-nobel-de-paz-2024\/\",\"url\":\"https:\/\/pagina10.com\/web\/gustavo-petro-fue-nominado-al-premio-nobel-de-paz-2024\/\",\"name\":\"Gustavo Petro fue nominado al Premio Nobel de Paz 2024 | P\u00e1gina10\",\"isPartOf\":{\"@id\":\"https:\/\/pagina10.com\/web\/#website\"},\"primaryImageOfPage\":{\"@id\":\"https:\/\/pagina10.com\/web\/gustavo-petro-fue-nominado-al-premio-nobel-de-paz-2024\/#primaryimage\"},\"image\":{\"@id\":\"https:\/\/pagina10.com\/web\/gustavo-petro-fue-nominado-al-premio-nobel-de-paz-2024\/#primaryimage\"},\"thumbnailUrl\":\"https:\/\/pagina10.com\/web\/wp-content\/uploads\/2024\/02\/240201-Presidente-Gustavo-Petro-es-nominado-al-premio-Nobel-de-Paz-1280.jpg\",\"datePublished\":\"2024-02-01T21:35:30+00:00\",\"breadcrumb\":{\"@id\":\"https:\/\/pagina10.com\/web\/gustavo-petro-fue-nominado-al-premio-nobel-de-paz-2024\/#breadcrumb\"},\"inLanguage\":\"es\",\"potentialAction\":[{\"@type\":\"ReadAction\",\"target\":[\"https:\/\/pagina10.com\/web\/gustavo-petro-fue-nominado-al-premio-nobel-de-paz-2024\/\"]}]},{\"@type\":\"ImageObject\",\"inLanguage\":\"es\",\"@id\":\"https:\/\/pagina10.com\/web\/gustavo-petro-fue-nominado-al-premio-nobel-de-paz-2024\/#primaryimage\",\"url\":\"https:\/\/pagina10.com\/web\/wp-content\/uploads\/2024\/02\/240201-Presidente-Gustavo-Petro-es-nominado-al-premio-Nobel-de-Paz-1280.jpg\",\"contentUrl\":\"https:\/\/pagina10.com\/web\/wp-content\/uploads\/2024\/02\/240201-Presidente-Gustavo-Petro-es-nominado-al-premio-Nobel-de-Paz-1280.jpg\",\"width\":1280,\"height\":720},{\"@type\":\"BreadcrumbList\",\"@id\":\"https:\/\/pagina10.com\/web\/gustavo-petro-fue-nominado-al-premio-nobel-de-paz-2024\/#breadcrumb\",\"itemListElement\":[{\"@type\":\"ListItem\",\"position\":1,\"name\":\"Portada\",\"item\":\"https:\/\/pagina10.com\/web\/\"},{\"@type\":\"ListItem\",\"position\":2,\"name\":\"Gustavo Petro fue nominado al Premio Nobel de Paz 2024\"}]},{\"@type\":\"WebSite\",\"@id\":\"https:\/\/pagina10.com\/web\/#website\",\"url\":\"https:\/\/pagina10.com\/web\/\",\"name\":\"P\u00e1gina10\",\"description\":\"Peri\u00f3dico Regional\",\"publisher\":{\"@id\":\"https:\/\/pagina10.com\/web\/#organization\"},\"alternateName\":\"P\u00e1gina10 Peri\u00f3dico Regional\",\"potentialAction\":[{\"@type\":\"SearchAction\",\"target\":{\"@type\":\"EntryPoint\",\"urlTemplate\":\"https:\/\/pagina10.com\/web\/?s={search_term_string}\"},\"query-input\":{\"@type\":\"PropertyValueSpecification\",\"valueRequired\":true,\"valueName\":\"search_term_string\"}}],\"inLanguage\":\"es\"},{\"@type\":\"Organization\",\"@id\":\"https:\/\/pagina10.com\/web\/#organization\",\"name\":\"P\u00e1gina10\",\"alternateName\":\"P\u00e1gina10 Peri\u00f3dico Regional\",\"url\":\"https:\/\/pagina10.com\/web\/\",\"logo\":{\"@type\":\"ImageObject\",\"inLanguage\":\"es\",\"@id\":\"https:\/\/pagina10.com\/web\/#\/schema\/logo\/image\/\",\"url\":\"https:\/\/pagina10.com\/web\/wp-content\/uploads\/2024\/01\/40-pagina-10-periodico-regional-pasto.jpg\",\"contentUrl\":\"https:\/\/pagina10.com\/web\/wp-content\/uploads\/2024\/01\/40-pagina-10-periodico-regional-pasto.jpg\",\"width\":1280,\"height\":720,\"caption\":\"P\u00e1gina10\"},\"image\":{\"@id\":\"https:\/\/pagina10.com\/web\/#\/schema\/logo\/image\/\"},\"sameAs\":[\"https:\/\/www.facebook.com\/pag10com\",\"https:\/\/x.com\/Pag10com\",\"https:\/\/www.instagram.com\/pagina10col\/\",\"https:\/\/youtube.com\/channel\/pag10\",\"https:\/\/www.tiktok.com\/@p10col\"]},{\"@type\":\"Person\",\"@id\":\"https:\/\/pagina10.com\/web\/#\/schema\/person\/2efc4a090d25b667d3bc796798a3a81b\",\"name\":\"P\u00e1gina 10\",\"description\":\"P\u00e1gina 10 es un peri\u00f3dico regional que nace en Colombia, en el departamento de Nari\u00f1o, con un enfoque global, fundamentado en cuatro pilares esenciales: la libertad, el pluralismo, la inclusi\u00f3n y la independencia. P\u00e1gina 10 hace referencia a Nari\u00f1o como el d\u00e9cimo departamento creado en Colombia, despu\u00e9s de un proceso pol\u00edtico liderado por actores y actrices regionales con el fin de obtener la independencia y autonom\u00eda de nuestros territorios. Con la creaci\u00f3n de P\u00e1gina 10 se pretende abrir un escenario para el dialogo, la reflexi\u00f3n y el debate que se extienda a otras geograf\u00edas de Am\u00e9rica Latina y del planeta, en una apuesta por transformar colectivamente los desaf\u00edos de un mundo contempor\u00e1neo, m\u00e1s all\u00e1 de las fronteras impuestas.\",\"url\":\"https:\/\/pagina10.com\/web\/author\/pdiezadmin\/\"}]}<\/script>\n<!-- \/ Yoast SEO plugin. -->","yoast_head_json":{"title":"Gustavo Petro fue nominado al Premio Nobel de Paz 2024 | P\u00e1gina10","robots":{"index":"index","follow":"follow","max-snippet":"max-snippet:-1","max-image-preview":"max-image-preview:large","max-video-preview":"max-video-preview:-1"},"canonical":"https:\/\/pagina10.com\/web\/gustavo-petro-fue-nominado-al-premio-nobel-de-paz-2024\/","og_locale":"es_ES","og_type":"article","og_title":"Gustavo Petro fue nominado al Premio Nobel de Paz 2024 | P\u00e1gina10","og_description":"Por &#8220;su trabajo por la paz&#8221; el presidente de Colombia, Gustavo Petro, fue nominado por Rasmus Hansson, diputado del partido Verde en el Parlamento noruego, al Premio Nobel de Paz 2024. A trav\u00e9s de su cuenta de X, el mandatario expres\u00f3 su agradecimiento por la nominaci\u00f3n y reafirm\u00f3 su compromiso con la construcci\u00f3n de la [&hellip;]","og_url":"https:\/\/pagina10.com\/web\/gustavo-petro-fue-nominado-al-premio-nobel-de-paz-2024\/","og_site_name":"P\u00e1gina10","article_publisher":"https:\/\/www.facebook.com\/pag10com","article_published_time":"2024-02-01T21:35:30+00:00","og_image":[{"width":1280,"height":720,"url":"https:\/\/pagina10.com\/web\/wp-content\/uploads\/2024\/02\/240201-Presidente-Gustavo-Petro-es-nominado-al-premio-Nobel-de-Paz-1280.jpg","type":"image\/jpeg"}],"author":"P\u00e1gina 10","twitter_card":"summary_large_image","twitter_creator":"@Pag10com","twitter_site":"@Pag10com","twitter_misc":{"Escrito por":"P\u00e1gina 10","Tiempo de lectura":"1 minuto"},"schema":{"@context":"https:\/\/schema.org","@graph":[{"@type":"Article","@id":"https:\/\/pagina10.com\/web\/gustavo-petro-fue-nominado-al-premio-nobel-de-paz-2024\/#article","isPartOf":{"@id":"https:\/\/pagina10.com\/web\/gustavo-petro-fue-nominado-al-premio-nobel-de-paz-2024\/"},"author":{"name":"P\u00e1gina 10","@id":"https:\/\/pagina10.com\/web\/#\/schema\/person\/2efc4a090d25b667d3bc796798a3a81b"},"headline":"Gustavo Petro fue nominado al Premio Nobel de Paz 2024","datePublished":"2024-02-01T21:35:30+00:00","mainEntityOfPage":{"@id":"https:\/\/pagina10.com\/web\/gustavo-petro-fue-nominado-al-premio-nobel-de-paz-2024\/"},"wordCount":203,"commentCount":0,"publisher":{"@id":"https:\/\/pagina10.com\/web\/#organization"},"image":{"@id":"https:\/\/pagina10.com\/web\/gustavo-petro-fue-nominado-al-premio-nobel-de-paz-2024\/#primaryimage"},"thumbnailUrl":"https:\/\/pagina10.com\/web\/wp-content\/uploads\/2024\/02\/240201-Presidente-Gustavo-Petro-es-nominado-al-premio-Nobel-de-Paz-1280.jpg","articleSection":["Nacional"],"inLanguage":"es","potentialAction":[{"@type":"CommentAction","name":"Comment","target":["https:\/\/pagina10.com\/web\/gustavo-petro-fue-nominado-al-premio-nobel-de-paz-2024\/#respond"]}]},{"@type":"WebPage","@id":"https:\/\/pagina10.com\/web\/gustavo-petro-fue-nominado-al-premio-nobel-de-paz-2024\/","url":"https:\/\/pagina10.com\/web\/gustavo-petro-fue-nominado-al-premio-nobel-de-paz-2024\/","name":"Gustavo Petro fue nominado al Premio Nobel de Paz 2024 | P\u00e1gina10","isPartOf":{"@id":"https:\/\/pagina10.com\/web\/#website"},"primaryImageOfPage":{"@id":"https:\/\/pagina10.com\/web\/gustavo-petro-fue-nominado-al-premio-nobel-de-paz-2024\/#primaryimage"},"image":{"@id":"https:\/\/pagina10.com\/web\/gustavo-petro-fue-nominado-al-premio-nobel-de-paz-2024\/#primaryimage"},"thumbnailUrl":"https:\/\/pagina10.com\/web\/wp-content\/uploads\/2024\/02\/240201-Presidente-Gustavo-Petro-es-nominado-al-premio-Nobel-de-Paz-1280.jpg","datePublished":"2024-02-01T21:35:30+00:00","breadcrumb":{"@id":"https:\/\/pagina10.com\/web\/gustavo-petro-fue-nominado-al-premio-nobel-de-paz-2024\/#breadcrumb"},"inLanguage":"es","potentialAction":[{"@type":"ReadAction","target":["https:\/\/pagina10.com\/web\/gustavo-petro-fue-nominado-al-premio-nobel-de-paz-2024\/"]}]},{"@type":"ImageObject","inLanguage":"es","@id":"https:\/\/pagina10.com\/web\/gustavo-petro-fue-nominado-al-premio-nobel-de-paz-2024\/#primaryimage","url":"https:\/\/pagina10.com\/web\/wp-content\/uploads\/2024\/02\/240201-Presidente-Gustavo-Petro-es-nominado-al-premio-Nobel-de-Paz-1280.jpg","contentUrl":"https:\/\/pagina10.com\/web\/wp-content\/uploads\/2024\/02\/240201-Presidente-Gustavo-Petro-es-nominado-al-premio-Nobel-de-Paz-1280.jpg","width":1280,"height":720},{"@type":"BreadcrumbList","@id":"https:\/\/pagina10.com\/web\/gustavo-petro-fue-nominado-al-premio-nobel-de-paz-2024\/#breadcrumb","itemListElement":[{"@type":"ListItem","position":1,"name":"Portada","item":"https:\/\/pagina10.com\/web\/"},{"@type":"ListItem","position":2,"name":"Gustavo Petro fue nominado al Premio Nobel de Paz 2024"}]},{"@type":"WebSite","@id":"https:\/\/pagina10.com\/web\/#website","url":"https:\/\/pagina10.com\/web\/","name":"P\u00e1gina10","description":"Peri\u00f3dico Regional","publisher":{"@id":"https:\/\/pagina10.com\/web\/#organization"},"alternateName":"P\u00e1gina10 Peri\u00f3dico Regional","potentialAction":[{"@type":"SearchAction","target":{"@type":"EntryPoint","urlTemplate":"https:\/\/pagina10.com\/web\/?s={search_term_string}"},"query-input":{"@type":"PropertyValueSpecification","valueRequired":true,"valueName":"search_term_string"}}],"inLanguage":"es"},{"@type":"Organization","@id":"https:\/\/pagina10.com\/web\/#organization","name":"P\u00e1gina10","alternateName":"P\u00e1gina10 Peri\u00f3dico Regional","url":"https:\/\/pagina10.com\/web\/","logo":{"@type":"ImageObject","inLanguage":"es","@id":"https:\/\/pagina10.com\/web\/#\/schema\/logo\/image\/","url":"https:\/\/pagina10.com\/web\/wp-content\/uploads\/2024\/01\/40-pagina-10-periodico-regional-pasto.jpg","contentUrl":"https:\/\/pagina10.com\/web\/wp-content\/uploads\/2024\/01\/40-pagina-10-periodico-regional-pasto.jpg","width":1280,"height":720,"caption":"P\u00e1gina10"},"image":{"@id":"https:\/\/pagina10.com\/web\/#\/schema\/logo\/image\/"},"sameAs":["https:\/\/www.facebook.com\/pag10com","https:\/\/x.com\/Pag10com","https:\/\/www.instagram.com\/pagina10col\/","https:\/\/youtube.com\/channel\/pag10","https:\/\/www.tiktok.com\/@p10col"]},{"@type":"Person","@id":"https:\/\/pagina10.com\/web\/#\/schema\/person\/2efc4a090d25b667d3bc796798a3a81b","name":"P\u00e1gina 10","description":"P\u00e1gina 10 es un peri\u00f3dico regional que nace en Colombia, en el departamento de Nari\u00f1o, con un enfoque global, fundamentado en cuatro pilares esenciales: la libertad, el pluralismo, la inclusi\u00f3n y la independencia. P\u00e1gina 10 hace referencia a Nari\u00f1o como el d\u00e9cimo departamento creado en Colombia, despu\u00e9s de un proceso pol\u00edtico liderado por actores y actrices regionales con el fin de obtener la independencia y autonom\u00eda de nuestros territorios. Con la creaci\u00f3n de P\u00e1gina 10 se pretende abrir un escenario para el dialogo, la reflexi\u00f3n y el debate que se extienda a otras geograf\u00edas de Am\u00e9rica Latina y del planeta, en una apuesta por transformar colectivamente los desaf\u00edos de un mundo contempor\u00e1neo, m\u00e1s all\u00e1 de las fronteras impuestas.","url":"https:\/\/pagina10.com\/web\/author\/pdiezadmin\/"}]}},"_links":{"self":[{"href":"https:\/\/pagina10.com\/web\/wp-json\/wp\/v2\/posts\/70879202692","targetHints":{"allow":["GET"]}}],"collection":[{"href":"https:\/\/pagina10.com\/web\/wp-json\/wp\/v2\/posts"}],"about":[{"href":"https:\/\/pagina10.com\/web\/wp-json\/wp\/v2\/types\/post"}],"author":[{"embeddable":true,"href":"https:\/\/pagina10.com\/web\/wp-json\/wp\/v2\/users\/1"}],"replies":[{"embeddable":true,"href":"https:\/\/pagina10.com\/web\/wp-json\/wp\/v2\/comments?post=70879202692"}],"version-history":[{"count":1,"href":"https:\/\/pagina10.com\/web\/wp-json\/wp\/v2\/posts\/70879202692\/revisions"}],"predecessor-version":[{"id":70879202694,"href":"https:\/\/pagina10.com\/web\/wp-json\/wp\/v2\/posts\/70879202692\/revisions\/70879202694"}],"wp:featuredmedia":[{"embeddable":true,"href":"https:\/\/pagina10.com\/web\/wp-json\/wp\/v2\/media\/70879202693"}],"wp:attachment":[{"href":"https:\/\/pagina10.com\/web\/wp-json\/wp\/v2\/media?parent=70879202692"}],"wp:term":[{"taxonomy":"category","embeddable":true,"href":"https:\/\/pagina10.com\/web\/wp-json\/wp\/v2\/categories?post=70879202692"},{"taxonomy":"post_tag","embeddable":true,"href":"https:\/\/pagina10.com\/web\/wp-json\/wp\/v2\/tags?post=70879202692"}],"curies":[{"name":"wp","href":"https:\/\/api.w.org\/{rel}","templated":true}]}}