{"id":70879202745,"date":"2024-02-04T15:44:33","date_gmt":"2024-02-04T20:44:33","guid":{"rendered":"https:\/\/pagina10.com\/web\/?p=70879202745"},"modified":"2024-02-04T15:48:23","modified_gmt":"2024-02-04T20:48:23","slug":"icetex-abre-convocatoria-para-para-becas-de-maestrias-en-espana-y-alemania","status":"publish","type":"post","link":"https:\/\/pagina10.com\/web\/icetex-abre-convocatoria-para-para-becas-de-maestrias-en-espana-y-alemania\/","title":{"rendered":"ICETEX abre convocatoria para becas de maestr\u00edas en Espa\u00f1a y Alemania\u00a0"},"content":{"rendered":"<p style=\"text-align: justify;\"><span style=\"text-align: justify;\">El Instituto Colombiano de Cr\u00e9dito Educativo y Estudios T\u00e9cnicos en el Exterior (Icetex) con la ESCP Business School, lanz\u00f3 una nueva convocatoria de becas para estudiar una maestr\u00eda en los pa\u00edses de Alemania y Espa\u00f1a. La convocatoria est\u00e1 vigente desde 1\u00b0 de febrero al 15 de abril y ofrece una beca del 100% y 15 becas del 50%.\u00a0<\/span><\/p>\n<p style=\"text-align: justify;\">Los requisitos para postularse incluyen ser colombiano, profesional en administraci\u00f3n, econom\u00eda u \u00e1reas afines con experiencia profesional y contar con admisi\u00f3n definitiva o en tr\u00e1mite avanzado de ESCP Business School. Los aspirantes deben tener entre 21 y 32 a\u00f1os, un promedio m\u00ednimo de notas de pregrado de 3,7 a 5,0 y gozar de buena salud f\u00edsica y mental.<\/p>\n<p style=\"text-align: justify;\">La beca cubrir\u00e1 el 100% de los costos para el beneficiario y otorgar\u00e1 un trimestre adicional de julio a septiembre de 2024 para quienes acrediten menos de 240 ECTS. Los documentos requeridos incluyen la admisi\u00f3n de ESCP Business School, t\u00edtulo universitario de pregrado, certificado de notas, certificado de experiencia profesional y una hoja de vida de m\u00e1ximo dos p\u00e1ginas sin anexos.<\/p>\n","protected":false},"excerpt":{"rendered":"<p>El Instituto Colombiano de Cr\u00e9dito Educativo y Estudios T\u00e9cnicos en el Exterior (Icetex) con la ESCP Business School, lanz\u00f3 una nueva convocatoria de becas para estudiar una maestr\u00eda en los pa\u00edses de Alemania y Espa\u00f1a. La convocatoria est\u00e1 vigente desde 1\u00b0 de febrero al 15 de abril y ofrece una beca del 100% y 15 [&hellip;]<\/p>\n","protected":false},"author":1,"featured_media":70879202747,"comment_status":"open","ping_status":"open","sticky":false,"template":"","format":"standard","meta":{"footnotes":""},"categories":[94],"tags":[],"class_list":["post-70879202745","post","type-post","status-publish","format-standard","has-post-thumbnail","hentry","category-nacional-global-2"],"yoast_head":"<!-- This site is optimized with the Yoast SEO plugin v27.1.1 - https:\/\/yoast.com\/product\/yoast-seo-wordpress\/ -->\n<title>ICETEX abre convocatoria para becas de maestr\u00edas en Espa\u00f1a y Alemania\u00a0 | P\u00e1gina10<\/title>\n<meta name=\"robots\" content=\"index, follow, max-snippet:-1, max-image-preview:large, max-video-preview:-1\" \/>\n<link rel=\"canonical\" href=\"https:\/\/pagina10.com\/web\/icetex-abre-convocatoria-para-para-becas-de-maestrias-en-espana-y-alemania\/\" \/>\n<meta property=\"og:locale\" content=\"es_ES\" \/>\n<meta property=\"og:type\" content=\"article\" \/>\n<meta property=\"og:title\" content=\"ICETEX abre convocatoria para becas de maestr\u00edas en Espa\u00f1a y Alemania\u00a0 | P\u00e1gina10\" \/>\n<meta property=\"og:description\" content=\"El Instituto Colombiano de Cr\u00e9dito Educativo y Estudios T\u00e9cnicos en el Exterior (Icetex) con la ESCP Business School, lanz\u00f3 una nueva convocatoria de becas para estudiar una maestr\u00eda en los pa\u00edses de Alemania y Espa\u00f1a. La convocatoria est\u00e1 vigente desde 1\u00b0 de febrero al 15 de abril y ofrece una beca del 100% y 15 [&hellip;]\" \/>\n<meta property=\"og:url\" content=\"https:\/\/pagina10.com\/web\/icetex-abre-convocatoria-para-para-becas-de-maestrias-en-espana-y-alemania\/\" \/>\n<meta property=\"og:site_name\" content=\"P\u00e1gina10\" \/>\n<meta property=\"article:publisher\" content=\"https:\/\/www.facebook.com\/pag10com\" \/>\n<meta property=\"article:published_time\" content=\"2024-02-04T20:44:33+00:00\" \/>\n<meta property=\"article:modified_time\" content=\"2024-02-04T20:48:23+00:00\" \/>\n<meta property=\"og:image\" content=\"https:\/\/pagina10.com\/web\/wp-content\/uploads\/2024\/02\/Icetex.jpg\" \/>\n\t<meta property=\"og:image:width\" content=\"1632\" \/>\n\t<meta property=\"og:image:height\" content=\"1224\" \/>\n\t<meta property=\"og:image:type\" content=\"image\/jpeg\" \/>\n<meta name=\"author\" content=\"P\u00e1gina 10\" \/>\n<meta name=\"twitter:card\" content=\"summary_large_image\" \/>\n<meta name=\"twitter:creator\" content=\"@Pag10com\" \/>\n<meta name=\"twitter:site\" content=\"@Pag10com\" \/>\n<meta name=\"twitter:label1\" content=\"Escrito por\" \/>\n\t<meta name=\"twitter:data1\" content=\"P\u00e1gina 10\" \/>\n\t<meta name=\"twitter:label2\" content=\"Tiempo de lectura\" \/>\n\t<meta name=\"twitter:data2\" content=\"2 minutos\" \/>\n<script type=\"application\/ld+json\" class=\"yoast-schema-graph\">{\"@context\":\"https:\/\/schema.org\",\"@graph\":[{\"@type\":\"Article\",\"@id\":\"https:\/\/pagina10.com\/web\/icetex-abre-convocatoria-para-para-becas-de-maestrias-en-espana-y-alemania\/#article\",\"isPartOf\":{\"@id\":\"https:\/\/pagina10.com\/web\/icetex-abre-convocatoria-para-para-becas-de-maestrias-en-espana-y-alemania\/\"},\"author\":{\"name\":\"P\u00e1gina 10\",\"@id\":\"https:\/\/pagina10.com\/web\/#\/schema\/person\/2efc4a090d25b667d3bc796798a3a81b\"},\"headline\":\"ICETEX abre convocatoria para becas de maestr\u00edas en Espa\u00f1a y Alemania\u00a0\",\"datePublished\":\"2024-02-04T20:44:33+00:00\",\"dateModified\":\"2024-02-04T20:48:23+00:00\",\"mainEntityOfPage\":{\"@id\":\"https:\/\/pagina10.com\/web\/icetex-abre-convocatoria-para-para-becas-de-maestrias-en-espana-y-alemania\/\"},\"wordCount\":194,\"commentCount\":0,\"publisher\":{\"@id\":\"https:\/\/pagina10.com\/web\/#organization\"},\"image\":{\"@id\":\"https:\/\/pagina10.com\/web\/icetex-abre-convocatoria-para-para-becas-de-maestrias-en-espana-y-alemania\/#primaryimage\"},\"thumbnailUrl\":\"https:\/\/pagina10.com\/web\/wp-content\/uploads\/2024\/02\/Icetex.jpg\",\"articleSection\":[\"Nacional\"],\"inLanguage\":\"es\",\"potentialAction\":[{\"@type\":\"CommentAction\",\"name\":\"Comment\",\"target\":[\"https:\/\/pagina10.com\/web\/icetex-abre-convocatoria-para-para-becas-de-maestrias-en-espana-y-alemania\/#respond\"]}]},{\"@type\":\"WebPage\",\"@id\":\"https:\/\/pagina10.com\/web\/icetex-abre-convocatoria-para-para-becas-de-maestrias-en-espana-y-alemania\/\",\"url\":\"https:\/\/pagina10.com\/web\/icetex-abre-convocatoria-para-para-becas-de-maestrias-en-espana-y-alemania\/\",\"name\":\"ICETEX abre convocatoria para becas de maestr\u00edas en Espa\u00f1a y Alemania\u00a0 | P\u00e1gina10\",\"isPartOf\":{\"@id\":\"https:\/\/pagina10.com\/web\/#website\"},\"primaryImageOfPage\":{\"@id\":\"https:\/\/pagina10.com\/web\/icetex-abre-convocatoria-para-para-becas-de-maestrias-en-espana-y-alemania\/#primaryimage\"},\"image\":{\"@id\":\"https:\/\/pagina10.com\/web\/icetex-abre-convocatoria-para-para-becas-de-maestrias-en-espana-y-alemania\/#primaryimage\"},\"thumbnailUrl\":\"https:\/\/pagina10.com\/web\/wp-content\/uploads\/2024\/02\/Icetex.jpg\",\"datePublished\":\"2024-02-04T20:44:33+00:00\",\"dateModified\":\"2024-02-04T20:48:23+00:00\",\"breadcrumb\":{\"@id\":\"https:\/\/pagina10.com\/web\/icetex-abre-convocatoria-para-para-becas-de-maestrias-en-espana-y-alemania\/#breadcrumb\"},\"inLanguage\":\"es\",\"potentialAction\":[{\"@type\":\"ReadAction\",\"target\":[\"https:\/\/pagina10.com\/web\/icetex-abre-convocatoria-para-para-becas-de-maestrias-en-espana-y-alemania\/\"]}]},{\"@type\":\"ImageObject\",\"inLanguage\":\"es\",\"@id\":\"https:\/\/pagina10.com\/web\/icetex-abre-convocatoria-para-para-becas-de-maestrias-en-espana-y-alemania\/#primaryimage\",\"url\":\"https:\/\/pagina10.com\/web\/wp-content\/uploads\/2024\/02\/Icetex.jpg\",\"contentUrl\":\"https:\/\/pagina10.com\/web\/wp-content\/uploads\/2024\/02\/Icetex.jpg\",\"width\":1632,\"height\":1224},{\"@type\":\"BreadcrumbList\",\"@id\":\"https:\/\/pagina10.com\/web\/icetex-abre-convocatoria-para-para-becas-de-maestrias-en-espana-y-alemania\/#breadcrumb\",\"itemListElement\":[{\"@type\":\"ListItem\",\"position\":1,\"name\":\"Portada\",\"item\":\"https:\/\/pagina10.com\/web\/\"},{\"@type\":\"ListItem\",\"position\":2,\"name\":\"ICETEX abre convocatoria para becas de maestr\u00edas en Espa\u00f1a y Alemania\u00a0\"}]},{\"@type\":\"WebSite\",\"@id\":\"https:\/\/pagina10.com\/web\/#website\",\"url\":\"https:\/\/pagina10.com\/web\/\",\"name\":\"P\u00e1gina10\",\"description\":\"Peri\u00f3dico Regional\",\"publisher\":{\"@id\":\"https:\/\/pagina10.com\/web\/#organization\"},\"alternateName\":\"P\u00e1gina10 Peri\u00f3dico Regional\",\"potentialAction\":[{\"@type\":\"SearchAction\",\"target\":{\"@type\":\"EntryPoint\",\"urlTemplate\":\"https:\/\/pagina10.com\/web\/?s={search_term_string}\"},\"query-input\":{\"@type\":\"PropertyValueSpecification\",\"valueRequired\":true,\"valueName\":\"search_term_string\"}}],\"inLanguage\":\"es\"},{\"@type\":\"Organization\",\"@id\":\"https:\/\/pagina10.com\/web\/#organization\",\"name\":\"P\u00e1gina10\",\"alternateName\":\"P\u00e1gina10 Peri\u00f3dico Regional\",\"url\":\"https:\/\/pagina10.com\/web\/\",\"logo\":{\"@type\":\"ImageObject\",\"inLanguage\":\"es\",\"@id\":\"https:\/\/pagina10.com\/web\/#\/schema\/logo\/image\/\",\"url\":\"https:\/\/pagina10.com\/web\/wp-content\/uploads\/2024\/01\/40-pagina-10-periodico-regional-pasto.jpg\",\"contentUrl\":\"https:\/\/pagina10.com\/web\/wp-content\/uploads\/2024\/01\/40-pagina-10-periodico-regional-pasto.jpg\",\"width\":1280,\"height\":720,\"caption\":\"P\u00e1gina10\"},\"image\":{\"@id\":\"https:\/\/pagina10.com\/web\/#\/schema\/logo\/image\/\"},\"sameAs\":[\"https:\/\/www.facebook.com\/pag10com\",\"https:\/\/x.com\/Pag10com\",\"https:\/\/www.instagram.com\/pagina10col\/\",\"https:\/\/youtube.com\/channel\/pag10\",\"https:\/\/www.tiktok.com\/@p10col\"]},{\"@type\":\"Person\",\"@id\":\"https:\/\/pagina10.com\/web\/#\/schema\/person\/2efc4a090d25b667d3bc796798a3a81b\",\"name\":\"P\u00e1gina 10\",\"description\":\"P\u00e1gina 10 es un peri\u00f3dico regional que nace en Colombia, en el departamento de Nari\u00f1o, con un enfoque global, fundamentado en cuatro pilares esenciales: la libertad, el pluralismo, la inclusi\u00f3n y la independencia. P\u00e1gina 10 hace referencia a Nari\u00f1o como el d\u00e9cimo departamento creado en Colombia, despu\u00e9s de un proceso pol\u00edtico liderado por actores y actrices regionales con el fin de obtener la independencia y autonom\u00eda de nuestros territorios. Con la creaci\u00f3n de P\u00e1gina 10 se pretende abrir un escenario para el dialogo, la reflexi\u00f3n y el debate que se extienda a otras geograf\u00edas de Am\u00e9rica Latina y del planeta, en una apuesta por transformar colectivamente los desaf\u00edos de un mundo contempor\u00e1neo, m\u00e1s all\u00e1 de las fronteras impuestas.\",\"url\":\"https:\/\/pagina10.com\/web\/author\/pdiezadmin\/\"}]}<\/script>\n<!-- \/ Yoast SEO plugin. -->","yoast_head_json":{"title":"ICETEX abre convocatoria para becas de maestr\u00edas en Espa\u00f1a y Alemania\u00a0 | P\u00e1gina10","robots":{"index":"index","follow":"follow","max-snippet":"max-snippet:-1","max-image-preview":"max-image-preview:large","max-video-preview":"max-video-preview:-1"},"canonical":"https:\/\/pagina10.com\/web\/icetex-abre-convocatoria-para-para-becas-de-maestrias-en-espana-y-alemania\/","og_locale":"es_ES","og_type":"article","og_title":"ICETEX abre convocatoria para becas de maestr\u00edas en Espa\u00f1a y Alemania\u00a0 | P\u00e1gina10","og_description":"El Instituto Colombiano de Cr\u00e9dito Educativo y Estudios T\u00e9cnicos en el Exterior (Icetex) con la ESCP Business School, lanz\u00f3 una nueva convocatoria de becas para estudiar una maestr\u00eda en los pa\u00edses de Alemania y Espa\u00f1a. La convocatoria est\u00e1 vigente desde 1\u00b0 de febrero al 15 de abril y ofrece una beca del 100% y 15 [&hellip;]","og_url":"https:\/\/pagina10.com\/web\/icetex-abre-convocatoria-para-para-becas-de-maestrias-en-espana-y-alemania\/","og_site_name":"P\u00e1gina10","article_publisher":"https:\/\/www.facebook.com\/pag10com","article_published_time":"2024-02-04T20:44:33+00:00","article_modified_time":"2024-02-04T20:48:23+00:00","og_image":[{"width":1632,"height":1224,"url":"https:\/\/pagina10.com\/web\/wp-content\/uploads\/2024\/02\/Icetex.jpg","type":"image\/jpeg"}],"author":"P\u00e1gina 10","twitter_card":"summary_large_image","twitter_creator":"@Pag10com","twitter_site":"@Pag10com","twitter_misc":{"Escrito por":"P\u00e1gina 10","Tiempo de lectura":"2 minutos"},"schema":{"@context":"https:\/\/schema.org","@graph":[{"@type":"Article","@id":"https:\/\/pagina10.com\/web\/icetex-abre-convocatoria-para-para-becas-de-maestrias-en-espana-y-alemania\/#article","isPartOf":{"@id":"https:\/\/pagina10.com\/web\/icetex-abre-convocatoria-para-para-becas-de-maestrias-en-espana-y-alemania\/"},"author":{"name":"P\u00e1gina 10","@id":"https:\/\/pagina10.com\/web\/#\/schema\/person\/2efc4a090d25b667d3bc796798a3a81b"},"headline":"ICETEX abre convocatoria para becas de maestr\u00edas en Espa\u00f1a y Alemania\u00a0","datePublished":"2024-02-04T20:44:33+00:00","dateModified":"2024-02-04T20:48:23+00:00","mainEntityOfPage":{"@id":"https:\/\/pagina10.com\/web\/icetex-abre-convocatoria-para-para-becas-de-maestrias-en-espana-y-alemania\/"},"wordCount":194,"commentCount":0,"publisher":{"@id":"https:\/\/pagina10.com\/web\/#organization"},"image":{"@id":"https:\/\/pagina10.com\/web\/icetex-abre-convocatoria-para-para-becas-de-maestrias-en-espana-y-alemania\/#primaryimage"},"thumbnailUrl":"https:\/\/pagina10.com\/web\/wp-content\/uploads\/2024\/02\/Icetex.jpg","articleSection":["Nacional"],"inLanguage":"es","potentialAction":[{"@type":"CommentAction","name":"Comment","target":["https:\/\/pagina10.com\/web\/icetex-abre-convocatoria-para-para-becas-de-maestrias-en-espana-y-alemania\/#respond"]}]},{"@type":"WebPage","@id":"https:\/\/pagina10.com\/web\/icetex-abre-convocatoria-para-para-becas-de-maestrias-en-espana-y-alemania\/","url":"https:\/\/pagina10.com\/web\/icetex-abre-convocatoria-para-para-becas-de-maestrias-en-espana-y-alemania\/","name":"ICETEX abre convocatoria para becas de maestr\u00edas en Espa\u00f1a y Alemania\u00a0 | P\u00e1gina10","isPartOf":{"@id":"https:\/\/pagina10.com\/web\/#website"},"primaryImageOfPage":{"@id":"https:\/\/pagina10.com\/web\/icetex-abre-convocatoria-para-para-becas-de-maestrias-en-espana-y-alemania\/#primaryimage"},"image":{"@id":"https:\/\/pagina10.com\/web\/icetex-abre-convocatoria-para-para-becas-de-maestrias-en-espana-y-alemania\/#primaryimage"},"thumbnailUrl":"https:\/\/pagina10.com\/web\/wp-content\/uploads\/2024\/02\/Icetex.jpg","datePublished":"2024-02-04T20:44:33+00:00","dateModified":"2024-02-04T20:48:23+00:00","breadcrumb":{"@id":"https:\/\/pagina10.com\/web\/icetex-abre-convocatoria-para-para-becas-de-maestrias-en-espana-y-alemania\/#breadcrumb"},"inLanguage":"es","potentialAction":[{"@type":"ReadAction","target":["https:\/\/pagina10.com\/web\/icetex-abre-convocatoria-para-para-becas-de-maestrias-en-espana-y-alemania\/"]}]},{"@type":"ImageObject","inLanguage":"es","@id":"https:\/\/pagina10.com\/web\/icetex-abre-convocatoria-para-para-becas-de-maestrias-en-espana-y-alemania\/#primaryimage","url":"https:\/\/pagina10.com\/web\/wp-content\/uploads\/2024\/02\/Icetex.jpg","contentUrl":"https:\/\/pagina10.com\/web\/wp-content\/uploads\/2024\/02\/Icetex.jpg","width":1632,"height":1224},{"@type":"BreadcrumbList","@id":"https:\/\/pagina10.com\/web\/icetex-abre-convocatoria-para-para-becas-de-maestrias-en-espana-y-alemania\/#breadcrumb","itemListElement":[{"@type":"ListItem","position":1,"name":"Portada","item":"https:\/\/pagina10.com\/web\/"},{"@type":"ListItem","position":2,"name":"ICETEX abre convocatoria para becas de maestr\u00edas en Espa\u00f1a y Alemania\u00a0"}]},{"@type":"WebSite","@id":"https:\/\/pagina10.com\/web\/#website","url":"https:\/\/pagina10.com\/web\/","name":"P\u00e1gina10","description":"Peri\u00f3dico Regional","publisher":{"@id":"https:\/\/pagina10.com\/web\/#organization"},"alternateName":"P\u00e1gina10 Peri\u00f3dico Regional","potentialAction":[{"@type":"SearchAction","target":{"@type":"EntryPoint","urlTemplate":"https:\/\/pagina10.com\/web\/?s={search_term_string}"},"query-input":{"@type":"PropertyValueSpecification","valueRequired":true,"valueName":"search_term_string"}}],"inLanguage":"es"},{"@type":"Organization","@id":"https:\/\/pagina10.com\/web\/#organization","name":"P\u00e1gina10","alternateName":"P\u00e1gina10 Peri\u00f3dico Regional","url":"https:\/\/pagina10.com\/web\/","logo":{"@type":"ImageObject","inLanguage":"es","@id":"https:\/\/pagina10.com\/web\/#\/schema\/logo\/image\/","url":"https:\/\/pagina10.com\/web\/wp-content\/uploads\/2024\/01\/40-pagina-10-periodico-regional-pasto.jpg","contentUrl":"https:\/\/pagina10.com\/web\/wp-content\/uploads\/2024\/01\/40-pagina-10-periodico-regional-pasto.jpg","width":1280,"height":720,"caption":"P\u00e1gina10"},"image":{"@id":"https:\/\/pagina10.com\/web\/#\/schema\/logo\/image\/"},"sameAs":["https:\/\/www.facebook.com\/pag10com","https:\/\/x.com\/Pag10com","https:\/\/www.instagram.com\/pagina10col\/","https:\/\/youtube.com\/channel\/pag10","https:\/\/www.tiktok.com\/@p10col"]},{"@type":"Person","@id":"https:\/\/pagina10.com\/web\/#\/schema\/person\/2efc4a090d25b667d3bc796798a3a81b","name":"P\u00e1gina 10","description":"P\u00e1gina 10 es un peri\u00f3dico regional que nace en Colombia, en el departamento de Nari\u00f1o, con un enfoque global, fundamentado en cuatro pilares esenciales: la libertad, el pluralismo, la inclusi\u00f3n y la independencia. P\u00e1gina 10 hace referencia a Nari\u00f1o como el d\u00e9cimo departamento creado en Colombia, despu\u00e9s de un proceso pol\u00edtico liderado por actores y actrices regionales con el fin de obtener la independencia y autonom\u00eda de nuestros territorios. Con la creaci\u00f3n de P\u00e1gina 10 se pretende abrir un escenario para el dialogo, la reflexi\u00f3n y el debate que se extienda a otras geograf\u00edas de Am\u00e9rica Latina y del planeta, en una apuesta por transformar colectivamente los desaf\u00edos de un mundo contempor\u00e1neo, m\u00e1s all\u00e1 de las fronteras impuestas.","url":"https:\/\/pagina10.com\/web\/author\/pdiezadmin\/"}]}},"_links":{"self":[{"href":"https:\/\/pagina10.com\/web\/wp-json\/wp\/v2\/posts\/70879202745","targetHints":{"allow":["GET"]}}],"collection":[{"href":"https:\/\/pagina10.com\/web\/wp-json\/wp\/v2\/posts"}],"about":[{"href":"https:\/\/pagina10.com\/web\/wp-json\/wp\/v2\/types\/post"}],"author":[{"embeddable":true,"href":"https:\/\/pagina10.com\/web\/wp-json\/wp\/v2\/users\/1"}],"replies":[{"embeddable":true,"href":"https:\/\/pagina10.com\/web\/wp-json\/wp\/v2\/comments?post=70879202745"}],"version-history":[{"count":5,"href":"https:\/\/pagina10.com\/web\/wp-json\/wp\/v2\/posts\/70879202745\/revisions"}],"predecessor-version":[{"id":70879202751,"href":"https:\/\/pagina10.com\/web\/wp-json\/wp\/v2\/posts\/70879202745\/revisions\/70879202751"}],"wp:featuredmedia":[{"embeddable":true,"href":"https:\/\/pagina10.com\/web\/wp-json\/wp\/v2\/media\/70879202747"}],"wp:attachment":[{"href":"https:\/\/pagina10.com\/web\/wp-json\/wp\/v2\/media?parent=70879202745"}],"wp:term":[{"taxonomy":"category","embeddable":true,"href":"https:\/\/pagina10.com\/web\/wp-json\/wp\/v2\/categories?post=70879202745"},{"taxonomy":"post_tag","embeddable":true,"href":"https:\/\/pagina10.com\/web\/wp-json\/wp\/v2\/tags?post=70879202745"}],"curies":[{"name":"wp","href":"https:\/\/api.w.org\/{rel}","templated":true}]}}