{"id":70879202756,"date":"2024-02-05T10:13:53","date_gmt":"2024-02-05T15:13:53","guid":{"rendered":"https:\/\/pagina10.com\/web\/?p=70879202756"},"modified":"2024-02-05T10:13:53","modified_gmt":"2024-02-05T15:13:53","slug":"alejandro-gaviria-expuso-una-lista-de-cosas-que-no-van-a-pasar-en-gobierno-petro","status":"publish","type":"post","link":"https:\/\/pagina10.com\/web\/alejandro-gaviria-expuso-una-lista-de-cosas-que-no-van-a-pasar-en-gobierno-petro\/","title":{"rendered":"Alejandro Gaviria expuso una lista de \u201ccosas que no van a pasar&#8221; en Gobierno Petro"},"content":{"rendered":"<p style=\"text-align: justify;\"><span style=\"text-align: justify;\">El economista y exministro de Salud, Alejandro Gaviria, realiz\u00f3 una fuerte cr\u00edtica a las promesas realizadas por el gobierno de Gustavo Petro. A trav\u00e9s de sus redes sociales, Gaviria desestim\u00f3 las propuestas gubernamentales del presidente, calific\u00e1ndolas como &#8220;cosas que no van a pasar&#8221;, la lista presentada por el exministro supera los 11 puntos y abarca desde proyectos de infraestructura hasta iniciativas ambientales y sociales.<\/span><\/p>\n<p style=\"text-align: justify;\">Para el departamento de Nari\u00f1o tambi\u00e9n hay cr\u00edticas: se incluy\u00f3 en el punto n\u00famero 5, la producci\u00f3n de hidr\u00f3geno verde, que se realizar\u00eda en el municipio de El Charco. El proyecto, ampliamente esperado por las comunidades locales, es, seg\u00fan Gaviria, una propuesta poco realista para la administraci\u00f3n del presidente. Esta noticia ha generado desesperanza entre los habitantes de la regi\u00f3n, quienes ven en esta iniciativa una oportunidad de desarrollo y progreso.<\/p>\n<p style=\"text-align: justify;\">Entre las cr\u00edticas del exministro, est\u00e1n la construcci\u00f3n de un aeropuerto internacional en la alta Guajira, el tren elevado de Buenaventura a Barranquilla y la promesa de crear 50 nuevas universidades p\u00fablicas en zonas rurales. Asimismo, cuestion\u00f3 la viabilidad de una gran hidroel\u00e9ctrica en L\u00f3pez de Micay, la implementaci\u00f3n de un sistema de informaci\u00f3n que reemplazar\u00eda a las EPS en tan solo seis meses, entre otras.<\/p>\n<p style=\"text-align: justify;\">Aqu\u00ed la lista completa de lo que Gaviria ha denominado \u201cel antiplan de desarrollo\u201d:<\/p>\n<ol>\n<li style=\"text-align: justify;\">Aeropuerto internacional en la alta Guajira construido por el ej\u00e9rcito.<\/li>\n<li style=\"text-align: justify;\">Tren elevado de Buenaventura a Barranquilla.<\/li>\n<li style=\"text-align: justify;\">50 nuevas universidades p\u00fablicas en zonas rurales (como si la educaci\u00f3n superior fuera infraestructura).<\/li>\n<li style=\"text-align: justify;\">Una gran hidroel\u00e9ctrica en L\u00f3pez de Micay (cuestionada desde hace d\u00e9cadas por sus impactos ambientales).<\/li>\n<li style=\"text-align: justify;\">Producci\u00f3n de hidr\u00f3geno verde en el Charco, Nari\u00f1o.<\/li>\n<li style=\"text-align: justify;\">Un sistema de informaci\u00f3n puesto en funcionamiento en seis meses que reemplazar\u00e1 las EPS.<\/li>\n<li style=\"text-align: justify;\">15 millones de turistas internacionales que reemplazar\u00e1n la producci\u00f3n interna de petr\u00f3leo, pero vendr\u00e1n a Colombia en aviones propulsados por petr\u00f3leo (la confusi\u00f3n entre oferta y demanda).<\/li>\n<li style=\"text-align: justify;\">Tres millones de hect\u00e1reas (inversi\u00f3n de 60 billones) compradas en cuatro a\u00f1os para entregar a campesinos.<\/li>\n<li style=\"text-align: justify;\">Juntas de Acci\u00f3n Comunal encargadas de llevar fibra \u00f3ptica a buena parte del pa\u00eds.<\/li>\n<li style=\"text-align: justify;\">Un gran parque e\u00f3lico en La Guajira administrado por las comunidades ind\u00edgenas.<\/li>\n<\/ol>\n","protected":false},"excerpt":{"rendered":"<p>El economista y exministro de Salud, Alejandro Gaviria, realiz\u00f3 una fuerte cr\u00edtica a las promesas realizadas por el gobierno de Gustavo Petro. A trav\u00e9s de sus redes sociales, Gaviria desestim\u00f3 las propuestas gubernamentales del presidente, calific\u00e1ndolas como &#8220;cosas que no van a pasar&#8221;, la lista presentada por el exministro supera los 11 puntos y abarca [&hellip;]<\/p>\n","protected":false},"author":1,"featured_media":70879202760,"comment_status":"open","ping_status":"open","sticky":false,"template":"","format":"standard","meta":{"footnotes":""},"categories":[94],"tags":[],"class_list":["post-70879202756","post","type-post","status-publish","format-standard","has-post-thumbnail","hentry","category-nacional-global-2"],"yoast_head":"<!-- This site is optimized with the Yoast SEO plugin v27.1.1 - https:\/\/yoast.com\/product\/yoast-seo-wordpress\/ -->\n<title>Alejandro Gaviria expuso una lista de \u201ccosas que no van a pasar&quot; en Gobierno Petro | P\u00e1gina10<\/title>\n<meta name=\"robots\" content=\"index, follow, max-snippet:-1, max-image-preview:large, max-video-preview:-1\" \/>\n<link rel=\"canonical\" href=\"https:\/\/pagina10.com\/web\/alejandro-gaviria-expuso-una-lista-de-cosas-que-no-van-a-pasar-en-gobierno-petro\/\" \/>\n<meta property=\"og:locale\" content=\"es_ES\" \/>\n<meta property=\"og:type\" content=\"article\" \/>\n<meta property=\"og:title\" content=\"Alejandro Gaviria expuso una lista de \u201ccosas que no van a pasar&quot; en Gobierno Petro | P\u00e1gina10\" \/>\n<meta property=\"og:description\" content=\"El economista y exministro de Salud, Alejandro Gaviria, realiz\u00f3 una fuerte cr\u00edtica a las promesas realizadas por el gobierno de Gustavo Petro. A trav\u00e9s de sus redes sociales, Gaviria desestim\u00f3 las propuestas gubernamentales del presidente, calific\u00e1ndolas como &#8220;cosas que no van a pasar&#8221;, la lista presentada por el exministro supera los 11 puntos y abarca [&hellip;]\" \/>\n<meta property=\"og:url\" content=\"https:\/\/pagina10.com\/web\/alejandro-gaviria-expuso-una-lista-de-cosas-que-no-van-a-pasar-en-gobierno-petro\/\" \/>\n<meta property=\"og:site_name\" content=\"P\u00e1gina10\" \/>\n<meta property=\"article:publisher\" content=\"https:\/\/www.facebook.com\/pag10com\" \/>\n<meta property=\"article:published_time\" content=\"2024-02-05T15:13:53+00:00\" \/>\n<meta property=\"og:image\" content=\"https:\/\/pagina10.com\/web\/wp-content\/uploads\/2024\/02\/Gaviria-0cd4300f.png\" \/>\n\t<meta property=\"og:image:width\" content=\"853\" \/>\n\t<meta property=\"og:image:height\" content=\"480\" \/>\n\t<meta property=\"og:image:type\" content=\"image\/png\" \/>\n<meta name=\"author\" content=\"P\u00e1gina 10\" \/>\n<meta name=\"twitter:card\" content=\"summary_large_image\" \/>\n<meta name=\"twitter:creator\" content=\"@Pag10com\" \/>\n<meta name=\"twitter:site\" content=\"@Pag10com\" \/>\n<meta name=\"twitter:label1\" content=\"Escrito por\" \/>\n\t<meta name=\"twitter:data1\" content=\"P\u00e1gina 10\" \/>\n\t<meta name=\"twitter:label2\" content=\"Tiempo de lectura\" \/>\n\t<meta name=\"twitter:data2\" content=\"2 minutos\" \/>\n<script type=\"application\/ld+json\" class=\"yoast-schema-graph\">{\"@context\":\"https:\/\/schema.org\",\"@graph\":[{\"@type\":\"Article\",\"@id\":\"https:\/\/pagina10.com\/web\/alejandro-gaviria-expuso-una-lista-de-cosas-que-no-van-a-pasar-en-gobierno-petro\/#article\",\"isPartOf\":{\"@id\":\"https:\/\/pagina10.com\/web\/alejandro-gaviria-expuso-una-lista-de-cosas-que-no-van-a-pasar-en-gobierno-petro\/\"},\"author\":{\"name\":\"P\u00e1gina 10\",\"@id\":\"https:\/\/pagina10.com\/web\/#\/schema\/person\/2efc4a090d25b667d3bc796798a3a81b\"},\"headline\":\"Alejandro Gaviria expuso una lista de \u201ccosas que no van a pasar&#8221; en Gobierno Petro\",\"datePublished\":\"2024-02-05T15:13:53+00:00\",\"mainEntityOfPage\":{\"@id\":\"https:\/\/pagina10.com\/web\/alejandro-gaviria-expuso-una-lista-de-cosas-que-no-van-a-pasar-en-gobierno-petro\/\"},\"wordCount\":405,\"commentCount\":0,\"publisher\":{\"@id\":\"https:\/\/pagina10.com\/web\/#organization\"},\"image\":{\"@id\":\"https:\/\/pagina10.com\/web\/alejandro-gaviria-expuso-una-lista-de-cosas-que-no-van-a-pasar-en-gobierno-petro\/#primaryimage\"},\"thumbnailUrl\":\"https:\/\/pagina10.com\/web\/wp-content\/uploads\/2024\/02\/Gaviria-0cd4300f.png\",\"articleSection\":[\"Nacional\"],\"inLanguage\":\"es\",\"potentialAction\":[{\"@type\":\"CommentAction\",\"name\":\"Comment\",\"target\":[\"https:\/\/pagina10.com\/web\/alejandro-gaviria-expuso-una-lista-de-cosas-que-no-van-a-pasar-en-gobierno-petro\/#respond\"]}]},{\"@type\":\"WebPage\",\"@id\":\"https:\/\/pagina10.com\/web\/alejandro-gaviria-expuso-una-lista-de-cosas-que-no-van-a-pasar-en-gobierno-petro\/\",\"url\":\"https:\/\/pagina10.com\/web\/alejandro-gaviria-expuso-una-lista-de-cosas-que-no-van-a-pasar-en-gobierno-petro\/\",\"name\":\"Alejandro Gaviria expuso una lista de \u201ccosas que no van a pasar\\\" en Gobierno Petro | P\u00e1gina10\",\"isPartOf\":{\"@id\":\"https:\/\/pagina10.com\/web\/#website\"},\"primaryImageOfPage\":{\"@id\":\"https:\/\/pagina10.com\/web\/alejandro-gaviria-expuso-una-lista-de-cosas-que-no-van-a-pasar-en-gobierno-petro\/#primaryimage\"},\"image\":{\"@id\":\"https:\/\/pagina10.com\/web\/alejandro-gaviria-expuso-una-lista-de-cosas-que-no-van-a-pasar-en-gobierno-petro\/#primaryimage\"},\"thumbnailUrl\":\"https:\/\/pagina10.com\/web\/wp-content\/uploads\/2024\/02\/Gaviria-0cd4300f.png\",\"datePublished\":\"2024-02-05T15:13:53+00:00\",\"breadcrumb\":{\"@id\":\"https:\/\/pagina10.com\/web\/alejandro-gaviria-expuso-una-lista-de-cosas-que-no-van-a-pasar-en-gobierno-petro\/#breadcrumb\"},\"inLanguage\":\"es\",\"potentialAction\":[{\"@type\":\"ReadAction\",\"target\":[\"https:\/\/pagina10.com\/web\/alejandro-gaviria-expuso-una-lista-de-cosas-que-no-van-a-pasar-en-gobierno-petro\/\"]}]},{\"@type\":\"ImageObject\",\"inLanguage\":\"es\",\"@id\":\"https:\/\/pagina10.com\/web\/alejandro-gaviria-expuso-una-lista-de-cosas-que-no-van-a-pasar-en-gobierno-petro\/#primaryimage\",\"url\":\"https:\/\/pagina10.com\/web\/wp-content\/uploads\/2024\/02\/Gaviria-0cd4300f.png\",\"contentUrl\":\"https:\/\/pagina10.com\/web\/wp-content\/uploads\/2024\/02\/Gaviria-0cd4300f.png\",\"width\":853,\"height\":480},{\"@type\":\"BreadcrumbList\",\"@id\":\"https:\/\/pagina10.com\/web\/alejandro-gaviria-expuso-una-lista-de-cosas-que-no-van-a-pasar-en-gobierno-petro\/#breadcrumb\",\"itemListElement\":[{\"@type\":\"ListItem\",\"position\":1,\"name\":\"Portada\",\"item\":\"https:\/\/pagina10.com\/web\/\"},{\"@type\":\"ListItem\",\"position\":2,\"name\":\"Alejandro Gaviria expuso una lista de \u201ccosas que no van a pasar&#8221; en Gobierno Petro\"}]},{\"@type\":\"WebSite\",\"@id\":\"https:\/\/pagina10.com\/web\/#website\",\"url\":\"https:\/\/pagina10.com\/web\/\",\"name\":\"P\u00e1gina10\",\"description\":\"Peri\u00f3dico Regional\",\"publisher\":{\"@id\":\"https:\/\/pagina10.com\/web\/#organization\"},\"alternateName\":\"P\u00e1gina10 Peri\u00f3dico Regional\",\"potentialAction\":[{\"@type\":\"SearchAction\",\"target\":{\"@type\":\"EntryPoint\",\"urlTemplate\":\"https:\/\/pagina10.com\/web\/?s={search_term_string}\"},\"query-input\":{\"@type\":\"PropertyValueSpecification\",\"valueRequired\":true,\"valueName\":\"search_term_string\"}}],\"inLanguage\":\"es\"},{\"@type\":\"Organization\",\"@id\":\"https:\/\/pagina10.com\/web\/#organization\",\"name\":\"P\u00e1gina10\",\"alternateName\":\"P\u00e1gina10 Peri\u00f3dico Regional\",\"url\":\"https:\/\/pagina10.com\/web\/\",\"logo\":{\"@type\":\"ImageObject\",\"inLanguage\":\"es\",\"@id\":\"https:\/\/pagina10.com\/web\/#\/schema\/logo\/image\/\",\"url\":\"https:\/\/pagina10.com\/web\/wp-content\/uploads\/2024\/01\/40-pagina-10-periodico-regional-pasto.jpg\",\"contentUrl\":\"https:\/\/pagina10.com\/web\/wp-content\/uploads\/2024\/01\/40-pagina-10-periodico-regional-pasto.jpg\",\"width\":1280,\"height\":720,\"caption\":\"P\u00e1gina10\"},\"image\":{\"@id\":\"https:\/\/pagina10.com\/web\/#\/schema\/logo\/image\/\"},\"sameAs\":[\"https:\/\/www.facebook.com\/pag10com\",\"https:\/\/x.com\/Pag10com\",\"https:\/\/www.instagram.com\/pagina10col\/\",\"https:\/\/youtube.com\/channel\/pag10\",\"https:\/\/www.tiktok.com\/@p10col\"]},{\"@type\":\"Person\",\"@id\":\"https:\/\/pagina10.com\/web\/#\/schema\/person\/2efc4a090d25b667d3bc796798a3a81b\",\"name\":\"P\u00e1gina 10\",\"description\":\"P\u00e1gina 10 es un peri\u00f3dico regional que nace en Colombia, en el departamento de Nari\u00f1o, con un enfoque global, fundamentado en cuatro pilares esenciales: la libertad, el pluralismo, la inclusi\u00f3n y la independencia. P\u00e1gina 10 hace referencia a Nari\u00f1o como el d\u00e9cimo departamento creado en Colombia, despu\u00e9s de un proceso pol\u00edtico liderado por actores y actrices regionales con el fin de obtener la independencia y autonom\u00eda de nuestros territorios. Con la creaci\u00f3n de P\u00e1gina 10 se pretende abrir un escenario para el dialogo, la reflexi\u00f3n y el debate que se extienda a otras geograf\u00edas de Am\u00e9rica Latina y del planeta, en una apuesta por transformar colectivamente los desaf\u00edos de un mundo contempor\u00e1neo, m\u00e1s all\u00e1 de las fronteras impuestas.\",\"url\":\"https:\/\/pagina10.com\/web\/author\/pdiezadmin\/\"}]}<\/script>\n<!-- \/ Yoast SEO plugin. -->","yoast_head_json":{"title":"Alejandro Gaviria expuso una lista de \u201ccosas que no van a pasar\" en Gobierno Petro | P\u00e1gina10","robots":{"index":"index","follow":"follow","max-snippet":"max-snippet:-1","max-image-preview":"max-image-preview:large","max-video-preview":"max-video-preview:-1"},"canonical":"https:\/\/pagina10.com\/web\/alejandro-gaviria-expuso-una-lista-de-cosas-que-no-van-a-pasar-en-gobierno-petro\/","og_locale":"es_ES","og_type":"article","og_title":"Alejandro Gaviria expuso una lista de \u201ccosas que no van a pasar\" en Gobierno Petro | P\u00e1gina10","og_description":"El economista y exministro de Salud, Alejandro Gaviria, realiz\u00f3 una fuerte cr\u00edtica a las promesas realizadas por el gobierno de Gustavo Petro. A trav\u00e9s de sus redes sociales, Gaviria desestim\u00f3 las propuestas gubernamentales del presidente, calific\u00e1ndolas como &#8220;cosas que no van a pasar&#8221;, la lista presentada por el exministro supera los 11 puntos y abarca [&hellip;]","og_url":"https:\/\/pagina10.com\/web\/alejandro-gaviria-expuso-una-lista-de-cosas-que-no-van-a-pasar-en-gobierno-petro\/","og_site_name":"P\u00e1gina10","article_publisher":"https:\/\/www.facebook.com\/pag10com","article_published_time":"2024-02-05T15:13:53+00:00","og_image":[{"width":853,"height":480,"url":"https:\/\/pagina10.com\/web\/wp-content\/uploads\/2024\/02\/Gaviria-0cd4300f.png","type":"image\/png"}],"author":"P\u00e1gina 10","twitter_card":"summary_large_image","twitter_creator":"@Pag10com","twitter_site":"@Pag10com","twitter_misc":{"Escrito por":"P\u00e1gina 10","Tiempo de lectura":"2 minutos"},"schema":{"@context":"https:\/\/schema.org","@graph":[{"@type":"Article","@id":"https:\/\/pagina10.com\/web\/alejandro-gaviria-expuso-una-lista-de-cosas-que-no-van-a-pasar-en-gobierno-petro\/#article","isPartOf":{"@id":"https:\/\/pagina10.com\/web\/alejandro-gaviria-expuso-una-lista-de-cosas-que-no-van-a-pasar-en-gobierno-petro\/"},"author":{"name":"P\u00e1gina 10","@id":"https:\/\/pagina10.com\/web\/#\/schema\/person\/2efc4a090d25b667d3bc796798a3a81b"},"headline":"Alejandro Gaviria expuso una lista de \u201ccosas que no van a pasar&#8221; en Gobierno Petro","datePublished":"2024-02-05T15:13:53+00:00","mainEntityOfPage":{"@id":"https:\/\/pagina10.com\/web\/alejandro-gaviria-expuso-una-lista-de-cosas-que-no-van-a-pasar-en-gobierno-petro\/"},"wordCount":405,"commentCount":0,"publisher":{"@id":"https:\/\/pagina10.com\/web\/#organization"},"image":{"@id":"https:\/\/pagina10.com\/web\/alejandro-gaviria-expuso-una-lista-de-cosas-que-no-van-a-pasar-en-gobierno-petro\/#primaryimage"},"thumbnailUrl":"https:\/\/pagina10.com\/web\/wp-content\/uploads\/2024\/02\/Gaviria-0cd4300f.png","articleSection":["Nacional"],"inLanguage":"es","potentialAction":[{"@type":"CommentAction","name":"Comment","target":["https:\/\/pagina10.com\/web\/alejandro-gaviria-expuso-una-lista-de-cosas-que-no-van-a-pasar-en-gobierno-petro\/#respond"]}]},{"@type":"WebPage","@id":"https:\/\/pagina10.com\/web\/alejandro-gaviria-expuso-una-lista-de-cosas-que-no-van-a-pasar-en-gobierno-petro\/","url":"https:\/\/pagina10.com\/web\/alejandro-gaviria-expuso-una-lista-de-cosas-que-no-van-a-pasar-en-gobierno-petro\/","name":"Alejandro Gaviria expuso una lista de \u201ccosas que no van a pasar\" en Gobierno Petro | P\u00e1gina10","isPartOf":{"@id":"https:\/\/pagina10.com\/web\/#website"},"primaryImageOfPage":{"@id":"https:\/\/pagina10.com\/web\/alejandro-gaviria-expuso-una-lista-de-cosas-que-no-van-a-pasar-en-gobierno-petro\/#primaryimage"},"image":{"@id":"https:\/\/pagina10.com\/web\/alejandro-gaviria-expuso-una-lista-de-cosas-que-no-van-a-pasar-en-gobierno-petro\/#primaryimage"},"thumbnailUrl":"https:\/\/pagina10.com\/web\/wp-content\/uploads\/2024\/02\/Gaviria-0cd4300f.png","datePublished":"2024-02-05T15:13:53+00:00","breadcrumb":{"@id":"https:\/\/pagina10.com\/web\/alejandro-gaviria-expuso-una-lista-de-cosas-que-no-van-a-pasar-en-gobierno-petro\/#breadcrumb"},"inLanguage":"es","potentialAction":[{"@type":"ReadAction","target":["https:\/\/pagina10.com\/web\/alejandro-gaviria-expuso-una-lista-de-cosas-que-no-van-a-pasar-en-gobierno-petro\/"]}]},{"@type":"ImageObject","inLanguage":"es","@id":"https:\/\/pagina10.com\/web\/alejandro-gaviria-expuso-una-lista-de-cosas-que-no-van-a-pasar-en-gobierno-petro\/#primaryimage","url":"https:\/\/pagina10.com\/web\/wp-content\/uploads\/2024\/02\/Gaviria-0cd4300f.png","contentUrl":"https:\/\/pagina10.com\/web\/wp-content\/uploads\/2024\/02\/Gaviria-0cd4300f.png","width":853,"height":480},{"@type":"BreadcrumbList","@id":"https:\/\/pagina10.com\/web\/alejandro-gaviria-expuso-una-lista-de-cosas-que-no-van-a-pasar-en-gobierno-petro\/#breadcrumb","itemListElement":[{"@type":"ListItem","position":1,"name":"Portada","item":"https:\/\/pagina10.com\/web\/"},{"@type":"ListItem","position":2,"name":"Alejandro Gaviria expuso una lista de \u201ccosas que no van a pasar&#8221; en Gobierno Petro"}]},{"@type":"WebSite","@id":"https:\/\/pagina10.com\/web\/#website","url":"https:\/\/pagina10.com\/web\/","name":"P\u00e1gina10","description":"Peri\u00f3dico Regional","publisher":{"@id":"https:\/\/pagina10.com\/web\/#organization"},"alternateName":"P\u00e1gina10 Peri\u00f3dico Regional","potentialAction":[{"@type":"SearchAction","target":{"@type":"EntryPoint","urlTemplate":"https:\/\/pagina10.com\/web\/?s={search_term_string}"},"query-input":{"@type":"PropertyValueSpecification","valueRequired":true,"valueName":"search_term_string"}}],"inLanguage":"es"},{"@type":"Organization","@id":"https:\/\/pagina10.com\/web\/#organization","name":"P\u00e1gina10","alternateName":"P\u00e1gina10 Peri\u00f3dico Regional","url":"https:\/\/pagina10.com\/web\/","logo":{"@type":"ImageObject","inLanguage":"es","@id":"https:\/\/pagina10.com\/web\/#\/schema\/logo\/image\/","url":"https:\/\/pagina10.com\/web\/wp-content\/uploads\/2024\/01\/40-pagina-10-periodico-regional-pasto.jpg","contentUrl":"https:\/\/pagina10.com\/web\/wp-content\/uploads\/2024\/01\/40-pagina-10-periodico-regional-pasto.jpg","width":1280,"height":720,"caption":"P\u00e1gina10"},"image":{"@id":"https:\/\/pagina10.com\/web\/#\/schema\/logo\/image\/"},"sameAs":["https:\/\/www.facebook.com\/pag10com","https:\/\/x.com\/Pag10com","https:\/\/www.instagram.com\/pagina10col\/","https:\/\/youtube.com\/channel\/pag10","https:\/\/www.tiktok.com\/@p10col"]},{"@type":"Person","@id":"https:\/\/pagina10.com\/web\/#\/schema\/person\/2efc4a090d25b667d3bc796798a3a81b","name":"P\u00e1gina 10","description":"P\u00e1gina 10 es un peri\u00f3dico regional que nace en Colombia, en el departamento de Nari\u00f1o, con un enfoque global, fundamentado en cuatro pilares esenciales: la libertad, el pluralismo, la inclusi\u00f3n y la independencia. P\u00e1gina 10 hace referencia a Nari\u00f1o como el d\u00e9cimo departamento creado en Colombia, despu\u00e9s de un proceso pol\u00edtico liderado por actores y actrices regionales con el fin de obtener la independencia y autonom\u00eda de nuestros territorios. Con la creaci\u00f3n de P\u00e1gina 10 se pretende abrir un escenario para el dialogo, la reflexi\u00f3n y el debate que se extienda a otras geograf\u00edas de Am\u00e9rica Latina y del planeta, en una apuesta por transformar colectivamente los desaf\u00edos de un mundo contempor\u00e1neo, m\u00e1s all\u00e1 de las fronteras impuestas.","url":"https:\/\/pagina10.com\/web\/author\/pdiezadmin\/"}]}},"_links":{"self":[{"href":"https:\/\/pagina10.com\/web\/wp-json\/wp\/v2\/posts\/70879202756","targetHints":{"allow":["GET"]}}],"collection":[{"href":"https:\/\/pagina10.com\/web\/wp-json\/wp\/v2\/posts"}],"about":[{"href":"https:\/\/pagina10.com\/web\/wp-json\/wp\/v2\/types\/post"}],"author":[{"embeddable":true,"href":"https:\/\/pagina10.com\/web\/wp-json\/wp\/v2\/users\/1"}],"replies":[{"embeddable":true,"href":"https:\/\/pagina10.com\/web\/wp-json\/wp\/v2\/comments?post=70879202756"}],"version-history":[{"count":2,"href":"https:\/\/pagina10.com\/web\/wp-json\/wp\/v2\/posts\/70879202756\/revisions"}],"predecessor-version":[{"id":70879202759,"href":"https:\/\/pagina10.com\/web\/wp-json\/wp\/v2\/posts\/70879202756\/revisions\/70879202759"}],"wp:featuredmedia":[{"embeddable":true,"href":"https:\/\/pagina10.com\/web\/wp-json\/wp\/v2\/media\/70879202760"}],"wp:attachment":[{"href":"https:\/\/pagina10.com\/web\/wp-json\/wp\/v2\/media?parent=70879202756"}],"wp:term":[{"taxonomy":"category","embeddable":true,"href":"https:\/\/pagina10.com\/web\/wp-json\/wp\/v2\/categories?post=70879202756"},{"taxonomy":"post_tag","embeddable":true,"href":"https:\/\/pagina10.com\/web\/wp-json\/wp\/v2\/tags?post=70879202756"}],"curies":[{"name":"wp","href":"https:\/\/api.w.org\/{rel}","templated":true}]}}