{"id":70879202969,"date":"2024-02-14T12:20:06","date_gmt":"2024-02-14T17:20:06","guid":{"rendered":"https:\/\/pagina10.com\/web\/?p=70879202969"},"modified":"2024-02-14T12:20:06","modified_gmt":"2024-02-14T17:20:06","slug":"ciudadano-de-pasto-insta-a-la-alcaldia-a-expedir-decreto-de-prohibicion-de-consumo-de-drogas-en-espacios-publicos","status":"publish","type":"post","link":"https:\/\/pagina10.com\/web\/ciudadano-de-pasto-insta-a-la-alcaldia-a-expedir-decreto-de-prohibicion-de-consumo-de-drogas-en-espacios-publicos\/","title":{"rendered":"Ciudadano de Pasto insta a la Alcald\u00eda a expedir decreto de prohibici\u00f3n de consumo de drogas en espacios p\u00fablicos"},"content":{"rendered":"<p style=\"text-align: justify;\">Omar Moreno Jaramillo, residente de Pasto, ha expresado su preocupaci\u00f3n por el retraso en la expedici\u00f3n de un decreto por parte de la Alcald\u00eda que proh\u00edba el consumo de drogas en espacios p\u00fablicos, educativos, deportivos y culturales. El objetivo de esta medida es proteger el derecho de las familias y los ni\u00f1os a disfrutar de espacios tranquilos y libres de consumo de drogas en la ciudad.<\/p>\n<p style=\"text-align: justify;\">Moreno Jaramillo enfatiza la importancia de restringir tanto el consumo como la distribuci\u00f3n, facilitaci\u00f3n, ofrecimiento o comercializaci\u00f3n de sustancias psico\u00e1ctivas naturales o sint\u00e9ticas, incluyendo la dosis personal, en \u00e1reas circundantes a centros educativos, deportivos, espacios abiertos, parques, plazas y plazoletas, as\u00ed como zonas hist\u00f3ricas o de inter\u00e9s cultural y p\u00fablico.<\/p>\n<p style=\"text-align: justify;\">El ciudadano de Pasto insta a la Alcald\u00eda a tomar medidas urgentes para abordar esta problem\u00e1tica y garantizar la seguridad y el bienestar de todos los habitantes de la ciudad.<\/p>\n","protected":false},"excerpt":{"rendered":"<p>Omar Moreno Jaramillo, residente de Pasto, ha expresado su preocupaci\u00f3n por el retraso en la expedici\u00f3n de un decreto por parte de la Alcald\u00eda que proh\u00edba el consumo de drogas en espacios p\u00fablicos, educativos, deportivos y culturales. El objetivo de esta medida es proteger el derecho de las familias y los ni\u00f1os a disfrutar de [&hellip;]<\/p>\n","protected":false},"author":1,"featured_media":70879202970,"comment_status":"open","ping_status":"open","sticky":false,"template":"","format":"standard","meta":{"footnotes":""},"categories":[82],"tags":[],"class_list":["post-70879202969","post","type-post","status-publish","format-standard","has-post-thumbnail","hentry","category-ciudad-2"],"yoast_head":"<!-- This site is optimized with the Yoast SEO plugin v27.1.1 - https:\/\/yoast.com\/product\/yoast-seo-wordpress\/ -->\n<title>Ciudadano de Pasto insta a la Alcald\u00eda a expedir decreto de prohibici\u00f3n de consumo de drogas en espacios p\u00fablicos | P\u00e1gina10<\/title>\n<meta name=\"robots\" content=\"index, follow, max-snippet:-1, max-image-preview:large, max-video-preview:-1\" \/>\n<link rel=\"canonical\" href=\"https:\/\/pagina10.com\/web\/ciudadano-de-pasto-insta-a-la-alcaldia-a-expedir-decreto-de-prohibicion-de-consumo-de-drogas-en-espacios-publicos\/\" \/>\n<meta property=\"og:locale\" content=\"es_ES\" \/>\n<meta property=\"og:type\" content=\"article\" \/>\n<meta property=\"og:title\" content=\"Ciudadano de Pasto insta a la Alcald\u00eda a expedir decreto de prohibici\u00f3n de consumo de drogas en espacios p\u00fablicos | P\u00e1gina10\" \/>\n<meta property=\"og:description\" content=\"Omar Moreno Jaramillo, residente de Pasto, ha expresado su preocupaci\u00f3n por el retraso en la expedici\u00f3n de un decreto por parte de la Alcald\u00eda que proh\u00edba el consumo de drogas en espacios p\u00fablicos, educativos, deportivos y culturales. El objetivo de esta medida es proteger el derecho de las familias y los ni\u00f1os a disfrutar de [&hellip;]\" \/>\n<meta property=\"og:url\" content=\"https:\/\/pagina10.com\/web\/ciudadano-de-pasto-insta-a-la-alcaldia-a-expedir-decreto-de-prohibicion-de-consumo-de-drogas-en-espacios-publicos\/\" \/>\n<meta property=\"og:site_name\" content=\"P\u00e1gina10\" \/>\n<meta property=\"article:publisher\" content=\"https:\/\/www.facebook.com\/pag10com\" \/>\n<meta property=\"article:published_time\" content=\"2024-02-14T17:20:06+00:00\" \/>\n<meta property=\"og:image\" content=\"https:\/\/pagina10.com\/web\/wp-content\/uploads\/2024\/02\/425698268_813386397489815_6484960218112832657_n.jpg\" \/>\n\t<meta property=\"og:image:width\" content=\"2048\" \/>\n\t<meta property=\"og:image:height\" content=\"1164\" \/>\n\t<meta property=\"og:image:type\" content=\"image\/jpeg\" \/>\n<meta name=\"author\" content=\"P\u00e1gina 10\" \/>\n<meta name=\"twitter:card\" content=\"summary_large_image\" \/>\n<meta name=\"twitter:creator\" content=\"@Pag10com\" \/>\n<meta name=\"twitter:site\" content=\"@Pag10com\" \/>\n<meta name=\"twitter:label1\" content=\"Escrito por\" \/>\n\t<meta name=\"twitter:data1\" content=\"P\u00e1gina 10\" \/>\n\t<meta name=\"twitter:label2\" content=\"Tiempo de lectura\" \/>\n\t<meta name=\"twitter:data2\" content=\"1 minuto\" \/>\n<script type=\"application\/ld+json\" class=\"yoast-schema-graph\">{\"@context\":\"https:\/\/schema.org\",\"@graph\":[{\"@type\":\"Article\",\"@id\":\"https:\/\/pagina10.com\/web\/ciudadano-de-pasto-insta-a-la-alcaldia-a-expedir-decreto-de-prohibicion-de-consumo-de-drogas-en-espacios-publicos\/#article\",\"isPartOf\":{\"@id\":\"https:\/\/pagina10.com\/web\/ciudadano-de-pasto-insta-a-la-alcaldia-a-expedir-decreto-de-prohibicion-de-consumo-de-drogas-en-espacios-publicos\/\"},\"author\":{\"name\":\"P\u00e1gina 10\",\"@id\":\"https:\/\/pagina10.com\/web\/#\/schema\/person\/2efc4a090d25b667d3bc796798a3a81b\"},\"headline\":\"Ciudadano de Pasto insta a la Alcald\u00eda a expedir decreto de prohibici\u00f3n de consumo de drogas en espacios p\u00fablicos\",\"datePublished\":\"2024-02-14T17:20:06+00:00\",\"mainEntityOfPage\":{\"@id\":\"https:\/\/pagina10.com\/web\/ciudadano-de-pasto-insta-a-la-alcaldia-a-expedir-decreto-de-prohibicion-de-consumo-de-drogas-en-espacios-publicos\/\"},\"wordCount\":184,\"commentCount\":0,\"publisher\":{\"@id\":\"https:\/\/pagina10.com\/web\/#organization\"},\"image\":{\"@id\":\"https:\/\/pagina10.com\/web\/ciudadano-de-pasto-insta-a-la-alcaldia-a-expedir-decreto-de-prohibicion-de-consumo-de-drogas-en-espacios-publicos\/#primaryimage\"},\"thumbnailUrl\":\"https:\/\/pagina10.com\/web\/wp-content\/uploads\/2024\/02\/425698268_813386397489815_6484960218112832657_n.jpg\",\"articleSection\":[\"Ciudad\"],\"inLanguage\":\"es\",\"potentialAction\":[{\"@type\":\"CommentAction\",\"name\":\"Comment\",\"target\":[\"https:\/\/pagina10.com\/web\/ciudadano-de-pasto-insta-a-la-alcaldia-a-expedir-decreto-de-prohibicion-de-consumo-de-drogas-en-espacios-publicos\/#respond\"]}]},{\"@type\":\"WebPage\",\"@id\":\"https:\/\/pagina10.com\/web\/ciudadano-de-pasto-insta-a-la-alcaldia-a-expedir-decreto-de-prohibicion-de-consumo-de-drogas-en-espacios-publicos\/\",\"url\":\"https:\/\/pagina10.com\/web\/ciudadano-de-pasto-insta-a-la-alcaldia-a-expedir-decreto-de-prohibicion-de-consumo-de-drogas-en-espacios-publicos\/\",\"name\":\"Ciudadano de Pasto insta a la Alcald\u00eda a expedir decreto de prohibici\u00f3n de consumo de drogas en espacios p\u00fablicos | P\u00e1gina10\",\"isPartOf\":{\"@id\":\"https:\/\/pagina10.com\/web\/#website\"},\"primaryImageOfPage\":{\"@id\":\"https:\/\/pagina10.com\/web\/ciudadano-de-pasto-insta-a-la-alcaldia-a-expedir-decreto-de-prohibicion-de-consumo-de-drogas-en-espacios-publicos\/#primaryimage\"},\"image\":{\"@id\":\"https:\/\/pagina10.com\/web\/ciudadano-de-pasto-insta-a-la-alcaldia-a-expedir-decreto-de-prohibicion-de-consumo-de-drogas-en-espacios-publicos\/#primaryimage\"},\"thumbnailUrl\":\"https:\/\/pagina10.com\/web\/wp-content\/uploads\/2024\/02\/425698268_813386397489815_6484960218112832657_n.jpg\",\"datePublished\":\"2024-02-14T17:20:06+00:00\",\"breadcrumb\":{\"@id\":\"https:\/\/pagina10.com\/web\/ciudadano-de-pasto-insta-a-la-alcaldia-a-expedir-decreto-de-prohibicion-de-consumo-de-drogas-en-espacios-publicos\/#breadcrumb\"},\"inLanguage\":\"es\",\"potentialAction\":[{\"@type\":\"ReadAction\",\"target\":[\"https:\/\/pagina10.com\/web\/ciudadano-de-pasto-insta-a-la-alcaldia-a-expedir-decreto-de-prohibicion-de-consumo-de-drogas-en-espacios-publicos\/\"]}]},{\"@type\":\"ImageObject\",\"inLanguage\":\"es\",\"@id\":\"https:\/\/pagina10.com\/web\/ciudadano-de-pasto-insta-a-la-alcaldia-a-expedir-decreto-de-prohibicion-de-consumo-de-drogas-en-espacios-publicos\/#primaryimage\",\"url\":\"https:\/\/pagina10.com\/web\/wp-content\/uploads\/2024\/02\/425698268_813386397489815_6484960218112832657_n.jpg\",\"contentUrl\":\"https:\/\/pagina10.com\/web\/wp-content\/uploads\/2024\/02\/425698268_813386397489815_6484960218112832657_n.jpg\",\"width\":2048,\"height\":1164},{\"@type\":\"BreadcrumbList\",\"@id\":\"https:\/\/pagina10.com\/web\/ciudadano-de-pasto-insta-a-la-alcaldia-a-expedir-decreto-de-prohibicion-de-consumo-de-drogas-en-espacios-publicos\/#breadcrumb\",\"itemListElement\":[{\"@type\":\"ListItem\",\"position\":1,\"name\":\"Portada\",\"item\":\"https:\/\/pagina10.com\/web\/\"},{\"@type\":\"ListItem\",\"position\":2,\"name\":\"Ciudadano de Pasto insta a la Alcald\u00eda a expedir decreto de prohibici\u00f3n de consumo de drogas en espacios p\u00fablicos\"}]},{\"@type\":\"WebSite\",\"@id\":\"https:\/\/pagina10.com\/web\/#website\",\"url\":\"https:\/\/pagina10.com\/web\/\",\"name\":\"P\u00e1gina10\",\"description\":\"Peri\u00f3dico Regional\",\"publisher\":{\"@id\":\"https:\/\/pagina10.com\/web\/#organization\"},\"alternateName\":\"P\u00e1gina10 Peri\u00f3dico Regional\",\"potentialAction\":[{\"@type\":\"SearchAction\",\"target\":{\"@type\":\"EntryPoint\",\"urlTemplate\":\"https:\/\/pagina10.com\/web\/?s={search_term_string}\"},\"query-input\":{\"@type\":\"PropertyValueSpecification\",\"valueRequired\":true,\"valueName\":\"search_term_string\"}}],\"inLanguage\":\"es\"},{\"@type\":\"Organization\",\"@id\":\"https:\/\/pagina10.com\/web\/#organization\",\"name\":\"P\u00e1gina10\",\"alternateName\":\"P\u00e1gina10 Peri\u00f3dico Regional\",\"url\":\"https:\/\/pagina10.com\/web\/\",\"logo\":{\"@type\":\"ImageObject\",\"inLanguage\":\"es\",\"@id\":\"https:\/\/pagina10.com\/web\/#\/schema\/logo\/image\/\",\"url\":\"https:\/\/pagina10.com\/web\/wp-content\/uploads\/2024\/01\/40-pagina-10-periodico-regional-pasto.jpg\",\"contentUrl\":\"https:\/\/pagina10.com\/web\/wp-content\/uploads\/2024\/01\/40-pagina-10-periodico-regional-pasto.jpg\",\"width\":1280,\"height\":720,\"caption\":\"P\u00e1gina10\"},\"image\":{\"@id\":\"https:\/\/pagina10.com\/web\/#\/schema\/logo\/image\/\"},\"sameAs\":[\"https:\/\/www.facebook.com\/pag10com\",\"https:\/\/x.com\/Pag10com\",\"https:\/\/www.instagram.com\/pagina10col\/\",\"https:\/\/youtube.com\/channel\/pag10\",\"https:\/\/www.tiktok.com\/@p10col\"]},{\"@type\":\"Person\",\"@id\":\"https:\/\/pagina10.com\/web\/#\/schema\/person\/2efc4a090d25b667d3bc796798a3a81b\",\"name\":\"P\u00e1gina 10\",\"description\":\"P\u00e1gina 10 es un peri\u00f3dico regional que nace en Colombia, en el departamento de Nari\u00f1o, con un enfoque global, fundamentado en cuatro pilares esenciales: la libertad, el pluralismo, la inclusi\u00f3n y la independencia. P\u00e1gina 10 hace referencia a Nari\u00f1o como el d\u00e9cimo departamento creado en Colombia, despu\u00e9s de un proceso pol\u00edtico liderado por actores y actrices regionales con el fin de obtener la independencia y autonom\u00eda de nuestros territorios. Con la creaci\u00f3n de P\u00e1gina 10 se pretende abrir un escenario para el dialogo, la reflexi\u00f3n y el debate que se extienda a otras geograf\u00edas de Am\u00e9rica Latina y del planeta, en una apuesta por transformar colectivamente los desaf\u00edos de un mundo contempor\u00e1neo, m\u00e1s all\u00e1 de las fronteras impuestas.\",\"url\":\"https:\/\/pagina10.com\/web\/author\/pdiezadmin\/\"}]}<\/script>\n<!-- \/ Yoast SEO plugin. -->","yoast_head_json":{"title":"Ciudadano de Pasto insta a la Alcald\u00eda a expedir decreto de prohibici\u00f3n de consumo de drogas en espacios p\u00fablicos | P\u00e1gina10","robots":{"index":"index","follow":"follow","max-snippet":"max-snippet:-1","max-image-preview":"max-image-preview:large","max-video-preview":"max-video-preview:-1"},"canonical":"https:\/\/pagina10.com\/web\/ciudadano-de-pasto-insta-a-la-alcaldia-a-expedir-decreto-de-prohibicion-de-consumo-de-drogas-en-espacios-publicos\/","og_locale":"es_ES","og_type":"article","og_title":"Ciudadano de Pasto insta a la Alcald\u00eda a expedir decreto de prohibici\u00f3n de consumo de drogas en espacios p\u00fablicos | P\u00e1gina10","og_description":"Omar Moreno Jaramillo, residente de Pasto, ha expresado su preocupaci\u00f3n por el retraso en la expedici\u00f3n de un decreto por parte de la Alcald\u00eda que proh\u00edba el consumo de drogas en espacios p\u00fablicos, educativos, deportivos y culturales. El objetivo de esta medida es proteger el derecho de las familias y los ni\u00f1os a disfrutar de [&hellip;]","og_url":"https:\/\/pagina10.com\/web\/ciudadano-de-pasto-insta-a-la-alcaldia-a-expedir-decreto-de-prohibicion-de-consumo-de-drogas-en-espacios-publicos\/","og_site_name":"P\u00e1gina10","article_publisher":"https:\/\/www.facebook.com\/pag10com","article_published_time":"2024-02-14T17:20:06+00:00","og_image":[{"width":2048,"height":1164,"url":"https:\/\/pagina10.com\/web\/wp-content\/uploads\/2024\/02\/425698268_813386397489815_6484960218112832657_n.jpg","type":"image\/jpeg"}],"author":"P\u00e1gina 10","twitter_card":"summary_large_image","twitter_creator":"@Pag10com","twitter_site":"@Pag10com","twitter_misc":{"Escrito por":"P\u00e1gina 10","Tiempo de lectura":"1 minuto"},"schema":{"@context":"https:\/\/schema.org","@graph":[{"@type":"Article","@id":"https:\/\/pagina10.com\/web\/ciudadano-de-pasto-insta-a-la-alcaldia-a-expedir-decreto-de-prohibicion-de-consumo-de-drogas-en-espacios-publicos\/#article","isPartOf":{"@id":"https:\/\/pagina10.com\/web\/ciudadano-de-pasto-insta-a-la-alcaldia-a-expedir-decreto-de-prohibicion-de-consumo-de-drogas-en-espacios-publicos\/"},"author":{"name":"P\u00e1gina 10","@id":"https:\/\/pagina10.com\/web\/#\/schema\/person\/2efc4a090d25b667d3bc796798a3a81b"},"headline":"Ciudadano de Pasto insta a la Alcald\u00eda a expedir decreto de prohibici\u00f3n de consumo de drogas en espacios p\u00fablicos","datePublished":"2024-02-14T17:20:06+00:00","mainEntityOfPage":{"@id":"https:\/\/pagina10.com\/web\/ciudadano-de-pasto-insta-a-la-alcaldia-a-expedir-decreto-de-prohibicion-de-consumo-de-drogas-en-espacios-publicos\/"},"wordCount":184,"commentCount":0,"publisher":{"@id":"https:\/\/pagina10.com\/web\/#organization"},"image":{"@id":"https:\/\/pagina10.com\/web\/ciudadano-de-pasto-insta-a-la-alcaldia-a-expedir-decreto-de-prohibicion-de-consumo-de-drogas-en-espacios-publicos\/#primaryimage"},"thumbnailUrl":"https:\/\/pagina10.com\/web\/wp-content\/uploads\/2024\/02\/425698268_813386397489815_6484960218112832657_n.jpg","articleSection":["Ciudad"],"inLanguage":"es","potentialAction":[{"@type":"CommentAction","name":"Comment","target":["https:\/\/pagina10.com\/web\/ciudadano-de-pasto-insta-a-la-alcaldia-a-expedir-decreto-de-prohibicion-de-consumo-de-drogas-en-espacios-publicos\/#respond"]}]},{"@type":"WebPage","@id":"https:\/\/pagina10.com\/web\/ciudadano-de-pasto-insta-a-la-alcaldia-a-expedir-decreto-de-prohibicion-de-consumo-de-drogas-en-espacios-publicos\/","url":"https:\/\/pagina10.com\/web\/ciudadano-de-pasto-insta-a-la-alcaldia-a-expedir-decreto-de-prohibicion-de-consumo-de-drogas-en-espacios-publicos\/","name":"Ciudadano de Pasto insta a la Alcald\u00eda a expedir decreto de prohibici\u00f3n de consumo de drogas en espacios p\u00fablicos | P\u00e1gina10","isPartOf":{"@id":"https:\/\/pagina10.com\/web\/#website"},"primaryImageOfPage":{"@id":"https:\/\/pagina10.com\/web\/ciudadano-de-pasto-insta-a-la-alcaldia-a-expedir-decreto-de-prohibicion-de-consumo-de-drogas-en-espacios-publicos\/#primaryimage"},"image":{"@id":"https:\/\/pagina10.com\/web\/ciudadano-de-pasto-insta-a-la-alcaldia-a-expedir-decreto-de-prohibicion-de-consumo-de-drogas-en-espacios-publicos\/#primaryimage"},"thumbnailUrl":"https:\/\/pagina10.com\/web\/wp-content\/uploads\/2024\/02\/425698268_813386397489815_6484960218112832657_n.jpg","datePublished":"2024-02-14T17:20:06+00:00","breadcrumb":{"@id":"https:\/\/pagina10.com\/web\/ciudadano-de-pasto-insta-a-la-alcaldia-a-expedir-decreto-de-prohibicion-de-consumo-de-drogas-en-espacios-publicos\/#breadcrumb"},"inLanguage":"es","potentialAction":[{"@type":"ReadAction","target":["https:\/\/pagina10.com\/web\/ciudadano-de-pasto-insta-a-la-alcaldia-a-expedir-decreto-de-prohibicion-de-consumo-de-drogas-en-espacios-publicos\/"]}]},{"@type":"ImageObject","inLanguage":"es","@id":"https:\/\/pagina10.com\/web\/ciudadano-de-pasto-insta-a-la-alcaldia-a-expedir-decreto-de-prohibicion-de-consumo-de-drogas-en-espacios-publicos\/#primaryimage","url":"https:\/\/pagina10.com\/web\/wp-content\/uploads\/2024\/02\/425698268_813386397489815_6484960218112832657_n.jpg","contentUrl":"https:\/\/pagina10.com\/web\/wp-content\/uploads\/2024\/02\/425698268_813386397489815_6484960218112832657_n.jpg","width":2048,"height":1164},{"@type":"BreadcrumbList","@id":"https:\/\/pagina10.com\/web\/ciudadano-de-pasto-insta-a-la-alcaldia-a-expedir-decreto-de-prohibicion-de-consumo-de-drogas-en-espacios-publicos\/#breadcrumb","itemListElement":[{"@type":"ListItem","position":1,"name":"Portada","item":"https:\/\/pagina10.com\/web\/"},{"@type":"ListItem","position":2,"name":"Ciudadano de Pasto insta a la Alcald\u00eda a expedir decreto de prohibici\u00f3n de consumo de drogas en espacios p\u00fablicos"}]},{"@type":"WebSite","@id":"https:\/\/pagina10.com\/web\/#website","url":"https:\/\/pagina10.com\/web\/","name":"P\u00e1gina10","description":"Peri\u00f3dico Regional","publisher":{"@id":"https:\/\/pagina10.com\/web\/#organization"},"alternateName":"P\u00e1gina10 Peri\u00f3dico Regional","potentialAction":[{"@type":"SearchAction","target":{"@type":"EntryPoint","urlTemplate":"https:\/\/pagina10.com\/web\/?s={search_term_string}"},"query-input":{"@type":"PropertyValueSpecification","valueRequired":true,"valueName":"search_term_string"}}],"inLanguage":"es"},{"@type":"Organization","@id":"https:\/\/pagina10.com\/web\/#organization","name":"P\u00e1gina10","alternateName":"P\u00e1gina10 Peri\u00f3dico Regional","url":"https:\/\/pagina10.com\/web\/","logo":{"@type":"ImageObject","inLanguage":"es","@id":"https:\/\/pagina10.com\/web\/#\/schema\/logo\/image\/","url":"https:\/\/pagina10.com\/web\/wp-content\/uploads\/2024\/01\/40-pagina-10-periodico-regional-pasto.jpg","contentUrl":"https:\/\/pagina10.com\/web\/wp-content\/uploads\/2024\/01\/40-pagina-10-periodico-regional-pasto.jpg","width":1280,"height":720,"caption":"P\u00e1gina10"},"image":{"@id":"https:\/\/pagina10.com\/web\/#\/schema\/logo\/image\/"},"sameAs":["https:\/\/www.facebook.com\/pag10com","https:\/\/x.com\/Pag10com","https:\/\/www.instagram.com\/pagina10col\/","https:\/\/youtube.com\/channel\/pag10","https:\/\/www.tiktok.com\/@p10col"]},{"@type":"Person","@id":"https:\/\/pagina10.com\/web\/#\/schema\/person\/2efc4a090d25b667d3bc796798a3a81b","name":"P\u00e1gina 10","description":"P\u00e1gina 10 es un peri\u00f3dico regional que nace en Colombia, en el departamento de Nari\u00f1o, con un enfoque global, fundamentado en cuatro pilares esenciales: la libertad, el pluralismo, la inclusi\u00f3n y la independencia. P\u00e1gina 10 hace referencia a Nari\u00f1o como el d\u00e9cimo departamento creado en Colombia, despu\u00e9s de un proceso pol\u00edtico liderado por actores y actrices regionales con el fin de obtener la independencia y autonom\u00eda de nuestros territorios. Con la creaci\u00f3n de P\u00e1gina 10 se pretende abrir un escenario para el dialogo, la reflexi\u00f3n y el debate que se extienda a otras geograf\u00edas de Am\u00e9rica Latina y del planeta, en una apuesta por transformar colectivamente los desaf\u00edos de un mundo contempor\u00e1neo, m\u00e1s all\u00e1 de las fronteras impuestas.","url":"https:\/\/pagina10.com\/web\/author\/pdiezadmin\/"}]}},"_links":{"self":[{"href":"https:\/\/pagina10.com\/web\/wp-json\/wp\/v2\/posts\/70879202969","targetHints":{"allow":["GET"]}}],"collection":[{"href":"https:\/\/pagina10.com\/web\/wp-json\/wp\/v2\/posts"}],"about":[{"href":"https:\/\/pagina10.com\/web\/wp-json\/wp\/v2\/types\/post"}],"author":[{"embeddable":true,"href":"https:\/\/pagina10.com\/web\/wp-json\/wp\/v2\/users\/1"}],"replies":[{"embeddable":true,"href":"https:\/\/pagina10.com\/web\/wp-json\/wp\/v2\/comments?post=70879202969"}],"version-history":[{"count":1,"href":"https:\/\/pagina10.com\/web\/wp-json\/wp\/v2\/posts\/70879202969\/revisions"}],"predecessor-version":[{"id":70879202971,"href":"https:\/\/pagina10.com\/web\/wp-json\/wp\/v2\/posts\/70879202969\/revisions\/70879202971"}],"wp:featuredmedia":[{"embeddable":true,"href":"https:\/\/pagina10.com\/web\/wp-json\/wp\/v2\/media\/70879202970"}],"wp:attachment":[{"href":"https:\/\/pagina10.com\/web\/wp-json\/wp\/v2\/media?parent=70879202969"}],"wp:term":[{"taxonomy":"category","embeddable":true,"href":"https:\/\/pagina10.com\/web\/wp-json\/wp\/v2\/categories?post=70879202969"},{"taxonomy":"post_tag","embeddable":true,"href":"https:\/\/pagina10.com\/web\/wp-json\/wp\/v2\/tags?post=70879202969"}],"curies":[{"name":"wp","href":"https:\/\/api.w.org\/{rel}","templated":true}]}}