{"id":70879203030,"date":"2024-02-17T17:13:40","date_gmt":"2024-02-17T22:13:40","guid":{"rendered":"https:\/\/pagina10.com\/web\/?p=70879203030"},"modified":"2024-02-17T17:18:20","modified_gmt":"2024-02-17T22:18:20","slug":"municipios-de-la-costa-pacifica-de-narino-sufren-apagon","status":"publish","type":"post","link":"https:\/\/pagina10.com\/web\/municipios-de-la-costa-pacifica-de-narino-sufren-apagon\/","title":{"rendered":"Municipios de la Costa Pac\u00edfica de Nari\u00f1o sufren apag\u00f3n"},"content":{"rendered":"<p style=\"text-align: justify;\">M\u00e1s de 20 horas han transcurrido desde que seis municipios del departamento de Nari\u00f1o y tres del Cauca se encuentran sin suministro el\u00e9ctrico, debido a una falla a\u00fan no identificada por los operarios de la electrificadora regional. La empresa responsable, Centrales El\u00e9ctricas de Nari\u00f1o (CEDENAR), inform\u00f3 que los municipios afectados se ubican en la Costa Pac\u00edfica.<\/p>\n<p style=\"text-align: justify;\">Los municipios afectados son Olaya Herrera, Santa B\u00e1rbara de Iscuand\u00e9, El Charco, La Tola, Mosquera y Francisco Pizarro en el departamento de Nari\u00f1o y Guapi, Timbiqu\u00ed y L\u00f3pez de Micay en el departamento Cauca. Seg\u00fan la empresa, la falla ocurri\u00f3 el mi\u00e9rcoles 14 de febrero de 2024 a la 1:18 PM en la l\u00ednea de transmisi\u00f3n de 115 kilovatios que conecta las subestaciones de San Bernardino (Popay\u00e1n) y Guapi.<\/p>\n<p style=\"text-align: justify;\">Esta no es la primera vez que se registra una falla en esta l\u00ednea de transmisi\u00f3n, el pasado 10 de febrero se present\u00f3 un problema similar, lo que tambi\u00e9n afect\u00f3 el suministro el\u00e9ctrico en los mismos municipios. La falta de energ\u00eda ha generado malestar y preocupaci\u00f3n en las comunidades afectadas, especialmente por las dificultades para preparar alimentos, mantener sistemas de refrigeraci\u00f3n, cuidados en graneros y almacenes, por lo cual se reportan p\u00e9rdidas econ\u00f3micas significativas debido a la interrupci\u00f3n del suministro el\u00e9ctrico.<\/p>\n","protected":false},"excerpt":{"rendered":"<p>M\u00e1s de 20 horas han transcurrido desde que seis municipios del departamento de Nari\u00f1o y tres del Cauca se encuentran sin suministro el\u00e9ctrico, debido a una falla a\u00fan no identificada por los operarios de la electrificadora regional. La empresa responsable, Centrales El\u00e9ctricas de Nari\u00f1o (CEDENAR), inform\u00f3 que los municipios afectados se ubican en la Costa [&hellip;]<\/p>\n","protected":false},"author":1,"featured_media":70879203032,"comment_status":"open","ping_status":"open","sticky":false,"template":"","format":"standard","meta":{"footnotes":""},"categories":[14],"tags":[],"class_list":["post-70879203030","post","type-post","status-publish","format-standard","has-post-thumbnail","hentry","category-narino-actual"],"yoast_head":"<!-- This site is optimized with the Yoast SEO plugin v27.1.1 - https:\/\/yoast.com\/product\/yoast-seo-wordpress\/ -->\n<title>Municipios de la Costa Pac\u00edfica de Nari\u00f1o sufren apag\u00f3n | P\u00e1gina10<\/title>\n<meta name=\"robots\" content=\"index, follow, max-snippet:-1, max-image-preview:large, max-video-preview:-1\" \/>\n<link rel=\"canonical\" href=\"https:\/\/pagina10.com\/web\/municipios-de-la-costa-pacifica-de-narino-sufren-apagon\/\" \/>\n<meta property=\"og:locale\" content=\"es_ES\" \/>\n<meta property=\"og:type\" content=\"article\" \/>\n<meta property=\"og:title\" content=\"Municipios de la Costa Pac\u00edfica de Nari\u00f1o sufren apag\u00f3n | P\u00e1gina10\" \/>\n<meta property=\"og:description\" content=\"M\u00e1s de 20 horas han transcurrido desde que seis municipios del departamento de Nari\u00f1o y tres del Cauca se encuentran sin suministro el\u00e9ctrico, debido a una falla a\u00fan no identificada por los operarios de la electrificadora regional. La empresa responsable, Centrales El\u00e9ctricas de Nari\u00f1o (CEDENAR), inform\u00f3 que los municipios afectados se ubican en la Costa [&hellip;]\" \/>\n<meta property=\"og:url\" content=\"https:\/\/pagina10.com\/web\/municipios-de-la-costa-pacifica-de-narino-sufren-apagon\/\" \/>\n<meta property=\"og:site_name\" content=\"P\u00e1gina10\" \/>\n<meta property=\"article:publisher\" content=\"https:\/\/www.facebook.com\/pag10com\" \/>\n<meta property=\"article:published_time\" content=\"2024-02-17T22:13:40+00:00\" \/>\n<meta property=\"article:modified_time\" content=\"2024-02-17T22:18:20+00:00\" \/>\n<meta property=\"og:image\" content=\"https:\/\/pagina10.com\/web\/wp-content\/uploads\/2024\/02\/barbacoas_municipio-frontera.narinense-1024x651-1.jpg\" \/>\n\t<meta property=\"og:image:width\" content=\"1024\" \/>\n\t<meta property=\"og:image:height\" content=\"651\" \/>\n\t<meta property=\"og:image:type\" content=\"image\/jpeg\" \/>\n<meta name=\"author\" content=\"P\u00e1gina 10\" \/>\n<meta name=\"twitter:card\" content=\"summary_large_image\" \/>\n<meta name=\"twitter:creator\" content=\"@Pag10com\" \/>\n<meta name=\"twitter:site\" content=\"@Pag10com\" \/>\n<meta name=\"twitter:label1\" content=\"Escrito por\" \/>\n\t<meta name=\"twitter:data1\" content=\"P\u00e1gina 10\" \/>\n\t<meta name=\"twitter:label2\" content=\"Tiempo de lectura\" \/>\n\t<meta name=\"twitter:data2\" content=\"2 minutos\" \/>\n<script type=\"application\/ld+json\" class=\"yoast-schema-graph\">{\"@context\":\"https:\/\/schema.org\",\"@graph\":[{\"@type\":\"Article\",\"@id\":\"https:\/\/pagina10.com\/web\/municipios-de-la-costa-pacifica-de-narino-sufren-apagon\/#article\",\"isPartOf\":{\"@id\":\"https:\/\/pagina10.com\/web\/municipios-de-la-costa-pacifica-de-narino-sufren-apagon\/\"},\"author\":{\"name\":\"P\u00e1gina 10\",\"@id\":\"https:\/\/pagina10.com\/web\/#\/schema\/person\/2efc4a090d25b667d3bc796798a3a81b\"},\"headline\":\"Municipios de la Costa Pac\u00edfica de Nari\u00f1o sufren apag\u00f3n\",\"datePublished\":\"2024-02-17T22:13:40+00:00\",\"dateModified\":\"2024-02-17T22:18:20+00:00\",\"mainEntityOfPage\":{\"@id\":\"https:\/\/pagina10.com\/web\/municipios-de-la-costa-pacifica-de-narino-sufren-apagon\/\"},\"wordCount\":238,\"commentCount\":0,\"publisher\":{\"@id\":\"https:\/\/pagina10.com\/web\/#organization\"},\"image\":{\"@id\":\"https:\/\/pagina10.com\/web\/municipios-de-la-costa-pacifica-de-narino-sufren-apagon\/#primaryimage\"},\"thumbnailUrl\":\"https:\/\/pagina10.com\/web\/wp-content\/uploads\/2024\/02\/barbacoas_municipio-frontera.narinense-1024x651-1.jpg\",\"articleSection\":[\"Nari\u00f1o Actual\"],\"inLanguage\":\"es\",\"potentialAction\":[{\"@type\":\"CommentAction\",\"name\":\"Comment\",\"target\":[\"https:\/\/pagina10.com\/web\/municipios-de-la-costa-pacifica-de-narino-sufren-apagon\/#respond\"]}]},{\"@type\":\"WebPage\",\"@id\":\"https:\/\/pagina10.com\/web\/municipios-de-la-costa-pacifica-de-narino-sufren-apagon\/\",\"url\":\"https:\/\/pagina10.com\/web\/municipios-de-la-costa-pacifica-de-narino-sufren-apagon\/\",\"name\":\"Municipios de la Costa Pac\u00edfica de Nari\u00f1o sufren apag\u00f3n | P\u00e1gina10\",\"isPartOf\":{\"@id\":\"https:\/\/pagina10.com\/web\/#website\"},\"primaryImageOfPage\":{\"@id\":\"https:\/\/pagina10.com\/web\/municipios-de-la-costa-pacifica-de-narino-sufren-apagon\/#primaryimage\"},\"image\":{\"@id\":\"https:\/\/pagina10.com\/web\/municipios-de-la-costa-pacifica-de-narino-sufren-apagon\/#primaryimage\"},\"thumbnailUrl\":\"https:\/\/pagina10.com\/web\/wp-content\/uploads\/2024\/02\/barbacoas_municipio-frontera.narinense-1024x651-1.jpg\",\"datePublished\":\"2024-02-17T22:13:40+00:00\",\"dateModified\":\"2024-02-17T22:18:20+00:00\",\"breadcrumb\":{\"@id\":\"https:\/\/pagina10.com\/web\/municipios-de-la-costa-pacifica-de-narino-sufren-apagon\/#breadcrumb\"},\"inLanguage\":\"es\",\"potentialAction\":[{\"@type\":\"ReadAction\",\"target\":[\"https:\/\/pagina10.com\/web\/municipios-de-la-costa-pacifica-de-narino-sufren-apagon\/\"]}]},{\"@type\":\"ImageObject\",\"inLanguage\":\"es\",\"@id\":\"https:\/\/pagina10.com\/web\/municipios-de-la-costa-pacifica-de-narino-sufren-apagon\/#primaryimage\",\"url\":\"https:\/\/pagina10.com\/web\/wp-content\/uploads\/2024\/02\/barbacoas_municipio-frontera.narinense-1024x651-1.jpg\",\"contentUrl\":\"https:\/\/pagina10.com\/web\/wp-content\/uploads\/2024\/02\/barbacoas_municipio-frontera.narinense-1024x651-1.jpg\",\"width\":1024,\"height\":651},{\"@type\":\"BreadcrumbList\",\"@id\":\"https:\/\/pagina10.com\/web\/municipios-de-la-costa-pacifica-de-narino-sufren-apagon\/#breadcrumb\",\"itemListElement\":[{\"@type\":\"ListItem\",\"position\":1,\"name\":\"Portada\",\"item\":\"https:\/\/pagina10.com\/web\/\"},{\"@type\":\"ListItem\",\"position\":2,\"name\":\"Municipios de la Costa Pac\u00edfica de Nari\u00f1o sufren apag\u00f3n\"}]},{\"@type\":\"WebSite\",\"@id\":\"https:\/\/pagina10.com\/web\/#website\",\"url\":\"https:\/\/pagina10.com\/web\/\",\"name\":\"P\u00e1gina10\",\"description\":\"Peri\u00f3dico Regional\",\"publisher\":{\"@id\":\"https:\/\/pagina10.com\/web\/#organization\"},\"alternateName\":\"P\u00e1gina10 Peri\u00f3dico Regional\",\"potentialAction\":[{\"@type\":\"SearchAction\",\"target\":{\"@type\":\"EntryPoint\",\"urlTemplate\":\"https:\/\/pagina10.com\/web\/?s={search_term_string}\"},\"query-input\":{\"@type\":\"PropertyValueSpecification\",\"valueRequired\":true,\"valueName\":\"search_term_string\"}}],\"inLanguage\":\"es\"},{\"@type\":\"Organization\",\"@id\":\"https:\/\/pagina10.com\/web\/#organization\",\"name\":\"P\u00e1gina10\",\"alternateName\":\"P\u00e1gina10 Peri\u00f3dico Regional\",\"url\":\"https:\/\/pagina10.com\/web\/\",\"logo\":{\"@type\":\"ImageObject\",\"inLanguage\":\"es\",\"@id\":\"https:\/\/pagina10.com\/web\/#\/schema\/logo\/image\/\",\"url\":\"https:\/\/pagina10.com\/web\/wp-content\/uploads\/2024\/01\/40-pagina-10-periodico-regional-pasto.jpg\",\"contentUrl\":\"https:\/\/pagina10.com\/web\/wp-content\/uploads\/2024\/01\/40-pagina-10-periodico-regional-pasto.jpg\",\"width\":1280,\"height\":720,\"caption\":\"P\u00e1gina10\"},\"image\":{\"@id\":\"https:\/\/pagina10.com\/web\/#\/schema\/logo\/image\/\"},\"sameAs\":[\"https:\/\/www.facebook.com\/pag10com\",\"https:\/\/x.com\/Pag10com\",\"https:\/\/www.instagram.com\/pagina10col\/\",\"https:\/\/youtube.com\/channel\/pag10\",\"https:\/\/www.tiktok.com\/@p10col\"]},{\"@type\":\"Person\",\"@id\":\"https:\/\/pagina10.com\/web\/#\/schema\/person\/2efc4a090d25b667d3bc796798a3a81b\",\"name\":\"P\u00e1gina 10\",\"description\":\"P\u00e1gina 10 es un peri\u00f3dico regional que nace en Colombia, en el departamento de Nari\u00f1o, con un enfoque global, fundamentado en cuatro pilares esenciales: la libertad, el pluralismo, la inclusi\u00f3n y la independencia. P\u00e1gina 10 hace referencia a Nari\u00f1o como el d\u00e9cimo departamento creado en Colombia, despu\u00e9s de un proceso pol\u00edtico liderado por actores y actrices regionales con el fin de obtener la independencia y autonom\u00eda de nuestros territorios. Con la creaci\u00f3n de P\u00e1gina 10 se pretende abrir un escenario para el dialogo, la reflexi\u00f3n y el debate que se extienda a otras geograf\u00edas de Am\u00e9rica Latina y del planeta, en una apuesta por transformar colectivamente los desaf\u00edos de un mundo contempor\u00e1neo, m\u00e1s all\u00e1 de las fronteras impuestas.\",\"url\":\"https:\/\/pagina10.com\/web\/author\/pdiezadmin\/\"}]}<\/script>\n<!-- \/ Yoast SEO plugin. -->","yoast_head_json":{"title":"Municipios de la Costa Pac\u00edfica de Nari\u00f1o sufren apag\u00f3n | P\u00e1gina10","robots":{"index":"index","follow":"follow","max-snippet":"max-snippet:-1","max-image-preview":"max-image-preview:large","max-video-preview":"max-video-preview:-1"},"canonical":"https:\/\/pagina10.com\/web\/municipios-de-la-costa-pacifica-de-narino-sufren-apagon\/","og_locale":"es_ES","og_type":"article","og_title":"Municipios de la Costa Pac\u00edfica de Nari\u00f1o sufren apag\u00f3n | P\u00e1gina10","og_description":"M\u00e1s de 20 horas han transcurrido desde que seis municipios del departamento de Nari\u00f1o y tres del Cauca se encuentran sin suministro el\u00e9ctrico, debido a una falla a\u00fan no identificada por los operarios de la electrificadora regional. La empresa responsable, Centrales El\u00e9ctricas de Nari\u00f1o (CEDENAR), inform\u00f3 que los municipios afectados se ubican en la Costa [&hellip;]","og_url":"https:\/\/pagina10.com\/web\/municipios-de-la-costa-pacifica-de-narino-sufren-apagon\/","og_site_name":"P\u00e1gina10","article_publisher":"https:\/\/www.facebook.com\/pag10com","article_published_time":"2024-02-17T22:13:40+00:00","article_modified_time":"2024-02-17T22:18:20+00:00","og_image":[{"width":1024,"height":651,"url":"https:\/\/pagina10.com\/web\/wp-content\/uploads\/2024\/02\/barbacoas_municipio-frontera.narinense-1024x651-1.jpg","type":"image\/jpeg"}],"author":"P\u00e1gina 10","twitter_card":"summary_large_image","twitter_creator":"@Pag10com","twitter_site":"@Pag10com","twitter_misc":{"Escrito por":"P\u00e1gina 10","Tiempo de lectura":"2 minutos"},"schema":{"@context":"https:\/\/schema.org","@graph":[{"@type":"Article","@id":"https:\/\/pagina10.com\/web\/municipios-de-la-costa-pacifica-de-narino-sufren-apagon\/#article","isPartOf":{"@id":"https:\/\/pagina10.com\/web\/municipios-de-la-costa-pacifica-de-narino-sufren-apagon\/"},"author":{"name":"P\u00e1gina 10","@id":"https:\/\/pagina10.com\/web\/#\/schema\/person\/2efc4a090d25b667d3bc796798a3a81b"},"headline":"Municipios de la Costa Pac\u00edfica de Nari\u00f1o sufren apag\u00f3n","datePublished":"2024-02-17T22:13:40+00:00","dateModified":"2024-02-17T22:18:20+00:00","mainEntityOfPage":{"@id":"https:\/\/pagina10.com\/web\/municipios-de-la-costa-pacifica-de-narino-sufren-apagon\/"},"wordCount":238,"commentCount":0,"publisher":{"@id":"https:\/\/pagina10.com\/web\/#organization"},"image":{"@id":"https:\/\/pagina10.com\/web\/municipios-de-la-costa-pacifica-de-narino-sufren-apagon\/#primaryimage"},"thumbnailUrl":"https:\/\/pagina10.com\/web\/wp-content\/uploads\/2024\/02\/barbacoas_municipio-frontera.narinense-1024x651-1.jpg","articleSection":["Nari\u00f1o Actual"],"inLanguage":"es","potentialAction":[{"@type":"CommentAction","name":"Comment","target":["https:\/\/pagina10.com\/web\/municipios-de-la-costa-pacifica-de-narino-sufren-apagon\/#respond"]}]},{"@type":"WebPage","@id":"https:\/\/pagina10.com\/web\/municipios-de-la-costa-pacifica-de-narino-sufren-apagon\/","url":"https:\/\/pagina10.com\/web\/municipios-de-la-costa-pacifica-de-narino-sufren-apagon\/","name":"Municipios de la Costa Pac\u00edfica de Nari\u00f1o sufren apag\u00f3n | P\u00e1gina10","isPartOf":{"@id":"https:\/\/pagina10.com\/web\/#website"},"primaryImageOfPage":{"@id":"https:\/\/pagina10.com\/web\/municipios-de-la-costa-pacifica-de-narino-sufren-apagon\/#primaryimage"},"image":{"@id":"https:\/\/pagina10.com\/web\/municipios-de-la-costa-pacifica-de-narino-sufren-apagon\/#primaryimage"},"thumbnailUrl":"https:\/\/pagina10.com\/web\/wp-content\/uploads\/2024\/02\/barbacoas_municipio-frontera.narinense-1024x651-1.jpg","datePublished":"2024-02-17T22:13:40+00:00","dateModified":"2024-02-17T22:18:20+00:00","breadcrumb":{"@id":"https:\/\/pagina10.com\/web\/municipios-de-la-costa-pacifica-de-narino-sufren-apagon\/#breadcrumb"},"inLanguage":"es","potentialAction":[{"@type":"ReadAction","target":["https:\/\/pagina10.com\/web\/municipios-de-la-costa-pacifica-de-narino-sufren-apagon\/"]}]},{"@type":"ImageObject","inLanguage":"es","@id":"https:\/\/pagina10.com\/web\/municipios-de-la-costa-pacifica-de-narino-sufren-apagon\/#primaryimage","url":"https:\/\/pagina10.com\/web\/wp-content\/uploads\/2024\/02\/barbacoas_municipio-frontera.narinense-1024x651-1.jpg","contentUrl":"https:\/\/pagina10.com\/web\/wp-content\/uploads\/2024\/02\/barbacoas_municipio-frontera.narinense-1024x651-1.jpg","width":1024,"height":651},{"@type":"BreadcrumbList","@id":"https:\/\/pagina10.com\/web\/municipios-de-la-costa-pacifica-de-narino-sufren-apagon\/#breadcrumb","itemListElement":[{"@type":"ListItem","position":1,"name":"Portada","item":"https:\/\/pagina10.com\/web\/"},{"@type":"ListItem","position":2,"name":"Municipios de la Costa Pac\u00edfica de Nari\u00f1o sufren apag\u00f3n"}]},{"@type":"WebSite","@id":"https:\/\/pagina10.com\/web\/#website","url":"https:\/\/pagina10.com\/web\/","name":"P\u00e1gina10","description":"Peri\u00f3dico Regional","publisher":{"@id":"https:\/\/pagina10.com\/web\/#organization"},"alternateName":"P\u00e1gina10 Peri\u00f3dico Regional","potentialAction":[{"@type":"SearchAction","target":{"@type":"EntryPoint","urlTemplate":"https:\/\/pagina10.com\/web\/?s={search_term_string}"},"query-input":{"@type":"PropertyValueSpecification","valueRequired":true,"valueName":"search_term_string"}}],"inLanguage":"es"},{"@type":"Organization","@id":"https:\/\/pagina10.com\/web\/#organization","name":"P\u00e1gina10","alternateName":"P\u00e1gina10 Peri\u00f3dico Regional","url":"https:\/\/pagina10.com\/web\/","logo":{"@type":"ImageObject","inLanguage":"es","@id":"https:\/\/pagina10.com\/web\/#\/schema\/logo\/image\/","url":"https:\/\/pagina10.com\/web\/wp-content\/uploads\/2024\/01\/40-pagina-10-periodico-regional-pasto.jpg","contentUrl":"https:\/\/pagina10.com\/web\/wp-content\/uploads\/2024\/01\/40-pagina-10-periodico-regional-pasto.jpg","width":1280,"height":720,"caption":"P\u00e1gina10"},"image":{"@id":"https:\/\/pagina10.com\/web\/#\/schema\/logo\/image\/"},"sameAs":["https:\/\/www.facebook.com\/pag10com","https:\/\/x.com\/Pag10com","https:\/\/www.instagram.com\/pagina10col\/","https:\/\/youtube.com\/channel\/pag10","https:\/\/www.tiktok.com\/@p10col"]},{"@type":"Person","@id":"https:\/\/pagina10.com\/web\/#\/schema\/person\/2efc4a090d25b667d3bc796798a3a81b","name":"P\u00e1gina 10","description":"P\u00e1gina 10 es un peri\u00f3dico regional que nace en Colombia, en el departamento de Nari\u00f1o, con un enfoque global, fundamentado en cuatro pilares esenciales: la libertad, el pluralismo, la inclusi\u00f3n y la independencia. P\u00e1gina 10 hace referencia a Nari\u00f1o como el d\u00e9cimo departamento creado en Colombia, despu\u00e9s de un proceso pol\u00edtico liderado por actores y actrices regionales con el fin de obtener la independencia y autonom\u00eda de nuestros territorios. Con la creaci\u00f3n de P\u00e1gina 10 se pretende abrir un escenario para el dialogo, la reflexi\u00f3n y el debate que se extienda a otras geograf\u00edas de Am\u00e9rica Latina y del planeta, en una apuesta por transformar colectivamente los desaf\u00edos de un mundo contempor\u00e1neo, m\u00e1s all\u00e1 de las fronteras impuestas.","url":"https:\/\/pagina10.com\/web\/author\/pdiezadmin\/"}]}},"_links":{"self":[{"href":"https:\/\/pagina10.com\/web\/wp-json\/wp\/v2\/posts\/70879203030","targetHints":{"allow":["GET"]}}],"collection":[{"href":"https:\/\/pagina10.com\/web\/wp-json\/wp\/v2\/posts"}],"about":[{"href":"https:\/\/pagina10.com\/web\/wp-json\/wp\/v2\/types\/post"}],"author":[{"embeddable":true,"href":"https:\/\/pagina10.com\/web\/wp-json\/wp\/v2\/users\/1"}],"replies":[{"embeddable":true,"href":"https:\/\/pagina10.com\/web\/wp-json\/wp\/v2\/comments?post=70879203030"}],"version-history":[{"count":1,"href":"https:\/\/pagina10.com\/web\/wp-json\/wp\/v2\/posts\/70879203030\/revisions"}],"predecessor-version":[{"id":70879203031,"href":"https:\/\/pagina10.com\/web\/wp-json\/wp\/v2\/posts\/70879203030\/revisions\/70879203031"}],"wp:featuredmedia":[{"embeddable":true,"href":"https:\/\/pagina10.com\/web\/wp-json\/wp\/v2\/media\/70879203032"}],"wp:attachment":[{"href":"https:\/\/pagina10.com\/web\/wp-json\/wp\/v2\/media?parent=70879203030"}],"wp:term":[{"taxonomy":"category","embeddable":true,"href":"https:\/\/pagina10.com\/web\/wp-json\/wp\/v2\/categories?post=70879203030"},{"taxonomy":"post_tag","embeddable":true,"href":"https:\/\/pagina10.com\/web\/wp-json\/wp\/v2\/tags?post=70879203030"}],"curies":[{"name":"wp","href":"https:\/\/api.w.org\/{rel}","templated":true}]}}