{"id":70879203039,"date":"2024-02-18T16:49:10","date_gmt":"2024-02-18T21:49:10","guid":{"rendered":"https:\/\/pagina10.com\/web\/?p=70879203039"},"modified":"2024-02-18T16:49:10","modified_gmt":"2024-02-18T21:49:10","slug":"cujacal-y-san-isidro-claman-por-el-restablecimiento-del-servicio-de-agua","status":"publish","type":"post","link":"https:\/\/pagina10.com\/web\/cujacal-y-san-isidro-claman-por-el-restablecimiento-del-servicio-de-agua\/","title":{"rendered":"Cujacal y San Isidro claman por el restablecimiento del servicio de agua."},"content":{"rendered":"<div>\n<div dir=\"auto\" style=\"text-align: justify;\">En compa\u00f1\u00eda de la <a href=\"https:\/\/www.facebook.com\/pabloemilio.obandoacosta\/videos\/7247758302005002\">destacada Edil de la Comuna seis de la ciudad de Pasto,<\/a> Teresita de Jes\u00fas Meneses, visitamos uno de los m\u00e1s importantes sectores del sector rural de nuestro municipio como lo es CUJACAL y San Isidro.<\/div>\n<\/div>\n<div style=\"text-align: justify;\">\n<div dir=\"auto\">Estos sectores se encuentran afectados por el corte del servicio de agua desde hace algunos a\u00f1os sin que entidad alguna les brinde una soluci\u00f3n pronta y efectiva. Son familias campesinas que requieren del agua para sostener sus proyectos productivos y que se encuentran al borde de la ruina por cuanto deben acarrear el importante l\u00edquido desde sectores aleda\u00f1os y, muchas veces, obligados a pagar sumas de dinero que encarecen sus productos.<\/div>\n<\/div>\n<div style=\"text-align: justify;\">\n<div dir=\"auto\">La situaci\u00f3n es tan delicada que no disponen de agua en sus casas ni siquiera para sus m\u00e1s elementales necesidades. El desarrollo urban\u00edsticos aunado a la insensibilidad de algunos propietarios y empresas comerciales les impide el disfrute cotidiano del servicio de acueducto.<\/div>\n<\/div>\n<div style=\"text-align: justify;\">\n<div dir=\"auto\">Son familias de escasos recursos, campesinos, ni\u00f1os, mujeres y ancianos que claman por una soluci\u00f3n pronta y efectiva a su justa y razonable petici\u00f3n.<\/div>\n<\/div>\n<div style=\"text-align: justify;\">\n<div dir=\"auto\">La se\u00f1ora Irma Narvaez, representante del sector rural afectado, explica la dram\u00e1tica situaci\u00f3n que deben afrontar ante la falta de agua en sus predios. Solicitan a entidades y dependencias pertinentes un pronunciamiento que les permita restablecer el servicio de agua y con ello el retorno de la tranquilidad a sus hogares.<\/div>\n<\/div>\n<div style=\"text-align: justify;\">\n<div dir=\"auto\">Manifiestan que asumir de su propio bolsillo el suministro de agua para atender las necesidades de sus cultivos ya es inviable y sumamente costoso. En muchas ocasiones han perdido sus cosechas y se ven expuestos a continuas amenazas sanitarias. Por otra parte tambi\u00e9n denuncian la muerte de sus animales y el cierre de sus peque\u00f1os negocios.<\/div>\n<\/div>\n<div>\n<div dir=\"auto\" style=\"text-align: justify;\">Es prioritario que las entidades competentes brinden una soluci\u00f3n a este sector del municipio de Pasto. Respetuosamente formulamos un llamado a nuestras autoridades para que en los t\u00e9rminos establecidos se busque una soluci\u00f3n definitiva o una alternativa que permita la tranquilidad y seguridad de estas numerosas familias.<\/div>\n<\/div>\n","protected":false},"excerpt":{"rendered":"<p>En compa\u00f1\u00eda de la destacada Edil de la Comuna seis de la ciudad de Pasto, Teresita de Jes\u00fas Meneses, visitamos uno de los m\u00e1s importantes sectores del sector rural de nuestro municipio como lo es CUJACAL y San Isidro. Estos sectores se encuentran afectados por el corte del servicio de agua desde hace algunos a\u00f1os [&hellip;]<\/p>\n","protected":false},"author":46,"featured_media":70879203041,"comment_status":"open","ping_status":"open","sticky":false,"template":"","format":"standard","meta":{"footnotes":""},"categories":[14],"tags":[],"class_list":["post-70879203039","post","type-post","status-publish","format-standard","has-post-thumbnail","hentry","category-narino-actual"],"yoast_head":"<!-- This site is optimized with the Yoast SEO plugin v27.1.1 - https:\/\/yoast.com\/product\/yoast-seo-wordpress\/ -->\n<title>Cujacal y San Isidro claman por el restablecimiento del servicio de agua. | P\u00e1gina10<\/title>\n<meta name=\"robots\" content=\"index, follow, max-snippet:-1, max-image-preview:large, max-video-preview:-1\" \/>\n<link rel=\"canonical\" href=\"https:\/\/pagina10.com\/web\/cujacal-y-san-isidro-claman-por-el-restablecimiento-del-servicio-de-agua\/\" \/>\n<meta property=\"og:locale\" content=\"es_ES\" \/>\n<meta property=\"og:type\" content=\"article\" \/>\n<meta property=\"og:title\" content=\"Cujacal y San Isidro claman por el restablecimiento del servicio de agua. | P\u00e1gina10\" \/>\n<meta property=\"og:description\" content=\"En compa\u00f1\u00eda de la destacada Edil de la Comuna seis de la ciudad de Pasto, Teresita de Jes\u00fas Meneses, visitamos uno de los m\u00e1s importantes sectores del sector rural de nuestro municipio como lo es CUJACAL y San Isidro. Estos sectores se encuentran afectados por el corte del servicio de agua desde hace algunos a\u00f1os [&hellip;]\" \/>\n<meta property=\"og:url\" content=\"https:\/\/pagina10.com\/web\/cujacal-y-san-isidro-claman-por-el-restablecimiento-del-servicio-de-agua\/\" \/>\n<meta property=\"og:site_name\" content=\"P\u00e1gina10\" \/>\n<meta property=\"article:publisher\" content=\"https:\/\/www.facebook.com\/pag10com\" \/>\n<meta property=\"article:published_time\" content=\"2024-02-18T21:49:10+00:00\" \/>\n<meta property=\"og:image\" content=\"https:\/\/pagina10.com\/web\/wp-content\/uploads\/2024\/02\/WhatsApp-Image-2024-02-18-at-4.48.08-PM.jpeg\" \/>\n\t<meta property=\"og:image:width\" content=\"922\" \/>\n\t<meta property=\"og:image:height\" content=\"478\" \/>\n\t<meta property=\"og:image:type\" content=\"image\/jpeg\" \/>\n<meta name=\"author\" content=\"Pablo Emilio Obando Acosta\" \/>\n<meta name=\"twitter:card\" content=\"summary_large_image\" \/>\n<meta name=\"twitter:creator\" content=\"@Pag10com\" \/>\n<meta name=\"twitter:site\" content=\"@Pag10com\" \/>\n<meta name=\"twitter:label1\" content=\"Escrito por\" \/>\n\t<meta name=\"twitter:data1\" content=\"Pablo Emilio Obando Acosta\" \/>\n\t<meta name=\"twitter:label2\" content=\"Tiempo de lectura\" \/>\n\t<meta name=\"twitter:data2\" content=\"2 minutos\" \/>\n<script type=\"application\/ld+json\" class=\"yoast-schema-graph\">{\"@context\":\"https:\/\/schema.org\",\"@graph\":[{\"@type\":\"Article\",\"@id\":\"https:\/\/pagina10.com\/web\/cujacal-y-san-isidro-claman-por-el-restablecimiento-del-servicio-de-agua\/#article\",\"isPartOf\":{\"@id\":\"https:\/\/pagina10.com\/web\/cujacal-y-san-isidro-claman-por-el-restablecimiento-del-servicio-de-agua\/\"},\"author\":{\"name\":\"Pablo Emilio Obando Acosta\",\"@id\":\"https:\/\/pagina10.com\/web\/#\/schema\/person\/3d3687c9f037834284853a963ee45123\"},\"headline\":\"Cujacal y San Isidro claman por el restablecimiento del servicio de agua.\",\"datePublished\":\"2024-02-18T21:49:10+00:00\",\"mainEntityOfPage\":{\"@id\":\"https:\/\/pagina10.com\/web\/cujacal-y-san-isidro-claman-por-el-restablecimiento-del-servicio-de-agua\/\"},\"wordCount\":363,\"commentCount\":0,\"publisher\":{\"@id\":\"https:\/\/pagina10.com\/web\/#organization\"},\"image\":{\"@id\":\"https:\/\/pagina10.com\/web\/cujacal-y-san-isidro-claman-por-el-restablecimiento-del-servicio-de-agua\/#primaryimage\"},\"thumbnailUrl\":\"https:\/\/pagina10.com\/web\/wp-content\/uploads\/2024\/02\/WhatsApp-Image-2024-02-18-at-4.48.08-PM.jpeg\",\"articleSection\":[\"Nari\u00f1o Actual\"],\"inLanguage\":\"es\",\"potentialAction\":[{\"@type\":\"CommentAction\",\"name\":\"Comment\",\"target\":[\"https:\/\/pagina10.com\/web\/cujacal-y-san-isidro-claman-por-el-restablecimiento-del-servicio-de-agua\/#respond\"]}]},{\"@type\":\"WebPage\",\"@id\":\"https:\/\/pagina10.com\/web\/cujacal-y-san-isidro-claman-por-el-restablecimiento-del-servicio-de-agua\/\",\"url\":\"https:\/\/pagina10.com\/web\/cujacal-y-san-isidro-claman-por-el-restablecimiento-del-servicio-de-agua\/\",\"name\":\"Cujacal y San Isidro claman por el restablecimiento del servicio de agua. | P\u00e1gina10\",\"isPartOf\":{\"@id\":\"https:\/\/pagina10.com\/web\/#website\"},\"primaryImageOfPage\":{\"@id\":\"https:\/\/pagina10.com\/web\/cujacal-y-san-isidro-claman-por-el-restablecimiento-del-servicio-de-agua\/#primaryimage\"},\"image\":{\"@id\":\"https:\/\/pagina10.com\/web\/cujacal-y-san-isidro-claman-por-el-restablecimiento-del-servicio-de-agua\/#primaryimage\"},\"thumbnailUrl\":\"https:\/\/pagina10.com\/web\/wp-content\/uploads\/2024\/02\/WhatsApp-Image-2024-02-18-at-4.48.08-PM.jpeg\",\"datePublished\":\"2024-02-18T21:49:10+00:00\",\"breadcrumb\":{\"@id\":\"https:\/\/pagina10.com\/web\/cujacal-y-san-isidro-claman-por-el-restablecimiento-del-servicio-de-agua\/#breadcrumb\"},\"inLanguage\":\"es\",\"potentialAction\":[{\"@type\":\"ReadAction\",\"target\":[\"https:\/\/pagina10.com\/web\/cujacal-y-san-isidro-claman-por-el-restablecimiento-del-servicio-de-agua\/\"]}]},{\"@type\":\"ImageObject\",\"inLanguage\":\"es\",\"@id\":\"https:\/\/pagina10.com\/web\/cujacal-y-san-isidro-claman-por-el-restablecimiento-del-servicio-de-agua\/#primaryimage\",\"url\":\"https:\/\/pagina10.com\/web\/wp-content\/uploads\/2024\/02\/WhatsApp-Image-2024-02-18-at-4.48.08-PM.jpeg\",\"contentUrl\":\"https:\/\/pagina10.com\/web\/wp-content\/uploads\/2024\/02\/WhatsApp-Image-2024-02-18-at-4.48.08-PM.jpeg\",\"width\":922,\"height\":478},{\"@type\":\"BreadcrumbList\",\"@id\":\"https:\/\/pagina10.com\/web\/cujacal-y-san-isidro-claman-por-el-restablecimiento-del-servicio-de-agua\/#breadcrumb\",\"itemListElement\":[{\"@type\":\"ListItem\",\"position\":1,\"name\":\"Portada\",\"item\":\"https:\/\/pagina10.com\/web\/\"},{\"@type\":\"ListItem\",\"position\":2,\"name\":\"Cujacal y San Isidro claman por el restablecimiento del servicio de agua.\"}]},{\"@type\":\"WebSite\",\"@id\":\"https:\/\/pagina10.com\/web\/#website\",\"url\":\"https:\/\/pagina10.com\/web\/\",\"name\":\"P\u00e1gina10\",\"description\":\"Peri\u00f3dico Regional\",\"publisher\":{\"@id\":\"https:\/\/pagina10.com\/web\/#organization\"},\"alternateName\":\"P\u00e1gina10 Peri\u00f3dico Regional\",\"potentialAction\":[{\"@type\":\"SearchAction\",\"target\":{\"@type\":\"EntryPoint\",\"urlTemplate\":\"https:\/\/pagina10.com\/web\/?s={search_term_string}\"},\"query-input\":{\"@type\":\"PropertyValueSpecification\",\"valueRequired\":true,\"valueName\":\"search_term_string\"}}],\"inLanguage\":\"es\"},{\"@type\":\"Organization\",\"@id\":\"https:\/\/pagina10.com\/web\/#organization\",\"name\":\"P\u00e1gina10\",\"alternateName\":\"P\u00e1gina10 Peri\u00f3dico Regional\",\"url\":\"https:\/\/pagina10.com\/web\/\",\"logo\":{\"@type\":\"ImageObject\",\"inLanguage\":\"es\",\"@id\":\"https:\/\/pagina10.com\/web\/#\/schema\/logo\/image\/\",\"url\":\"https:\/\/pagina10.com\/web\/wp-content\/uploads\/2024\/01\/40-pagina-10-periodico-regional-pasto.jpg\",\"contentUrl\":\"https:\/\/pagina10.com\/web\/wp-content\/uploads\/2024\/01\/40-pagina-10-periodico-regional-pasto.jpg\",\"width\":1280,\"height\":720,\"caption\":\"P\u00e1gina10\"},\"image\":{\"@id\":\"https:\/\/pagina10.com\/web\/#\/schema\/logo\/image\/\"},\"sameAs\":[\"https:\/\/www.facebook.com\/pag10com\",\"https:\/\/x.com\/Pag10com\",\"https:\/\/www.instagram.com\/pagina10col\/\",\"https:\/\/youtube.com\/channel\/pag10\",\"https:\/\/www.tiktok.com\/@p10col\"]},{\"@type\":\"Person\",\"@id\":\"https:\/\/pagina10.com\/web\/#\/schema\/person\/3d3687c9f037834284853a963ee45123\",\"name\":\"Pablo Emilio Obando Acosta\",\"description\":\"PABLO EMILIO OBANDO ACOSTA Nace en el a\u00f1o de 1965. Bachiller acad\u00e9mico Modalidad Humanidades del INEM de Pasto. En 1989 culmina sus estudios universitarios en la Universidad de Nari\u00f1o obteniendo el t\u00edtulo de Licenciado en Ciencias Sociales \u2013 \u00e9nfasis Ciencias de la Educaci\u00f3n \u2013Jornada nocturna-. Especialista en Literatura latinoamericana y colaborador de importantes medios de comunicaci\u00f3n escritos de nuestra regi\u00f3n y del pa\u00eds: El Tiempo.com, Semana.com, Dinero, Diario Del Sur, El Espectador.com, entre otros, Sus escritos se conocen y han obtenido reconocimientos en Chile, Uruguay, Paraguay, Espa\u00f1a y Alemania. En el a\u00f1o 2000 obtiene el reconocimiento CORREO DEL SUR como el personaje c\u00edvico del a\u00f1o por su f\u00e9rrea defensa de la dignidad pastense al protestar con su documento \u201cUn pueblo ante la historia\u201d por el trato despectivo de algunos medios de comunicaci\u00f3n. Las reacciones no se hacen esperar en peri\u00f3dicos de circulaci\u00f3n regional y nacional como El Tiempo, El Espectador y El Pa\u00eds. Ha obtenido m\u00faltiples medallas y condecoraciones por su labor period\u00edstica y cultural: Medalla al merito Guillermo Edmundo Ch\u00e1vez \u2013 mejor escritor del departamento de Nari\u00f1o 2005 \u2013 Fundaci\u00f3n Gabriel Garc\u00eda M\u00e1rquez. Mejor Columnista del departamento de Nari\u00f1o \u2013 a\u00f1os 1991 \u2013 1993 \u2013 1996 \u2013 2001 \u2013 2006 Fundaci\u00f3n Cultural Correo del Sur. Personaje C\u00edvico del Departamento de Nari\u00f1o a\u00f1o 2000. Medalla \u00c1lvaro Javier Jurado Calvache a\u00f1o 2007 \u2013 Centro Educativo PROFESA \u2013 defensor poblaci\u00f3n vulnerable del municipio de Pasto. Mejor cuentista del departamento de Nari\u00f1o \u2013 a\u00f1os 1989 \u2013 2004 \u2013 2005. Cronista m\u00e1s destacado del departamento de Nari\u00f1o \u2013 a\u00f1o 2001. Finalista VI Concurso Internacional de Cuento \u2013 Prensa Nueva \u2013 a\u00f1o 1991. Primer puesto Concurso nacional de cuento \u2013 Contralor\u00eda general de la Rep\u00fablica \u2013 a\u00f1o 1992. Primer Lugar Concurso Municipal de Periodismo \u201cSilvio Le\u00f3n Espa\u00f1a\u201d \u2013 2009. . Reconocimiento Concejo municipal de Pasto, por su labor c\u00edvica y educativa. Sus obras y escritos se conocen en varios pa\u00edses de Latinoam\u00e9rica y de Colombia. Es autor de una docena de textos y m\u00e1s de un millar de columnas de opini\u00f3n que han generado pol\u00e9mica en el contexto nacional y latinoamericano: Testimonio de una insurrecci\u00f3n ciudadana \u2013 2011. El doctor Mierda. Un pueblo ante la historia. La filosof\u00eda de la gallina. Del amor por la Tierra... y otros textos. Diario de un maestro de escuela. Apuntes para una nueva historia Nuevos apuntes \u2013 Tomas Hidalgo Calvache. El problema de los cristianos. La utilidad del poeta. \u00bfTe acuerdas Mariana...? Corona F\u00fanebre \u2013 Tomas Hidalgo Calvache. En formato digital ha editado los siguientes t\u00edtulos: - La nueva filosof\u00eda de la gallina. - Tomas Hidalgo Calvache - Apuntes. - Educar con valor. Figura en varias antolog\u00edas de autores nari\u00f1enses y en una latinoamericana. Sobre \u00e9l han escrito elogiosamente intelectuales de la talla de Otto Morales Ben\u00edtez, Edgar Bastidas Urresty, Juan Augusto Ortiz cabrera, Carlos Santamar\u00eda, Javier Rodrizales, Miguel Garz\u00f3n Arteaga, Fausto Molina, Jorge Arturo Bravo y otros tantos que ser\u00eda dif\u00edcil nombrar en esta peque\u00f1a cr\u00f3nica sobre Pablo Emilio Obando Acosta.\",\"url\":\"https:\/\/pagina10.com\/web\/author\/pobando\/\"}]}<\/script>\n<!-- \/ Yoast SEO plugin. -->","yoast_head_json":{"title":"Cujacal y San Isidro claman por el restablecimiento del servicio de agua. | P\u00e1gina10","robots":{"index":"index","follow":"follow","max-snippet":"max-snippet:-1","max-image-preview":"max-image-preview:large","max-video-preview":"max-video-preview:-1"},"canonical":"https:\/\/pagina10.com\/web\/cujacal-y-san-isidro-claman-por-el-restablecimiento-del-servicio-de-agua\/","og_locale":"es_ES","og_type":"article","og_title":"Cujacal y San Isidro claman por el restablecimiento del servicio de agua. | P\u00e1gina10","og_description":"En compa\u00f1\u00eda de la destacada Edil de la Comuna seis de la ciudad de Pasto, Teresita de Jes\u00fas Meneses, visitamos uno de los m\u00e1s importantes sectores del sector rural de nuestro municipio como lo es CUJACAL y San Isidro. Estos sectores se encuentran afectados por el corte del servicio de agua desde hace algunos a\u00f1os [&hellip;]","og_url":"https:\/\/pagina10.com\/web\/cujacal-y-san-isidro-claman-por-el-restablecimiento-del-servicio-de-agua\/","og_site_name":"P\u00e1gina10","article_publisher":"https:\/\/www.facebook.com\/pag10com","article_published_time":"2024-02-18T21:49:10+00:00","og_image":[{"width":922,"height":478,"url":"https:\/\/pagina10.com\/web\/wp-content\/uploads\/2024\/02\/WhatsApp-Image-2024-02-18-at-4.48.08-PM.jpeg","type":"image\/jpeg"}],"author":"Pablo Emilio Obando Acosta","twitter_card":"summary_large_image","twitter_creator":"@Pag10com","twitter_site":"@Pag10com","twitter_misc":{"Escrito por":"Pablo Emilio Obando Acosta","Tiempo de lectura":"2 minutos"},"schema":{"@context":"https:\/\/schema.org","@graph":[{"@type":"Article","@id":"https:\/\/pagina10.com\/web\/cujacal-y-san-isidro-claman-por-el-restablecimiento-del-servicio-de-agua\/#article","isPartOf":{"@id":"https:\/\/pagina10.com\/web\/cujacal-y-san-isidro-claman-por-el-restablecimiento-del-servicio-de-agua\/"},"author":{"name":"Pablo Emilio Obando Acosta","@id":"https:\/\/pagina10.com\/web\/#\/schema\/person\/3d3687c9f037834284853a963ee45123"},"headline":"Cujacal y San Isidro claman por el restablecimiento del servicio de agua.","datePublished":"2024-02-18T21:49:10+00:00","mainEntityOfPage":{"@id":"https:\/\/pagina10.com\/web\/cujacal-y-san-isidro-claman-por-el-restablecimiento-del-servicio-de-agua\/"},"wordCount":363,"commentCount":0,"publisher":{"@id":"https:\/\/pagina10.com\/web\/#organization"},"image":{"@id":"https:\/\/pagina10.com\/web\/cujacal-y-san-isidro-claman-por-el-restablecimiento-del-servicio-de-agua\/#primaryimage"},"thumbnailUrl":"https:\/\/pagina10.com\/web\/wp-content\/uploads\/2024\/02\/WhatsApp-Image-2024-02-18-at-4.48.08-PM.jpeg","articleSection":["Nari\u00f1o Actual"],"inLanguage":"es","potentialAction":[{"@type":"CommentAction","name":"Comment","target":["https:\/\/pagina10.com\/web\/cujacal-y-san-isidro-claman-por-el-restablecimiento-del-servicio-de-agua\/#respond"]}]},{"@type":"WebPage","@id":"https:\/\/pagina10.com\/web\/cujacal-y-san-isidro-claman-por-el-restablecimiento-del-servicio-de-agua\/","url":"https:\/\/pagina10.com\/web\/cujacal-y-san-isidro-claman-por-el-restablecimiento-del-servicio-de-agua\/","name":"Cujacal y San Isidro claman por el restablecimiento del servicio de agua. | P\u00e1gina10","isPartOf":{"@id":"https:\/\/pagina10.com\/web\/#website"},"primaryImageOfPage":{"@id":"https:\/\/pagina10.com\/web\/cujacal-y-san-isidro-claman-por-el-restablecimiento-del-servicio-de-agua\/#primaryimage"},"image":{"@id":"https:\/\/pagina10.com\/web\/cujacal-y-san-isidro-claman-por-el-restablecimiento-del-servicio-de-agua\/#primaryimage"},"thumbnailUrl":"https:\/\/pagina10.com\/web\/wp-content\/uploads\/2024\/02\/WhatsApp-Image-2024-02-18-at-4.48.08-PM.jpeg","datePublished":"2024-02-18T21:49:10+00:00","breadcrumb":{"@id":"https:\/\/pagina10.com\/web\/cujacal-y-san-isidro-claman-por-el-restablecimiento-del-servicio-de-agua\/#breadcrumb"},"inLanguage":"es","potentialAction":[{"@type":"ReadAction","target":["https:\/\/pagina10.com\/web\/cujacal-y-san-isidro-claman-por-el-restablecimiento-del-servicio-de-agua\/"]}]},{"@type":"ImageObject","inLanguage":"es","@id":"https:\/\/pagina10.com\/web\/cujacal-y-san-isidro-claman-por-el-restablecimiento-del-servicio-de-agua\/#primaryimage","url":"https:\/\/pagina10.com\/web\/wp-content\/uploads\/2024\/02\/WhatsApp-Image-2024-02-18-at-4.48.08-PM.jpeg","contentUrl":"https:\/\/pagina10.com\/web\/wp-content\/uploads\/2024\/02\/WhatsApp-Image-2024-02-18-at-4.48.08-PM.jpeg","width":922,"height":478},{"@type":"BreadcrumbList","@id":"https:\/\/pagina10.com\/web\/cujacal-y-san-isidro-claman-por-el-restablecimiento-del-servicio-de-agua\/#breadcrumb","itemListElement":[{"@type":"ListItem","position":1,"name":"Portada","item":"https:\/\/pagina10.com\/web\/"},{"@type":"ListItem","position":2,"name":"Cujacal y San Isidro claman por el restablecimiento del servicio de agua."}]},{"@type":"WebSite","@id":"https:\/\/pagina10.com\/web\/#website","url":"https:\/\/pagina10.com\/web\/","name":"P\u00e1gina10","description":"Peri\u00f3dico Regional","publisher":{"@id":"https:\/\/pagina10.com\/web\/#organization"},"alternateName":"P\u00e1gina10 Peri\u00f3dico Regional","potentialAction":[{"@type":"SearchAction","target":{"@type":"EntryPoint","urlTemplate":"https:\/\/pagina10.com\/web\/?s={search_term_string}"},"query-input":{"@type":"PropertyValueSpecification","valueRequired":true,"valueName":"search_term_string"}}],"inLanguage":"es"},{"@type":"Organization","@id":"https:\/\/pagina10.com\/web\/#organization","name":"P\u00e1gina10","alternateName":"P\u00e1gina10 Peri\u00f3dico Regional","url":"https:\/\/pagina10.com\/web\/","logo":{"@type":"ImageObject","inLanguage":"es","@id":"https:\/\/pagina10.com\/web\/#\/schema\/logo\/image\/","url":"https:\/\/pagina10.com\/web\/wp-content\/uploads\/2024\/01\/40-pagina-10-periodico-regional-pasto.jpg","contentUrl":"https:\/\/pagina10.com\/web\/wp-content\/uploads\/2024\/01\/40-pagina-10-periodico-regional-pasto.jpg","width":1280,"height":720,"caption":"P\u00e1gina10"},"image":{"@id":"https:\/\/pagina10.com\/web\/#\/schema\/logo\/image\/"},"sameAs":["https:\/\/www.facebook.com\/pag10com","https:\/\/x.com\/Pag10com","https:\/\/www.instagram.com\/pagina10col\/","https:\/\/youtube.com\/channel\/pag10","https:\/\/www.tiktok.com\/@p10col"]},{"@type":"Person","@id":"https:\/\/pagina10.com\/web\/#\/schema\/person\/3d3687c9f037834284853a963ee45123","name":"Pablo Emilio Obando Acosta","description":"PABLO EMILIO OBANDO ACOSTA Nace en el a\u00f1o de 1965. Bachiller acad\u00e9mico Modalidad Humanidades del INEM de Pasto. En 1989 culmina sus estudios universitarios en la Universidad de Nari\u00f1o obteniendo el t\u00edtulo de Licenciado en Ciencias Sociales \u2013 \u00e9nfasis Ciencias de la Educaci\u00f3n \u2013Jornada nocturna-. Especialista en Literatura latinoamericana y colaborador de importantes medios de comunicaci\u00f3n escritos de nuestra regi\u00f3n y del pa\u00eds: El Tiempo.com, Semana.com, Dinero, Diario Del Sur, El Espectador.com, entre otros, Sus escritos se conocen y han obtenido reconocimientos en Chile, Uruguay, Paraguay, Espa\u00f1a y Alemania. En el a\u00f1o 2000 obtiene el reconocimiento CORREO DEL SUR como el personaje c\u00edvico del a\u00f1o por su f\u00e9rrea defensa de la dignidad pastense al protestar con su documento \u201cUn pueblo ante la historia\u201d por el trato despectivo de algunos medios de comunicaci\u00f3n. Las reacciones no se hacen esperar en peri\u00f3dicos de circulaci\u00f3n regional y nacional como El Tiempo, El Espectador y El Pa\u00eds. Ha obtenido m\u00faltiples medallas y condecoraciones por su labor period\u00edstica y cultural: Medalla al merito Guillermo Edmundo Ch\u00e1vez \u2013 mejor escritor del departamento de Nari\u00f1o 2005 \u2013 Fundaci\u00f3n Gabriel Garc\u00eda M\u00e1rquez. Mejor Columnista del departamento de Nari\u00f1o \u2013 a\u00f1os 1991 \u2013 1993 \u2013 1996 \u2013 2001 \u2013 2006 Fundaci\u00f3n Cultural Correo del Sur. Personaje C\u00edvico del Departamento de Nari\u00f1o a\u00f1o 2000. Medalla \u00c1lvaro Javier Jurado Calvache a\u00f1o 2007 \u2013 Centro Educativo PROFESA \u2013 defensor poblaci\u00f3n vulnerable del municipio de Pasto. Mejor cuentista del departamento de Nari\u00f1o \u2013 a\u00f1os 1989 \u2013 2004 \u2013 2005. Cronista m\u00e1s destacado del departamento de Nari\u00f1o \u2013 a\u00f1o 2001. Finalista VI Concurso Internacional de Cuento \u2013 Prensa Nueva \u2013 a\u00f1o 1991. Primer puesto Concurso nacional de cuento \u2013 Contralor\u00eda general de la Rep\u00fablica \u2013 a\u00f1o 1992. Primer Lugar Concurso Municipal de Periodismo \u201cSilvio Le\u00f3n Espa\u00f1a\u201d \u2013 2009. . Reconocimiento Concejo municipal de Pasto, por su labor c\u00edvica y educativa. Sus obras y escritos se conocen en varios pa\u00edses de Latinoam\u00e9rica y de Colombia. Es autor de una docena de textos y m\u00e1s de un millar de columnas de opini\u00f3n que han generado pol\u00e9mica en el contexto nacional y latinoamericano: Testimonio de una insurrecci\u00f3n ciudadana \u2013 2011. El doctor Mierda. Un pueblo ante la historia. La filosof\u00eda de la gallina. Del amor por la Tierra... y otros textos. Diario de un maestro de escuela. Apuntes para una nueva historia Nuevos apuntes \u2013 Tomas Hidalgo Calvache. El problema de los cristianos. La utilidad del poeta. \u00bfTe acuerdas Mariana...? Corona F\u00fanebre \u2013 Tomas Hidalgo Calvache. En formato digital ha editado los siguientes t\u00edtulos: - La nueva filosof\u00eda de la gallina. - Tomas Hidalgo Calvache - Apuntes. - Educar con valor. Figura en varias antolog\u00edas de autores nari\u00f1enses y en una latinoamericana. Sobre \u00e9l han escrito elogiosamente intelectuales de la talla de Otto Morales Ben\u00edtez, Edgar Bastidas Urresty, Juan Augusto Ortiz cabrera, Carlos Santamar\u00eda, Javier Rodrizales, Miguel Garz\u00f3n Arteaga, Fausto Molina, Jorge Arturo Bravo y otros tantos que ser\u00eda dif\u00edcil nombrar en esta peque\u00f1a cr\u00f3nica sobre Pablo Emilio Obando Acosta.","url":"https:\/\/pagina10.com\/web\/author\/pobando\/"}]}},"_links":{"self":[{"href":"https:\/\/pagina10.com\/web\/wp-json\/wp\/v2\/posts\/70879203039","targetHints":{"allow":["GET"]}}],"collection":[{"href":"https:\/\/pagina10.com\/web\/wp-json\/wp\/v2\/posts"}],"about":[{"href":"https:\/\/pagina10.com\/web\/wp-json\/wp\/v2\/types\/post"}],"author":[{"embeddable":true,"href":"https:\/\/pagina10.com\/web\/wp-json\/wp\/v2\/users\/46"}],"replies":[{"embeddable":true,"href":"https:\/\/pagina10.com\/web\/wp-json\/wp\/v2\/comments?post=70879203039"}],"version-history":[{"count":1,"href":"https:\/\/pagina10.com\/web\/wp-json\/wp\/v2\/posts\/70879203039\/revisions"}],"predecessor-version":[{"id":70879203042,"href":"https:\/\/pagina10.com\/web\/wp-json\/wp\/v2\/posts\/70879203039\/revisions\/70879203042"}],"wp:featuredmedia":[{"embeddable":true,"href":"https:\/\/pagina10.com\/web\/wp-json\/wp\/v2\/media\/70879203041"}],"wp:attachment":[{"href":"https:\/\/pagina10.com\/web\/wp-json\/wp\/v2\/media?parent=70879203039"}],"wp:term":[{"taxonomy":"category","embeddable":true,"href":"https:\/\/pagina10.com\/web\/wp-json\/wp\/v2\/categories?post=70879203039"},{"taxonomy":"post_tag","embeddable":true,"href":"https:\/\/pagina10.com\/web\/wp-json\/wp\/v2\/tags?post=70879203039"}],"curies":[{"name":"wp","href":"https:\/\/api.w.org\/{rel}","templated":true}]}}