{"id":70879203054,"date":"2024-02-19T15:41:59","date_gmt":"2024-02-19T20:41:59","guid":{"rendered":"https:\/\/pagina10.com\/web\/?p=70879203054"},"modified":"2024-02-19T15:46:42","modified_gmt":"2024-02-19T20:46:42","slug":"fue-recuperado-nino-indigena-liberado-por-disidencias-en-narino","status":"publish","type":"post","link":"https:\/\/pagina10.com\/web\/fue-recuperado-nino-indigena-liberado-por-disidencias-en-narino\/","title":{"rendered":"Fue recuperado ni\u00f1o ind\u00edgena liberado por disidencias en Nari\u00f1o"},"content":{"rendered":"<p style=\"text-align: justify;\">Integrantes del frente Franco Benavides del Estado Mayor Central (EMC) entregaron a un ni\u00f1o ind\u00edgena al Comit\u00e9 Internacional de la Cruz Roja (CICR) en zona rural de Nari\u00f1o. El menor, considerado por el EMC como un &#8220;infiltrado&#8221;, fue liberado en buen estado de salud y en presencia de un familiar, seg\u00fan confirm\u00f3 el CICR.<\/p>\n<p style=\"text-align: justify;\">Aunque el organismo humanitario no especific\u00f3 la edad ni la etnia del joven, el EMC inform\u00f3 en sus redes sociales que se trataba de un &#8220;menor ind\u00edgena&#8221;, acusado, seg\u00fan el grupo armado, de violar el cese al fuego bilateral vigente y de ser infiltrado por las fuerzas militares en Nari\u00f1o. Esta entrega marca la primera liberaci\u00f3n facilitada por el CICR en lo que va del a\u00f1o, destacando su papel neutral en la mediaci\u00f3n de conflictos armados y su enfoque humanitario para reunir a las personas privadas de libertad con sus seres queridos.<\/p>\n<p style=\"text-align: justify;\">Juan Carlos Carrera, jefe de la subdelegaci\u00f3n del CICR en Cali, lament\u00f3 la persistencia de los conflictos armados y la violencia en Colombia, especialmente en regiones como Nari\u00f1o, donde la situaci\u00f3n es especialmente compleja. El CICR record\u00f3 a los actores armados estatales y no estatales, la obligaci\u00f3n que tienen por respetar el Derecho Internacional Humanitario y proteger a la poblaci\u00f3n civil, as\u00ed como a quienes han dejado de participar en las hostilidades.<\/p>\n","protected":false},"excerpt":{"rendered":"<p>Integrantes del frente Franco Benavides del Estado Mayor Central (EMC) entregaron a un ni\u00f1o ind\u00edgena al Comit\u00e9 Internacional de la Cruz Roja (CICR) en zona rural de Nari\u00f1o. El menor, considerado por el EMC como un &#8220;infiltrado&#8221;, fue liberado en buen estado de salud y en presencia de un familiar, seg\u00fan confirm\u00f3 el CICR. Aunque [&hellip;]<\/p>\n","protected":false},"author":1,"featured_media":70879203056,"comment_status":"open","ping_status":"open","sticky":false,"template":"","format":"standard","meta":{"footnotes":""},"categories":[14],"tags":[],"class_list":["post-70879203054","post","type-post","status-publish","format-standard","has-post-thumbnail","hentry","category-narino-actual"],"yoast_head":"<!-- This site is optimized with the Yoast SEO plugin v27.1.1 - https:\/\/yoast.com\/product\/yoast-seo-wordpress\/ -->\n<title>Fue recuperado ni\u00f1o ind\u00edgena liberado por disidencias en Nari\u00f1o | P\u00e1gina10<\/title>\n<meta name=\"robots\" content=\"index, follow, max-snippet:-1, max-image-preview:large, max-video-preview:-1\" \/>\n<link rel=\"canonical\" href=\"https:\/\/pagina10.com\/web\/fue-recuperado-nino-indigena-liberado-por-disidencias-en-narino\/\" \/>\n<meta property=\"og:locale\" content=\"es_ES\" \/>\n<meta property=\"og:type\" content=\"article\" \/>\n<meta property=\"og:title\" content=\"Fue recuperado ni\u00f1o ind\u00edgena liberado por disidencias en Nari\u00f1o | P\u00e1gina10\" \/>\n<meta property=\"og:description\" content=\"Integrantes del frente Franco Benavides del Estado Mayor Central (EMC) entregaron a un ni\u00f1o ind\u00edgena al Comit\u00e9 Internacional de la Cruz Roja (CICR) en zona rural de Nari\u00f1o. El menor, considerado por el EMC como un &#8220;infiltrado&#8221;, fue liberado en buen estado de salud y en presencia de un familiar, seg\u00fan confirm\u00f3 el CICR. Aunque [&hellip;]\" \/>\n<meta property=\"og:url\" content=\"https:\/\/pagina10.com\/web\/fue-recuperado-nino-indigena-liberado-por-disidencias-en-narino\/\" \/>\n<meta property=\"og:site_name\" content=\"P\u00e1gina10\" \/>\n<meta property=\"article:publisher\" content=\"https:\/\/www.facebook.com\/pag10com\" \/>\n<meta property=\"article:published_time\" content=\"2024-02-19T20:41:59+00:00\" \/>\n<meta property=\"article:modified_time\" content=\"2024-02-19T20:46:42+00:00\" \/>\n<meta property=\"og:image\" content=\"https:\/\/pagina10.com\/web\/wp-content\/uploads\/2024\/02\/fotonoticia_20230903222729_1200.jpg\" \/>\n\t<meta property=\"og:image:width\" content=\"1200\" \/>\n\t<meta property=\"og:image:height\" content=\"800\" \/>\n\t<meta property=\"og:image:type\" content=\"image\/jpeg\" \/>\n<meta name=\"author\" content=\"P\u00e1gina 10\" \/>\n<meta name=\"twitter:card\" content=\"summary_large_image\" \/>\n<meta name=\"twitter:creator\" content=\"@Pag10com\" \/>\n<meta name=\"twitter:site\" content=\"@Pag10com\" \/>\n<meta name=\"twitter:label1\" content=\"Escrito por\" \/>\n\t<meta name=\"twitter:data1\" content=\"P\u00e1gina 10\" \/>\n\t<meta name=\"twitter:label2\" content=\"Tiempo de lectura\" \/>\n\t<meta name=\"twitter:data2\" content=\"2 minutos\" \/>\n<script type=\"application\/ld+json\" class=\"yoast-schema-graph\">{\"@context\":\"https:\/\/schema.org\",\"@graph\":[{\"@type\":\"Article\",\"@id\":\"https:\/\/pagina10.com\/web\/fue-recuperado-nino-indigena-liberado-por-disidencias-en-narino\/#article\",\"isPartOf\":{\"@id\":\"https:\/\/pagina10.com\/web\/fue-recuperado-nino-indigena-liberado-por-disidencias-en-narino\/\"},\"author\":{\"name\":\"P\u00e1gina 10\",\"@id\":\"https:\/\/pagina10.com\/web\/#\/schema\/person\/2efc4a090d25b667d3bc796798a3a81b\"},\"headline\":\"Fue recuperado ni\u00f1o ind\u00edgena liberado por disidencias en Nari\u00f1o\",\"datePublished\":\"2024-02-19T20:41:59+00:00\",\"dateModified\":\"2024-02-19T20:46:42+00:00\",\"mainEntityOfPage\":{\"@id\":\"https:\/\/pagina10.com\/web\/fue-recuperado-nino-indigena-liberado-por-disidencias-en-narino\/\"},\"wordCount\":245,\"commentCount\":0,\"publisher\":{\"@id\":\"https:\/\/pagina10.com\/web\/#organization\"},\"image\":{\"@id\":\"https:\/\/pagina10.com\/web\/fue-recuperado-nino-indigena-liberado-por-disidencias-en-narino\/#primaryimage\"},\"thumbnailUrl\":\"https:\/\/pagina10.com\/web\/wp-content\/uploads\/2024\/02\/fotonoticia_20230903222729_1200.jpg\",\"articleSection\":[\"Nari\u00f1o Actual\"],\"inLanguage\":\"es\",\"potentialAction\":[{\"@type\":\"CommentAction\",\"name\":\"Comment\",\"target\":[\"https:\/\/pagina10.com\/web\/fue-recuperado-nino-indigena-liberado-por-disidencias-en-narino\/#respond\"]}]},{\"@type\":\"WebPage\",\"@id\":\"https:\/\/pagina10.com\/web\/fue-recuperado-nino-indigena-liberado-por-disidencias-en-narino\/\",\"url\":\"https:\/\/pagina10.com\/web\/fue-recuperado-nino-indigena-liberado-por-disidencias-en-narino\/\",\"name\":\"Fue recuperado ni\u00f1o ind\u00edgena liberado por disidencias en Nari\u00f1o | P\u00e1gina10\",\"isPartOf\":{\"@id\":\"https:\/\/pagina10.com\/web\/#website\"},\"primaryImageOfPage\":{\"@id\":\"https:\/\/pagina10.com\/web\/fue-recuperado-nino-indigena-liberado-por-disidencias-en-narino\/#primaryimage\"},\"image\":{\"@id\":\"https:\/\/pagina10.com\/web\/fue-recuperado-nino-indigena-liberado-por-disidencias-en-narino\/#primaryimage\"},\"thumbnailUrl\":\"https:\/\/pagina10.com\/web\/wp-content\/uploads\/2024\/02\/fotonoticia_20230903222729_1200.jpg\",\"datePublished\":\"2024-02-19T20:41:59+00:00\",\"dateModified\":\"2024-02-19T20:46:42+00:00\",\"breadcrumb\":{\"@id\":\"https:\/\/pagina10.com\/web\/fue-recuperado-nino-indigena-liberado-por-disidencias-en-narino\/#breadcrumb\"},\"inLanguage\":\"es\",\"potentialAction\":[{\"@type\":\"ReadAction\",\"target\":[\"https:\/\/pagina10.com\/web\/fue-recuperado-nino-indigena-liberado-por-disidencias-en-narino\/\"]}]},{\"@type\":\"ImageObject\",\"inLanguage\":\"es\",\"@id\":\"https:\/\/pagina10.com\/web\/fue-recuperado-nino-indigena-liberado-por-disidencias-en-narino\/#primaryimage\",\"url\":\"https:\/\/pagina10.com\/web\/wp-content\/uploads\/2024\/02\/fotonoticia_20230903222729_1200.jpg\",\"contentUrl\":\"https:\/\/pagina10.com\/web\/wp-content\/uploads\/2024\/02\/fotonoticia_20230903222729_1200.jpg\",\"width\":1200,\"height\":800,\"caption\":\"Imagen de archivo\"},{\"@type\":\"BreadcrumbList\",\"@id\":\"https:\/\/pagina10.com\/web\/fue-recuperado-nino-indigena-liberado-por-disidencias-en-narino\/#breadcrumb\",\"itemListElement\":[{\"@type\":\"ListItem\",\"position\":1,\"name\":\"Portada\",\"item\":\"https:\/\/pagina10.com\/web\/\"},{\"@type\":\"ListItem\",\"position\":2,\"name\":\"Fue recuperado ni\u00f1o ind\u00edgena liberado por disidencias en Nari\u00f1o\"}]},{\"@type\":\"WebSite\",\"@id\":\"https:\/\/pagina10.com\/web\/#website\",\"url\":\"https:\/\/pagina10.com\/web\/\",\"name\":\"P\u00e1gina10\",\"description\":\"Peri\u00f3dico Regional\",\"publisher\":{\"@id\":\"https:\/\/pagina10.com\/web\/#organization\"},\"alternateName\":\"P\u00e1gina10 Peri\u00f3dico Regional\",\"potentialAction\":[{\"@type\":\"SearchAction\",\"target\":{\"@type\":\"EntryPoint\",\"urlTemplate\":\"https:\/\/pagina10.com\/web\/?s={search_term_string}\"},\"query-input\":{\"@type\":\"PropertyValueSpecification\",\"valueRequired\":true,\"valueName\":\"search_term_string\"}}],\"inLanguage\":\"es\"},{\"@type\":\"Organization\",\"@id\":\"https:\/\/pagina10.com\/web\/#organization\",\"name\":\"P\u00e1gina10\",\"alternateName\":\"P\u00e1gina10 Peri\u00f3dico Regional\",\"url\":\"https:\/\/pagina10.com\/web\/\",\"logo\":{\"@type\":\"ImageObject\",\"inLanguage\":\"es\",\"@id\":\"https:\/\/pagina10.com\/web\/#\/schema\/logo\/image\/\",\"url\":\"https:\/\/pagina10.com\/web\/wp-content\/uploads\/2024\/01\/40-pagina-10-periodico-regional-pasto.jpg\",\"contentUrl\":\"https:\/\/pagina10.com\/web\/wp-content\/uploads\/2024\/01\/40-pagina-10-periodico-regional-pasto.jpg\",\"width\":1280,\"height\":720,\"caption\":\"P\u00e1gina10\"},\"image\":{\"@id\":\"https:\/\/pagina10.com\/web\/#\/schema\/logo\/image\/\"},\"sameAs\":[\"https:\/\/www.facebook.com\/pag10com\",\"https:\/\/x.com\/Pag10com\",\"https:\/\/www.instagram.com\/pagina10col\/\",\"https:\/\/youtube.com\/channel\/pag10\",\"https:\/\/www.tiktok.com\/@p10col\"]},{\"@type\":\"Person\",\"@id\":\"https:\/\/pagina10.com\/web\/#\/schema\/person\/2efc4a090d25b667d3bc796798a3a81b\",\"name\":\"P\u00e1gina 10\",\"description\":\"P\u00e1gina 10 es un peri\u00f3dico regional que nace en Colombia, en el departamento de Nari\u00f1o, con un enfoque global, fundamentado en cuatro pilares esenciales: la libertad, el pluralismo, la inclusi\u00f3n y la independencia. P\u00e1gina 10 hace referencia a Nari\u00f1o como el d\u00e9cimo departamento creado en Colombia, despu\u00e9s de un proceso pol\u00edtico liderado por actores y actrices regionales con el fin de obtener la independencia y autonom\u00eda de nuestros territorios. Con la creaci\u00f3n de P\u00e1gina 10 se pretende abrir un escenario para el dialogo, la reflexi\u00f3n y el debate que se extienda a otras geograf\u00edas de Am\u00e9rica Latina y del planeta, en una apuesta por transformar colectivamente los desaf\u00edos de un mundo contempor\u00e1neo, m\u00e1s all\u00e1 de las fronteras impuestas.\",\"url\":\"https:\/\/pagina10.com\/web\/author\/pdiezadmin\/\"}]}<\/script>\n<!-- \/ Yoast SEO plugin. -->","yoast_head_json":{"title":"Fue recuperado ni\u00f1o ind\u00edgena liberado por disidencias en Nari\u00f1o | P\u00e1gina10","robots":{"index":"index","follow":"follow","max-snippet":"max-snippet:-1","max-image-preview":"max-image-preview:large","max-video-preview":"max-video-preview:-1"},"canonical":"https:\/\/pagina10.com\/web\/fue-recuperado-nino-indigena-liberado-por-disidencias-en-narino\/","og_locale":"es_ES","og_type":"article","og_title":"Fue recuperado ni\u00f1o ind\u00edgena liberado por disidencias en Nari\u00f1o | P\u00e1gina10","og_description":"Integrantes del frente Franco Benavides del Estado Mayor Central (EMC) entregaron a un ni\u00f1o ind\u00edgena al Comit\u00e9 Internacional de la Cruz Roja (CICR) en zona rural de Nari\u00f1o. El menor, considerado por el EMC como un &#8220;infiltrado&#8221;, fue liberado en buen estado de salud y en presencia de un familiar, seg\u00fan confirm\u00f3 el CICR. Aunque [&hellip;]","og_url":"https:\/\/pagina10.com\/web\/fue-recuperado-nino-indigena-liberado-por-disidencias-en-narino\/","og_site_name":"P\u00e1gina10","article_publisher":"https:\/\/www.facebook.com\/pag10com","article_published_time":"2024-02-19T20:41:59+00:00","article_modified_time":"2024-02-19T20:46:42+00:00","og_image":[{"width":1200,"height":800,"url":"https:\/\/pagina10.com\/web\/wp-content\/uploads\/2024\/02\/fotonoticia_20230903222729_1200.jpg","type":"image\/jpeg"}],"author":"P\u00e1gina 10","twitter_card":"summary_large_image","twitter_creator":"@Pag10com","twitter_site":"@Pag10com","twitter_misc":{"Escrito por":"P\u00e1gina 10","Tiempo de lectura":"2 minutos"},"schema":{"@context":"https:\/\/schema.org","@graph":[{"@type":"Article","@id":"https:\/\/pagina10.com\/web\/fue-recuperado-nino-indigena-liberado-por-disidencias-en-narino\/#article","isPartOf":{"@id":"https:\/\/pagina10.com\/web\/fue-recuperado-nino-indigena-liberado-por-disidencias-en-narino\/"},"author":{"name":"P\u00e1gina 10","@id":"https:\/\/pagina10.com\/web\/#\/schema\/person\/2efc4a090d25b667d3bc796798a3a81b"},"headline":"Fue recuperado ni\u00f1o ind\u00edgena liberado por disidencias en Nari\u00f1o","datePublished":"2024-02-19T20:41:59+00:00","dateModified":"2024-02-19T20:46:42+00:00","mainEntityOfPage":{"@id":"https:\/\/pagina10.com\/web\/fue-recuperado-nino-indigena-liberado-por-disidencias-en-narino\/"},"wordCount":245,"commentCount":0,"publisher":{"@id":"https:\/\/pagina10.com\/web\/#organization"},"image":{"@id":"https:\/\/pagina10.com\/web\/fue-recuperado-nino-indigena-liberado-por-disidencias-en-narino\/#primaryimage"},"thumbnailUrl":"https:\/\/pagina10.com\/web\/wp-content\/uploads\/2024\/02\/fotonoticia_20230903222729_1200.jpg","articleSection":["Nari\u00f1o Actual"],"inLanguage":"es","potentialAction":[{"@type":"CommentAction","name":"Comment","target":["https:\/\/pagina10.com\/web\/fue-recuperado-nino-indigena-liberado-por-disidencias-en-narino\/#respond"]}]},{"@type":"WebPage","@id":"https:\/\/pagina10.com\/web\/fue-recuperado-nino-indigena-liberado-por-disidencias-en-narino\/","url":"https:\/\/pagina10.com\/web\/fue-recuperado-nino-indigena-liberado-por-disidencias-en-narino\/","name":"Fue recuperado ni\u00f1o ind\u00edgena liberado por disidencias en Nari\u00f1o | P\u00e1gina10","isPartOf":{"@id":"https:\/\/pagina10.com\/web\/#website"},"primaryImageOfPage":{"@id":"https:\/\/pagina10.com\/web\/fue-recuperado-nino-indigena-liberado-por-disidencias-en-narino\/#primaryimage"},"image":{"@id":"https:\/\/pagina10.com\/web\/fue-recuperado-nino-indigena-liberado-por-disidencias-en-narino\/#primaryimage"},"thumbnailUrl":"https:\/\/pagina10.com\/web\/wp-content\/uploads\/2024\/02\/fotonoticia_20230903222729_1200.jpg","datePublished":"2024-02-19T20:41:59+00:00","dateModified":"2024-02-19T20:46:42+00:00","breadcrumb":{"@id":"https:\/\/pagina10.com\/web\/fue-recuperado-nino-indigena-liberado-por-disidencias-en-narino\/#breadcrumb"},"inLanguage":"es","potentialAction":[{"@type":"ReadAction","target":["https:\/\/pagina10.com\/web\/fue-recuperado-nino-indigena-liberado-por-disidencias-en-narino\/"]}]},{"@type":"ImageObject","inLanguage":"es","@id":"https:\/\/pagina10.com\/web\/fue-recuperado-nino-indigena-liberado-por-disidencias-en-narino\/#primaryimage","url":"https:\/\/pagina10.com\/web\/wp-content\/uploads\/2024\/02\/fotonoticia_20230903222729_1200.jpg","contentUrl":"https:\/\/pagina10.com\/web\/wp-content\/uploads\/2024\/02\/fotonoticia_20230903222729_1200.jpg","width":1200,"height":800,"caption":"Imagen de archivo"},{"@type":"BreadcrumbList","@id":"https:\/\/pagina10.com\/web\/fue-recuperado-nino-indigena-liberado-por-disidencias-en-narino\/#breadcrumb","itemListElement":[{"@type":"ListItem","position":1,"name":"Portada","item":"https:\/\/pagina10.com\/web\/"},{"@type":"ListItem","position":2,"name":"Fue recuperado ni\u00f1o ind\u00edgena liberado por disidencias en Nari\u00f1o"}]},{"@type":"WebSite","@id":"https:\/\/pagina10.com\/web\/#website","url":"https:\/\/pagina10.com\/web\/","name":"P\u00e1gina10","description":"Peri\u00f3dico Regional","publisher":{"@id":"https:\/\/pagina10.com\/web\/#organization"},"alternateName":"P\u00e1gina10 Peri\u00f3dico Regional","potentialAction":[{"@type":"SearchAction","target":{"@type":"EntryPoint","urlTemplate":"https:\/\/pagina10.com\/web\/?s={search_term_string}"},"query-input":{"@type":"PropertyValueSpecification","valueRequired":true,"valueName":"search_term_string"}}],"inLanguage":"es"},{"@type":"Organization","@id":"https:\/\/pagina10.com\/web\/#organization","name":"P\u00e1gina10","alternateName":"P\u00e1gina10 Peri\u00f3dico Regional","url":"https:\/\/pagina10.com\/web\/","logo":{"@type":"ImageObject","inLanguage":"es","@id":"https:\/\/pagina10.com\/web\/#\/schema\/logo\/image\/","url":"https:\/\/pagina10.com\/web\/wp-content\/uploads\/2024\/01\/40-pagina-10-periodico-regional-pasto.jpg","contentUrl":"https:\/\/pagina10.com\/web\/wp-content\/uploads\/2024\/01\/40-pagina-10-periodico-regional-pasto.jpg","width":1280,"height":720,"caption":"P\u00e1gina10"},"image":{"@id":"https:\/\/pagina10.com\/web\/#\/schema\/logo\/image\/"},"sameAs":["https:\/\/www.facebook.com\/pag10com","https:\/\/x.com\/Pag10com","https:\/\/www.instagram.com\/pagina10col\/","https:\/\/youtube.com\/channel\/pag10","https:\/\/www.tiktok.com\/@p10col"]},{"@type":"Person","@id":"https:\/\/pagina10.com\/web\/#\/schema\/person\/2efc4a090d25b667d3bc796798a3a81b","name":"P\u00e1gina 10","description":"P\u00e1gina 10 es un peri\u00f3dico regional que nace en Colombia, en el departamento de Nari\u00f1o, con un enfoque global, fundamentado en cuatro pilares esenciales: la libertad, el pluralismo, la inclusi\u00f3n y la independencia. P\u00e1gina 10 hace referencia a Nari\u00f1o como el d\u00e9cimo departamento creado en Colombia, despu\u00e9s de un proceso pol\u00edtico liderado por actores y actrices regionales con el fin de obtener la independencia y autonom\u00eda de nuestros territorios. Con la creaci\u00f3n de P\u00e1gina 10 se pretende abrir un escenario para el dialogo, la reflexi\u00f3n y el debate que se extienda a otras geograf\u00edas de Am\u00e9rica Latina y del planeta, en una apuesta por transformar colectivamente los desaf\u00edos de un mundo contempor\u00e1neo, m\u00e1s all\u00e1 de las fronteras impuestas.","url":"https:\/\/pagina10.com\/web\/author\/pdiezadmin\/"}]}},"_links":{"self":[{"href":"https:\/\/pagina10.com\/web\/wp-json\/wp\/v2\/posts\/70879203054","targetHints":{"allow":["GET"]}}],"collection":[{"href":"https:\/\/pagina10.com\/web\/wp-json\/wp\/v2\/posts"}],"about":[{"href":"https:\/\/pagina10.com\/web\/wp-json\/wp\/v2\/types\/post"}],"author":[{"embeddable":true,"href":"https:\/\/pagina10.com\/web\/wp-json\/wp\/v2\/users\/1"}],"replies":[{"embeddable":true,"href":"https:\/\/pagina10.com\/web\/wp-json\/wp\/v2\/comments?post=70879203054"}],"version-history":[{"count":2,"href":"https:\/\/pagina10.com\/web\/wp-json\/wp\/v2\/posts\/70879203054\/revisions"}],"predecessor-version":[{"id":70879203064,"href":"https:\/\/pagina10.com\/web\/wp-json\/wp\/v2\/posts\/70879203054\/revisions\/70879203064"}],"wp:featuredmedia":[{"embeddable":true,"href":"https:\/\/pagina10.com\/web\/wp-json\/wp\/v2\/media\/70879203056"}],"wp:attachment":[{"href":"https:\/\/pagina10.com\/web\/wp-json\/wp\/v2\/media?parent=70879203054"}],"wp:term":[{"taxonomy":"category","embeddable":true,"href":"https:\/\/pagina10.com\/web\/wp-json\/wp\/v2\/categories?post=70879203054"},{"taxonomy":"post_tag","embeddable":true,"href":"https:\/\/pagina10.com\/web\/wp-json\/wp\/v2\/tags?post=70879203054"}],"curies":[{"name":"wp","href":"https:\/\/api.w.org\/{rel}","templated":true}]}}