{"id":70879203225,"date":"2024-02-28T14:58:44","date_gmt":"2024-02-28T19:58:44","guid":{"rendered":"https:\/\/pagina10.com\/web\/?p=70879203225"},"modified":"2024-02-28T15:06:47","modified_gmt":"2024-02-28T20:06:47","slug":"aumentaron-masacres-en-colombia-onu","status":"publish","type":"post","link":"https:\/\/pagina10.com\/web\/aumentaron-masacres-en-colombia-onu\/","title":{"rendered":"Aumentaron masacres en Colombia: ONU"},"content":{"rendered":"<p style=\"text-align: justify;\">Seg\u00fan el m\u00e1s reciente informe de la Oficina de las Naciones Unidas para los Derechos Humanos (ONU), Colombia experiment\u00f3 un aumento en la cantidad de masacres durante el a\u00f1o 2023. Este informe revel\u00f3 un incremento del 6.5% en comparaci\u00f3n con el a\u00f1o anterior, con un total de 98 casos documentados.<\/p>\n<p style=\"text-align: justify;\">Al respecto, Juliette de Rivero, representante en Colombia del Alto Comisionado de la ONU para los Derechos Humanos, destac\u00f3 que este aumento ha motivado una seria preocupaci\u00f3n a nivel nacional, debido a que la mayor\u00eda de estas atrocidades fueron perpetradas por grupos armados ilegales, quienes fueron responsables del 93% de los casos. Adem\u00e1s, se resalt\u00f3 la cifra de reclutamiento de menores de edad, con 134 casos verificados durante el a\u00f1o, 75 de ellos de comunidades \u00e9tnicas, evidenciando la vulnerabilidad de algunos grupos poblacionales frente a la violencia armada en el territorio.<\/p>\n<p style=\"text-align: justify;\">En este escenario, es evidente la necesidad de acciones contundentes por parte del gobierno colombiano y la comunidad internacional que aborde las violaciones de derechos humanos y garantice la protecci\u00f3n de la poblaci\u00f3n vulnerable en el pa\u00eds.<\/p>\n<p style=\"text-align: justify;\">Rivero a\u00f1adi\u00f3 en su intervenci\u00f3n que la impunidad persistente y la consolidaci\u00f3n del poder de los grupos en ciertas regiones representan un serio desaf\u00edo para la gobernabilidad y la protecci\u00f3n de los derechos humanos.<\/p>\n","protected":false},"excerpt":{"rendered":"<p>Seg\u00fan el m\u00e1s reciente informe de la Oficina de las Naciones Unidas para los Derechos Humanos (ONU), Colombia experiment\u00f3 un aumento en la cantidad de masacres durante el a\u00f1o 2023. Este informe revel\u00f3 un incremento del 6.5% en comparaci\u00f3n con el a\u00f1o anterior, con un total de 98 casos documentados. Al respecto, Juliette de Rivero, [&hellip;]<\/p>\n","protected":false},"author":1,"featured_media":70879203227,"comment_status":"open","ping_status":"open","sticky":false,"template":"","format":"standard","meta":{"footnotes":""},"categories":[94],"tags":[],"class_list":["post-70879203225","post","type-post","status-publish","format-standard","has-post-thumbnail","hentry","category-nacional-global-2"],"yoast_head":"<!-- This site is optimized with the Yoast SEO plugin v27.1.1 - https:\/\/yoast.com\/product\/yoast-seo-wordpress\/ -->\n<title>Aumentaron masacres en Colombia: ONU | P\u00e1gina10<\/title>\n<meta name=\"robots\" content=\"index, follow, max-snippet:-1, max-image-preview:large, max-video-preview:-1\" \/>\n<link rel=\"canonical\" href=\"https:\/\/pagina10.com\/web\/aumentaron-masacres-en-colombia-onu\/\" \/>\n<meta property=\"og:locale\" content=\"es_ES\" \/>\n<meta property=\"og:type\" content=\"article\" \/>\n<meta property=\"og:title\" content=\"Aumentaron masacres en Colombia: ONU | P\u00e1gina10\" \/>\n<meta property=\"og:description\" content=\"Seg\u00fan el m\u00e1s reciente informe de la Oficina de las Naciones Unidas para los Derechos Humanos (ONU), Colombia experiment\u00f3 un aumento en la cantidad de masacres durante el a\u00f1o 2023. Este informe revel\u00f3 un incremento del 6.5% en comparaci\u00f3n con el a\u00f1o anterior, con un total de 98 casos documentados. Al respecto, Juliette de Rivero, [&hellip;]\" \/>\n<meta property=\"og:url\" content=\"https:\/\/pagina10.com\/web\/aumentaron-masacres-en-colombia-onu\/\" \/>\n<meta property=\"og:site_name\" content=\"P\u00e1gina10\" \/>\n<meta property=\"article:publisher\" content=\"https:\/\/www.facebook.com\/pag10com\" \/>\n<meta property=\"article:published_time\" content=\"2024-02-28T19:58:44+00:00\" \/>\n<meta property=\"article:modified_time\" content=\"2024-02-28T20:06:47+00:00\" \/>\n<meta property=\"og:image\" content=\"https:\/\/pagina10.com\/web\/wp-content\/uploads\/2024\/02\/ONU_2.jpg\" \/>\n\t<meta property=\"og:image:width\" content=\"1917\" \/>\n\t<meta property=\"og:image:height\" content=\"846\" \/>\n\t<meta property=\"og:image:type\" content=\"image\/jpeg\" \/>\n<meta name=\"author\" content=\"P\u00e1gina 10\" \/>\n<meta name=\"twitter:card\" content=\"summary_large_image\" \/>\n<meta name=\"twitter:creator\" content=\"@Pag10com\" \/>\n<meta name=\"twitter:site\" content=\"@Pag10com\" \/>\n<meta name=\"twitter:label1\" content=\"Escrito por\" \/>\n\t<meta name=\"twitter:data1\" content=\"P\u00e1gina 10\" \/>\n\t<meta name=\"twitter:label2\" content=\"Tiempo de lectura\" \/>\n\t<meta name=\"twitter:data2\" content=\"2 minutos\" \/>\n<script type=\"application\/ld+json\" class=\"yoast-schema-graph\">{\"@context\":\"https:\/\/schema.org\",\"@graph\":[{\"@type\":\"Article\",\"@id\":\"https:\/\/pagina10.com\/web\/aumentaron-masacres-en-colombia-onu\/#article\",\"isPartOf\":{\"@id\":\"https:\/\/pagina10.com\/web\/aumentaron-masacres-en-colombia-onu\/\"},\"author\":{\"name\":\"P\u00e1gina 10\",\"@id\":\"https:\/\/pagina10.com\/web\/#\/schema\/person\/2efc4a090d25b667d3bc796798a3a81b\"},\"headline\":\"Aumentaron masacres en Colombia: ONU\",\"datePublished\":\"2024-02-28T19:58:44+00:00\",\"dateModified\":\"2024-02-28T20:06:47+00:00\",\"mainEntityOfPage\":{\"@id\":\"https:\/\/pagina10.com\/web\/aumentaron-masacres-en-colombia-onu\/\"},\"wordCount\":228,\"commentCount\":0,\"publisher\":{\"@id\":\"https:\/\/pagina10.com\/web\/#organization\"},\"image\":{\"@id\":\"https:\/\/pagina10.com\/web\/aumentaron-masacres-en-colombia-onu\/#primaryimage\"},\"thumbnailUrl\":\"https:\/\/pagina10.com\/web\/wp-content\/uploads\/2024\/02\/ONU_2.jpg\",\"articleSection\":[\"Nacional\"],\"inLanguage\":\"es\",\"potentialAction\":[{\"@type\":\"CommentAction\",\"name\":\"Comment\",\"target\":[\"https:\/\/pagina10.com\/web\/aumentaron-masacres-en-colombia-onu\/#respond\"]}]},{\"@type\":\"WebPage\",\"@id\":\"https:\/\/pagina10.com\/web\/aumentaron-masacres-en-colombia-onu\/\",\"url\":\"https:\/\/pagina10.com\/web\/aumentaron-masacres-en-colombia-onu\/\",\"name\":\"Aumentaron masacres en Colombia: ONU | P\u00e1gina10\",\"isPartOf\":{\"@id\":\"https:\/\/pagina10.com\/web\/#website\"},\"primaryImageOfPage\":{\"@id\":\"https:\/\/pagina10.com\/web\/aumentaron-masacres-en-colombia-onu\/#primaryimage\"},\"image\":{\"@id\":\"https:\/\/pagina10.com\/web\/aumentaron-masacres-en-colombia-onu\/#primaryimage\"},\"thumbnailUrl\":\"https:\/\/pagina10.com\/web\/wp-content\/uploads\/2024\/02\/ONU_2.jpg\",\"datePublished\":\"2024-02-28T19:58:44+00:00\",\"dateModified\":\"2024-02-28T20:06:47+00:00\",\"breadcrumb\":{\"@id\":\"https:\/\/pagina10.com\/web\/aumentaron-masacres-en-colombia-onu\/#breadcrumb\"},\"inLanguage\":\"es\",\"potentialAction\":[{\"@type\":\"ReadAction\",\"target\":[\"https:\/\/pagina10.com\/web\/aumentaron-masacres-en-colombia-onu\/\"]}]},{\"@type\":\"ImageObject\",\"inLanguage\":\"es\",\"@id\":\"https:\/\/pagina10.com\/web\/aumentaron-masacres-en-colombia-onu\/#primaryimage\",\"url\":\"https:\/\/pagina10.com\/web\/wp-content\/uploads\/2024\/02\/ONU_2.jpg\",\"contentUrl\":\"https:\/\/pagina10.com\/web\/wp-content\/uploads\/2024\/02\/ONU_2.jpg\",\"width\":1917,\"height\":846},{\"@type\":\"BreadcrumbList\",\"@id\":\"https:\/\/pagina10.com\/web\/aumentaron-masacres-en-colombia-onu\/#breadcrumb\",\"itemListElement\":[{\"@type\":\"ListItem\",\"position\":1,\"name\":\"Portada\",\"item\":\"https:\/\/pagina10.com\/web\/\"},{\"@type\":\"ListItem\",\"position\":2,\"name\":\"Aumentaron masacres en Colombia: ONU\"}]},{\"@type\":\"WebSite\",\"@id\":\"https:\/\/pagina10.com\/web\/#website\",\"url\":\"https:\/\/pagina10.com\/web\/\",\"name\":\"P\u00e1gina10\",\"description\":\"Peri\u00f3dico Regional\",\"publisher\":{\"@id\":\"https:\/\/pagina10.com\/web\/#organization\"},\"alternateName\":\"P\u00e1gina10 Peri\u00f3dico Regional\",\"potentialAction\":[{\"@type\":\"SearchAction\",\"target\":{\"@type\":\"EntryPoint\",\"urlTemplate\":\"https:\/\/pagina10.com\/web\/?s={search_term_string}\"},\"query-input\":{\"@type\":\"PropertyValueSpecification\",\"valueRequired\":true,\"valueName\":\"search_term_string\"}}],\"inLanguage\":\"es\"},{\"@type\":\"Organization\",\"@id\":\"https:\/\/pagina10.com\/web\/#organization\",\"name\":\"P\u00e1gina10\",\"alternateName\":\"P\u00e1gina10 Peri\u00f3dico Regional\",\"url\":\"https:\/\/pagina10.com\/web\/\",\"logo\":{\"@type\":\"ImageObject\",\"inLanguage\":\"es\",\"@id\":\"https:\/\/pagina10.com\/web\/#\/schema\/logo\/image\/\",\"url\":\"https:\/\/pagina10.com\/web\/wp-content\/uploads\/2024\/01\/40-pagina-10-periodico-regional-pasto.jpg\",\"contentUrl\":\"https:\/\/pagina10.com\/web\/wp-content\/uploads\/2024\/01\/40-pagina-10-periodico-regional-pasto.jpg\",\"width\":1280,\"height\":720,\"caption\":\"P\u00e1gina10\"},\"image\":{\"@id\":\"https:\/\/pagina10.com\/web\/#\/schema\/logo\/image\/\"},\"sameAs\":[\"https:\/\/www.facebook.com\/pag10com\",\"https:\/\/x.com\/Pag10com\",\"https:\/\/www.instagram.com\/pagina10col\/\",\"https:\/\/youtube.com\/channel\/pag10\",\"https:\/\/www.tiktok.com\/@p10col\"]},{\"@type\":\"Person\",\"@id\":\"https:\/\/pagina10.com\/web\/#\/schema\/person\/2efc4a090d25b667d3bc796798a3a81b\",\"name\":\"P\u00e1gina 10\",\"description\":\"P\u00e1gina 10 es un peri\u00f3dico regional que nace en Colombia, en el departamento de Nari\u00f1o, con un enfoque global, fundamentado en cuatro pilares esenciales: la libertad, el pluralismo, la inclusi\u00f3n y la independencia. P\u00e1gina 10 hace referencia a Nari\u00f1o como el d\u00e9cimo departamento creado en Colombia, despu\u00e9s de un proceso pol\u00edtico liderado por actores y actrices regionales con el fin de obtener la independencia y autonom\u00eda de nuestros territorios. Con la creaci\u00f3n de P\u00e1gina 10 se pretende abrir un escenario para el dialogo, la reflexi\u00f3n y el debate que se extienda a otras geograf\u00edas de Am\u00e9rica Latina y del planeta, en una apuesta por transformar colectivamente los desaf\u00edos de un mundo contempor\u00e1neo, m\u00e1s all\u00e1 de las fronteras impuestas.\",\"url\":\"https:\/\/pagina10.com\/web\/author\/pdiezadmin\/\"}]}<\/script>\n<!-- \/ Yoast SEO plugin. -->","yoast_head_json":{"title":"Aumentaron masacres en Colombia: ONU | P\u00e1gina10","robots":{"index":"index","follow":"follow","max-snippet":"max-snippet:-1","max-image-preview":"max-image-preview:large","max-video-preview":"max-video-preview:-1"},"canonical":"https:\/\/pagina10.com\/web\/aumentaron-masacres-en-colombia-onu\/","og_locale":"es_ES","og_type":"article","og_title":"Aumentaron masacres en Colombia: ONU | P\u00e1gina10","og_description":"Seg\u00fan el m\u00e1s reciente informe de la Oficina de las Naciones Unidas para los Derechos Humanos (ONU), Colombia experiment\u00f3 un aumento en la cantidad de masacres durante el a\u00f1o 2023. Este informe revel\u00f3 un incremento del 6.5% en comparaci\u00f3n con el a\u00f1o anterior, con un total de 98 casos documentados. Al respecto, Juliette de Rivero, [&hellip;]","og_url":"https:\/\/pagina10.com\/web\/aumentaron-masacres-en-colombia-onu\/","og_site_name":"P\u00e1gina10","article_publisher":"https:\/\/www.facebook.com\/pag10com","article_published_time":"2024-02-28T19:58:44+00:00","article_modified_time":"2024-02-28T20:06:47+00:00","og_image":[{"width":1917,"height":846,"url":"https:\/\/pagina10.com\/web\/wp-content\/uploads\/2024\/02\/ONU_2.jpg","type":"image\/jpeg"}],"author":"P\u00e1gina 10","twitter_card":"summary_large_image","twitter_creator":"@Pag10com","twitter_site":"@Pag10com","twitter_misc":{"Escrito por":"P\u00e1gina 10","Tiempo de lectura":"2 minutos"},"schema":{"@context":"https:\/\/schema.org","@graph":[{"@type":"Article","@id":"https:\/\/pagina10.com\/web\/aumentaron-masacres-en-colombia-onu\/#article","isPartOf":{"@id":"https:\/\/pagina10.com\/web\/aumentaron-masacres-en-colombia-onu\/"},"author":{"name":"P\u00e1gina 10","@id":"https:\/\/pagina10.com\/web\/#\/schema\/person\/2efc4a090d25b667d3bc796798a3a81b"},"headline":"Aumentaron masacres en Colombia: ONU","datePublished":"2024-02-28T19:58:44+00:00","dateModified":"2024-02-28T20:06:47+00:00","mainEntityOfPage":{"@id":"https:\/\/pagina10.com\/web\/aumentaron-masacres-en-colombia-onu\/"},"wordCount":228,"commentCount":0,"publisher":{"@id":"https:\/\/pagina10.com\/web\/#organization"},"image":{"@id":"https:\/\/pagina10.com\/web\/aumentaron-masacres-en-colombia-onu\/#primaryimage"},"thumbnailUrl":"https:\/\/pagina10.com\/web\/wp-content\/uploads\/2024\/02\/ONU_2.jpg","articleSection":["Nacional"],"inLanguage":"es","potentialAction":[{"@type":"CommentAction","name":"Comment","target":["https:\/\/pagina10.com\/web\/aumentaron-masacres-en-colombia-onu\/#respond"]}]},{"@type":"WebPage","@id":"https:\/\/pagina10.com\/web\/aumentaron-masacres-en-colombia-onu\/","url":"https:\/\/pagina10.com\/web\/aumentaron-masacres-en-colombia-onu\/","name":"Aumentaron masacres en Colombia: ONU | P\u00e1gina10","isPartOf":{"@id":"https:\/\/pagina10.com\/web\/#website"},"primaryImageOfPage":{"@id":"https:\/\/pagina10.com\/web\/aumentaron-masacres-en-colombia-onu\/#primaryimage"},"image":{"@id":"https:\/\/pagina10.com\/web\/aumentaron-masacres-en-colombia-onu\/#primaryimage"},"thumbnailUrl":"https:\/\/pagina10.com\/web\/wp-content\/uploads\/2024\/02\/ONU_2.jpg","datePublished":"2024-02-28T19:58:44+00:00","dateModified":"2024-02-28T20:06:47+00:00","breadcrumb":{"@id":"https:\/\/pagina10.com\/web\/aumentaron-masacres-en-colombia-onu\/#breadcrumb"},"inLanguage":"es","potentialAction":[{"@type":"ReadAction","target":["https:\/\/pagina10.com\/web\/aumentaron-masacres-en-colombia-onu\/"]}]},{"@type":"ImageObject","inLanguage":"es","@id":"https:\/\/pagina10.com\/web\/aumentaron-masacres-en-colombia-onu\/#primaryimage","url":"https:\/\/pagina10.com\/web\/wp-content\/uploads\/2024\/02\/ONU_2.jpg","contentUrl":"https:\/\/pagina10.com\/web\/wp-content\/uploads\/2024\/02\/ONU_2.jpg","width":1917,"height":846},{"@type":"BreadcrumbList","@id":"https:\/\/pagina10.com\/web\/aumentaron-masacres-en-colombia-onu\/#breadcrumb","itemListElement":[{"@type":"ListItem","position":1,"name":"Portada","item":"https:\/\/pagina10.com\/web\/"},{"@type":"ListItem","position":2,"name":"Aumentaron masacres en Colombia: ONU"}]},{"@type":"WebSite","@id":"https:\/\/pagina10.com\/web\/#website","url":"https:\/\/pagina10.com\/web\/","name":"P\u00e1gina10","description":"Peri\u00f3dico Regional","publisher":{"@id":"https:\/\/pagina10.com\/web\/#organization"},"alternateName":"P\u00e1gina10 Peri\u00f3dico Regional","potentialAction":[{"@type":"SearchAction","target":{"@type":"EntryPoint","urlTemplate":"https:\/\/pagina10.com\/web\/?s={search_term_string}"},"query-input":{"@type":"PropertyValueSpecification","valueRequired":true,"valueName":"search_term_string"}}],"inLanguage":"es"},{"@type":"Organization","@id":"https:\/\/pagina10.com\/web\/#organization","name":"P\u00e1gina10","alternateName":"P\u00e1gina10 Peri\u00f3dico Regional","url":"https:\/\/pagina10.com\/web\/","logo":{"@type":"ImageObject","inLanguage":"es","@id":"https:\/\/pagina10.com\/web\/#\/schema\/logo\/image\/","url":"https:\/\/pagina10.com\/web\/wp-content\/uploads\/2024\/01\/40-pagina-10-periodico-regional-pasto.jpg","contentUrl":"https:\/\/pagina10.com\/web\/wp-content\/uploads\/2024\/01\/40-pagina-10-periodico-regional-pasto.jpg","width":1280,"height":720,"caption":"P\u00e1gina10"},"image":{"@id":"https:\/\/pagina10.com\/web\/#\/schema\/logo\/image\/"},"sameAs":["https:\/\/www.facebook.com\/pag10com","https:\/\/x.com\/Pag10com","https:\/\/www.instagram.com\/pagina10col\/","https:\/\/youtube.com\/channel\/pag10","https:\/\/www.tiktok.com\/@p10col"]},{"@type":"Person","@id":"https:\/\/pagina10.com\/web\/#\/schema\/person\/2efc4a090d25b667d3bc796798a3a81b","name":"P\u00e1gina 10","description":"P\u00e1gina 10 es un peri\u00f3dico regional que nace en Colombia, en el departamento de Nari\u00f1o, con un enfoque global, fundamentado en cuatro pilares esenciales: la libertad, el pluralismo, la inclusi\u00f3n y la independencia. P\u00e1gina 10 hace referencia a Nari\u00f1o como el d\u00e9cimo departamento creado en Colombia, despu\u00e9s de un proceso pol\u00edtico liderado por actores y actrices regionales con el fin de obtener la independencia y autonom\u00eda de nuestros territorios. Con la creaci\u00f3n de P\u00e1gina 10 se pretende abrir un escenario para el dialogo, la reflexi\u00f3n y el debate que se extienda a otras geograf\u00edas de Am\u00e9rica Latina y del planeta, en una apuesta por transformar colectivamente los desaf\u00edos de un mundo contempor\u00e1neo, m\u00e1s all\u00e1 de las fronteras impuestas.","url":"https:\/\/pagina10.com\/web\/author\/pdiezadmin\/"}]}},"_links":{"self":[{"href":"https:\/\/pagina10.com\/web\/wp-json\/wp\/v2\/posts\/70879203225","targetHints":{"allow":["GET"]}}],"collection":[{"href":"https:\/\/pagina10.com\/web\/wp-json\/wp\/v2\/posts"}],"about":[{"href":"https:\/\/pagina10.com\/web\/wp-json\/wp\/v2\/types\/post"}],"author":[{"embeddable":true,"href":"https:\/\/pagina10.com\/web\/wp-json\/wp\/v2\/users\/1"}],"replies":[{"embeddable":true,"href":"https:\/\/pagina10.com\/web\/wp-json\/wp\/v2\/comments?post=70879203225"}],"version-history":[{"count":1,"href":"https:\/\/pagina10.com\/web\/wp-json\/wp\/v2\/posts\/70879203225\/revisions"}],"predecessor-version":[{"id":70879203226,"href":"https:\/\/pagina10.com\/web\/wp-json\/wp\/v2\/posts\/70879203225\/revisions\/70879203226"}],"wp:featuredmedia":[{"embeddable":true,"href":"https:\/\/pagina10.com\/web\/wp-json\/wp\/v2\/media\/70879203227"}],"wp:attachment":[{"href":"https:\/\/pagina10.com\/web\/wp-json\/wp\/v2\/media?parent=70879203225"}],"wp:term":[{"taxonomy":"category","embeddable":true,"href":"https:\/\/pagina10.com\/web\/wp-json\/wp\/v2\/categories?post=70879203225"},{"taxonomy":"post_tag","embeddable":true,"href":"https:\/\/pagina10.com\/web\/wp-json\/wp\/v2\/tags?post=70879203225"}],"curies":[{"name":"wp","href":"https:\/\/api.w.org\/{rel}","templated":true}]}}