{"id":70879203228,"date":"2024-02-28T15:03:01","date_gmt":"2024-02-28T20:03:01","guid":{"rendered":"https:\/\/pagina10.com\/web\/?p=70879203228"},"modified":"2024-02-28T15:05:32","modified_gmt":"2024-02-28T20:05:32","slug":"salvatore-mancuso-llego-a-colombia-y-con-el-su-historial-criminal-mas-de-24-mil-delitos","status":"publish","type":"post","link":"https:\/\/pagina10.com\/web\/salvatore-mancuso-llego-a-colombia-y-con-el-su-historial-criminal-mas-de-24-mil-delitos\/","title":{"rendered":"Salvatore Mancuso lleg\u00f3 a Colombia y con \u00e9l su historial criminal: m\u00e1s de 24 mil delitos"},"content":{"rendered":"<p style=\"text-align: justify;\"><span style=\"text-align: justify;\">El regreso de Salvatore Mancuso a Colombia convulsiona el pa\u00eds, trae consigo una serie de interrogantes sobre su designaci\u00f3n como gestor de paz. Mancuso, conocido por ser l\u00edder de las Autodefensas Unidas de Colombia (AUC), enfrenta un sinf\u00edn de acusaciones que, seg\u00fan la Fiscal\u00eda General de la Naci\u00f3n, lo vinculan a m\u00e1s de 24 mil delitos y m\u00e1s de 40 \u00f3rdenes de captura vigentes en su contra.<\/span><\/p>\n<p style=\"text-align: justify;\">Mancuso ha cumplido m\u00e1s de una d\u00e9cada de prisi\u00f3n en Estados Unidos por cargos de narcotr\u00e1fico y tiene pendientes dos condenas en Colombia relacionadas con el paramilitarismo. Su colaboraci\u00f3n con la Jurisdicci\u00f3n Especial para la Paz (JEP) entre 2020 y 2023 ha destapado un vasto espectro de cr\u00edmenes que abarcan desde homicidios hasta desplazamientos forzados, compromiso que se refleja en la disposici\u00f3n para admitir sus cr\u00edmenes mientras lider\u00f3 las AUC.<\/p>\n<p style=\"text-align: justify;\">Entre los delitos encontrados por el tribunal de Justicia y Paz se incluyen homicidios, desplazamientos forzados, reclutamiento il\u00edcito y violencia basada en g\u00e9nero, entre otros. A pesar de su hist\u00f3rica extradici\u00f3n y las acusaciones en contra de figuras ampliamente reconocidas en la pol\u00edtica colombiana, su retorno plantea desaf\u00edos en la b\u00fasqueda de verdad, justicia y reparaci\u00f3n para las v\u00edctimas y sus familias.<\/p>\n","protected":false},"excerpt":{"rendered":"<p>El regreso de Salvatore Mancuso a Colombia convulsiona el pa\u00eds, trae consigo una serie de interrogantes sobre su designaci\u00f3n como gestor de paz. Mancuso, conocido por ser l\u00edder de las Autodefensas Unidas de Colombia (AUC), enfrenta un sinf\u00edn de acusaciones que, seg\u00fan la Fiscal\u00eda General de la Naci\u00f3n, lo vinculan a m\u00e1s de 24 mil [&hellip;]<\/p>\n","protected":false},"author":1,"featured_media":70879203230,"comment_status":"open","ping_status":"open","sticky":false,"template":"","format":"standard","meta":{"footnotes":""},"categories":[94],"tags":[],"class_list":["post-70879203228","post","type-post","status-publish","format-standard","has-post-thumbnail","hentry","category-nacional-global-2"],"yoast_head":"<!-- This site is optimized with the Yoast SEO plugin v27.1.1 - https:\/\/yoast.com\/product\/yoast-seo-wordpress\/ -->\n<title>Salvatore Mancuso lleg\u00f3 a Colombia y con \u00e9l su historial criminal: m\u00e1s de 24 mil delitos | P\u00e1gina10<\/title>\n<meta name=\"robots\" content=\"index, follow, max-snippet:-1, max-image-preview:large, max-video-preview:-1\" \/>\n<link rel=\"canonical\" href=\"https:\/\/pagina10.com\/web\/salvatore-mancuso-llego-a-colombia-y-con-el-su-historial-criminal-mas-de-24-mil-delitos\/\" \/>\n<meta property=\"og:locale\" content=\"es_ES\" \/>\n<meta property=\"og:type\" content=\"article\" \/>\n<meta property=\"og:title\" content=\"Salvatore Mancuso lleg\u00f3 a Colombia y con \u00e9l su historial criminal: m\u00e1s de 24 mil delitos | P\u00e1gina10\" \/>\n<meta property=\"og:description\" content=\"El regreso de Salvatore Mancuso a Colombia convulsiona el pa\u00eds, trae consigo una serie de interrogantes sobre su designaci\u00f3n como gestor de paz. Mancuso, conocido por ser l\u00edder de las Autodefensas Unidas de Colombia (AUC), enfrenta un sinf\u00edn de acusaciones que, seg\u00fan la Fiscal\u00eda General de la Naci\u00f3n, lo vinculan a m\u00e1s de 24 mil [&hellip;]\" \/>\n<meta property=\"og:url\" content=\"https:\/\/pagina10.com\/web\/salvatore-mancuso-llego-a-colombia-y-con-el-su-historial-criminal-mas-de-24-mil-delitos\/\" \/>\n<meta property=\"og:site_name\" content=\"P\u00e1gina10\" \/>\n<meta property=\"article:publisher\" content=\"https:\/\/www.facebook.com\/pag10com\" \/>\n<meta property=\"article:published_time\" content=\"2024-02-28T20:03:01+00:00\" \/>\n<meta property=\"article:modified_time\" content=\"2024-02-28T20:05:32+00:00\" \/>\n<meta property=\"og:image\" content=\"https:\/\/pagina10.com\/web\/wp-content\/uploads\/2024\/02\/WBDYTURDC5EKLHC4SUXILDMSLU.jpeg\" \/>\n\t<meta property=\"og:image:width\" content=\"1280\" \/>\n\t<meta property=\"og:image:height\" content=\"720\" \/>\n\t<meta property=\"og:image:type\" content=\"image\/jpeg\" \/>\n<meta name=\"author\" content=\"P\u00e1gina 10\" \/>\n<meta name=\"twitter:card\" content=\"summary_large_image\" \/>\n<meta name=\"twitter:creator\" content=\"@Pag10com\" \/>\n<meta name=\"twitter:site\" content=\"@Pag10com\" \/>\n<meta name=\"twitter:label1\" content=\"Escrito por\" \/>\n\t<meta name=\"twitter:data1\" content=\"P\u00e1gina 10\" \/>\n\t<meta name=\"twitter:label2\" content=\"Tiempo de lectura\" \/>\n\t<meta name=\"twitter:data2\" content=\"2 minutos\" \/>\n<script type=\"application\/ld+json\" class=\"yoast-schema-graph\">{\"@context\":\"https:\/\/schema.org\",\"@graph\":[{\"@type\":\"Article\",\"@id\":\"https:\/\/pagina10.com\/web\/salvatore-mancuso-llego-a-colombia-y-con-el-su-historial-criminal-mas-de-24-mil-delitos\/#article\",\"isPartOf\":{\"@id\":\"https:\/\/pagina10.com\/web\/salvatore-mancuso-llego-a-colombia-y-con-el-su-historial-criminal-mas-de-24-mil-delitos\/\"},\"author\":{\"name\":\"P\u00e1gina 10\",\"@id\":\"https:\/\/pagina10.com\/web\/#\/schema\/person\/2efc4a090d25b667d3bc796798a3a81b\"},\"headline\":\"Salvatore Mancuso lleg\u00f3 a Colombia y con \u00e9l su historial criminal: m\u00e1s de 24 mil delitos\",\"datePublished\":\"2024-02-28T20:03:01+00:00\",\"dateModified\":\"2024-02-28T20:05:32+00:00\",\"mainEntityOfPage\":{\"@id\":\"https:\/\/pagina10.com\/web\/salvatore-mancuso-llego-a-colombia-y-con-el-su-historial-criminal-mas-de-24-mil-delitos\/\"},\"wordCount\":238,\"commentCount\":0,\"publisher\":{\"@id\":\"https:\/\/pagina10.com\/web\/#organization\"},\"image\":{\"@id\":\"https:\/\/pagina10.com\/web\/salvatore-mancuso-llego-a-colombia-y-con-el-su-historial-criminal-mas-de-24-mil-delitos\/#primaryimage\"},\"thumbnailUrl\":\"https:\/\/pagina10.com\/web\/wp-content\/uploads\/2024\/02\/WBDYTURDC5EKLHC4SUXILDMSLU.jpeg\",\"articleSection\":[\"Nacional\"],\"inLanguage\":\"es\",\"potentialAction\":[{\"@type\":\"CommentAction\",\"name\":\"Comment\",\"target\":[\"https:\/\/pagina10.com\/web\/salvatore-mancuso-llego-a-colombia-y-con-el-su-historial-criminal-mas-de-24-mil-delitos\/#respond\"]}]},{\"@type\":\"WebPage\",\"@id\":\"https:\/\/pagina10.com\/web\/salvatore-mancuso-llego-a-colombia-y-con-el-su-historial-criminal-mas-de-24-mil-delitos\/\",\"url\":\"https:\/\/pagina10.com\/web\/salvatore-mancuso-llego-a-colombia-y-con-el-su-historial-criminal-mas-de-24-mil-delitos\/\",\"name\":\"Salvatore Mancuso lleg\u00f3 a Colombia y con \u00e9l su historial criminal: m\u00e1s de 24 mil delitos | P\u00e1gina10\",\"isPartOf\":{\"@id\":\"https:\/\/pagina10.com\/web\/#website\"},\"primaryImageOfPage\":{\"@id\":\"https:\/\/pagina10.com\/web\/salvatore-mancuso-llego-a-colombia-y-con-el-su-historial-criminal-mas-de-24-mil-delitos\/#primaryimage\"},\"image\":{\"@id\":\"https:\/\/pagina10.com\/web\/salvatore-mancuso-llego-a-colombia-y-con-el-su-historial-criminal-mas-de-24-mil-delitos\/#primaryimage\"},\"thumbnailUrl\":\"https:\/\/pagina10.com\/web\/wp-content\/uploads\/2024\/02\/WBDYTURDC5EKLHC4SUXILDMSLU.jpeg\",\"datePublished\":\"2024-02-28T20:03:01+00:00\",\"dateModified\":\"2024-02-28T20:05:32+00:00\",\"breadcrumb\":{\"@id\":\"https:\/\/pagina10.com\/web\/salvatore-mancuso-llego-a-colombia-y-con-el-su-historial-criminal-mas-de-24-mil-delitos\/#breadcrumb\"},\"inLanguage\":\"es\",\"potentialAction\":[{\"@type\":\"ReadAction\",\"target\":[\"https:\/\/pagina10.com\/web\/salvatore-mancuso-llego-a-colombia-y-con-el-su-historial-criminal-mas-de-24-mil-delitos\/\"]}]},{\"@type\":\"ImageObject\",\"inLanguage\":\"es\",\"@id\":\"https:\/\/pagina10.com\/web\/salvatore-mancuso-llego-a-colombia-y-con-el-su-historial-criminal-mas-de-24-mil-delitos\/#primaryimage\",\"url\":\"https:\/\/pagina10.com\/web\/wp-content\/uploads\/2024\/02\/WBDYTURDC5EKLHC4SUXILDMSLU.jpeg\",\"contentUrl\":\"https:\/\/pagina10.com\/web\/wp-content\/uploads\/2024\/02\/WBDYTURDC5EKLHC4SUXILDMSLU.jpeg\",\"width\":1280,\"height\":720},{\"@type\":\"BreadcrumbList\",\"@id\":\"https:\/\/pagina10.com\/web\/salvatore-mancuso-llego-a-colombia-y-con-el-su-historial-criminal-mas-de-24-mil-delitos\/#breadcrumb\",\"itemListElement\":[{\"@type\":\"ListItem\",\"position\":1,\"name\":\"Portada\",\"item\":\"https:\/\/pagina10.com\/web\/\"},{\"@type\":\"ListItem\",\"position\":2,\"name\":\"Salvatore Mancuso lleg\u00f3 a Colombia y con \u00e9l su historial criminal: m\u00e1s de 24 mil delitos\"}]},{\"@type\":\"WebSite\",\"@id\":\"https:\/\/pagina10.com\/web\/#website\",\"url\":\"https:\/\/pagina10.com\/web\/\",\"name\":\"P\u00e1gina10\",\"description\":\"Peri\u00f3dico Regional\",\"publisher\":{\"@id\":\"https:\/\/pagina10.com\/web\/#organization\"},\"alternateName\":\"P\u00e1gina10 Peri\u00f3dico Regional\",\"potentialAction\":[{\"@type\":\"SearchAction\",\"target\":{\"@type\":\"EntryPoint\",\"urlTemplate\":\"https:\/\/pagina10.com\/web\/?s={search_term_string}\"},\"query-input\":{\"@type\":\"PropertyValueSpecification\",\"valueRequired\":true,\"valueName\":\"search_term_string\"}}],\"inLanguage\":\"es\"},{\"@type\":\"Organization\",\"@id\":\"https:\/\/pagina10.com\/web\/#organization\",\"name\":\"P\u00e1gina10\",\"alternateName\":\"P\u00e1gina10 Peri\u00f3dico Regional\",\"url\":\"https:\/\/pagina10.com\/web\/\",\"logo\":{\"@type\":\"ImageObject\",\"inLanguage\":\"es\",\"@id\":\"https:\/\/pagina10.com\/web\/#\/schema\/logo\/image\/\",\"url\":\"https:\/\/pagina10.com\/web\/wp-content\/uploads\/2024\/01\/40-pagina-10-periodico-regional-pasto.jpg\",\"contentUrl\":\"https:\/\/pagina10.com\/web\/wp-content\/uploads\/2024\/01\/40-pagina-10-periodico-regional-pasto.jpg\",\"width\":1280,\"height\":720,\"caption\":\"P\u00e1gina10\"},\"image\":{\"@id\":\"https:\/\/pagina10.com\/web\/#\/schema\/logo\/image\/\"},\"sameAs\":[\"https:\/\/www.facebook.com\/pag10com\",\"https:\/\/x.com\/Pag10com\",\"https:\/\/www.instagram.com\/pagina10col\/\",\"https:\/\/youtube.com\/channel\/pag10\",\"https:\/\/www.tiktok.com\/@p10col\"]},{\"@type\":\"Person\",\"@id\":\"https:\/\/pagina10.com\/web\/#\/schema\/person\/2efc4a090d25b667d3bc796798a3a81b\",\"name\":\"P\u00e1gina 10\",\"description\":\"P\u00e1gina 10 es un peri\u00f3dico regional que nace en Colombia, en el departamento de Nari\u00f1o, con un enfoque global, fundamentado en cuatro pilares esenciales: la libertad, el pluralismo, la inclusi\u00f3n y la independencia. P\u00e1gina 10 hace referencia a Nari\u00f1o como el d\u00e9cimo departamento creado en Colombia, despu\u00e9s de un proceso pol\u00edtico liderado por actores y actrices regionales con el fin de obtener la independencia y autonom\u00eda de nuestros territorios. Con la creaci\u00f3n de P\u00e1gina 10 se pretende abrir un escenario para el dialogo, la reflexi\u00f3n y el debate que se extienda a otras geograf\u00edas de Am\u00e9rica Latina y del planeta, en una apuesta por transformar colectivamente los desaf\u00edos de un mundo contempor\u00e1neo, m\u00e1s all\u00e1 de las fronteras impuestas.\",\"url\":\"https:\/\/pagina10.com\/web\/author\/pdiezadmin\/\"}]}<\/script>\n<!-- \/ Yoast SEO plugin. -->","yoast_head_json":{"title":"Salvatore Mancuso lleg\u00f3 a Colombia y con \u00e9l su historial criminal: m\u00e1s de 24 mil delitos | P\u00e1gina10","robots":{"index":"index","follow":"follow","max-snippet":"max-snippet:-1","max-image-preview":"max-image-preview:large","max-video-preview":"max-video-preview:-1"},"canonical":"https:\/\/pagina10.com\/web\/salvatore-mancuso-llego-a-colombia-y-con-el-su-historial-criminal-mas-de-24-mil-delitos\/","og_locale":"es_ES","og_type":"article","og_title":"Salvatore Mancuso lleg\u00f3 a Colombia y con \u00e9l su historial criminal: m\u00e1s de 24 mil delitos | P\u00e1gina10","og_description":"El regreso de Salvatore Mancuso a Colombia convulsiona el pa\u00eds, trae consigo una serie de interrogantes sobre su designaci\u00f3n como gestor de paz. Mancuso, conocido por ser l\u00edder de las Autodefensas Unidas de Colombia (AUC), enfrenta un sinf\u00edn de acusaciones que, seg\u00fan la Fiscal\u00eda General de la Naci\u00f3n, lo vinculan a m\u00e1s de 24 mil [&hellip;]","og_url":"https:\/\/pagina10.com\/web\/salvatore-mancuso-llego-a-colombia-y-con-el-su-historial-criminal-mas-de-24-mil-delitos\/","og_site_name":"P\u00e1gina10","article_publisher":"https:\/\/www.facebook.com\/pag10com","article_published_time":"2024-02-28T20:03:01+00:00","article_modified_time":"2024-02-28T20:05:32+00:00","og_image":[{"width":1280,"height":720,"url":"https:\/\/pagina10.com\/web\/wp-content\/uploads\/2024\/02\/WBDYTURDC5EKLHC4SUXILDMSLU.jpeg","type":"image\/jpeg"}],"author":"P\u00e1gina 10","twitter_card":"summary_large_image","twitter_creator":"@Pag10com","twitter_site":"@Pag10com","twitter_misc":{"Escrito por":"P\u00e1gina 10","Tiempo de lectura":"2 minutos"},"schema":{"@context":"https:\/\/schema.org","@graph":[{"@type":"Article","@id":"https:\/\/pagina10.com\/web\/salvatore-mancuso-llego-a-colombia-y-con-el-su-historial-criminal-mas-de-24-mil-delitos\/#article","isPartOf":{"@id":"https:\/\/pagina10.com\/web\/salvatore-mancuso-llego-a-colombia-y-con-el-su-historial-criminal-mas-de-24-mil-delitos\/"},"author":{"name":"P\u00e1gina 10","@id":"https:\/\/pagina10.com\/web\/#\/schema\/person\/2efc4a090d25b667d3bc796798a3a81b"},"headline":"Salvatore Mancuso lleg\u00f3 a Colombia y con \u00e9l su historial criminal: m\u00e1s de 24 mil delitos","datePublished":"2024-02-28T20:03:01+00:00","dateModified":"2024-02-28T20:05:32+00:00","mainEntityOfPage":{"@id":"https:\/\/pagina10.com\/web\/salvatore-mancuso-llego-a-colombia-y-con-el-su-historial-criminal-mas-de-24-mil-delitos\/"},"wordCount":238,"commentCount":0,"publisher":{"@id":"https:\/\/pagina10.com\/web\/#organization"},"image":{"@id":"https:\/\/pagina10.com\/web\/salvatore-mancuso-llego-a-colombia-y-con-el-su-historial-criminal-mas-de-24-mil-delitos\/#primaryimage"},"thumbnailUrl":"https:\/\/pagina10.com\/web\/wp-content\/uploads\/2024\/02\/WBDYTURDC5EKLHC4SUXILDMSLU.jpeg","articleSection":["Nacional"],"inLanguage":"es","potentialAction":[{"@type":"CommentAction","name":"Comment","target":["https:\/\/pagina10.com\/web\/salvatore-mancuso-llego-a-colombia-y-con-el-su-historial-criminal-mas-de-24-mil-delitos\/#respond"]}]},{"@type":"WebPage","@id":"https:\/\/pagina10.com\/web\/salvatore-mancuso-llego-a-colombia-y-con-el-su-historial-criminal-mas-de-24-mil-delitos\/","url":"https:\/\/pagina10.com\/web\/salvatore-mancuso-llego-a-colombia-y-con-el-su-historial-criminal-mas-de-24-mil-delitos\/","name":"Salvatore Mancuso lleg\u00f3 a Colombia y con \u00e9l su historial criminal: m\u00e1s de 24 mil delitos | P\u00e1gina10","isPartOf":{"@id":"https:\/\/pagina10.com\/web\/#website"},"primaryImageOfPage":{"@id":"https:\/\/pagina10.com\/web\/salvatore-mancuso-llego-a-colombia-y-con-el-su-historial-criminal-mas-de-24-mil-delitos\/#primaryimage"},"image":{"@id":"https:\/\/pagina10.com\/web\/salvatore-mancuso-llego-a-colombia-y-con-el-su-historial-criminal-mas-de-24-mil-delitos\/#primaryimage"},"thumbnailUrl":"https:\/\/pagina10.com\/web\/wp-content\/uploads\/2024\/02\/WBDYTURDC5EKLHC4SUXILDMSLU.jpeg","datePublished":"2024-02-28T20:03:01+00:00","dateModified":"2024-02-28T20:05:32+00:00","breadcrumb":{"@id":"https:\/\/pagina10.com\/web\/salvatore-mancuso-llego-a-colombia-y-con-el-su-historial-criminal-mas-de-24-mil-delitos\/#breadcrumb"},"inLanguage":"es","potentialAction":[{"@type":"ReadAction","target":["https:\/\/pagina10.com\/web\/salvatore-mancuso-llego-a-colombia-y-con-el-su-historial-criminal-mas-de-24-mil-delitos\/"]}]},{"@type":"ImageObject","inLanguage":"es","@id":"https:\/\/pagina10.com\/web\/salvatore-mancuso-llego-a-colombia-y-con-el-su-historial-criminal-mas-de-24-mil-delitos\/#primaryimage","url":"https:\/\/pagina10.com\/web\/wp-content\/uploads\/2024\/02\/WBDYTURDC5EKLHC4SUXILDMSLU.jpeg","contentUrl":"https:\/\/pagina10.com\/web\/wp-content\/uploads\/2024\/02\/WBDYTURDC5EKLHC4SUXILDMSLU.jpeg","width":1280,"height":720},{"@type":"BreadcrumbList","@id":"https:\/\/pagina10.com\/web\/salvatore-mancuso-llego-a-colombia-y-con-el-su-historial-criminal-mas-de-24-mil-delitos\/#breadcrumb","itemListElement":[{"@type":"ListItem","position":1,"name":"Portada","item":"https:\/\/pagina10.com\/web\/"},{"@type":"ListItem","position":2,"name":"Salvatore Mancuso lleg\u00f3 a Colombia y con \u00e9l su historial criminal: m\u00e1s de 24 mil delitos"}]},{"@type":"WebSite","@id":"https:\/\/pagina10.com\/web\/#website","url":"https:\/\/pagina10.com\/web\/","name":"P\u00e1gina10","description":"Peri\u00f3dico Regional","publisher":{"@id":"https:\/\/pagina10.com\/web\/#organization"},"alternateName":"P\u00e1gina10 Peri\u00f3dico Regional","potentialAction":[{"@type":"SearchAction","target":{"@type":"EntryPoint","urlTemplate":"https:\/\/pagina10.com\/web\/?s={search_term_string}"},"query-input":{"@type":"PropertyValueSpecification","valueRequired":true,"valueName":"search_term_string"}}],"inLanguage":"es"},{"@type":"Organization","@id":"https:\/\/pagina10.com\/web\/#organization","name":"P\u00e1gina10","alternateName":"P\u00e1gina10 Peri\u00f3dico Regional","url":"https:\/\/pagina10.com\/web\/","logo":{"@type":"ImageObject","inLanguage":"es","@id":"https:\/\/pagina10.com\/web\/#\/schema\/logo\/image\/","url":"https:\/\/pagina10.com\/web\/wp-content\/uploads\/2024\/01\/40-pagina-10-periodico-regional-pasto.jpg","contentUrl":"https:\/\/pagina10.com\/web\/wp-content\/uploads\/2024\/01\/40-pagina-10-periodico-regional-pasto.jpg","width":1280,"height":720,"caption":"P\u00e1gina10"},"image":{"@id":"https:\/\/pagina10.com\/web\/#\/schema\/logo\/image\/"},"sameAs":["https:\/\/www.facebook.com\/pag10com","https:\/\/x.com\/Pag10com","https:\/\/www.instagram.com\/pagina10col\/","https:\/\/youtube.com\/channel\/pag10","https:\/\/www.tiktok.com\/@p10col"]},{"@type":"Person","@id":"https:\/\/pagina10.com\/web\/#\/schema\/person\/2efc4a090d25b667d3bc796798a3a81b","name":"P\u00e1gina 10","description":"P\u00e1gina 10 es un peri\u00f3dico regional que nace en Colombia, en el departamento de Nari\u00f1o, con un enfoque global, fundamentado en cuatro pilares esenciales: la libertad, el pluralismo, la inclusi\u00f3n y la independencia. P\u00e1gina 10 hace referencia a Nari\u00f1o como el d\u00e9cimo departamento creado en Colombia, despu\u00e9s de un proceso pol\u00edtico liderado por actores y actrices regionales con el fin de obtener la independencia y autonom\u00eda de nuestros territorios. Con la creaci\u00f3n de P\u00e1gina 10 se pretende abrir un escenario para el dialogo, la reflexi\u00f3n y el debate que se extienda a otras geograf\u00edas de Am\u00e9rica Latina y del planeta, en una apuesta por transformar colectivamente los desaf\u00edos de un mundo contempor\u00e1neo, m\u00e1s all\u00e1 de las fronteras impuestas.","url":"https:\/\/pagina10.com\/web\/author\/pdiezadmin\/"}]}},"_links":{"self":[{"href":"https:\/\/pagina10.com\/web\/wp-json\/wp\/v2\/posts\/70879203228","targetHints":{"allow":["GET"]}}],"collection":[{"href":"https:\/\/pagina10.com\/web\/wp-json\/wp\/v2\/posts"}],"about":[{"href":"https:\/\/pagina10.com\/web\/wp-json\/wp\/v2\/types\/post"}],"author":[{"embeddable":true,"href":"https:\/\/pagina10.com\/web\/wp-json\/wp\/v2\/users\/1"}],"replies":[{"embeddable":true,"href":"https:\/\/pagina10.com\/web\/wp-json\/wp\/v2\/comments?post=70879203228"}],"version-history":[{"count":1,"href":"https:\/\/pagina10.com\/web\/wp-json\/wp\/v2\/posts\/70879203228\/revisions"}],"predecessor-version":[{"id":70879203229,"href":"https:\/\/pagina10.com\/web\/wp-json\/wp\/v2\/posts\/70879203228\/revisions\/70879203229"}],"wp:featuredmedia":[{"embeddable":true,"href":"https:\/\/pagina10.com\/web\/wp-json\/wp\/v2\/media\/70879203230"}],"wp:attachment":[{"href":"https:\/\/pagina10.com\/web\/wp-json\/wp\/v2\/media?parent=70879203228"}],"wp:term":[{"taxonomy":"category","embeddable":true,"href":"https:\/\/pagina10.com\/web\/wp-json\/wp\/v2\/categories?post=70879203228"},{"taxonomy":"post_tag","embeddable":true,"href":"https:\/\/pagina10.com\/web\/wp-json\/wp\/v2\/tags?post=70879203228"}],"curies":[{"name":"wp","href":"https:\/\/api.w.org\/{rel}","templated":true}]}}