{"id":70879203887,"date":"2024-03-16T18:22:41","date_gmt":"2024-03-16T23:22:41","guid":{"rendered":"https:\/\/pagina10.com\/web\/?p=70879203887"},"modified":"2024-03-16T18:24:43","modified_gmt":"2024-03-16T23:24:43","slug":"aprueban-fondo-no-es-hora-de-callar-para-proteger-a-mujeres-periodistas","status":"publish","type":"post","link":"https:\/\/pagina10.com\/web\/aprueban-fondo-no-es-hora-de-callar-para-proteger-a-mujeres-periodistas\/","title":{"rendered":"Aprueban fondo &#8220;No es hora de callar&#8221; para proteger a mujeres periodistas"},"content":{"rendered":"<p style=\"text-align: justify;\">La C\u00e1mara de Representantes aprob\u00f3 proyecto de ley que permite la creaci\u00f3n del Fondo para la Financiaci\u00f3n de Programas de Prevenci\u00f3n y Asistencia a Mujeres Periodistas V\u00edctimas de Violencia. &#8220;No es hora de callar&#8221;, busca apoyar de manera integral a periodistas que, en el ejercicio de su profesi\u00f3n, han sufrido violencia de g\u00e9nero.<\/p>\n<p style=\"text-align: justify;\">El proyecto fue aprobado en su cuarto debate en el marco de la conmemoraci\u00f3n del D\u00eda Internacional de la Mujer. La periodista Jineth Bedoya, v\u00edctima de violencia de g\u00e9nero, expres\u00f3 su satisfacci\u00f3n por la decisi\u00f3n y defensa de la igualdad y el respeto en el periodismo colombiano. Bedoya, qui\u00e9n se ha convertido en una voz simb\u00f3lica en la lucha por los derechos de las mujeres periodistas en el pa\u00eds, enfatiz\u00f3 la necesidad de trabajar colectivamente para construir un entorno m\u00e1s inclusivo.<\/p>\n<p style=\"text-align: justify;\">Este fondo tendr\u00e1 como objetivo facilitar apoyo psicol\u00f3gico, jur\u00eddico y econ\u00f3mico a las mujeres periodistas que han sido v\u00edctimas de violencia de g\u00e9nero y busca, tambi\u00e9n, prevenir y protegerlas de posibles agresiones y amenazas. El encargado de administrar los recursos ser\u00e1 el Ministerio de Igualdad, con la participaci\u00f3n de Jineth Bedoya Lima y la Fundaci\u00f3n para la Libertad de Prensa (FLIP).<\/p>\n<p style=\"text-align: justify;\">Seg\u00fan la FLIP, los \u00faltimos tres a\u00f1os han registrado 261 agresiones contra 137 comunicadoras en Colombia, cifra a la que se a\u00f1adir\u00edan los ataques no registrados. El proyecto espera la sanci\u00f3n presidencial de Gustavo Petro para convertirse en ley de la rep\u00fablica y de esta forma permitir su implementaci\u00f3n, brindando mayores garant\u00edas de seguridad a las mujeres periodistas.<\/p>\n","protected":false},"excerpt":{"rendered":"<p>La C\u00e1mara de Representantes aprob\u00f3 proyecto de ley que permite la creaci\u00f3n del Fondo para la Financiaci\u00f3n de Programas de Prevenci\u00f3n y Asistencia a Mujeres Periodistas V\u00edctimas de Violencia. &#8220;No es hora de callar&#8221;, busca apoyar de manera integral a periodistas que, en el ejercicio de su profesi\u00f3n, han sufrido violencia de g\u00e9nero. El proyecto [&hellip;]<\/p>\n","protected":false},"author":1,"featured_media":70879203889,"comment_status":"open","ping_status":"open","sticky":false,"template":"","format":"standard","meta":{"footnotes":""},"categories":[94],"tags":[],"class_list":["post-70879203887","post","type-post","status-publish","format-standard","has-post-thumbnail","hentry","category-nacional-global-2"],"yoast_head":"<!-- This site is optimized with the Yoast SEO plugin v27.1.1 - https:\/\/yoast.com\/product\/yoast-seo-wordpress\/ -->\n<title>Aprueban fondo &quot;No es hora de callar&quot; para proteger a mujeres periodistas | P\u00e1gina10<\/title>\n<meta name=\"robots\" content=\"index, follow, max-snippet:-1, max-image-preview:large, max-video-preview:-1\" \/>\n<link rel=\"canonical\" href=\"https:\/\/pagina10.com\/web\/aprueban-fondo-no-es-hora-de-callar-para-proteger-a-mujeres-periodistas\/\" \/>\n<meta property=\"og:locale\" content=\"es_ES\" \/>\n<meta property=\"og:type\" content=\"article\" \/>\n<meta property=\"og:title\" content=\"Aprueban fondo &quot;No es hora de callar&quot; para proteger a mujeres periodistas | P\u00e1gina10\" \/>\n<meta property=\"og:description\" content=\"La C\u00e1mara de Representantes aprob\u00f3 proyecto de ley que permite la creaci\u00f3n del Fondo para la Financiaci\u00f3n de Programas de Prevenci\u00f3n y Asistencia a Mujeres Periodistas V\u00edctimas de Violencia. &#8220;No es hora de callar&#8221;, busca apoyar de manera integral a periodistas que, en el ejercicio de su profesi\u00f3n, han sufrido violencia de g\u00e9nero. El proyecto [&hellip;]\" \/>\n<meta property=\"og:url\" content=\"https:\/\/pagina10.com\/web\/aprueban-fondo-no-es-hora-de-callar-para-proteger-a-mujeres-periodistas\/\" \/>\n<meta property=\"og:site_name\" content=\"P\u00e1gina10\" \/>\n<meta property=\"article:publisher\" content=\"https:\/\/www.facebook.com\/pag10com\" \/>\n<meta property=\"article:published_time\" content=\"2024-03-16T23:22:41+00:00\" \/>\n<meta property=\"article:modified_time\" content=\"2024-03-16T23:24:43+00:00\" \/>\n<meta property=\"og:image\" content=\"https:\/\/pagina10.com\/web\/wp-content\/uploads\/2024\/03\/jineth-bedoya-violencia-sexual-discurso-politico.jpg\" \/>\n\t<meta property=\"og:image:width\" content=\"900\" \/>\n\t<meta property=\"og:image:height\" content=\"600\" \/>\n\t<meta property=\"og:image:type\" content=\"image\/jpeg\" \/>\n<meta name=\"author\" content=\"P\u00e1gina 10\" \/>\n<meta name=\"twitter:card\" content=\"summary_large_image\" \/>\n<meta name=\"twitter:creator\" content=\"@Pag10com\" \/>\n<meta name=\"twitter:site\" content=\"@Pag10com\" \/>\n<meta name=\"twitter:label1\" content=\"Escrito por\" \/>\n\t<meta name=\"twitter:data1\" content=\"P\u00e1gina 10\" \/>\n\t<meta name=\"twitter:label2\" content=\"Tiempo de lectura\" \/>\n\t<meta name=\"twitter:data2\" content=\"2 minutos\" \/>\n<script type=\"application\/ld+json\" class=\"yoast-schema-graph\">{\"@context\":\"https:\/\/schema.org\",\"@graph\":[{\"@type\":\"Article\",\"@id\":\"https:\/\/pagina10.com\/web\/aprueban-fondo-no-es-hora-de-callar-para-proteger-a-mujeres-periodistas\/#article\",\"isPartOf\":{\"@id\":\"https:\/\/pagina10.com\/web\/aprueban-fondo-no-es-hora-de-callar-para-proteger-a-mujeres-periodistas\/\"},\"author\":{\"name\":\"P\u00e1gina 10\",\"@id\":\"https:\/\/pagina10.com\/web\/#\/schema\/person\/2efc4a090d25b667d3bc796798a3a81b\"},\"headline\":\"Aprueban fondo &#8220;No es hora de callar&#8221; para proteger a mujeres periodistas\",\"datePublished\":\"2024-03-16T23:22:41+00:00\",\"dateModified\":\"2024-03-16T23:24:43+00:00\",\"mainEntityOfPage\":{\"@id\":\"https:\/\/pagina10.com\/web\/aprueban-fondo-no-es-hora-de-callar-para-proteger-a-mujeres-periodistas\/\"},\"wordCount\":296,\"commentCount\":0,\"publisher\":{\"@id\":\"https:\/\/pagina10.com\/web\/#organization\"},\"image\":{\"@id\":\"https:\/\/pagina10.com\/web\/aprueban-fondo-no-es-hora-de-callar-para-proteger-a-mujeres-periodistas\/#primaryimage\"},\"thumbnailUrl\":\"https:\/\/pagina10.com\/web\/wp-content\/uploads\/2024\/03\/jineth-bedoya-violencia-sexual-discurso-politico.jpg\",\"articleSection\":[\"Nacional\"],\"inLanguage\":\"es\",\"potentialAction\":[{\"@type\":\"CommentAction\",\"name\":\"Comment\",\"target\":[\"https:\/\/pagina10.com\/web\/aprueban-fondo-no-es-hora-de-callar-para-proteger-a-mujeres-periodistas\/#respond\"]}]},{\"@type\":\"WebPage\",\"@id\":\"https:\/\/pagina10.com\/web\/aprueban-fondo-no-es-hora-de-callar-para-proteger-a-mujeres-periodistas\/\",\"url\":\"https:\/\/pagina10.com\/web\/aprueban-fondo-no-es-hora-de-callar-para-proteger-a-mujeres-periodistas\/\",\"name\":\"Aprueban fondo \\\"No es hora de callar\\\" para proteger a mujeres periodistas | P\u00e1gina10\",\"isPartOf\":{\"@id\":\"https:\/\/pagina10.com\/web\/#website\"},\"primaryImageOfPage\":{\"@id\":\"https:\/\/pagina10.com\/web\/aprueban-fondo-no-es-hora-de-callar-para-proteger-a-mujeres-periodistas\/#primaryimage\"},\"image\":{\"@id\":\"https:\/\/pagina10.com\/web\/aprueban-fondo-no-es-hora-de-callar-para-proteger-a-mujeres-periodistas\/#primaryimage\"},\"thumbnailUrl\":\"https:\/\/pagina10.com\/web\/wp-content\/uploads\/2024\/03\/jineth-bedoya-violencia-sexual-discurso-politico.jpg\",\"datePublished\":\"2024-03-16T23:22:41+00:00\",\"dateModified\":\"2024-03-16T23:24:43+00:00\",\"breadcrumb\":{\"@id\":\"https:\/\/pagina10.com\/web\/aprueban-fondo-no-es-hora-de-callar-para-proteger-a-mujeres-periodistas\/#breadcrumb\"},\"inLanguage\":\"es\",\"potentialAction\":[{\"@type\":\"ReadAction\",\"target\":[\"https:\/\/pagina10.com\/web\/aprueban-fondo-no-es-hora-de-callar-para-proteger-a-mujeres-periodistas\/\"]}]},{\"@type\":\"ImageObject\",\"inLanguage\":\"es\",\"@id\":\"https:\/\/pagina10.com\/web\/aprueban-fondo-no-es-hora-de-callar-para-proteger-a-mujeres-periodistas\/#primaryimage\",\"url\":\"https:\/\/pagina10.com\/web\/wp-content\/uploads\/2024\/03\/jineth-bedoya-violencia-sexual-discurso-politico.jpg\",\"contentUrl\":\"https:\/\/pagina10.com\/web\/wp-content\/uploads\/2024\/03\/jineth-bedoya-violencia-sexual-discurso-politico.jpg\",\"width\":900,\"height\":600},{\"@type\":\"BreadcrumbList\",\"@id\":\"https:\/\/pagina10.com\/web\/aprueban-fondo-no-es-hora-de-callar-para-proteger-a-mujeres-periodistas\/#breadcrumb\",\"itemListElement\":[{\"@type\":\"ListItem\",\"position\":1,\"name\":\"Portada\",\"item\":\"https:\/\/pagina10.com\/web\/\"},{\"@type\":\"ListItem\",\"position\":2,\"name\":\"Aprueban fondo &#8220;No es hora de callar&#8221; para proteger a mujeres periodistas\"}]},{\"@type\":\"WebSite\",\"@id\":\"https:\/\/pagina10.com\/web\/#website\",\"url\":\"https:\/\/pagina10.com\/web\/\",\"name\":\"P\u00e1gina10\",\"description\":\"Peri\u00f3dico Regional\",\"publisher\":{\"@id\":\"https:\/\/pagina10.com\/web\/#organization\"},\"alternateName\":\"P\u00e1gina10 Peri\u00f3dico Regional\",\"potentialAction\":[{\"@type\":\"SearchAction\",\"target\":{\"@type\":\"EntryPoint\",\"urlTemplate\":\"https:\/\/pagina10.com\/web\/?s={search_term_string}\"},\"query-input\":{\"@type\":\"PropertyValueSpecification\",\"valueRequired\":true,\"valueName\":\"search_term_string\"}}],\"inLanguage\":\"es\"},{\"@type\":\"Organization\",\"@id\":\"https:\/\/pagina10.com\/web\/#organization\",\"name\":\"P\u00e1gina10\",\"alternateName\":\"P\u00e1gina10 Peri\u00f3dico Regional\",\"url\":\"https:\/\/pagina10.com\/web\/\",\"logo\":{\"@type\":\"ImageObject\",\"inLanguage\":\"es\",\"@id\":\"https:\/\/pagina10.com\/web\/#\/schema\/logo\/image\/\",\"url\":\"https:\/\/pagina10.com\/web\/wp-content\/uploads\/2024\/01\/40-pagina-10-periodico-regional-pasto.jpg\",\"contentUrl\":\"https:\/\/pagina10.com\/web\/wp-content\/uploads\/2024\/01\/40-pagina-10-periodico-regional-pasto.jpg\",\"width\":1280,\"height\":720,\"caption\":\"P\u00e1gina10\"},\"image\":{\"@id\":\"https:\/\/pagina10.com\/web\/#\/schema\/logo\/image\/\"},\"sameAs\":[\"https:\/\/www.facebook.com\/pag10com\",\"https:\/\/x.com\/Pag10com\",\"https:\/\/www.instagram.com\/pagina10col\/\",\"https:\/\/youtube.com\/channel\/pag10\",\"https:\/\/www.tiktok.com\/@p10col\"]},{\"@type\":\"Person\",\"@id\":\"https:\/\/pagina10.com\/web\/#\/schema\/person\/2efc4a090d25b667d3bc796798a3a81b\",\"name\":\"P\u00e1gina 10\",\"description\":\"P\u00e1gina 10 es un peri\u00f3dico regional que nace en Colombia, en el departamento de Nari\u00f1o, con un enfoque global, fundamentado en cuatro pilares esenciales: la libertad, el pluralismo, la inclusi\u00f3n y la independencia. P\u00e1gina 10 hace referencia a Nari\u00f1o como el d\u00e9cimo departamento creado en Colombia, despu\u00e9s de un proceso pol\u00edtico liderado por actores y actrices regionales con el fin de obtener la independencia y autonom\u00eda de nuestros territorios. Con la creaci\u00f3n de P\u00e1gina 10 se pretende abrir un escenario para el dialogo, la reflexi\u00f3n y el debate que se extienda a otras geograf\u00edas de Am\u00e9rica Latina y del planeta, en una apuesta por transformar colectivamente los desaf\u00edos de un mundo contempor\u00e1neo, m\u00e1s all\u00e1 de las fronteras impuestas.\",\"url\":\"https:\/\/pagina10.com\/web\/author\/pdiezadmin\/\"}]}<\/script>\n<!-- \/ Yoast SEO plugin. -->","yoast_head_json":{"title":"Aprueban fondo \"No es hora de callar\" para proteger a mujeres periodistas | P\u00e1gina10","robots":{"index":"index","follow":"follow","max-snippet":"max-snippet:-1","max-image-preview":"max-image-preview:large","max-video-preview":"max-video-preview:-1"},"canonical":"https:\/\/pagina10.com\/web\/aprueban-fondo-no-es-hora-de-callar-para-proteger-a-mujeres-periodistas\/","og_locale":"es_ES","og_type":"article","og_title":"Aprueban fondo \"No es hora de callar\" para proteger a mujeres periodistas | P\u00e1gina10","og_description":"La C\u00e1mara de Representantes aprob\u00f3 proyecto de ley que permite la creaci\u00f3n del Fondo para la Financiaci\u00f3n de Programas de Prevenci\u00f3n y Asistencia a Mujeres Periodistas V\u00edctimas de Violencia. &#8220;No es hora de callar&#8221;, busca apoyar de manera integral a periodistas que, en el ejercicio de su profesi\u00f3n, han sufrido violencia de g\u00e9nero. El proyecto [&hellip;]","og_url":"https:\/\/pagina10.com\/web\/aprueban-fondo-no-es-hora-de-callar-para-proteger-a-mujeres-periodistas\/","og_site_name":"P\u00e1gina10","article_publisher":"https:\/\/www.facebook.com\/pag10com","article_published_time":"2024-03-16T23:22:41+00:00","article_modified_time":"2024-03-16T23:24:43+00:00","og_image":[{"width":900,"height":600,"url":"https:\/\/pagina10.com\/web\/wp-content\/uploads\/2024\/03\/jineth-bedoya-violencia-sexual-discurso-politico.jpg","type":"image\/jpeg"}],"author":"P\u00e1gina 10","twitter_card":"summary_large_image","twitter_creator":"@Pag10com","twitter_site":"@Pag10com","twitter_misc":{"Escrito por":"P\u00e1gina 10","Tiempo de lectura":"2 minutos"},"schema":{"@context":"https:\/\/schema.org","@graph":[{"@type":"Article","@id":"https:\/\/pagina10.com\/web\/aprueban-fondo-no-es-hora-de-callar-para-proteger-a-mujeres-periodistas\/#article","isPartOf":{"@id":"https:\/\/pagina10.com\/web\/aprueban-fondo-no-es-hora-de-callar-para-proteger-a-mujeres-periodistas\/"},"author":{"name":"P\u00e1gina 10","@id":"https:\/\/pagina10.com\/web\/#\/schema\/person\/2efc4a090d25b667d3bc796798a3a81b"},"headline":"Aprueban fondo &#8220;No es hora de callar&#8221; para proteger a mujeres periodistas","datePublished":"2024-03-16T23:22:41+00:00","dateModified":"2024-03-16T23:24:43+00:00","mainEntityOfPage":{"@id":"https:\/\/pagina10.com\/web\/aprueban-fondo-no-es-hora-de-callar-para-proteger-a-mujeres-periodistas\/"},"wordCount":296,"commentCount":0,"publisher":{"@id":"https:\/\/pagina10.com\/web\/#organization"},"image":{"@id":"https:\/\/pagina10.com\/web\/aprueban-fondo-no-es-hora-de-callar-para-proteger-a-mujeres-periodistas\/#primaryimage"},"thumbnailUrl":"https:\/\/pagina10.com\/web\/wp-content\/uploads\/2024\/03\/jineth-bedoya-violencia-sexual-discurso-politico.jpg","articleSection":["Nacional"],"inLanguage":"es","potentialAction":[{"@type":"CommentAction","name":"Comment","target":["https:\/\/pagina10.com\/web\/aprueban-fondo-no-es-hora-de-callar-para-proteger-a-mujeres-periodistas\/#respond"]}]},{"@type":"WebPage","@id":"https:\/\/pagina10.com\/web\/aprueban-fondo-no-es-hora-de-callar-para-proteger-a-mujeres-periodistas\/","url":"https:\/\/pagina10.com\/web\/aprueban-fondo-no-es-hora-de-callar-para-proteger-a-mujeres-periodistas\/","name":"Aprueban fondo \"No es hora de callar\" para proteger a mujeres periodistas | P\u00e1gina10","isPartOf":{"@id":"https:\/\/pagina10.com\/web\/#website"},"primaryImageOfPage":{"@id":"https:\/\/pagina10.com\/web\/aprueban-fondo-no-es-hora-de-callar-para-proteger-a-mujeres-periodistas\/#primaryimage"},"image":{"@id":"https:\/\/pagina10.com\/web\/aprueban-fondo-no-es-hora-de-callar-para-proteger-a-mujeres-periodistas\/#primaryimage"},"thumbnailUrl":"https:\/\/pagina10.com\/web\/wp-content\/uploads\/2024\/03\/jineth-bedoya-violencia-sexual-discurso-politico.jpg","datePublished":"2024-03-16T23:22:41+00:00","dateModified":"2024-03-16T23:24:43+00:00","breadcrumb":{"@id":"https:\/\/pagina10.com\/web\/aprueban-fondo-no-es-hora-de-callar-para-proteger-a-mujeres-periodistas\/#breadcrumb"},"inLanguage":"es","potentialAction":[{"@type":"ReadAction","target":["https:\/\/pagina10.com\/web\/aprueban-fondo-no-es-hora-de-callar-para-proteger-a-mujeres-periodistas\/"]}]},{"@type":"ImageObject","inLanguage":"es","@id":"https:\/\/pagina10.com\/web\/aprueban-fondo-no-es-hora-de-callar-para-proteger-a-mujeres-periodistas\/#primaryimage","url":"https:\/\/pagina10.com\/web\/wp-content\/uploads\/2024\/03\/jineth-bedoya-violencia-sexual-discurso-politico.jpg","contentUrl":"https:\/\/pagina10.com\/web\/wp-content\/uploads\/2024\/03\/jineth-bedoya-violencia-sexual-discurso-politico.jpg","width":900,"height":600},{"@type":"BreadcrumbList","@id":"https:\/\/pagina10.com\/web\/aprueban-fondo-no-es-hora-de-callar-para-proteger-a-mujeres-periodistas\/#breadcrumb","itemListElement":[{"@type":"ListItem","position":1,"name":"Portada","item":"https:\/\/pagina10.com\/web\/"},{"@type":"ListItem","position":2,"name":"Aprueban fondo &#8220;No es hora de callar&#8221; para proteger a mujeres periodistas"}]},{"@type":"WebSite","@id":"https:\/\/pagina10.com\/web\/#website","url":"https:\/\/pagina10.com\/web\/","name":"P\u00e1gina10","description":"Peri\u00f3dico Regional","publisher":{"@id":"https:\/\/pagina10.com\/web\/#organization"},"alternateName":"P\u00e1gina10 Peri\u00f3dico Regional","potentialAction":[{"@type":"SearchAction","target":{"@type":"EntryPoint","urlTemplate":"https:\/\/pagina10.com\/web\/?s={search_term_string}"},"query-input":{"@type":"PropertyValueSpecification","valueRequired":true,"valueName":"search_term_string"}}],"inLanguage":"es"},{"@type":"Organization","@id":"https:\/\/pagina10.com\/web\/#organization","name":"P\u00e1gina10","alternateName":"P\u00e1gina10 Peri\u00f3dico Regional","url":"https:\/\/pagina10.com\/web\/","logo":{"@type":"ImageObject","inLanguage":"es","@id":"https:\/\/pagina10.com\/web\/#\/schema\/logo\/image\/","url":"https:\/\/pagina10.com\/web\/wp-content\/uploads\/2024\/01\/40-pagina-10-periodico-regional-pasto.jpg","contentUrl":"https:\/\/pagina10.com\/web\/wp-content\/uploads\/2024\/01\/40-pagina-10-periodico-regional-pasto.jpg","width":1280,"height":720,"caption":"P\u00e1gina10"},"image":{"@id":"https:\/\/pagina10.com\/web\/#\/schema\/logo\/image\/"},"sameAs":["https:\/\/www.facebook.com\/pag10com","https:\/\/x.com\/Pag10com","https:\/\/www.instagram.com\/pagina10col\/","https:\/\/youtube.com\/channel\/pag10","https:\/\/www.tiktok.com\/@p10col"]},{"@type":"Person","@id":"https:\/\/pagina10.com\/web\/#\/schema\/person\/2efc4a090d25b667d3bc796798a3a81b","name":"P\u00e1gina 10","description":"P\u00e1gina 10 es un peri\u00f3dico regional que nace en Colombia, en el departamento de Nari\u00f1o, con un enfoque global, fundamentado en cuatro pilares esenciales: la libertad, el pluralismo, la inclusi\u00f3n y la independencia. P\u00e1gina 10 hace referencia a Nari\u00f1o como el d\u00e9cimo departamento creado en Colombia, despu\u00e9s de un proceso pol\u00edtico liderado por actores y actrices regionales con el fin de obtener la independencia y autonom\u00eda de nuestros territorios. Con la creaci\u00f3n de P\u00e1gina 10 se pretende abrir un escenario para el dialogo, la reflexi\u00f3n y el debate que se extienda a otras geograf\u00edas de Am\u00e9rica Latina y del planeta, en una apuesta por transformar colectivamente los desaf\u00edos de un mundo contempor\u00e1neo, m\u00e1s all\u00e1 de las fronteras impuestas.","url":"https:\/\/pagina10.com\/web\/author\/pdiezadmin\/"}]}},"_links":{"self":[{"href":"https:\/\/pagina10.com\/web\/wp-json\/wp\/v2\/posts\/70879203887","targetHints":{"allow":["GET"]}}],"collection":[{"href":"https:\/\/pagina10.com\/web\/wp-json\/wp\/v2\/posts"}],"about":[{"href":"https:\/\/pagina10.com\/web\/wp-json\/wp\/v2\/types\/post"}],"author":[{"embeddable":true,"href":"https:\/\/pagina10.com\/web\/wp-json\/wp\/v2\/users\/1"}],"replies":[{"embeddable":true,"href":"https:\/\/pagina10.com\/web\/wp-json\/wp\/v2\/comments?post=70879203887"}],"version-history":[{"count":1,"href":"https:\/\/pagina10.com\/web\/wp-json\/wp\/v2\/posts\/70879203887\/revisions"}],"predecessor-version":[{"id":70879203888,"href":"https:\/\/pagina10.com\/web\/wp-json\/wp\/v2\/posts\/70879203887\/revisions\/70879203888"}],"wp:featuredmedia":[{"embeddable":true,"href":"https:\/\/pagina10.com\/web\/wp-json\/wp\/v2\/media\/70879203889"}],"wp:attachment":[{"href":"https:\/\/pagina10.com\/web\/wp-json\/wp\/v2\/media?parent=70879203887"}],"wp:term":[{"taxonomy":"category","embeddable":true,"href":"https:\/\/pagina10.com\/web\/wp-json\/wp\/v2\/categories?post=70879203887"},{"taxonomy":"post_tag","embeddable":true,"href":"https:\/\/pagina10.com\/web\/wp-json\/wp\/v2\/tags?post=70879203887"}],"curies":[{"name":"wp","href":"https:\/\/api.w.org\/{rel}","templated":true}]}}